{"id":25606,"date":"2024-03-05T07:54:07","date_gmt":"2024-03-05T07:54:07","guid":{"rendered":"https:\/\/agradocosmetic.com\/?p=25606"},"modified":"2024-03-07T07:54:22","modified_gmt":"2024-03-07T07:54:22","slug":"aceite-multivitaminas-serum-brillo-intenso","status":"publish","type":"post","link":"https:\/\/agradocosmetic.com\/fr\/aceite-multivitaminas-serum-brillo-intenso\/","title":{"rendered":"Huile Multivitamin\u00e9e et S\u00e9rum Brillance Intense : nouveaut\u00e9 d&#039;Agrado"},"content":{"rendered":"<p><span style=\"font-weight: 400\">Ils sont d\u00e9j\u00e0 l\u00e0! Les deux nouveaux produits Agrado qui, promis, r\u00e9volutionneront la fa\u00e7on dont vous prenez soin de vos cheveux : l&#039;Huile Multivitamin\u00e9e et le S\u00e9rum Brillance Intense. Deux bijoux qui viennent r\u00e9pondre aux besoins sp\u00e9cifiques de vos cheveux, quel que soit leur \u00e9tat.<\/span><\/p>\n<h2><a href=\"https:\/\/agradocosmetic.com\/fr\/producto\/serum-capilar-brillo-intenso\/\"><span style=\"font-weight: 400\">S\u00e9rum capillaire brillance intense.<\/span><\/a><\/h2>\n<p><span style=\"font-weight: 400\">C&#039;est votre nouvel alli\u00e9 si ce que vous recherchez est d&#039;\u00e9clairer et de d\u00e9finir vos cheveux. Nous savons \u00e0 quel point il est frustrant d\u2019avoir des cheveux sains qui paraissent ternes et sans vie. Ce s\u00e9rum est con\u00e7u pour les cheveux qui ont perdu cette luminosit\u00e9 caract\u00e9ristique des cheveux bien entretenus et soyeux. Avec seulement quelques gouttes, vous remarquerez comment vos cheveux retrouvent cette lumi\u00e8re naturelle, devenant plus faciles \u00e0 coiffer et avec une brillance spectaculaire qui ne passera pas inaper\u00e7ue. En outre, <\/span><span style=\"font-weight: 400\">Le filtre UV inclus prot\u00e8ge les cheveux des dommages caus\u00e9s par l&#039;exposition au soleil, pr\u00e9servant leur brillance et leur vitalit\u00e9.<\/span><\/p>\n<h2><a href=\"https:\/\/agradocosmetic.com\/fr\/producto\/aceite-capilar-multivitaminas\/\"><span style=\"font-weight: 400\">Huile capillaire multivitamin\u00e9e.<\/span><\/a><\/h2>\n<p><span style=\"font-weight: 400\">Il s&#039;agit d&#039;un baume r\u00e9parateur pour les cheveux ab\u00eem\u00e9s par le soleil, les teintures ou la chaleur des outils de coiffage. Sa formule riche en vitamines <\/span><span style=\"font-weight: 400\">A, E et F<\/span><span style=\"font-weight: 400\"> nourrit en profondeur, hydrate et prot\u00e8ge vos cheveux des dommages futurs. Il est id\u00e9al pour les cheveux qui ont besoin de soins suppl\u00e9mentaires, leur apportant douceur et une sensation de revitalisation d\u00e8s la premi\u00e8re application.<\/span><\/p>\n<h3><span style=\"font-weight: 400\">Comment puis-je les utiliser ?<\/span><\/h3>\n<p><span style=\"font-weight: 400\">La mani\u00e8re d&#039;utiliser l&#039;Huile Multivitamin\u00e9e et le S\u00e9rum Brillance Intense est simple, mais essentielle pour obtenir les meilleurs r\u00e9sultats. Il suffit de distribuer une \u00e0 deux fois dans le creux de la main (selon la longueur de vos cheveux), de frotter le produit entre vos mains pour l&#039;activer par la chaleur et de l&#039;appliquer des mi-longueurs jusqu&#039;aux pointes en \u00e9vitant les racines. Vous pouvez l\u2019utiliser aussi bien sur cheveux secs que mouill\u00e9s, mais n\u2019oubliez pas que vous n\u2019avez pas besoin de le rincer !<\/span><\/p>\n<p><span style=\"font-weight: 400\">La d\u00e9cision entre l\u2019un ou l\u2019autre d\u00e9pendra de l\u2019\u00e9tat actuel de vos cheveux et de ce que vous recherchez. Avez-vous besoin de revitaliser et de prot\u00e9ger ? Allez pour lui <\/span><a href=\"https:\/\/agradocosmetic.com\/fr\/producto\/aceite-capilar-multivitaminas\/\"><span style=\"font-weight: 400\">Huile Capillaire Multivitaminas<\/span><\/a><span style=\"font-weight: 400\">. Vous souhaitez retrouver brillance et d\u00e9finition ? Il <\/span><a href=\"https:\/\/agradocosmetic.com\/fr\/producto\/serum-capilar-brillo-intenso\/\"><span style=\"font-weight: 400\">S\u00e9rum Brillance Intense<\/span><\/a><span style=\"font-weight: 400\"> Ce sera votre meilleure option. Quel que soit votre choix, Agrado est l\u00e0 pour veiller \u00e0 ce que vos cheveux soient non seulement beaux, mais \u00e9galement en bonne sant\u00e9. Pr\u00e9parez-vous \u00e0 \u00e9blouir avec des cheveux radieux\u00a0!<\/span><\/p>","protected":false},"excerpt":{"rendered":"<p>\u00a1Ya est\u00e1n aqu\u00ed! Los dos nuevos productos Agrado que, te prometemos, van a revolucionar la forma en que cuidas de tu melena: Aceite Multivitaminas y S\u00e9rum Brillo Intenso. Dos joyas que llegan para responder a las necesidades espec\u00edficas de tu cabello, sea cual sea su condici\u00f3n. S\u00e9rum Capilar Brillo Intenso. Es tu nuevo aliado si [&hellip;]<\/p>\n","protected":false},"author":11,"featured_media":25607,"comment_status":"open","ping_status":"closed","sticky":false,"template":"","format":"standard","meta":{"footnotes":"","_wp_rev_ctl_limit":""},"categories":[509],"tags":[710,713,126,274,387,711,715,714,709,712],"class_list":["post-25606","post","type-post","status-publish","format-standard","has-post-thumbnail","hentry","category-capilar-en","tag-aceite-capilar-multivitaminas","tag-aceite-para-el-pelo","tag-agrado","tag-agrado-cosmetic","tag-cuidado-capilar","tag-hair-care","tag-pelo-sin-brillo","tag-puntas-abiertas","tag-serum-capilar-brillo-intenso","tag-serum-para-el-pelo"],"yoast_head":"<!-- This site is optimized with the Yoast SEO plugin v27.4 - https:\/\/yoast.com\/product\/yoast-seo-wordpress\/ -->\n<title>Aceite Multivitaminas y S\u00e9rum Brillo Intenso: lo nuevo de Agrado - Agrado<\/title>\n<meta name=\"description\" content=\"Aceite Multivitaminas y S\u00e9rum Brillo Intenso. Dos joyas que llegan para responder a las necesidades espec\u00edficas de tu cabello.\" \/>\n<meta name=\"robots\" content=\"index, follow, max-snippet:-1, max-image-preview:large, max-video-preview:-1\" \/>\n<link rel=\"canonical\" href=\"https:\/\/agradocosmetic.com\/fr\/aceite-multivitaminas-serum-brillo-intenso\/\" \/>\n<meta property=\"og:locale\" content=\"fr_FR\" \/>\n<meta property=\"og:type\" content=\"article\" \/>\n<meta property=\"og:title\" content=\"Aceite Multivitaminas y S\u00e9rum Brillo Intenso: lo nuevo de Agrado - Agrado\" \/>\n<meta property=\"og:description\" content=\"Aceite Multivitaminas y S\u00e9rum Brillo Intenso. Dos joyas que llegan para responder a las necesidades espec\u00edficas de tu cabello.\" \/>\n<meta property=\"og:url\" content=\"https:\/\/agradocosmetic.com\/fr\/aceite-multivitaminas-serum-brillo-intenso\/\" \/>\n<meta property=\"og:site_name\" content=\"Agrado\" \/>\n<meta property=\"article:published_time\" content=\"2024-03-05T07:54:07+00:00\" \/>\n<meta property=\"article:modified_time\" content=\"2024-03-07T07:54:22+00:00\" \/>\n<meta property=\"og:image\" content=\"https:\/\/agradocosmetic.com\/wp-content\/uploads\/2024\/03\/blog-1.jpg\" \/>\n\t<meta property=\"og:image:width\" content=\"1140\" \/>\n\t<meta property=\"og:image:height\" content=\"600\" \/>\n\t<meta property=\"og:image:type\" content=\"image\/jpeg\" \/>\n<meta name=\"author\" content=\"carmen\" \/>\n<meta name=\"twitter:card\" content=\"summary_large_image\" \/>\n<meta name=\"twitter:label1\" content=\"\u00c9crit par\" \/>\n\t<meta name=\"twitter:data1\" content=\"carmen\" \/>\n\t<meta name=\"twitter:label2\" content=\"Dur\u00e9e de lecture estim\u00e9e\" \/>\n\t<meta name=\"twitter:data2\" content=\"2 minutes\" \/>\n<script type=\"application\/ld+json\" class=\"yoast-schema-graph\">{\"@context\":\"https:\\\/\\\/schema.org\",\"@graph\":[{\"@type\":\"Article\",\"@id\":\"https:\\\/\\\/agradocosmetic.com\\\/aceite-multivitaminas-serum-brillo-intenso\\\/#article\",\"isPartOf\":{\"@id\":\"https:\\\/\\\/agradocosmetic.com\\\/aceite-multivitaminas-serum-brillo-intenso\\\/\"},\"author\":{\"name\":\"carmen\",\"@id\":\"https:\\\/\\\/agradocosmetic.com\\\/#\\\/schema\\\/person\\\/59124921013b50f80959d84fc7219096\"},\"headline\":\"Aceite Multivitaminas y S\u00e9rum Brillo Intenso: lo nuevo de Agrado\",\"datePublished\":\"2024-03-05T07:54:07+00:00\",\"dateModified\":\"2024-03-07T07:54:22+00:00\",\"mainEntityOfPage\":{\"@id\":\"https:\\\/\\\/agradocosmetic.com\\\/aceite-multivitaminas-serum-brillo-intenso\\\/\"},\"wordCount\":406,\"commentCount\":0,\"publisher\":{\"@id\":\"https:\\\/\\\/agradocosmetic.com\\\/#organization\"},\"image\":{\"@id\":\"https:\\\/\\\/agradocosmetic.com\\\/aceite-multivitaminas-serum-brillo-intenso\\\/#primaryimage\"},\"thumbnailUrl\":\"https:\\\/\\\/agradocosmetic.com\\\/wp-content\\\/uploads\\\/2024\\\/03\\\/blog-1.jpg\",\"keywords\":[\"Aceite Capilar Multivitaminas\",\"aceite para el pelo\",\"agrado\",\"agrado cosmetic\",\"cuidado capilar\",\"hair care\",\"pelo sin brillo\",\"puntas abiertas\",\"S\u00e9rum Capilar Brillo Intenso\",\"serum para el pelo\"],\"articleSection\":[\"Capilar\"],\"inLanguage\":\"fr-FR\",\"potentialAction\":[{\"@type\":\"CommentAction\",\"name\":\"Comment\",\"target\":[\"https:\\\/\\\/agradocosmetic.com\\\/aceite-multivitaminas-serum-brillo-intenso\\\/#respond\"]}]},{\"@type\":\"WebPage\",\"@id\":\"https:\\\/\\\/agradocosmetic.com\\\/aceite-multivitaminas-serum-brillo-intenso\\\/\",\"url\":\"https:\\\/\\\/agradocosmetic.com\\\/aceite-multivitaminas-serum-brillo-intenso\\\/\",\"name\":\"Aceite Multivitaminas y S\u00e9rum Brillo Intenso: lo nuevo de Agrado - Agrado\",\"isPartOf\":{\"@id\":\"https:\\\/\\\/agradocosmetic.com\\\/#website\"},\"primaryImageOfPage\":{\"@id\":\"https:\\\/\\\/agradocosmetic.com\\\/aceite-multivitaminas-serum-brillo-intenso\\\/#primaryimage\"},\"image\":{\"@id\":\"https:\\\/\\\/agradocosmetic.com\\\/aceite-multivitaminas-serum-brillo-intenso\\\/#primaryimage\"},\"thumbnailUrl\":\"https:\\\/\\\/agradocosmetic.com\\\/wp-content\\\/uploads\\\/2024\\\/03\\\/blog-1.jpg\",\"datePublished\":\"2024-03-05T07:54:07+00:00\",\"dateModified\":\"2024-03-07T07:54:22+00:00\",\"description\":\"Aceite Multivitaminas y S\u00e9rum Brillo Intenso. Dos joyas que llegan para responder a las necesidades espec\u00edficas de tu cabello.\",\"breadcrumb\":{\"@id\":\"https:\\\/\\\/agradocosmetic.com\\\/aceite-multivitaminas-serum-brillo-intenso\\\/#breadcrumb\"},\"inLanguage\":\"fr-FR\",\"potentialAction\":[{\"@type\":\"ReadAction\",\"target\":[\"https:\\\/\\\/agradocosmetic.com\\\/aceite-multivitaminas-serum-brillo-intenso\\\/\"]}]},{\"@type\":\"ImageObject\",\"inLanguage\":\"fr-FR\",\"@id\":\"https:\\\/\\\/agradocosmetic.com\\\/aceite-multivitaminas-serum-brillo-intenso\\\/#primaryimage\",\"url\":\"https:\\\/\\\/agradocosmetic.com\\\/wp-content\\\/uploads\\\/2024\\\/03\\\/blog-1.jpg\",\"contentUrl\":\"https:\\\/\\\/agradocosmetic.com\\\/wp-content\\\/uploads\\\/2024\\\/03\\\/blog-1.jpg\",\"width\":1140,\"height\":600,\"caption\":\"Aceite Multivitaminas y S\u00e9rum Brillo Intenso\"},{\"@type\":\"BreadcrumbList\",\"@id\":\"https:\\\/\\\/agradocosmetic.com\\\/aceite-multivitaminas-serum-brillo-intenso\\\/#breadcrumb\",\"itemListElement\":[{\"@type\":\"ListItem\",\"position\":1,\"name\":\"Portada\",\"item\":\"https:\\\/\\\/agradocosmetic.com\\\/\"},{\"@type\":\"ListItem\",\"position\":2,\"name\":\"Aceite Multivitaminas y S\u00e9rum Brillo Intenso: lo nuevo de Agrado\"}]},{\"@type\":\"WebSite\",\"@id\":\"https:\\\/\\\/agradocosmetic.com\\\/#website\",\"url\":\"https:\\\/\\\/agradocosmetic.com\\\/\",\"name\":\"Agrado\",\"description\":\"Cosmetic\",\"publisher\":{\"@id\":\"https:\\\/\\\/agradocosmetic.com\\\/#organization\"},\"potentialAction\":[{\"@type\":\"SearchAction\",\"target\":{\"@type\":\"EntryPoint\",\"urlTemplate\":\"https:\\\/\\\/agradocosmetic.com\\\/?s={search_term_string}\"},\"query-input\":{\"@type\":\"PropertyValueSpecification\",\"valueRequired\":true,\"valueName\":\"search_term_string\"}}],\"inLanguage\":\"fr-FR\"},{\"@type\":\"Organization\",\"@id\":\"https:\\\/\\\/agradocosmetic.com\\\/#organization\",\"name\":\"Agrado\",\"url\":\"https:\\\/\\\/agradocosmetic.com\\\/\",\"logo\":{\"@type\":\"ImageObject\",\"inLanguage\":\"fr-FR\",\"@id\":\"https:\\\/\\\/agradocosmetic.com\\\/#\\\/schema\\\/logo\\\/image\\\/\",\"url\":\"https:\\\/\\\/agradocosmetic.com\\\/wp-content\\\/uploads\\\/2023\\\/07\\\/LOGO-AGRADO-WEB-01.png\",\"contentUrl\":\"https:\\\/\\\/agradocosmetic.com\\\/wp-content\\\/uploads\\\/2023\\\/07\\\/LOGO-AGRADO-WEB-01.png\",\"width\":1632,\"height\":300,\"caption\":\"Agrado\"},\"image\":{\"@id\":\"https:\\\/\\\/agradocosmetic.com\\\/#\\\/schema\\\/logo\\\/image\\\/\"}},{\"@type\":\"Person\",\"@id\":\"https:\\\/\\\/agradocosmetic.com\\\/#\\\/schema\\\/person\\\/59124921013b50f80959d84fc7219096\",\"name\":\"carmen\",\"image\":{\"@type\":\"ImageObject\",\"inLanguage\":\"fr-FR\",\"@id\":\"https:\\\/\\\/secure.gravatar.com\\\/avatar\\\/2036bf58c019bb0a3f94937a2ed7cab76ae6ebe239f705f7c62ea5c48f93531f?s=96&d=mm&r=g\",\"url\":\"https:\\\/\\\/secure.gravatar.com\\\/avatar\\\/2036bf58c019bb0a3f94937a2ed7cab76ae6ebe239f705f7c62ea5c48f93531f?s=96&d=mm&r=g\",\"contentUrl\":\"https:\\\/\\\/secure.gravatar.com\\\/avatar\\\/2036bf58c019bb0a3f94937a2ed7cab76ae6ebe239f705f7c62ea5c48f93531f?s=96&d=mm&r=g\",\"caption\":\"carmen\"}}]}<\/script>\n<!-- \/ Yoast SEO plugin. -->","yoast_head_json":{"title":"Aceite Multivitaminas y S\u00e9rum Brillo Intenso: lo nuevo de Agrado - Agrado","description":"Aceite Multivitaminas y S\u00e9rum Brillo Intenso. Dos joyas que llegan para responder a las necesidades espec\u00edficas de tu cabello.","robots":{"index":"index","follow":"follow","max-snippet":"max-snippet:-1","max-image-preview":"max-image-preview:large","max-video-preview":"max-video-preview:-1"},"canonical":"https:\/\/agradocosmetic.com\/fr\/aceite-multivitaminas-serum-brillo-intenso\/","og_locale":"fr_FR","og_type":"article","og_title":"Aceite Multivitaminas y S\u00e9rum Brillo Intenso: lo nuevo de Agrado - Agrado","og_description":"Aceite Multivitaminas y S\u00e9rum Brillo Intenso. Dos joyas que llegan para responder a las necesidades espec\u00edficas de tu cabello.","og_url":"https:\/\/agradocosmetic.com\/fr\/aceite-multivitaminas-serum-brillo-intenso\/","og_site_name":"Agrado","article_published_time":"2024-03-05T07:54:07+00:00","article_modified_time":"2024-03-07T07:54:22+00:00","og_image":[{"width":1140,"height":600,"url":"https:\/\/agradocosmetic.com\/wp-content\/uploads\/2024\/03\/blog-1.jpg","type":"image\/jpeg"}],"author":"carmen","twitter_card":"summary_large_image","twitter_misc":{"\u00c9crit par":"carmen","Dur\u00e9e de lecture estim\u00e9e":"2 minutes"},"schema":{"@context":"https:\/\/schema.org","@graph":[{"@type":"Article","@id":"https:\/\/agradocosmetic.com\/aceite-multivitaminas-serum-brillo-intenso\/#article","isPartOf":{"@id":"https:\/\/agradocosmetic.com\/aceite-multivitaminas-serum-brillo-intenso\/"},"author":{"name":"carmen","@id":"https:\/\/agradocosmetic.com\/#\/schema\/person\/59124921013b50f80959d84fc7219096"},"headline":"Aceite Multivitaminas y S\u00e9rum Brillo Intenso: lo nuevo de Agrado","datePublished":"2024-03-05T07:54:07+00:00","dateModified":"2024-03-07T07:54:22+00:00","mainEntityOfPage":{"@id":"https:\/\/agradocosmetic.com\/aceite-multivitaminas-serum-brillo-intenso\/"},"wordCount":406,"commentCount":0,"publisher":{"@id":"https:\/\/agradocosmetic.com\/#organization"},"image":{"@id":"https:\/\/agradocosmetic.com\/aceite-multivitaminas-serum-brillo-intenso\/#primaryimage"},"thumbnailUrl":"https:\/\/agradocosmetic.com\/wp-content\/uploads\/2024\/03\/blog-1.jpg","keywords":["Aceite Capilar Multivitaminas","aceite para el pelo","agrado","agrado cosmetic","cuidado capilar","hair care","pelo sin brillo","puntas abiertas","S\u00e9rum Capilar Brillo Intenso","serum para el pelo"],"articleSection":["Capilar"],"inLanguage":"fr-FR","potentialAction":[{"@type":"CommentAction","name":"Comment","target":["https:\/\/agradocosmetic.com\/aceite-multivitaminas-serum-brillo-intenso\/#respond"]}]},{"@type":"WebPage","@id":"https:\/\/agradocosmetic.com\/aceite-multivitaminas-serum-brillo-intenso\/","url":"https:\/\/agradocosmetic.com\/aceite-multivitaminas-serum-brillo-intenso\/","name":"Aceite Multivitaminas y S\u00e9rum Brillo Intenso: lo nuevo de Agrado - Agrado","isPartOf":{"@id":"https:\/\/agradocosmetic.com\/#website"},"primaryImageOfPage":{"@id":"https:\/\/agradocosmetic.com\/aceite-multivitaminas-serum-brillo-intenso\/#primaryimage"},"image":{"@id":"https:\/\/agradocosmetic.com\/aceite-multivitaminas-serum-brillo-intenso\/#primaryimage"},"thumbnailUrl":"https:\/\/agradocosmetic.com\/wp-content\/uploads\/2024\/03\/blog-1.jpg","datePublished":"2024-03-05T07:54:07+00:00","dateModified":"2024-03-07T07:54:22+00:00","description":"Aceite Multivitaminas y S\u00e9rum Brillo Intenso. Dos joyas que llegan para responder a las necesidades espec\u00edficas de tu cabello.","breadcrumb":{"@id":"https:\/\/agradocosmetic.com\/aceite-multivitaminas-serum-brillo-intenso\/#breadcrumb"},"inLanguage":"fr-FR","potentialAction":[{"@type":"ReadAction","target":["https:\/\/agradocosmetic.com\/aceite-multivitaminas-serum-brillo-intenso\/"]}]},{"@type":"ImageObject","inLanguage":"fr-FR","@id":"https:\/\/agradocosmetic.com\/aceite-multivitaminas-serum-brillo-intenso\/#primaryimage","url":"https:\/\/agradocosmetic.com\/wp-content\/uploads\/2024\/03\/blog-1.jpg","contentUrl":"https:\/\/agradocosmetic.com\/wp-content\/uploads\/2024\/03\/blog-1.jpg","width":1140,"height":600,"caption":"Aceite Multivitaminas y S\u00e9rum Brillo Intenso"},{"@type":"BreadcrumbList","@id":"https:\/\/agradocosmetic.com\/aceite-multivitaminas-serum-brillo-intenso\/#breadcrumb","itemListElement":[{"@type":"ListItem","position":1,"name":"Portada","item":"https:\/\/agradocosmetic.com\/"},{"@type":"ListItem","position":2,"name":"Aceite Multivitaminas y S\u00e9rum Brillo Intenso: lo nuevo de Agrado"}]},{"@type":"WebSite","@id":"https:\/\/agradocosmetic.com\/#website","url":"https:\/\/agradocosmetic.com\/","name":"Aimer","description":"cosm\u00e9tique","publisher":{"@id":"https:\/\/agradocosmetic.com\/#organization"},"potentialAction":[{"@type":"SearchAction","target":{"@type":"EntryPoint","urlTemplate":"https:\/\/agradocosmetic.com\/?s={search_term_string}"},"query-input":{"@type":"PropertyValueSpecification","valueRequired":true,"valueName":"search_term_string"}}],"inLanguage":"fr-FR"},{"@type":"Organization","@id":"https:\/\/agradocosmetic.com\/#organization","name":"Aimer","url":"https:\/\/agradocosmetic.com\/","logo":{"@type":"ImageObject","inLanguage":"fr-FR","@id":"https:\/\/agradocosmetic.com\/#\/schema\/logo\/image\/","url":"https:\/\/agradocosmetic.com\/wp-content\/uploads\/2023\/07\/LOGO-AGRADO-WEB-01.png","contentUrl":"https:\/\/agradocosmetic.com\/wp-content\/uploads\/2023\/07\/LOGO-AGRADO-WEB-01.png","width":1632,"height":300,"caption":"Agrado"},"image":{"@id":"https:\/\/agradocosmetic.com\/#\/schema\/logo\/image\/"}},{"@type":"Person","@id":"https:\/\/agradocosmetic.com\/#\/schema\/person\/59124921013b50f80959d84fc7219096","name":"Carmen","image":{"@type":"ImageObject","inLanguage":"fr-FR","@id":"https:\/\/secure.gravatar.com\/avatar\/2036bf58c019bb0a3f94937a2ed7cab76ae6ebe239f705f7c62ea5c48f93531f?s=96&d=mm&r=g","url":"https:\/\/secure.gravatar.com\/avatar\/2036bf58c019bb0a3f94937a2ed7cab76ae6ebe239f705f7c62ea5c48f93531f?s=96&d=mm&r=g","contentUrl":"https:\/\/secure.gravatar.com\/avatar\/2036bf58c019bb0a3f94937a2ed7cab76ae6ebe239f705f7c62ea5c48f93531f?s=96&d=mm&r=g","caption":"carmen"}}]}},"_links":{"self":[{"href":"https:\/\/agradocosmetic.com\/fr\/wp-json\/wp\/v2\/posts\/25606","targetHints":{"allow":["GET"]}}],"collection":[{"href":"https:\/\/agradocosmetic.com\/fr\/wp-json\/wp\/v2\/posts"}],"about":[{"href":"https:\/\/agradocosmetic.com\/fr\/wp-json\/wp\/v2\/types\/post"}],"author":[{"embeddable":true,"href":"https:\/\/agradocosmetic.com\/fr\/wp-json\/wp\/v2\/users\/11"}],"replies":[{"embeddable":true,"href":"https:\/\/agradocosmetic.com\/fr\/wp-json\/wp\/v2\/comments?post=25606"}],"version-history":[{"count":1,"href":"https:\/\/agradocosmetic.com\/fr\/wp-json\/wp\/v2\/posts\/25606\/revisions"}],"predecessor-version":[{"id":25608,"href":"https:\/\/agradocosmetic.com\/fr\/wp-json\/wp\/v2\/posts\/25606\/revisions\/25608"}],"wp:featuredmedia":[{"embeddable":true,"href":"https:\/\/agradocosmetic.com\/fr\/wp-json\/wp\/v2\/media\/25607"}],"wp:attachment":[{"href":"https:\/\/agradocosmetic.com\/fr\/wp-json\/wp\/v2\/media?parent=25606"}],"wp:term":[{"taxonomy":"category","embeddable":true,"href":"https:\/\/agradocosmetic.com\/fr\/wp-json\/wp\/v2\/categories?post=25606"},{"taxonomy":"post_tag","embeddable":true,"href":"https:\/\/agradocosmetic.com\/fr\/wp-json\/wp\/v2\/tags?post=25606"}],"curies":[{"name":"wp","href":"https:\/\/api.w.org\/{rel}","templated":true}]}}