{"id":27658,"date":"2024-04-04T09:11:31","date_gmt":"2024-04-04T09:11:31","guid":{"rendered":"https:\/\/agradocosmetic.com\/?p=27658"},"modified":"2024-05-31T09:12:27","modified_gmt":"2024-05-31T09:12:27","slug":"serum-o-aceite-capilar-que-necesita-mi-pelo","status":"publish","type":"post","link":"https:\/\/agradocosmetic.com\/fr\/serum-o-aceite-capilar-que-necesita-mi-pelo\/","title":{"rendered":"S\u00e9rum ou huile capillaire, de quoi mes cheveux ont-ils besoin ?"},"content":{"rendered":"<p><span style=\"font-weight: 400\">Il existe un myst\u00e8re capillaire qui laisse beaucoup d\u2019entre nous confus\u00a0: s\u00e9rum ou huile\u00a0? De quoi nos cheveux ont-ils besoin pour \u00eatre spectaculaires ? Comparons deux de nos produits pr\u00e9f\u00e9r\u00e9s : <a href=\"https:\/\/agradocosmetic.com\/fr\/serum-y-aceite-capilar\/\" target=\"_blank\" rel=\"noopener\">l&#039;Huile Multivitamin\u00e9e et le S\u00e9rum Brillance Intense<\/a>. Lisez la suite pour d\u00e9couvrir lequel est parfait pour vous\u00a0!<\/span><\/p>\n<h3><span style=\"font-weight: 400\"><a href=\"https:\/\/agradocosmetic.com\/fr\/producto\/aceite-capilar-multivitaminas\/\" target=\"_blank\" rel=\"noopener\">Huile multivitamin\u00e9e d&#039;Agrado<\/a>:<\/span><\/h3>\n<p><span style=\"font-weight: 400\">Cette huile est une v\u00e9ritable bombe nutritive. Enrichi en vitamines essentielles telles que A, E et B, il est con\u00e7u pour revitaliser et nourrir vos cheveux des racines aux pointes. Il est id\u00e9al pour celles qui ont les cheveux secs, ab\u00eem\u00e9s ou color\u00e9s. Si vos pointes sont fourchues ou que vos cheveux paraissent ternes, l\u2019Huile Multivitamin\u00e9e est votre meilleure alli\u00e9e. De plus, sa formule l\u00e9g\u00e8re permet une absorption rapide sans laisser de r\u00e9sidu gras, ce qui signifie que vous pouvez l&#039;utiliser sur cheveux secs et mouill\u00e9s. Appliquez-le sur les pointes et les milieus pour sceller l&#039;hydratation et prot\u00e9ger vos cheveux des agressions ext\u00e9rieures.<\/span><\/p>\n<h3><span style=\"font-weight: 400\"><a href=\"https:\/\/agradocosmetic.com\/fr\/producto\/serum-capilar-brillo-intenso\/\" target=\"_blank\" rel=\"noopener\">S\u00e9rum Brillance Intense Agrado<\/a>:<\/span><\/h3>\n<p><span style=\"font-weight: 400\">En revanche, le S\u00e9rum Brillance Intense est parfait si vous recherchez un fini brillant et soyeux. Formul\u00e9 avec des ingr\u00e9dients qui rehaussent la brillance naturelle de vos cheveux, ce s\u00e9rum est id\u00e9al pour les cheveux ternes ou sans vie. Si vous avez les cheveux fins ou raides et que vous souhaitez leur donner une touche de luminosit\u00e9 sans les alourdir, ce s\u00e9rum est votre meilleure option. Appliquez-le apr\u00e8s le coiffage pour une finition parfaite et sans frisottis. Sa texture l\u00e9g\u00e8re et non grasse le rend parfait pour une utilisation quotidienne sans craindre de surcharger vos cheveux.<\/span><\/p>\n<h3><span style=\"font-weight: 400\">Alors de quoi as-tu besoin ?<\/span><\/h3>\n<p><span style=\"font-weight: 400\">Si vos cheveux demandent une nutrition et une r\u00e9paration en profondeur, le <a href=\"https:\/\/agradocosmetic.com\/fr\/producto\/aceite-capilar-multivitaminas\/\" target=\"_blank\" rel=\"noopener\">Huile multivitamin\u00e9e<\/a> de Agrado est le choix id\u00e9al. Mais si vous recherchez plus de brillance et de douceur, le <a href=\"https:\/\/agradocosmetic.com\/fr\/producto\/serum-capilar-brillo-intenso\/\" target=\"_blank\" rel=\"noopener\">S\u00e9rum Brillance Intense<\/a> sera votre meilleur ami. Les deux produits sont merveilleux et remplissent des fonctions compl\u00e9mentaires, alors n&#039;h\u00e9sitez pas \u00e0 les essayer et donnez \u00e0 vos cheveux le soin qu&#039;ils m\u00e9ritent !<\/span><\/p>\n<p><span style=\"font-weight: 400\">N&#039;oubliez pas que chaque cheveu est unique et m\u00e9rite le meilleur. Donnez \u00e0 vos cheveux l&#039;amour dont ils ont besoin et montrez des cheveux spectaculaires chaque jour !<\/span><\/p>","protected":false},"excerpt":{"rendered":"<p>Hay un misterio capilar que nos tiene a muchas confundidas: \u00bfS\u00e9rum o Aceite? \u00bfQu\u00e9 necesita nuestro pelo para lucir espectacular? Vamos a comparar dos de nuestros productos favoritos: el Aceite Multivitaminas y el S\u00e9rum Brillo Intenso. \u00a1Sigue leyendo para descubrir cu\u00e1l es perfecto para ti! Aceite Multivitaminas de Agrado: Este aceite es una verdadera bomba [&hellip;]<\/p>\n","protected":false},"author":11,"featured_media":27659,"comment_status":"open","ping_status":"closed","sticky":false,"template":"","format":"standard","meta":{"footnotes":"","_wp_rev_ctl_limit":""},"categories":[128],"tags":[724,725,726,727,728,729,731,730,126,137,245,129,387,356,182],"class_list":["post-27658","post","type-post","status-publish","format-standard","has-post-thumbnail","hentry","category-capilar","tag-serum-brillo-intenso","tag-aceite-multivitaminas","tag-serum-capilar","tag-aceite-capilar","tag-serum-o-aceite-capilar","tag-puntas-reparadas","tag-cabello-brillante","tag-cabello-nutrido","tag-agrado","tag-agradocosmetic","tag-cabello","tag-capilar","tag-cuidado-capilar","tag-cuidado-del-pelo","tag-pelo"],"yoast_head":"<!-- This site is optimized with the Yoast SEO plugin v27.4 - https:\/\/yoast.com\/product\/yoast-seo-wordpress\/ -->\n<title>S\u00e9rum o Aceite capilar, \u00bfqu\u00e9 necesita mi pelo? - Agrado<\/title>\n<meta name=\"description\" content=\"\u00bfS\u00e9rum o Aceite capilar? \u00bfQu\u00e9 necesita nuestro pelo para lucir espectacular? \u00a1Sigue leyendo para descubrir cu\u00e1l es perfecto para ti!\" \/>\n<meta name=\"robots\" content=\"index, follow, max-snippet:-1, max-image-preview:large, max-video-preview:-1\" \/>\n<link rel=\"canonical\" href=\"https:\/\/agradocosmetic.com\/fr\/serum-o-aceite-capilar-que-necesita-mi-pelo\/\" \/>\n<meta property=\"og:locale\" content=\"fr_FR\" \/>\n<meta property=\"og:type\" content=\"article\" \/>\n<meta property=\"og:title\" content=\"S\u00e9rum o Aceite capilar, \u00bfqu\u00e9 necesita mi pelo? - Agrado\" \/>\n<meta property=\"og:description\" content=\"\u00bfS\u00e9rum o Aceite capilar? \u00bfQu\u00e9 necesita nuestro pelo para lucir espectacular? \u00a1Sigue leyendo para descubrir cu\u00e1l es perfecto para ti!\" \/>\n<meta property=\"og:url\" content=\"https:\/\/agradocosmetic.com\/fr\/serum-o-aceite-capilar-que-necesita-mi-pelo\/\" \/>\n<meta property=\"og:site_name\" content=\"Agrado\" \/>\n<meta property=\"article:published_time\" content=\"2024-04-04T09:11:31+00:00\" \/>\n<meta property=\"article:modified_time\" content=\"2024-05-31T09:12:27+00:00\" \/>\n<meta property=\"og:image\" content=\"https:\/\/agradocosmetic.com\/wp-content\/uploads\/2024\/05\/blog-1.jpg\" \/>\n\t<meta property=\"og:image:width\" content=\"1140\" \/>\n\t<meta property=\"og:image:height\" content=\"600\" \/>\n\t<meta property=\"og:image:type\" content=\"image\/jpeg\" \/>\n<meta name=\"author\" content=\"carmen\" \/>\n<meta name=\"twitter:card\" content=\"summary_large_image\" \/>\n<meta name=\"twitter:label1\" content=\"\u00c9crit par\" \/>\n\t<meta name=\"twitter:data1\" content=\"carmen\" \/>\n\t<meta name=\"twitter:label2\" content=\"Dur\u00e9e de lecture estim\u00e9e\" \/>\n\t<meta name=\"twitter:data2\" content=\"2 minutes\" \/>\n<script type=\"application\/ld+json\" class=\"yoast-schema-graph\">{\"@context\":\"https:\\\/\\\/schema.org\",\"@graph\":[{\"@type\":\"Article\",\"@id\":\"https:\\\/\\\/agradocosmetic.com\\\/serum-o-aceite-capilar-que-necesita-mi-pelo\\\/#article\",\"isPartOf\":{\"@id\":\"https:\\\/\\\/agradocosmetic.com\\\/serum-o-aceite-capilar-que-necesita-mi-pelo\\\/\"},\"author\":{\"name\":\"carmen\",\"@id\":\"https:\\\/\\\/agradocosmetic.com\\\/#\\\/schema\\\/person\\\/59124921013b50f80959d84fc7219096\"},\"headline\":\"S\u00e9rum o Aceite capilar, \u00bfqu\u00e9 necesita mi pelo?\",\"datePublished\":\"2024-04-04T09:11:31+00:00\",\"dateModified\":\"2024-05-31T09:12:27+00:00\",\"mainEntityOfPage\":{\"@id\":\"https:\\\/\\\/agradocosmetic.com\\\/serum-o-aceite-capilar-que-necesita-mi-pelo\\\/\"},\"wordCount\":377,\"commentCount\":0,\"publisher\":{\"@id\":\"https:\\\/\\\/agradocosmetic.com\\\/#organization\"},\"image\":{\"@id\":\"https:\\\/\\\/agradocosmetic.com\\\/serum-o-aceite-capilar-que-necesita-mi-pelo\\\/#primaryimage\"},\"thumbnailUrl\":\"https:\\\/\\\/agradocosmetic.com\\\/wp-content\\\/uploads\\\/2024\\\/05\\\/blog-1.jpg\",\"keywords\":[\"s\u00e9rum brillo intenso\",\"aceite multivitaminas\",\"s\u00e9rum capilar\",\"aceite capilar\",\"s\u00e9rum o aceite capilar\",\"puntas reparadas\",\"cabello brillante\",\"cabello nutrido\",\"agrado\",\"agradocosmetic\",\"cabello\",\"capilar\",\"cuidado capilar\",\"cuidado del pelo\",\"pelo\"],\"articleSection\":[\"Capilar\"],\"inLanguage\":\"fr-FR\",\"potentialAction\":[{\"@type\":\"CommentAction\",\"name\":\"Comment\",\"target\":[\"https:\\\/\\\/agradocosmetic.com\\\/serum-o-aceite-capilar-que-necesita-mi-pelo\\\/#respond\"]}]},{\"@type\":\"WebPage\",\"@id\":\"https:\\\/\\\/agradocosmetic.com\\\/serum-o-aceite-capilar-que-necesita-mi-pelo\\\/\",\"url\":\"https:\\\/\\\/agradocosmetic.com\\\/serum-o-aceite-capilar-que-necesita-mi-pelo\\\/\",\"name\":\"S\u00e9rum o Aceite capilar, \u00bfqu\u00e9 necesita mi pelo? - Agrado\",\"isPartOf\":{\"@id\":\"https:\\\/\\\/agradocosmetic.com\\\/#website\"},\"primaryImageOfPage\":{\"@id\":\"https:\\\/\\\/agradocosmetic.com\\\/serum-o-aceite-capilar-que-necesita-mi-pelo\\\/#primaryimage\"},\"image\":{\"@id\":\"https:\\\/\\\/agradocosmetic.com\\\/serum-o-aceite-capilar-que-necesita-mi-pelo\\\/#primaryimage\"},\"thumbnailUrl\":\"https:\\\/\\\/agradocosmetic.com\\\/wp-content\\\/uploads\\\/2024\\\/05\\\/blog-1.jpg\",\"datePublished\":\"2024-04-04T09:11:31+00:00\",\"dateModified\":\"2024-05-31T09:12:27+00:00\",\"description\":\"\u00bfS\u00e9rum o Aceite capilar? \u00bfQu\u00e9 necesita nuestro pelo para lucir espectacular? \u00a1Sigue leyendo para descubrir cu\u00e1l es perfecto para ti!\",\"breadcrumb\":{\"@id\":\"https:\\\/\\\/agradocosmetic.com\\\/serum-o-aceite-capilar-que-necesita-mi-pelo\\\/#breadcrumb\"},\"inLanguage\":\"fr-FR\",\"potentialAction\":[{\"@type\":\"ReadAction\",\"target\":[\"https:\\\/\\\/agradocosmetic.com\\\/serum-o-aceite-capilar-que-necesita-mi-pelo\\\/\"]}]},{\"@type\":\"ImageObject\",\"inLanguage\":\"fr-FR\",\"@id\":\"https:\\\/\\\/agradocosmetic.com\\\/serum-o-aceite-capilar-que-necesita-mi-pelo\\\/#primaryimage\",\"url\":\"https:\\\/\\\/agradocosmetic.com\\\/wp-content\\\/uploads\\\/2024\\\/05\\\/blog-1.jpg\",\"contentUrl\":\"https:\\\/\\\/agradocosmetic.com\\\/wp-content\\\/uploads\\\/2024\\\/05\\\/blog-1.jpg\",\"width\":1140,\"height\":600,\"caption\":\"s\u00e9rum o aceite capilar\"},{\"@type\":\"BreadcrumbList\",\"@id\":\"https:\\\/\\\/agradocosmetic.com\\\/serum-o-aceite-capilar-que-necesita-mi-pelo\\\/#breadcrumb\",\"itemListElement\":[{\"@type\":\"ListItem\",\"position\":1,\"name\":\"Portada\",\"item\":\"https:\\\/\\\/agradocosmetic.com\\\/\"},{\"@type\":\"ListItem\",\"position\":2,\"name\":\"S\u00e9rum o Aceite capilar, \u00bfqu\u00e9 necesita mi pelo?\"}]},{\"@type\":\"WebSite\",\"@id\":\"https:\\\/\\\/agradocosmetic.com\\\/#website\",\"url\":\"https:\\\/\\\/agradocosmetic.com\\\/\",\"name\":\"Agrado\",\"description\":\"Cosmetic\",\"publisher\":{\"@id\":\"https:\\\/\\\/agradocosmetic.com\\\/#organization\"},\"potentialAction\":[{\"@type\":\"SearchAction\",\"target\":{\"@type\":\"EntryPoint\",\"urlTemplate\":\"https:\\\/\\\/agradocosmetic.com\\\/?s={search_term_string}\"},\"query-input\":{\"@type\":\"PropertyValueSpecification\",\"valueRequired\":true,\"valueName\":\"search_term_string\"}}],\"inLanguage\":\"fr-FR\"},{\"@type\":\"Organization\",\"@id\":\"https:\\\/\\\/agradocosmetic.com\\\/#organization\",\"name\":\"Agrado\",\"url\":\"https:\\\/\\\/agradocosmetic.com\\\/\",\"logo\":{\"@type\":\"ImageObject\",\"inLanguage\":\"fr-FR\",\"@id\":\"https:\\\/\\\/agradocosmetic.com\\\/#\\\/schema\\\/logo\\\/image\\\/\",\"url\":\"https:\\\/\\\/agradocosmetic.com\\\/wp-content\\\/uploads\\\/2023\\\/07\\\/LOGO-AGRADO-WEB-01.png\",\"contentUrl\":\"https:\\\/\\\/agradocosmetic.com\\\/wp-content\\\/uploads\\\/2023\\\/07\\\/LOGO-AGRADO-WEB-01.png\",\"width\":1632,\"height\":300,\"caption\":\"Agrado\"},\"image\":{\"@id\":\"https:\\\/\\\/agradocosmetic.com\\\/#\\\/schema\\\/logo\\\/image\\\/\"}},{\"@type\":\"Person\",\"@id\":\"https:\\\/\\\/agradocosmetic.com\\\/#\\\/schema\\\/person\\\/59124921013b50f80959d84fc7219096\",\"name\":\"carmen\",\"image\":{\"@type\":\"ImageObject\",\"inLanguage\":\"fr-FR\",\"@id\":\"https:\\\/\\\/secure.gravatar.com\\\/avatar\\\/2036bf58c019bb0a3f94937a2ed7cab76ae6ebe239f705f7c62ea5c48f93531f?s=96&d=mm&r=g\",\"url\":\"https:\\\/\\\/secure.gravatar.com\\\/avatar\\\/2036bf58c019bb0a3f94937a2ed7cab76ae6ebe239f705f7c62ea5c48f93531f?s=96&d=mm&r=g\",\"contentUrl\":\"https:\\\/\\\/secure.gravatar.com\\\/avatar\\\/2036bf58c019bb0a3f94937a2ed7cab76ae6ebe239f705f7c62ea5c48f93531f?s=96&d=mm&r=g\",\"caption\":\"carmen\"}}]}<\/script>\n<!-- \/ Yoast SEO plugin. -->","yoast_head_json":{"title":"S\u00e9rum o Aceite capilar, \u00bfqu\u00e9 necesita mi pelo? - Agrado","description":"\u00bfS\u00e9rum o Aceite capilar? \u00bfQu\u00e9 necesita nuestro pelo para lucir espectacular? \u00a1Sigue leyendo para descubrir cu\u00e1l es perfecto para ti!","robots":{"index":"index","follow":"follow","max-snippet":"max-snippet:-1","max-image-preview":"max-image-preview:large","max-video-preview":"max-video-preview:-1"},"canonical":"https:\/\/agradocosmetic.com\/fr\/serum-o-aceite-capilar-que-necesita-mi-pelo\/","og_locale":"fr_FR","og_type":"article","og_title":"S\u00e9rum o Aceite capilar, \u00bfqu\u00e9 necesita mi pelo? - Agrado","og_description":"\u00bfS\u00e9rum o Aceite capilar? \u00bfQu\u00e9 necesita nuestro pelo para lucir espectacular? \u00a1Sigue leyendo para descubrir cu\u00e1l es perfecto para ti!","og_url":"https:\/\/agradocosmetic.com\/fr\/serum-o-aceite-capilar-que-necesita-mi-pelo\/","og_site_name":"Agrado","article_published_time":"2024-04-04T09:11:31+00:00","article_modified_time":"2024-05-31T09:12:27+00:00","og_image":[{"width":1140,"height":600,"url":"https:\/\/agradocosmetic.com\/wp-content\/uploads\/2024\/05\/blog-1.jpg","type":"image\/jpeg"}],"author":"carmen","twitter_card":"summary_large_image","twitter_misc":{"\u00c9crit par":"carmen","Dur\u00e9e de lecture estim\u00e9e":"2 minutes"},"schema":{"@context":"https:\/\/schema.org","@graph":[{"@type":"Article","@id":"https:\/\/agradocosmetic.com\/serum-o-aceite-capilar-que-necesita-mi-pelo\/#article","isPartOf":{"@id":"https:\/\/agradocosmetic.com\/serum-o-aceite-capilar-que-necesita-mi-pelo\/"},"author":{"name":"carmen","@id":"https:\/\/agradocosmetic.com\/#\/schema\/person\/59124921013b50f80959d84fc7219096"},"headline":"S\u00e9rum o Aceite capilar, \u00bfqu\u00e9 necesita mi pelo?","datePublished":"2024-04-04T09:11:31+00:00","dateModified":"2024-05-31T09:12:27+00:00","mainEntityOfPage":{"@id":"https:\/\/agradocosmetic.com\/serum-o-aceite-capilar-que-necesita-mi-pelo\/"},"wordCount":377,"commentCount":0,"publisher":{"@id":"https:\/\/agradocosmetic.com\/#organization"},"image":{"@id":"https:\/\/agradocosmetic.com\/serum-o-aceite-capilar-que-necesita-mi-pelo\/#primaryimage"},"thumbnailUrl":"https:\/\/agradocosmetic.com\/wp-content\/uploads\/2024\/05\/blog-1.jpg","keywords":["s\u00e9rum brillo intenso","aceite multivitaminas","s\u00e9rum capilar","aceite capilar","s\u00e9rum o aceite capilar","puntas reparadas","cabello brillante","cabello nutrido","agrado","agradocosmetic","cabello","capilar","cuidado capilar","cuidado del pelo","pelo"],"articleSection":["Capilar"],"inLanguage":"fr-FR","potentialAction":[{"@type":"CommentAction","name":"Comment","target":["https:\/\/agradocosmetic.com\/serum-o-aceite-capilar-que-necesita-mi-pelo\/#respond"]}]},{"@type":"WebPage","@id":"https:\/\/agradocosmetic.com\/serum-o-aceite-capilar-que-necesita-mi-pelo\/","url":"https:\/\/agradocosmetic.com\/serum-o-aceite-capilar-que-necesita-mi-pelo\/","name":"S\u00e9rum o Aceite capilar, \u00bfqu\u00e9 necesita mi pelo? - Agrado","isPartOf":{"@id":"https:\/\/agradocosmetic.com\/#website"},"primaryImageOfPage":{"@id":"https:\/\/agradocosmetic.com\/serum-o-aceite-capilar-que-necesita-mi-pelo\/#primaryimage"},"image":{"@id":"https:\/\/agradocosmetic.com\/serum-o-aceite-capilar-que-necesita-mi-pelo\/#primaryimage"},"thumbnailUrl":"https:\/\/agradocosmetic.com\/wp-content\/uploads\/2024\/05\/blog-1.jpg","datePublished":"2024-04-04T09:11:31+00:00","dateModified":"2024-05-31T09:12:27+00:00","description":"\u00bfS\u00e9rum o Aceite capilar? \u00bfQu\u00e9 necesita nuestro pelo para lucir espectacular? \u00a1Sigue leyendo para descubrir cu\u00e1l es perfecto para ti!","breadcrumb":{"@id":"https:\/\/agradocosmetic.com\/serum-o-aceite-capilar-que-necesita-mi-pelo\/#breadcrumb"},"inLanguage":"fr-FR","potentialAction":[{"@type":"ReadAction","target":["https:\/\/agradocosmetic.com\/serum-o-aceite-capilar-que-necesita-mi-pelo\/"]}]},{"@type":"ImageObject","inLanguage":"fr-FR","@id":"https:\/\/agradocosmetic.com\/serum-o-aceite-capilar-que-necesita-mi-pelo\/#primaryimage","url":"https:\/\/agradocosmetic.com\/wp-content\/uploads\/2024\/05\/blog-1.jpg","contentUrl":"https:\/\/agradocosmetic.com\/wp-content\/uploads\/2024\/05\/blog-1.jpg","width":1140,"height":600,"caption":"s\u00e9rum o aceite capilar"},{"@type":"BreadcrumbList","@id":"https:\/\/agradocosmetic.com\/serum-o-aceite-capilar-que-necesita-mi-pelo\/#breadcrumb","itemListElement":[{"@type":"ListItem","position":1,"name":"Portada","item":"https:\/\/agradocosmetic.com\/"},{"@type":"ListItem","position":2,"name":"S\u00e9rum o Aceite capilar, \u00bfqu\u00e9 necesita mi pelo?"}]},{"@type":"WebSite","@id":"https:\/\/agradocosmetic.com\/#website","url":"https:\/\/agradocosmetic.com\/","name":"Aimer","description":"cosm\u00e9tique","publisher":{"@id":"https:\/\/agradocosmetic.com\/#organization"},"potentialAction":[{"@type":"SearchAction","target":{"@type":"EntryPoint","urlTemplate":"https:\/\/agradocosmetic.com\/?s={search_term_string}"},"query-input":{"@type":"PropertyValueSpecification","valueRequired":true,"valueName":"search_term_string"}}],"inLanguage":"fr-FR"},{"@type":"Organization","@id":"https:\/\/agradocosmetic.com\/#organization","name":"Aimer","url":"https:\/\/agradocosmetic.com\/","logo":{"@type":"ImageObject","inLanguage":"fr-FR","@id":"https:\/\/agradocosmetic.com\/#\/schema\/logo\/image\/","url":"https:\/\/agradocosmetic.com\/wp-content\/uploads\/2023\/07\/LOGO-AGRADO-WEB-01.png","contentUrl":"https:\/\/agradocosmetic.com\/wp-content\/uploads\/2023\/07\/LOGO-AGRADO-WEB-01.png","width":1632,"height":300,"caption":"Agrado"},"image":{"@id":"https:\/\/agradocosmetic.com\/#\/schema\/logo\/image\/"}},{"@type":"Person","@id":"https:\/\/agradocosmetic.com\/#\/schema\/person\/59124921013b50f80959d84fc7219096","name":"Carmen","image":{"@type":"ImageObject","inLanguage":"fr-FR","@id":"https:\/\/secure.gravatar.com\/avatar\/2036bf58c019bb0a3f94937a2ed7cab76ae6ebe239f705f7c62ea5c48f93531f?s=96&d=mm&r=g","url":"https:\/\/secure.gravatar.com\/avatar\/2036bf58c019bb0a3f94937a2ed7cab76ae6ebe239f705f7c62ea5c48f93531f?s=96&d=mm&r=g","contentUrl":"https:\/\/secure.gravatar.com\/avatar\/2036bf58c019bb0a3f94937a2ed7cab76ae6ebe239f705f7c62ea5c48f93531f?s=96&d=mm&r=g","caption":"carmen"}}]}},"_links":{"self":[{"href":"https:\/\/agradocosmetic.com\/fr\/wp-json\/wp\/v2\/posts\/27658","targetHints":{"allow":["GET"]}}],"collection":[{"href":"https:\/\/agradocosmetic.com\/fr\/wp-json\/wp\/v2\/posts"}],"about":[{"href":"https:\/\/agradocosmetic.com\/fr\/wp-json\/wp\/v2\/types\/post"}],"author":[{"embeddable":true,"href":"https:\/\/agradocosmetic.com\/fr\/wp-json\/wp\/v2\/users\/11"}],"replies":[{"embeddable":true,"href":"https:\/\/agradocosmetic.com\/fr\/wp-json\/wp\/v2\/comments?post=27658"}],"version-history":[{"count":1,"href":"https:\/\/agradocosmetic.com\/fr\/wp-json\/wp\/v2\/posts\/27658\/revisions"}],"predecessor-version":[{"id":27660,"href":"https:\/\/agradocosmetic.com\/fr\/wp-json\/wp\/v2\/posts\/27658\/revisions\/27660"}],"wp:featuredmedia":[{"embeddable":true,"href":"https:\/\/agradocosmetic.com\/fr\/wp-json\/wp\/v2\/media\/27659"}],"wp:attachment":[{"href":"https:\/\/agradocosmetic.com\/fr\/wp-json\/wp\/v2\/media?parent=27658"}],"wp:term":[{"taxonomy":"category","embeddable":true,"href":"https:\/\/agradocosmetic.com\/fr\/wp-json\/wp\/v2\/categories?post=27658"},{"taxonomy":"post_tag","embeddable":true,"href":"https:\/\/agradocosmetic.com\/fr\/wp-json\/wp\/v2\/tags?post=27658"}],"curies":[{"name":"wp","href":"https:\/\/api.w.org\/{rel}","templated":true}]}}