{"id":28232,"date":"2024-06-22T09:30:40","date_gmt":"2024-06-22T09:30:40","guid":{"rendered":"https:\/\/agradocosmetic.com\/?p=28232"},"modified":"2024-09-11T11:25:04","modified_gmt":"2024-09-11T11:25:04","slug":"cual-es-mi-protector-solar-ideal","status":"publish","type":"post","link":"https:\/\/agradocosmetic.com\/fr\/cual-es-mi-protector-solar-ideal\/","title":{"rendered":"Quelle est ma cr\u00e8me solaire id\u00e9ale ?"},"content":{"rendered":"<p><span style=\"font-weight: 400\">Choisir la cr\u00e8me solaire id\u00e9ale peut sembler une t\u00e2che compliqu\u00e9e, mais chez Agrado Cosmetic, nous vous facilitons la t\u00e2che. Nous savons que chaque peau est unique et qu&#039;elles ont toutes besoin de soins particuliers sous le soleil. Par cons\u00e9quent, nous vous aidons \u00e0 trouver le produit parfait pour vous parmi notre gamme. <a href=\"https:\/\/agradocosmetic.com\/fr\/categoria-de-producto\/proteccion-solar\/\" target=\"_blank\" rel=\"noopener\">J&#039;aime les soins solaires<\/a>. D\u00e9couvrez quelle est votre cr\u00e8me solaire id\u00e9ale !<\/span><\/p>\n<h3><span style=\"font-weight: 400\">Pour les amateurs de sports de plein air.<\/span><\/h3>\n<p><span style=\"font-weight: 400\">Si vous aimez faire du sport en plein air, vous avez besoin d&#039;une protection qui dure toute la journ\u00e9e. Notre <a href=\"https:\/\/agradocosmetic.com\/fr\/producto\/agua-solar-spf50\/\" target=\"_blank\" rel=\"noopener\">Eau Solaire Invisible SPF50<\/a> C&#039;est parfait pour toi. D&#039;une texture l\u00e9g\u00e8re et r\u00e9sistante \u00e0 l&#039;eau, il vous offre une protection maximale sans laisser de trace. Id\u00e9al pour ceux qui ne tiennent pas en place !\u00a0\u00a0<\/span><\/p>\n<h3><span style=\"font-weight: 400\">Pour celles qui recherchent un bronzage dor\u00e9.<\/span><\/h3>\n<p><span style=\"font-weight: 400\">Si votre bronzage est naturel sans renoncer \u00e0 la protection, nous vous recommandons le <a href=\"https:\/\/agradocosmetic.com\/fr\/producto\/aceite-seco-spf30\/\" target=\"_blank\" rel=\"noopener\">Huile Solaire S\u00e8che SPF30<\/a>. Il offre la protection dont vous avez besoin tout en laissant \u00e0 votre peau un beau ton dor\u00e9. De plus, sa texture huileuse vous fera vous sentir incroyablement bien pendant que vous profiterez du soleil.\u00a0\u00a0<\/span><\/p>\n<h3><span style=\"font-weight: 400\">Pour les peaux sensibles ou sujettes aux imperfections.<\/span><\/h3>\n<p><span style=\"font-weight: 400\">Si votre peau est d\u00e9licate ou si vous craignez des imperfections, le <a href=\"https:\/\/agradocosmetic.com\/fr\/categoria-de-producto\/proteccion-solar\/\" target=\"_blank\" rel=\"noopener\">Ligne sensible<\/a> C&#039;est votre meilleure option. Chacun de ses formats est la cr\u00e8me solaire id\u00e9ale pour ceux qui souhaitent prot\u00e9ger les zones les plus sensibles, gr\u00e2ce \u00e0 sa formule douce mais efficace.\u00a0\u00a0<\/span><\/p>\n<h3><span style=\"font-weight: 400\">Pour toute la famille.<\/span><\/h3>\n<p><span style=\"font-weight: 400\">Si vous avez des petits, le <a href=\"https:\/\/agradocosmetic.com\/fr\/producto\/crema-solar-50spf\/\" target=\"_blank\" rel=\"noopener\">Cr\u00e8me Solaire SPF50+<\/a> La taille familiale est con\u00e7ue pour prendre soin de la peau de toute la famille. Avec une formule sp\u00e9cifique pour les peaux sensibles et les enfants. Prot\u00e9gez la peau de chacun en grand format pendant qu&#039;ils profitent pleinement de l&#039;\u00e9t\u00e9.\u00a0\u00a0<\/span><\/p>\n<p><span style=\"font-weight: 400\">Cet \u00e9t\u00e9 chez #LoveCarePlanet, choisissez la cr\u00e8me solaire id\u00e9ale pour vous et votre famille. Quel que soit votre style de vie, Agrado Sun Care a l&#039;alli\u00e9 id\u00e9al pour que vous puissiez profiter du soleil en toute s\u00e9r\u00e9nit\u00e9. Int\u00e9grez la protection \u00e0 votre routine quotidienne !<\/span><\/p>","protected":false},"excerpt":{"rendered":"<p>Elegir el protector solar ideal puede parecer una tarea complicada, pero en Agrado Cosmetic te lo ponemos f\u00e1cil. Sabemos que cada piel es \u00fanica y que todas necesitan cuidados especiales bajo el sol. Por eso, te ayudamos a encontrar el producto perfecto para ti de nuestra l\u00ednea Agrado Sun Care. \u00a1Descubre cu\u00e1l es tu protector [&hellip;]<\/p>\n","protected":false},"author":11,"featured_media":28223,"comment_status":"open","ping_status":"closed","sticky":false,"template":"","format":"standard","meta":{"footnotes":"","_wp_rev_ctl_limit":""},"categories":[531],"tags":[755,756,757,747,740,126,317,230],"class_list":["post-28232","post","type-post","status-publish","format-standard","has-post-thumbnail","hentry","category-solar-en","tag-proteccion-ideal","tag-que-proteccion-necesito","tag-comprar-proteccion-solar","tag-factor-de-proteccion-solar","tag-agrado-sun-care","tag-agrado","tag-proteccion-solar","tag-spf"],"yoast_head":"<!-- This site is optimized with the Yoast SEO plugin v27.4 - https:\/\/yoast.com\/product\/yoast-seo-wordpress\/ -->\n<title>\u00bfCu\u00e1l es mi protector solar ideal? - Agrado<\/title>\n<meta name=\"description\" content=\"Elegir el protector solar ideal puede parecer una tarea complicada, pero en Agrado Cosmetic te lo ponemos f\u00e1cil.\" \/>\n<meta name=\"robots\" content=\"index, follow, max-snippet:-1, max-image-preview:large, max-video-preview:-1\" \/>\n<link rel=\"canonical\" href=\"https:\/\/agradocosmetic.com\/fr\/cual-es-mi-protector-solar-ideal\/\" \/>\n<meta property=\"og:locale\" content=\"fr_FR\" \/>\n<meta property=\"og:type\" content=\"article\" \/>\n<meta property=\"og:title\" content=\"\u00bfCu\u00e1l es mi protector solar ideal? - Agrado\" \/>\n<meta property=\"og:description\" content=\"Elegir el protector solar ideal puede parecer una tarea complicada, pero en Agrado Cosmetic te lo ponemos f\u00e1cil.\" \/>\n<meta property=\"og:url\" content=\"https:\/\/agradocosmetic.com\/fr\/cual-es-mi-protector-solar-ideal\/\" \/>\n<meta property=\"og:site_name\" content=\"Agrado\" \/>\n<meta property=\"article:published_time\" content=\"2024-06-22T09:30:40+00:00\" \/>\n<meta property=\"article:modified_time\" content=\"2024-09-11T11:25:04+00:00\" \/>\n<meta property=\"og:image\" content=\"https:\/\/agradocosmetic.com\/wp-content\/uploads\/2024\/09\/JUN-2.jpg\" \/>\n\t<meta property=\"og:image:width\" content=\"1140\" \/>\n\t<meta property=\"og:image:height\" content=\"600\" \/>\n\t<meta property=\"og:image:type\" content=\"image\/jpeg\" \/>\n<meta name=\"author\" content=\"carmen\" \/>\n<meta name=\"twitter:card\" content=\"summary_large_image\" \/>\n<meta name=\"twitter:label1\" content=\"\u00c9crit par\" \/>\n\t<meta name=\"twitter:data1\" content=\"carmen\" \/>\n\t<meta name=\"twitter:label2\" content=\"Dur\u00e9e de lecture estim\u00e9e\" \/>\n\t<meta name=\"twitter:data2\" content=\"2 minutes\" \/>\n<script type=\"application\/ld+json\" class=\"yoast-schema-graph\">{\"@context\":\"https:\\\/\\\/schema.org\",\"@graph\":[{\"@type\":\"Article\",\"@id\":\"https:\\\/\\\/agradocosmetic.com\\\/cual-es-mi-protector-solar-ideal\\\/#article\",\"isPartOf\":{\"@id\":\"https:\\\/\\\/agradocosmetic.com\\\/cual-es-mi-protector-solar-ideal\\\/\"},\"author\":{\"name\":\"carmen\",\"@id\":\"https:\\\/\\\/agradocosmetic.com\\\/#\\\/schema\\\/person\\\/59124921013b50f80959d84fc7219096\"},\"headline\":\"\u00bfCu\u00e1l es mi protector solar ideal?\",\"datePublished\":\"2024-06-22T09:30:40+00:00\",\"dateModified\":\"2024-09-11T11:25:04+00:00\",\"mainEntityOfPage\":{\"@id\":\"https:\\\/\\\/agradocosmetic.com\\\/cual-es-mi-protector-solar-ideal\\\/\"},\"wordCount\":333,\"commentCount\":0,\"publisher\":{\"@id\":\"https:\\\/\\\/agradocosmetic.com\\\/#organization\"},\"image\":{\"@id\":\"https:\\\/\\\/agradocosmetic.com\\\/cual-es-mi-protector-solar-ideal\\\/#primaryimage\"},\"thumbnailUrl\":\"https:\\\/\\\/agradocosmetic.com\\\/wp-content\\\/uploads\\\/2024\\\/09\\\/JUN-2.jpg\",\"keywords\":[\"proteccion ideal\",\"que protecci\u00f3n necesito\",\"comprar protecci\u00f3n solar\",\"factor de proteccion solar\",\"agrado sun care\",\"agrado\",\"proteccion solar\",\"spf\"],\"articleSection\":[\"Solar\"],\"inLanguage\":\"fr-FR\",\"potentialAction\":[{\"@type\":\"CommentAction\",\"name\":\"Comment\",\"target\":[\"https:\\\/\\\/agradocosmetic.com\\\/cual-es-mi-protector-solar-ideal\\\/#respond\"]}]},{\"@type\":\"WebPage\",\"@id\":\"https:\\\/\\\/agradocosmetic.com\\\/cual-es-mi-protector-solar-ideal\\\/\",\"url\":\"https:\\\/\\\/agradocosmetic.com\\\/cual-es-mi-protector-solar-ideal\\\/\",\"name\":\"\u00bfCu\u00e1l es mi protector solar ideal? - Agrado\",\"isPartOf\":{\"@id\":\"https:\\\/\\\/agradocosmetic.com\\\/#website\"},\"primaryImageOfPage\":{\"@id\":\"https:\\\/\\\/agradocosmetic.com\\\/cual-es-mi-protector-solar-ideal\\\/#primaryimage\"},\"image\":{\"@id\":\"https:\\\/\\\/agradocosmetic.com\\\/cual-es-mi-protector-solar-ideal\\\/#primaryimage\"},\"thumbnailUrl\":\"https:\\\/\\\/agradocosmetic.com\\\/wp-content\\\/uploads\\\/2024\\\/09\\\/JUN-2.jpg\",\"datePublished\":\"2024-06-22T09:30:40+00:00\",\"dateModified\":\"2024-09-11T11:25:04+00:00\",\"description\":\"Elegir el protector solar ideal puede parecer una tarea complicada, pero en Agrado Cosmetic te lo ponemos f\u00e1cil.\",\"breadcrumb\":{\"@id\":\"https:\\\/\\\/agradocosmetic.com\\\/cual-es-mi-protector-solar-ideal\\\/#breadcrumb\"},\"inLanguage\":\"fr-FR\",\"potentialAction\":[{\"@type\":\"ReadAction\",\"target\":[\"https:\\\/\\\/agradocosmetic.com\\\/cual-es-mi-protector-solar-ideal\\\/\"]}]},{\"@type\":\"ImageObject\",\"inLanguage\":\"fr-FR\",\"@id\":\"https:\\\/\\\/agradocosmetic.com\\\/cual-es-mi-protector-solar-ideal\\\/#primaryimage\",\"url\":\"https:\\\/\\\/agradocosmetic.com\\\/wp-content\\\/uploads\\\/2024\\\/09\\\/JUN-2.jpg\",\"contentUrl\":\"https:\\\/\\\/agradocosmetic.com\\\/wp-content\\\/uploads\\\/2024\\\/09\\\/JUN-2.jpg\",\"width\":1140,\"height\":600,\"caption\":\"mi protector solar ideal\"},{\"@type\":\"BreadcrumbList\",\"@id\":\"https:\\\/\\\/agradocosmetic.com\\\/cual-es-mi-protector-solar-ideal\\\/#breadcrumb\",\"itemListElement\":[{\"@type\":\"ListItem\",\"position\":1,\"name\":\"Portada\",\"item\":\"https:\\\/\\\/agradocosmetic.com\\\/\"},{\"@type\":\"ListItem\",\"position\":2,\"name\":\"\u00bfCu\u00e1l es mi protector solar ideal?\"}]},{\"@type\":\"WebSite\",\"@id\":\"https:\\\/\\\/agradocosmetic.com\\\/#website\",\"url\":\"https:\\\/\\\/agradocosmetic.com\\\/\",\"name\":\"Agrado\",\"description\":\"Cosmetic\",\"publisher\":{\"@id\":\"https:\\\/\\\/agradocosmetic.com\\\/#organization\"},\"potentialAction\":[{\"@type\":\"SearchAction\",\"target\":{\"@type\":\"EntryPoint\",\"urlTemplate\":\"https:\\\/\\\/agradocosmetic.com\\\/?s={search_term_string}\"},\"query-input\":{\"@type\":\"PropertyValueSpecification\",\"valueRequired\":true,\"valueName\":\"search_term_string\"}}],\"inLanguage\":\"fr-FR\"},{\"@type\":\"Organization\",\"@id\":\"https:\\\/\\\/agradocosmetic.com\\\/#organization\",\"name\":\"Agrado\",\"url\":\"https:\\\/\\\/agradocosmetic.com\\\/\",\"logo\":{\"@type\":\"ImageObject\",\"inLanguage\":\"fr-FR\",\"@id\":\"https:\\\/\\\/agradocosmetic.com\\\/#\\\/schema\\\/logo\\\/image\\\/\",\"url\":\"https:\\\/\\\/agradocosmetic.com\\\/wp-content\\\/uploads\\\/2023\\\/07\\\/LOGO-AGRADO-WEB-01.png\",\"contentUrl\":\"https:\\\/\\\/agradocosmetic.com\\\/wp-content\\\/uploads\\\/2023\\\/07\\\/LOGO-AGRADO-WEB-01.png\",\"width\":1632,\"height\":300,\"caption\":\"Agrado\"},\"image\":{\"@id\":\"https:\\\/\\\/agradocosmetic.com\\\/#\\\/schema\\\/logo\\\/image\\\/\"}},{\"@type\":\"Person\",\"@id\":\"https:\\\/\\\/agradocosmetic.com\\\/#\\\/schema\\\/person\\\/59124921013b50f80959d84fc7219096\",\"name\":\"carmen\",\"image\":{\"@type\":\"ImageObject\",\"inLanguage\":\"fr-FR\",\"@id\":\"https:\\\/\\\/secure.gravatar.com\\\/avatar\\\/2036bf58c019bb0a3f94937a2ed7cab76ae6ebe239f705f7c62ea5c48f93531f?s=96&d=mm&r=g\",\"url\":\"https:\\\/\\\/secure.gravatar.com\\\/avatar\\\/2036bf58c019bb0a3f94937a2ed7cab76ae6ebe239f705f7c62ea5c48f93531f?s=96&d=mm&r=g\",\"contentUrl\":\"https:\\\/\\\/secure.gravatar.com\\\/avatar\\\/2036bf58c019bb0a3f94937a2ed7cab76ae6ebe239f705f7c62ea5c48f93531f?s=96&d=mm&r=g\",\"caption\":\"carmen\"}}]}<\/script>\n<!-- \/ Yoast SEO plugin. -->","yoast_head_json":{"title":"\u00bfCu\u00e1l es mi protector solar ideal? - Agrado","description":"Elegir el protector solar ideal puede parecer una tarea complicada, pero en Agrado Cosmetic te lo ponemos f\u00e1cil.","robots":{"index":"index","follow":"follow","max-snippet":"max-snippet:-1","max-image-preview":"max-image-preview:large","max-video-preview":"max-video-preview:-1"},"canonical":"https:\/\/agradocosmetic.com\/fr\/cual-es-mi-protector-solar-ideal\/","og_locale":"fr_FR","og_type":"article","og_title":"\u00bfCu\u00e1l es mi protector solar ideal? - Agrado","og_description":"Elegir el protector solar ideal puede parecer una tarea complicada, pero en Agrado Cosmetic te lo ponemos f\u00e1cil.","og_url":"https:\/\/agradocosmetic.com\/fr\/cual-es-mi-protector-solar-ideal\/","og_site_name":"Agrado","article_published_time":"2024-06-22T09:30:40+00:00","article_modified_time":"2024-09-11T11:25:04+00:00","og_image":[{"width":1140,"height":600,"url":"https:\/\/agradocosmetic.com\/wp-content\/uploads\/2024\/09\/JUN-2.jpg","type":"image\/jpeg"}],"author":"carmen","twitter_card":"summary_large_image","twitter_misc":{"\u00c9crit par":"carmen","Dur\u00e9e de lecture estim\u00e9e":"2 minutes"},"schema":{"@context":"https:\/\/schema.org","@graph":[{"@type":"Article","@id":"https:\/\/agradocosmetic.com\/cual-es-mi-protector-solar-ideal\/#article","isPartOf":{"@id":"https:\/\/agradocosmetic.com\/cual-es-mi-protector-solar-ideal\/"},"author":{"name":"carmen","@id":"https:\/\/agradocosmetic.com\/#\/schema\/person\/59124921013b50f80959d84fc7219096"},"headline":"\u00bfCu\u00e1l es mi protector solar ideal?","datePublished":"2024-06-22T09:30:40+00:00","dateModified":"2024-09-11T11:25:04+00:00","mainEntityOfPage":{"@id":"https:\/\/agradocosmetic.com\/cual-es-mi-protector-solar-ideal\/"},"wordCount":333,"commentCount":0,"publisher":{"@id":"https:\/\/agradocosmetic.com\/#organization"},"image":{"@id":"https:\/\/agradocosmetic.com\/cual-es-mi-protector-solar-ideal\/#primaryimage"},"thumbnailUrl":"https:\/\/agradocosmetic.com\/wp-content\/uploads\/2024\/09\/JUN-2.jpg","keywords":["proteccion ideal","que protecci\u00f3n necesito","comprar protecci\u00f3n solar","factor de proteccion solar","agrado sun care","agrado","proteccion solar","spf"],"articleSection":["Solar"],"inLanguage":"fr-FR","potentialAction":[{"@type":"CommentAction","name":"Comment","target":["https:\/\/agradocosmetic.com\/cual-es-mi-protector-solar-ideal\/#respond"]}]},{"@type":"WebPage","@id":"https:\/\/agradocosmetic.com\/cual-es-mi-protector-solar-ideal\/","url":"https:\/\/agradocosmetic.com\/cual-es-mi-protector-solar-ideal\/","name":"\u00bfCu\u00e1l es mi protector solar ideal? - Agrado","isPartOf":{"@id":"https:\/\/agradocosmetic.com\/#website"},"primaryImageOfPage":{"@id":"https:\/\/agradocosmetic.com\/cual-es-mi-protector-solar-ideal\/#primaryimage"},"image":{"@id":"https:\/\/agradocosmetic.com\/cual-es-mi-protector-solar-ideal\/#primaryimage"},"thumbnailUrl":"https:\/\/agradocosmetic.com\/wp-content\/uploads\/2024\/09\/JUN-2.jpg","datePublished":"2024-06-22T09:30:40+00:00","dateModified":"2024-09-11T11:25:04+00:00","description":"Elegir el protector solar ideal puede parecer una tarea complicada, pero en Agrado Cosmetic te lo ponemos f\u00e1cil.","breadcrumb":{"@id":"https:\/\/agradocosmetic.com\/cual-es-mi-protector-solar-ideal\/#breadcrumb"},"inLanguage":"fr-FR","potentialAction":[{"@type":"ReadAction","target":["https:\/\/agradocosmetic.com\/cual-es-mi-protector-solar-ideal\/"]}]},{"@type":"ImageObject","inLanguage":"fr-FR","@id":"https:\/\/agradocosmetic.com\/cual-es-mi-protector-solar-ideal\/#primaryimage","url":"https:\/\/agradocosmetic.com\/wp-content\/uploads\/2024\/09\/JUN-2.jpg","contentUrl":"https:\/\/agradocosmetic.com\/wp-content\/uploads\/2024\/09\/JUN-2.jpg","width":1140,"height":600,"caption":"mi protector solar ideal"},{"@type":"BreadcrumbList","@id":"https:\/\/agradocosmetic.com\/cual-es-mi-protector-solar-ideal\/#breadcrumb","itemListElement":[{"@type":"ListItem","position":1,"name":"Portada","item":"https:\/\/agradocosmetic.com\/"},{"@type":"ListItem","position":2,"name":"\u00bfCu\u00e1l es mi protector solar ideal?"}]},{"@type":"WebSite","@id":"https:\/\/agradocosmetic.com\/#website","url":"https:\/\/agradocosmetic.com\/","name":"Aimer","description":"cosm\u00e9tique","publisher":{"@id":"https:\/\/agradocosmetic.com\/#organization"},"potentialAction":[{"@type":"SearchAction","target":{"@type":"EntryPoint","urlTemplate":"https:\/\/agradocosmetic.com\/?s={search_term_string}"},"query-input":{"@type":"PropertyValueSpecification","valueRequired":true,"valueName":"search_term_string"}}],"inLanguage":"fr-FR"},{"@type":"Organization","@id":"https:\/\/agradocosmetic.com\/#organization","name":"Aimer","url":"https:\/\/agradocosmetic.com\/","logo":{"@type":"ImageObject","inLanguage":"fr-FR","@id":"https:\/\/agradocosmetic.com\/#\/schema\/logo\/image\/","url":"https:\/\/agradocosmetic.com\/wp-content\/uploads\/2023\/07\/LOGO-AGRADO-WEB-01.png","contentUrl":"https:\/\/agradocosmetic.com\/wp-content\/uploads\/2023\/07\/LOGO-AGRADO-WEB-01.png","width":1632,"height":300,"caption":"Agrado"},"image":{"@id":"https:\/\/agradocosmetic.com\/#\/schema\/logo\/image\/"}},{"@type":"Person","@id":"https:\/\/agradocosmetic.com\/#\/schema\/person\/59124921013b50f80959d84fc7219096","name":"Carmen","image":{"@type":"ImageObject","inLanguage":"fr-FR","@id":"https:\/\/secure.gravatar.com\/avatar\/2036bf58c019bb0a3f94937a2ed7cab76ae6ebe239f705f7c62ea5c48f93531f?s=96&d=mm&r=g","url":"https:\/\/secure.gravatar.com\/avatar\/2036bf58c019bb0a3f94937a2ed7cab76ae6ebe239f705f7c62ea5c48f93531f?s=96&d=mm&r=g","contentUrl":"https:\/\/secure.gravatar.com\/avatar\/2036bf58c019bb0a3f94937a2ed7cab76ae6ebe239f705f7c62ea5c48f93531f?s=96&d=mm&r=g","caption":"carmen"}}]}},"_links":{"self":[{"href":"https:\/\/agradocosmetic.com\/fr\/wp-json\/wp\/v2\/posts\/28232","targetHints":{"allow":["GET"]}}],"collection":[{"href":"https:\/\/agradocosmetic.com\/fr\/wp-json\/wp\/v2\/posts"}],"about":[{"href":"https:\/\/agradocosmetic.com\/fr\/wp-json\/wp\/v2\/types\/post"}],"author":[{"embeddable":true,"href":"https:\/\/agradocosmetic.com\/fr\/wp-json\/wp\/v2\/users\/11"}],"replies":[{"embeddable":true,"href":"https:\/\/agradocosmetic.com\/fr\/wp-json\/wp\/v2\/comments?post=28232"}],"version-history":[{"count":1,"href":"https:\/\/agradocosmetic.com\/fr\/wp-json\/wp\/v2\/posts\/28232\/revisions"}],"predecessor-version":[{"id":28233,"href":"https:\/\/agradocosmetic.com\/fr\/wp-json\/wp\/v2\/posts\/28232\/revisions\/28233"}],"wp:featuredmedia":[{"embeddable":true,"href":"https:\/\/agradocosmetic.com\/fr\/wp-json\/wp\/v2\/media\/28223"}],"wp:attachment":[{"href":"https:\/\/agradocosmetic.com\/fr\/wp-json\/wp\/v2\/media?parent=28232"}],"wp:term":[{"taxonomy":"category","embeddable":true,"href":"https:\/\/agradocosmetic.com\/fr\/wp-json\/wp\/v2\/categories?post=28232"},{"taxonomy":"post_tag","embeddable":true,"href":"https:\/\/agradocosmetic.com\/fr\/wp-json\/wp\/v2\/tags?post=28232"}],"curies":[{"name":"wp","href":"https:\/\/api.w.org\/{rel}","templated":true}]}}