{"id":28236,"date":"2024-07-28T11:00:44","date_gmt":"2024-07-28T11:00:44","guid":{"rendered":"https:\/\/agradocosmetic.com\/?p=28236"},"modified":"2024-09-11T11:38:01","modified_gmt":"2024-09-11T11:38:01","slug":"vacaciones-a-salvo-con-el-nuevo-travel-kit","status":"publish","type":"post","link":"https:\/\/agradocosmetic.com\/fr\/vacaciones-a-salvo-con-el-nuevo-travel-kit\/","title":{"rendered":"Des vacances en toute s\u00e9curit\u00e9 avec le nouveau Travel Kit."},"content":{"rendered":"<p><span style=\"font-weight: 400\">L&#039;\u00e9t\u00e9 est l\u00e0 et avec lui, les vacances tant attendues ! Que vous voyagiez \u00e0 la plage, \u00e0 la montagne ou que vous planifiiez une escapade rapide, il y a quelque chose qui ne peut manquer dans votre valise : le nouveau <a href=\"https:\/\/agradocosmetic.com\/fr\/producto\/neceser-travel-kit\/\" target=\"_blank\" rel=\"noopener\">Kit de voyage pour soins solaires Agrado<\/a>. Cette trousse de toilette est le compagnon id\u00e9al pour prot\u00e9ger votre peau pendant les vacances et en prendre soin apr\u00e8s une exposition au soleil. Le tout dans un format de voyage pratique !<\/span><\/p>\n<p><span style=\"font-weight: 400\">Le kit de voyage Agrado comprend tout ce dont vous avez besoin pour prot\u00e9ger votre peau. Vous y trouverez une s\u00e9lection de nos produits stars, \u00e0 commencer par la Brume Solaire Visage SPF50+ et le tube Cr\u00e8me Solaire SPF50, tous deux id\u00e9aux pour prot\u00e9ger le visage et le corps des rayons UVA et UVB pendant que vous profitez du soleil. De plus, il comprend une lotion apr\u00e8s soleil pour hydrater et rafra\u00eechir la peau apr\u00e8s une journ\u00e9e d&#039;exposition. Avec sa texture l\u00e9g\u00e8re et rapidement absorb\u00e9e, After Sun est parfait pour pr\u00e9venir le dess\u00e8chement et prolonger votre bronzage.<\/span><\/p>\n<p><span style=\"font-weight: 400\">Mieux encore, le kit de voyage a une taille id\u00e9ale \u00e0 transporter dans la cabine de l&#039;avion ou dans n&#039;importe quelle valise \u00e0 main. De cette fa\u00e7on, vous n&#039;aurez pas \u00e0 vous soucier des restrictions de liquides lorsque vous voyagez. C&#039;est l&#039;alli\u00e9 parfait pour vous prot\u00e9ger o\u00f9 que vous soyez, sans prendre beaucoup de place.\u00a0\u00a0<\/span><\/p>\n<p><span style=\"font-weight: 400\">Peu importe que vous profitiez d&#039;un long s\u00e9jour \u00e0 la plage ou d&#039;un week-end, <a href=\"https:\/\/agradocosmetic.com\/fr\/producto\/neceser-travel-kit\/\" target=\"_blank\" rel=\"noopener\">ce kit de voyage<\/a> Il est essentiel de veiller \u00e0 ce que votre peau soit bien soign\u00e9e.\u00a0\u00a0<\/span><\/p>\n<p><span style=\"font-weight: 400\">Cet \u00e9t\u00e9, #LoveCarePlanet a le nouveau <a href=\"https:\/\/agradocosmetic.com\/fr\/producto\/neceser-travel-kit\/\" target=\"_blank\" rel=\"noopener\">Kit de voyage pour soins solaires Agrado<\/a> et profitez du soleil en toute s\u00e9r\u00e9nit\u00e9. Faites de la protection votre meilleur compagnon de voyage !<\/span><\/p>","protected":false},"excerpt":{"rendered":"<p>\u00a1El verano ya est\u00e1 aqu\u00ed y con \u00e9l, las tan ansiadas vacaciones! Ya sea que viajes a la playa, a la monta\u00f1a o que planees una escapada r\u00e1pida, hay algo que no puede faltar en tu maleta: el nuevo Travel Kit de Agrado Sun Care. Este neceser es el compa\u00f1ero perfecto para mantener tu piel [&hellip;]<\/p>\n","protected":false},"author":11,"featured_media":28221,"comment_status":"open","ping_status":"closed","sticky":false,"template":"","format":"standard","meta":{"footnotes":"","_wp_rev_ctl_limit":""},"categories":[531],"tags":[762,763,764,765,766,767,768,769,740,126,317],"class_list":["post-28236","post","type-post","status-publish","format-standard","has-post-thumbnail","hentry","category-solar-en","tag-vacaciones","tag-travel-kit","tag-neceser-de-viaje","tag-tamano-viaje","tag-bruma-facial","tag-crema-corporal","tag-100ml","tag-after-sun","tag-agrado-sun-care","tag-agrado","tag-proteccion-solar"],"yoast_head":"<!-- This site is optimized with the Yoast SEO plugin v27.4 - https:\/\/yoast.com\/product\/yoast-seo-wordpress\/ -->\n<title>Vacaciones a salvo con el nuevo Travel Kit. - Agrado<\/title>\n<meta name=\"description\" content=\"El nuevo Travel Kit ser\u00e1 el compa\u00f1ero perfecto para mantener tu piel protegida y cuidada durante las vacaciones. \u00a1Todo lo que necesitas!\" \/>\n<meta name=\"robots\" content=\"index, follow, max-snippet:-1, max-image-preview:large, max-video-preview:-1\" \/>\n<link rel=\"canonical\" href=\"https:\/\/agradocosmetic.com\/fr\/vacaciones-a-salvo-con-el-nuevo-travel-kit\/\" \/>\n<meta property=\"og:locale\" content=\"fr_FR\" \/>\n<meta property=\"og:type\" content=\"article\" \/>\n<meta property=\"og:title\" content=\"Vacaciones a salvo con el nuevo Travel Kit. - Agrado\" \/>\n<meta property=\"og:description\" content=\"El nuevo Travel Kit ser\u00e1 el compa\u00f1ero perfecto para mantener tu piel protegida y cuidada durante las vacaciones. \u00a1Todo lo que necesitas!\" \/>\n<meta property=\"og:url\" content=\"https:\/\/agradocosmetic.com\/fr\/vacaciones-a-salvo-con-el-nuevo-travel-kit\/\" \/>\n<meta property=\"og:site_name\" content=\"Agrado\" \/>\n<meta property=\"article:published_time\" content=\"2024-07-28T11:00:44+00:00\" \/>\n<meta property=\"article:modified_time\" content=\"2024-09-11T11:38:01+00:00\" \/>\n<meta property=\"og:image\" content=\"https:\/\/agradocosmetic.com\/wp-content\/uploads\/2024\/09\/JUL-2.jpg\" \/>\n\t<meta property=\"og:image:width\" content=\"1140\" \/>\n\t<meta property=\"og:image:height\" content=\"600\" \/>\n\t<meta property=\"og:image:type\" content=\"image\/jpeg\" \/>\n<meta name=\"author\" content=\"carmen\" \/>\n<meta name=\"twitter:card\" content=\"summary_large_image\" \/>\n<meta name=\"twitter:label1\" content=\"\u00c9crit par\" \/>\n\t<meta name=\"twitter:data1\" content=\"carmen\" \/>\n\t<meta name=\"twitter:label2\" content=\"Dur\u00e9e de lecture estim\u00e9e\" \/>\n\t<meta name=\"twitter:data2\" content=\"2 minutes\" \/>\n<script type=\"application\/ld+json\" class=\"yoast-schema-graph\">{\"@context\":\"https:\\\/\\\/schema.org\",\"@graph\":[{\"@type\":\"Article\",\"@id\":\"https:\\\/\\\/agradocosmetic.com\\\/vacaciones-a-salvo-con-el-nuevo-travel-kit\\\/#article\",\"isPartOf\":{\"@id\":\"https:\\\/\\\/agradocosmetic.com\\\/vacaciones-a-salvo-con-el-nuevo-travel-kit\\\/\"},\"author\":{\"name\":\"carmen\",\"@id\":\"https:\\\/\\\/agradocosmetic.com\\\/#\\\/schema\\\/person\\\/59124921013b50f80959d84fc7219096\"},\"headline\":\"Vacaciones a salvo con el nuevo Travel Kit.\",\"datePublished\":\"2024-07-28T11:00:44+00:00\",\"dateModified\":\"2024-09-11T11:38:01+00:00\",\"mainEntityOfPage\":{\"@id\":\"https:\\\/\\\/agradocosmetic.com\\\/vacaciones-a-salvo-con-el-nuevo-travel-kit\\\/\"},\"wordCount\":316,\"commentCount\":0,\"publisher\":{\"@id\":\"https:\\\/\\\/agradocosmetic.com\\\/#organization\"},\"image\":{\"@id\":\"https:\\\/\\\/agradocosmetic.com\\\/vacaciones-a-salvo-con-el-nuevo-travel-kit\\\/#primaryimage\"},\"thumbnailUrl\":\"https:\\\/\\\/agradocosmetic.com\\\/wp-content\\\/uploads\\\/2024\\\/09\\\/JUL-2.jpg\",\"keywords\":[\"vacaciones\",\"travel kit\",\"neceser de viaje\",\"tama\u00f1o viaje\",\"bruma facial\",\"crema corporal\",\"100ml\",\"after sun\",\"agrado sun care\",\"agrado\",\"proteccion solar\"],\"articleSection\":[\"Solar\"],\"inLanguage\":\"fr-FR\",\"potentialAction\":[{\"@type\":\"CommentAction\",\"name\":\"Comment\",\"target\":[\"https:\\\/\\\/agradocosmetic.com\\\/vacaciones-a-salvo-con-el-nuevo-travel-kit\\\/#respond\"]}]},{\"@type\":\"WebPage\",\"@id\":\"https:\\\/\\\/agradocosmetic.com\\\/vacaciones-a-salvo-con-el-nuevo-travel-kit\\\/\",\"url\":\"https:\\\/\\\/agradocosmetic.com\\\/vacaciones-a-salvo-con-el-nuevo-travel-kit\\\/\",\"name\":\"Vacaciones a salvo con el nuevo Travel Kit. - Agrado\",\"isPartOf\":{\"@id\":\"https:\\\/\\\/agradocosmetic.com\\\/#website\"},\"primaryImageOfPage\":{\"@id\":\"https:\\\/\\\/agradocosmetic.com\\\/vacaciones-a-salvo-con-el-nuevo-travel-kit\\\/#primaryimage\"},\"image\":{\"@id\":\"https:\\\/\\\/agradocosmetic.com\\\/vacaciones-a-salvo-con-el-nuevo-travel-kit\\\/#primaryimage\"},\"thumbnailUrl\":\"https:\\\/\\\/agradocosmetic.com\\\/wp-content\\\/uploads\\\/2024\\\/09\\\/JUL-2.jpg\",\"datePublished\":\"2024-07-28T11:00:44+00:00\",\"dateModified\":\"2024-09-11T11:38:01+00:00\",\"description\":\"El nuevo Travel Kit ser\u00e1 el compa\u00f1ero perfecto para mantener tu piel protegida y cuidada durante las vacaciones. \u00a1Todo lo que necesitas!\",\"breadcrumb\":{\"@id\":\"https:\\\/\\\/agradocosmetic.com\\\/vacaciones-a-salvo-con-el-nuevo-travel-kit\\\/#breadcrumb\"},\"inLanguage\":\"fr-FR\",\"potentialAction\":[{\"@type\":\"ReadAction\",\"target\":[\"https:\\\/\\\/agradocosmetic.com\\\/vacaciones-a-salvo-con-el-nuevo-travel-kit\\\/\"]}]},{\"@type\":\"ImageObject\",\"inLanguage\":\"fr-FR\",\"@id\":\"https:\\\/\\\/agradocosmetic.com\\\/vacaciones-a-salvo-con-el-nuevo-travel-kit\\\/#primaryimage\",\"url\":\"https:\\\/\\\/agradocosmetic.com\\\/wp-content\\\/uploads\\\/2024\\\/09\\\/JUL-2.jpg\",\"contentUrl\":\"https:\\\/\\\/agradocosmetic.com\\\/wp-content\\\/uploads\\\/2024\\\/09\\\/JUL-2.jpg\",\"width\":1140,\"height\":600,\"caption\":\"travel kit\"},{\"@type\":\"BreadcrumbList\",\"@id\":\"https:\\\/\\\/agradocosmetic.com\\\/vacaciones-a-salvo-con-el-nuevo-travel-kit\\\/#breadcrumb\",\"itemListElement\":[{\"@type\":\"ListItem\",\"position\":1,\"name\":\"Portada\",\"item\":\"https:\\\/\\\/agradocosmetic.com\\\/\"},{\"@type\":\"ListItem\",\"position\":2,\"name\":\"Vacaciones a salvo con el nuevo Travel Kit.\"}]},{\"@type\":\"WebSite\",\"@id\":\"https:\\\/\\\/agradocosmetic.com\\\/#website\",\"url\":\"https:\\\/\\\/agradocosmetic.com\\\/\",\"name\":\"Agrado\",\"description\":\"Cosmetic\",\"publisher\":{\"@id\":\"https:\\\/\\\/agradocosmetic.com\\\/#organization\"},\"potentialAction\":[{\"@type\":\"SearchAction\",\"target\":{\"@type\":\"EntryPoint\",\"urlTemplate\":\"https:\\\/\\\/agradocosmetic.com\\\/?s={search_term_string}\"},\"query-input\":{\"@type\":\"PropertyValueSpecification\",\"valueRequired\":true,\"valueName\":\"search_term_string\"}}],\"inLanguage\":\"fr-FR\"},{\"@type\":\"Organization\",\"@id\":\"https:\\\/\\\/agradocosmetic.com\\\/#organization\",\"name\":\"Agrado\",\"url\":\"https:\\\/\\\/agradocosmetic.com\\\/\",\"logo\":{\"@type\":\"ImageObject\",\"inLanguage\":\"fr-FR\",\"@id\":\"https:\\\/\\\/agradocosmetic.com\\\/#\\\/schema\\\/logo\\\/image\\\/\",\"url\":\"https:\\\/\\\/agradocosmetic.com\\\/wp-content\\\/uploads\\\/2023\\\/07\\\/LOGO-AGRADO-WEB-01.png\",\"contentUrl\":\"https:\\\/\\\/agradocosmetic.com\\\/wp-content\\\/uploads\\\/2023\\\/07\\\/LOGO-AGRADO-WEB-01.png\",\"width\":1632,\"height\":300,\"caption\":\"Agrado\"},\"image\":{\"@id\":\"https:\\\/\\\/agradocosmetic.com\\\/#\\\/schema\\\/logo\\\/image\\\/\"}},{\"@type\":\"Person\",\"@id\":\"https:\\\/\\\/agradocosmetic.com\\\/#\\\/schema\\\/person\\\/59124921013b50f80959d84fc7219096\",\"name\":\"carmen\",\"image\":{\"@type\":\"ImageObject\",\"inLanguage\":\"fr-FR\",\"@id\":\"https:\\\/\\\/secure.gravatar.com\\\/avatar\\\/2036bf58c019bb0a3f94937a2ed7cab76ae6ebe239f705f7c62ea5c48f93531f?s=96&d=mm&r=g\",\"url\":\"https:\\\/\\\/secure.gravatar.com\\\/avatar\\\/2036bf58c019bb0a3f94937a2ed7cab76ae6ebe239f705f7c62ea5c48f93531f?s=96&d=mm&r=g\",\"contentUrl\":\"https:\\\/\\\/secure.gravatar.com\\\/avatar\\\/2036bf58c019bb0a3f94937a2ed7cab76ae6ebe239f705f7c62ea5c48f93531f?s=96&d=mm&r=g\",\"caption\":\"carmen\"}}]}<\/script>\n<!-- \/ Yoast SEO plugin. -->","yoast_head_json":{"title":"Vacaciones a salvo con el nuevo Travel Kit. - Agrado","description":"El nuevo Travel Kit ser\u00e1 el compa\u00f1ero perfecto para mantener tu piel protegida y cuidada durante las vacaciones. \u00a1Todo lo que necesitas!","robots":{"index":"index","follow":"follow","max-snippet":"max-snippet:-1","max-image-preview":"max-image-preview:large","max-video-preview":"max-video-preview:-1"},"canonical":"https:\/\/agradocosmetic.com\/fr\/vacaciones-a-salvo-con-el-nuevo-travel-kit\/","og_locale":"fr_FR","og_type":"article","og_title":"Vacaciones a salvo con el nuevo Travel Kit. - Agrado","og_description":"El nuevo Travel Kit ser\u00e1 el compa\u00f1ero perfecto para mantener tu piel protegida y cuidada durante las vacaciones. \u00a1Todo lo que necesitas!","og_url":"https:\/\/agradocosmetic.com\/fr\/vacaciones-a-salvo-con-el-nuevo-travel-kit\/","og_site_name":"Agrado","article_published_time":"2024-07-28T11:00:44+00:00","article_modified_time":"2024-09-11T11:38:01+00:00","og_image":[{"width":1140,"height":600,"url":"https:\/\/agradocosmetic.com\/wp-content\/uploads\/2024\/09\/JUL-2.jpg","type":"image\/jpeg"}],"author":"carmen","twitter_card":"summary_large_image","twitter_misc":{"\u00c9crit par":"carmen","Dur\u00e9e de lecture estim\u00e9e":"2 minutes"},"schema":{"@context":"https:\/\/schema.org","@graph":[{"@type":"Article","@id":"https:\/\/agradocosmetic.com\/vacaciones-a-salvo-con-el-nuevo-travel-kit\/#article","isPartOf":{"@id":"https:\/\/agradocosmetic.com\/vacaciones-a-salvo-con-el-nuevo-travel-kit\/"},"author":{"name":"carmen","@id":"https:\/\/agradocosmetic.com\/#\/schema\/person\/59124921013b50f80959d84fc7219096"},"headline":"Vacaciones a salvo con el nuevo Travel Kit.","datePublished":"2024-07-28T11:00:44+00:00","dateModified":"2024-09-11T11:38:01+00:00","mainEntityOfPage":{"@id":"https:\/\/agradocosmetic.com\/vacaciones-a-salvo-con-el-nuevo-travel-kit\/"},"wordCount":316,"commentCount":0,"publisher":{"@id":"https:\/\/agradocosmetic.com\/#organization"},"image":{"@id":"https:\/\/agradocosmetic.com\/vacaciones-a-salvo-con-el-nuevo-travel-kit\/#primaryimage"},"thumbnailUrl":"https:\/\/agradocosmetic.com\/wp-content\/uploads\/2024\/09\/JUL-2.jpg","keywords":["vacaciones","travel kit","neceser de viaje","tama\u00f1o viaje","bruma facial","crema corporal","100ml","after sun","agrado sun care","agrado","proteccion solar"],"articleSection":["Solar"],"inLanguage":"fr-FR","potentialAction":[{"@type":"CommentAction","name":"Comment","target":["https:\/\/agradocosmetic.com\/vacaciones-a-salvo-con-el-nuevo-travel-kit\/#respond"]}]},{"@type":"WebPage","@id":"https:\/\/agradocosmetic.com\/vacaciones-a-salvo-con-el-nuevo-travel-kit\/","url":"https:\/\/agradocosmetic.com\/vacaciones-a-salvo-con-el-nuevo-travel-kit\/","name":"Vacaciones a salvo con el nuevo Travel Kit. - Agrado","isPartOf":{"@id":"https:\/\/agradocosmetic.com\/#website"},"primaryImageOfPage":{"@id":"https:\/\/agradocosmetic.com\/vacaciones-a-salvo-con-el-nuevo-travel-kit\/#primaryimage"},"image":{"@id":"https:\/\/agradocosmetic.com\/vacaciones-a-salvo-con-el-nuevo-travel-kit\/#primaryimage"},"thumbnailUrl":"https:\/\/agradocosmetic.com\/wp-content\/uploads\/2024\/09\/JUL-2.jpg","datePublished":"2024-07-28T11:00:44+00:00","dateModified":"2024-09-11T11:38:01+00:00","description":"El nuevo Travel Kit ser\u00e1 el compa\u00f1ero perfecto para mantener tu piel protegida y cuidada durante las vacaciones. \u00a1Todo lo que necesitas!","breadcrumb":{"@id":"https:\/\/agradocosmetic.com\/vacaciones-a-salvo-con-el-nuevo-travel-kit\/#breadcrumb"},"inLanguage":"fr-FR","potentialAction":[{"@type":"ReadAction","target":["https:\/\/agradocosmetic.com\/vacaciones-a-salvo-con-el-nuevo-travel-kit\/"]}]},{"@type":"ImageObject","inLanguage":"fr-FR","@id":"https:\/\/agradocosmetic.com\/vacaciones-a-salvo-con-el-nuevo-travel-kit\/#primaryimage","url":"https:\/\/agradocosmetic.com\/wp-content\/uploads\/2024\/09\/JUL-2.jpg","contentUrl":"https:\/\/agradocosmetic.com\/wp-content\/uploads\/2024\/09\/JUL-2.jpg","width":1140,"height":600,"caption":"travel kit"},{"@type":"BreadcrumbList","@id":"https:\/\/agradocosmetic.com\/vacaciones-a-salvo-con-el-nuevo-travel-kit\/#breadcrumb","itemListElement":[{"@type":"ListItem","position":1,"name":"Portada","item":"https:\/\/agradocosmetic.com\/"},{"@type":"ListItem","position":2,"name":"Vacaciones a salvo con el nuevo Travel Kit."}]},{"@type":"WebSite","@id":"https:\/\/agradocosmetic.com\/#website","url":"https:\/\/agradocosmetic.com\/","name":"Aimer","description":"cosm\u00e9tique","publisher":{"@id":"https:\/\/agradocosmetic.com\/#organization"},"potentialAction":[{"@type":"SearchAction","target":{"@type":"EntryPoint","urlTemplate":"https:\/\/agradocosmetic.com\/?s={search_term_string}"},"query-input":{"@type":"PropertyValueSpecification","valueRequired":true,"valueName":"search_term_string"}}],"inLanguage":"fr-FR"},{"@type":"Organization","@id":"https:\/\/agradocosmetic.com\/#organization","name":"Aimer","url":"https:\/\/agradocosmetic.com\/","logo":{"@type":"ImageObject","inLanguage":"fr-FR","@id":"https:\/\/agradocosmetic.com\/#\/schema\/logo\/image\/","url":"https:\/\/agradocosmetic.com\/wp-content\/uploads\/2023\/07\/LOGO-AGRADO-WEB-01.png","contentUrl":"https:\/\/agradocosmetic.com\/wp-content\/uploads\/2023\/07\/LOGO-AGRADO-WEB-01.png","width":1632,"height":300,"caption":"Agrado"},"image":{"@id":"https:\/\/agradocosmetic.com\/#\/schema\/logo\/image\/"}},{"@type":"Person","@id":"https:\/\/agradocosmetic.com\/#\/schema\/person\/59124921013b50f80959d84fc7219096","name":"Carmen","image":{"@type":"ImageObject","inLanguage":"fr-FR","@id":"https:\/\/secure.gravatar.com\/avatar\/2036bf58c019bb0a3f94937a2ed7cab76ae6ebe239f705f7c62ea5c48f93531f?s=96&d=mm&r=g","url":"https:\/\/secure.gravatar.com\/avatar\/2036bf58c019bb0a3f94937a2ed7cab76ae6ebe239f705f7c62ea5c48f93531f?s=96&d=mm&r=g","contentUrl":"https:\/\/secure.gravatar.com\/avatar\/2036bf58c019bb0a3f94937a2ed7cab76ae6ebe239f705f7c62ea5c48f93531f?s=96&d=mm&r=g","caption":"carmen"}}]}},"_links":{"self":[{"href":"https:\/\/agradocosmetic.com\/fr\/wp-json\/wp\/v2\/posts\/28236","targetHints":{"allow":["GET"]}}],"collection":[{"href":"https:\/\/agradocosmetic.com\/fr\/wp-json\/wp\/v2\/posts"}],"about":[{"href":"https:\/\/agradocosmetic.com\/fr\/wp-json\/wp\/v2\/types\/post"}],"author":[{"embeddable":true,"href":"https:\/\/agradocosmetic.com\/fr\/wp-json\/wp\/v2\/users\/11"}],"replies":[{"embeddable":true,"href":"https:\/\/agradocosmetic.com\/fr\/wp-json\/wp\/v2\/comments?post=28236"}],"version-history":[{"count":1,"href":"https:\/\/agradocosmetic.com\/fr\/wp-json\/wp\/v2\/posts\/28236\/revisions"}],"predecessor-version":[{"id":28237,"href":"https:\/\/agradocosmetic.com\/fr\/wp-json\/wp\/v2\/posts\/28236\/revisions\/28237"}],"wp:featuredmedia":[{"embeddable":true,"href":"https:\/\/agradocosmetic.com\/fr\/wp-json\/wp\/v2\/media\/28221"}],"wp:attachment":[{"href":"https:\/\/agradocosmetic.com\/fr\/wp-json\/wp\/v2\/media?parent=28236"}],"wp:term":[{"taxonomy":"category","embeddable":true,"href":"https:\/\/agradocosmetic.com\/fr\/wp-json\/wp\/v2\/categories?post=28236"},{"taxonomy":"post_tag","embeddable":true,"href":"https:\/\/agradocosmetic.com\/fr\/wp-json\/wp\/v2\/tags?post=28236"}],"curies":[{"name":"wp","href":"https:\/\/api.w.org\/{rel}","templated":true}]}}