{"id":28240,"date":"2024-08-25T16:12:52","date_gmt":"2024-08-25T16:12:52","guid":{"rendered":"https:\/\/agradocosmetic.com\/?p=28240"},"modified":"2024-09-11T11:53:16","modified_gmt":"2024-09-11T11:53:16","slug":"novedades-after-sun-para-tu-rutina-post-exposicion-solar","status":"publish","type":"post","link":"https:\/\/agradocosmetic.com\/fr\/novedades-after-sun-para-tu-rutina-post-exposicion-solar\/","title":{"rendered":"L&#039;actualit\u00e9 After Sun pour votre routine post-exposition solaire."},"content":{"rendered":"<p><span style=\"font-weight: 400\">Apr\u00e8s une journ\u00e9e au soleil, votre peau a besoin de soins particuliers pour rester hydrat\u00e9e et saine. Il est donc essentiel d\u2019inclure un bon apr\u00e8s-soleil dans votre routine d\u2019exposition apr\u00e8s-soleil. Chez Agrado Cosmetic, nous le savons bien, et c&#039;est pourquoi nous avons lanc\u00e9 nos nouveaux produits apr\u00e8s soleil qui non seulement calment et r\u00e9g\u00e9n\u00e8rent votre peau, mais vous feront \u00e9galement vous sentir fra\u00eeche et radieuse.<\/span><\/p>\n<p><span style=\"font-weight: 400\">L&#039;un de nos produits phares est <a href=\"https:\/\/agradocosmetic.com\/fr\/producto\/after-sun-hidragel-aloe-vera\/\" target=\"_blank\" rel=\"noopener\">Hydragel Apr\u00e8s Soleil Aloe Vera<\/a>, une formule l\u00e9g\u00e8re et rafra\u00eechissante qui p\u00e9n\u00e8tre rapidement. Id\u00e9ale pour les journ\u00e9es intenses au soleil, sa texture gel soulage imm\u00e9diatement les rougeurs et la sensation de chaleur, procurant une hydratation en profondeur sans laisser de r\u00e9sidu collant. Il est id\u00e9al pour les peaux qui recherchent une sensation de fra\u00eecheur instantan\u00e9e. Et, si vous pr\u00e9f\u00e9rez, le nouveau Gel Corporel \u00e0 l&#039;Aloe Vera contient les m\u00eames propri\u00e9t\u00e9s dans un format de 400 ml. Ne le manquez pas !<\/span><\/p>\n<p><span style=\"font-weight: 400\">Si vous pr\u00e9f\u00e9rez une texture plus cr\u00e9meuse, le <a href=\"https:\/\/agradocosmetic.com\/fr\/producto\/locion-hidrocalmante-after-sun\/\" target=\"_blank\" rel=\"noopener\">Lotion apaisante apr\u00e8s soleil<\/a> C&#039;est pour toi. Enrichi en ingr\u00e9dients apaisants, ce produit aide \u00e0 restaurer l&#039;hydratation perdue apr\u00e8s une exposition au soleil, laissant votre peau douce et nourrie. De plus, sa formule l\u00e9g\u00e8re mais cr\u00e9meuse est id\u00e9ale pour les peaux qui ont besoin d&#039;une hydratation et de soins suppl\u00e9mentaires apr\u00e8s une longue journ\u00e9e en plein air.<\/span><\/p>\n<p><span style=\"font-weight: 400\">Vous pr\u00e9f\u00e9rez un effet sec ? Notre <a href=\"https:\/\/agradocosmetic.com\/fr\/producto\/after-sun-locion-hidrocalmante-aerosol\/\" target=\"_blank\" rel=\"noopener\">Brume Apr\u00e8s-Soleil Hydrocalmante<\/a>. Un spray rapidement absorb\u00e9 et facile \u00e0 appliquer. Sa formule procure un soulagement, une fra\u00eecheur et une hydratation imm\u00e9diats \u00e0 la peau apr\u00e8s une exposition solaire.<\/span><\/p>\n<p><span style=\"font-weight: 400\">N&#039;oubliez pas que prendre soin de votre peau apr\u00e8s le soleil est aussi important que de la prot\u00e9ger avant l&#039;exposition. Cet \u00e9t\u00e9 de #LoveCarePlanet, faites confiance \u00e0 nos produits <a href=\"https:\/\/agradocosmetic.com\/fr\/categoria-de-producto\/after-sun\/\" target=\"_blank\" rel=\"noopener\">Apr\u00e8s-soleil d&#039;Agrado Sun Care<\/a> pour garder votre peau hydrat\u00e9e, calme et \u00e9clatante. Incluez-les dans votre routine quotidienne et profitez d&#039;un \u00e9t\u00e9 sans soucis !<\/span><\/p>","protected":false},"excerpt":{"rendered":"<p>Despu\u00e9s de disfrutar de un d\u00eda bajo el sol, tu piel necesita cuidados especiales para mantenerse hidratada y saludable. Por eso, incluir un buen after sun en tu rutina post-exposici\u00f3n solar es fundamental. En Agrado Cosmetic lo sabemos bien, y por eso hemos lanzado nuestras novedades en productos after sun que no solo calman y [&hellip;]<\/p>\n","protected":false},"author":11,"featured_media":28219,"comment_status":"open","ping_status":"closed","sticky":false,"template":"","format":"standard","meta":{"footnotes":"","_wp_rev_ctl_limit":""},"categories":[1],"tags":[],"class_list":["post-28240","post","type-post","status-publish","format-standard","has-post-thumbnail","hentry","category-todos"],"yoast_head":"<!-- This site is optimized with the Yoast SEO plugin v27.4 - https:\/\/yoast.com\/product\/yoast-seo-wordpress\/ -->\n<title>Novedades After Sun para tu rutina post-exposici\u00f3n solar. - Agrado<\/title>\n<meta name=\"description\" content=\"Incluir un buen after sun en tu rutina post-exposici\u00f3n solar es fundamental, y tenemos novedades para que encuentres tu textura favorita.\" \/>\n<meta name=\"robots\" content=\"index, follow, max-snippet:-1, max-image-preview:large, max-video-preview:-1\" \/>\n<link rel=\"canonical\" href=\"https:\/\/agradocosmetic.com\/fr\/novedades-after-sun-para-tu-rutina-post-exposicion-solar\/\" \/>\n<meta property=\"og:locale\" content=\"fr_FR\" \/>\n<meta property=\"og:type\" content=\"article\" \/>\n<meta property=\"og:title\" content=\"Novedades After Sun para tu rutina post-exposici\u00f3n solar. - Agrado\" \/>\n<meta property=\"og:description\" content=\"Incluir un buen after sun en tu rutina post-exposici\u00f3n solar es fundamental, y tenemos novedades para que encuentres tu textura favorita.\" \/>\n<meta property=\"og:url\" content=\"https:\/\/agradocosmetic.com\/fr\/novedades-after-sun-para-tu-rutina-post-exposicion-solar\/\" \/>\n<meta property=\"og:site_name\" content=\"Agrado\" \/>\n<meta property=\"article:published_time\" content=\"2024-08-25T16:12:52+00:00\" \/>\n<meta property=\"article:modified_time\" content=\"2024-09-11T11:53:16+00:00\" \/>\n<meta property=\"og:image\" content=\"https:\/\/agradocosmetic.com\/wp-content\/uploads\/2024\/09\/AGO-2.jpg\" \/>\n\t<meta property=\"og:image:width\" content=\"1140\" \/>\n\t<meta property=\"og:image:height\" content=\"600\" \/>\n\t<meta property=\"og:image:type\" content=\"image\/jpeg\" \/>\n<meta name=\"author\" content=\"carmen\" \/>\n<meta name=\"twitter:card\" content=\"summary_large_image\" \/>\n<meta name=\"twitter:label1\" content=\"\u00c9crit par\" \/>\n\t<meta name=\"twitter:data1\" content=\"carmen\" \/>\n\t<meta name=\"twitter:label2\" content=\"Dur\u00e9e de lecture estim\u00e9e\" \/>\n\t<meta name=\"twitter:data2\" content=\"2 minutes\" \/>\n<script type=\"application\/ld+json\" class=\"yoast-schema-graph\">{\"@context\":\"https:\\\/\\\/schema.org\",\"@graph\":[{\"@type\":\"Article\",\"@id\":\"https:\\\/\\\/agradocosmetic.com\\\/novedades-after-sun-para-tu-rutina-post-exposicion-solar\\\/#article\",\"isPartOf\":{\"@id\":\"https:\\\/\\\/agradocosmetic.com\\\/novedades-after-sun-para-tu-rutina-post-exposicion-solar\\\/\"},\"author\":{\"name\":\"carmen\",\"@id\":\"https:\\\/\\\/agradocosmetic.com\\\/#\\\/schema\\\/person\\\/59124921013b50f80959d84fc7219096\"},\"headline\":\"Novedades After Sun para tu rutina post-exposici\u00f3n solar.\",\"datePublished\":\"2024-08-25T16:12:52+00:00\",\"dateModified\":\"2024-09-11T11:53:16+00:00\",\"mainEntityOfPage\":{\"@id\":\"https:\\\/\\\/agradocosmetic.com\\\/novedades-after-sun-para-tu-rutina-post-exposicion-solar\\\/\"},\"wordCount\":332,\"commentCount\":0,\"publisher\":{\"@id\":\"https:\\\/\\\/agradocosmetic.com\\\/#organization\"},\"image\":{\"@id\":\"https:\\\/\\\/agradocosmetic.com\\\/novedades-after-sun-para-tu-rutina-post-exposicion-solar\\\/#primaryimage\"},\"thumbnailUrl\":\"https:\\\/\\\/agradocosmetic.com\\\/wp-content\\\/uploads\\\/2024\\\/09\\\/AGO-2.jpg\",\"articleSection\":[\"Todos\"],\"inLanguage\":\"fr-FR\",\"potentialAction\":[{\"@type\":\"CommentAction\",\"name\":\"Comment\",\"target\":[\"https:\\\/\\\/agradocosmetic.com\\\/novedades-after-sun-para-tu-rutina-post-exposicion-solar\\\/#respond\"]}]},{\"@type\":\"WebPage\",\"@id\":\"https:\\\/\\\/agradocosmetic.com\\\/novedades-after-sun-para-tu-rutina-post-exposicion-solar\\\/\",\"url\":\"https:\\\/\\\/agradocosmetic.com\\\/novedades-after-sun-para-tu-rutina-post-exposicion-solar\\\/\",\"name\":\"Novedades After Sun para tu rutina post-exposici\u00f3n solar. - Agrado\",\"isPartOf\":{\"@id\":\"https:\\\/\\\/agradocosmetic.com\\\/#website\"},\"primaryImageOfPage\":{\"@id\":\"https:\\\/\\\/agradocosmetic.com\\\/novedades-after-sun-para-tu-rutina-post-exposicion-solar\\\/#primaryimage\"},\"image\":{\"@id\":\"https:\\\/\\\/agradocosmetic.com\\\/novedades-after-sun-para-tu-rutina-post-exposicion-solar\\\/#primaryimage\"},\"thumbnailUrl\":\"https:\\\/\\\/agradocosmetic.com\\\/wp-content\\\/uploads\\\/2024\\\/09\\\/AGO-2.jpg\",\"datePublished\":\"2024-08-25T16:12:52+00:00\",\"dateModified\":\"2024-09-11T11:53:16+00:00\",\"description\":\"Incluir un buen after sun en tu rutina post-exposici\u00f3n solar es fundamental, y tenemos novedades para que encuentres tu textura favorita.\",\"breadcrumb\":{\"@id\":\"https:\\\/\\\/agradocosmetic.com\\\/novedades-after-sun-para-tu-rutina-post-exposicion-solar\\\/#breadcrumb\"},\"inLanguage\":\"fr-FR\",\"potentialAction\":[{\"@type\":\"ReadAction\",\"target\":[\"https:\\\/\\\/agradocosmetic.com\\\/novedades-after-sun-para-tu-rutina-post-exposicion-solar\\\/\"]}]},{\"@type\":\"ImageObject\",\"inLanguage\":\"fr-FR\",\"@id\":\"https:\\\/\\\/agradocosmetic.com\\\/novedades-after-sun-para-tu-rutina-post-exposicion-solar\\\/#primaryimage\",\"url\":\"https:\\\/\\\/agradocosmetic.com\\\/wp-content\\\/uploads\\\/2024\\\/09\\\/AGO-2.jpg\",\"contentUrl\":\"https:\\\/\\\/agradocosmetic.com\\\/wp-content\\\/uploads\\\/2024\\\/09\\\/AGO-2.jpg\",\"width\":1140,\"height\":600,\"caption\":\"after sun\"},{\"@type\":\"BreadcrumbList\",\"@id\":\"https:\\\/\\\/agradocosmetic.com\\\/novedades-after-sun-para-tu-rutina-post-exposicion-solar\\\/#breadcrumb\",\"itemListElement\":[{\"@type\":\"ListItem\",\"position\":1,\"name\":\"Portada\",\"item\":\"https:\\\/\\\/agradocosmetic.com\\\/\"},{\"@type\":\"ListItem\",\"position\":2,\"name\":\"Novedades After Sun para tu rutina post-exposici\u00f3n solar.\"}]},{\"@type\":\"WebSite\",\"@id\":\"https:\\\/\\\/agradocosmetic.com\\\/#website\",\"url\":\"https:\\\/\\\/agradocosmetic.com\\\/\",\"name\":\"Agrado\",\"description\":\"Cosmetic\",\"publisher\":{\"@id\":\"https:\\\/\\\/agradocosmetic.com\\\/#organization\"},\"potentialAction\":[{\"@type\":\"SearchAction\",\"target\":{\"@type\":\"EntryPoint\",\"urlTemplate\":\"https:\\\/\\\/agradocosmetic.com\\\/?s={search_term_string}\"},\"query-input\":{\"@type\":\"PropertyValueSpecification\",\"valueRequired\":true,\"valueName\":\"search_term_string\"}}],\"inLanguage\":\"fr-FR\"},{\"@type\":\"Organization\",\"@id\":\"https:\\\/\\\/agradocosmetic.com\\\/#organization\",\"name\":\"Agrado\",\"url\":\"https:\\\/\\\/agradocosmetic.com\\\/\",\"logo\":{\"@type\":\"ImageObject\",\"inLanguage\":\"fr-FR\",\"@id\":\"https:\\\/\\\/agradocosmetic.com\\\/#\\\/schema\\\/logo\\\/image\\\/\",\"url\":\"https:\\\/\\\/agradocosmetic.com\\\/wp-content\\\/uploads\\\/2023\\\/07\\\/LOGO-AGRADO-WEB-01.png\",\"contentUrl\":\"https:\\\/\\\/agradocosmetic.com\\\/wp-content\\\/uploads\\\/2023\\\/07\\\/LOGO-AGRADO-WEB-01.png\",\"width\":1632,\"height\":300,\"caption\":\"Agrado\"},\"image\":{\"@id\":\"https:\\\/\\\/agradocosmetic.com\\\/#\\\/schema\\\/logo\\\/image\\\/\"}},{\"@type\":\"Person\",\"@id\":\"https:\\\/\\\/agradocosmetic.com\\\/#\\\/schema\\\/person\\\/59124921013b50f80959d84fc7219096\",\"name\":\"carmen\",\"image\":{\"@type\":\"ImageObject\",\"inLanguage\":\"fr-FR\",\"@id\":\"https:\\\/\\\/secure.gravatar.com\\\/avatar\\\/2036bf58c019bb0a3f94937a2ed7cab76ae6ebe239f705f7c62ea5c48f93531f?s=96&d=mm&r=g\",\"url\":\"https:\\\/\\\/secure.gravatar.com\\\/avatar\\\/2036bf58c019bb0a3f94937a2ed7cab76ae6ebe239f705f7c62ea5c48f93531f?s=96&d=mm&r=g\",\"contentUrl\":\"https:\\\/\\\/secure.gravatar.com\\\/avatar\\\/2036bf58c019bb0a3f94937a2ed7cab76ae6ebe239f705f7c62ea5c48f93531f?s=96&d=mm&r=g\",\"caption\":\"carmen\"}}]}<\/script>\n<!-- \/ Yoast SEO plugin. -->","yoast_head_json":{"title":"Nouveaux produits apr\u00e8s-soleil pour votre routine apr\u00e8s l&#039;exposition au soleil. - Agrado","description":"L&#039;utilisation d&#039;une bonne lotion apr\u00e8s-soleil est essentielle dans votre routine apr\u00e8s une exposition au soleil, et nous avons de nouveaux produits pour que vous puissiez trouver votre texture pr\u00e9f\u00e9r\u00e9e.","robots":{"index":"index","follow":"follow","max-snippet":"max-snippet:-1","max-image-preview":"max-image-preview:large","max-video-preview":"max-video-preview:-1"},"canonical":"https:\/\/agradocosmetic.com\/fr\/novedades-after-sun-para-tu-rutina-post-exposicion-solar\/","og_locale":"fr_FR","og_type":"article","og_title":"Novedades After Sun para tu rutina post-exposici\u00f3n solar. - Agrado","og_description":"Incluir un buen after sun en tu rutina post-exposici\u00f3n solar es fundamental, y tenemos novedades para que encuentres tu textura favorita.","og_url":"https:\/\/agradocosmetic.com\/fr\/novedades-after-sun-para-tu-rutina-post-exposicion-solar\/","og_site_name":"Agrado","article_published_time":"2024-08-25T16:12:52+00:00","article_modified_time":"2024-09-11T11:53:16+00:00","og_image":[{"width":1140,"height":600,"url":"https:\/\/agradocosmetic.com\/wp-content\/uploads\/2024\/09\/AGO-2.jpg","type":"image\/jpeg"}],"author":"carmen","twitter_card":"summary_large_image","twitter_misc":{"\u00c9crit par":"carmen","Dur\u00e9e de lecture estim\u00e9e":"2 minutes"},"schema":{"@context":"https:\/\/schema.org","@graph":[{"@type":"Article","@id":"https:\/\/agradocosmetic.com\/novedades-after-sun-para-tu-rutina-post-exposicion-solar\/#article","isPartOf":{"@id":"https:\/\/agradocosmetic.com\/novedades-after-sun-para-tu-rutina-post-exposicion-solar\/"},"author":{"name":"carmen","@id":"https:\/\/agradocosmetic.com\/#\/schema\/person\/59124921013b50f80959d84fc7219096"},"headline":"Novedades After Sun para tu rutina post-exposici\u00f3n solar.","datePublished":"2024-08-25T16:12:52+00:00","dateModified":"2024-09-11T11:53:16+00:00","mainEntityOfPage":{"@id":"https:\/\/agradocosmetic.com\/novedades-after-sun-para-tu-rutina-post-exposicion-solar\/"},"wordCount":332,"commentCount":0,"publisher":{"@id":"https:\/\/agradocosmetic.com\/#organization"},"image":{"@id":"https:\/\/agradocosmetic.com\/novedades-after-sun-para-tu-rutina-post-exposicion-solar\/#primaryimage"},"thumbnailUrl":"https:\/\/agradocosmetic.com\/wp-content\/uploads\/2024\/09\/AGO-2.jpg","articleSection":["Todos"],"inLanguage":"fr-FR","potentialAction":[{"@type":"CommentAction","name":"Comment","target":["https:\/\/agradocosmetic.com\/novedades-after-sun-para-tu-rutina-post-exposicion-solar\/#respond"]}]},{"@type":"WebPage","@id":"https:\/\/agradocosmetic.com\/novedades-after-sun-para-tu-rutina-post-exposicion-solar\/","url":"https:\/\/agradocosmetic.com\/novedades-after-sun-para-tu-rutina-post-exposicion-solar\/","name":"Nouveaux produits apr\u00e8s-soleil pour votre routine apr\u00e8s l&#039;exposition au soleil. - Agrado","isPartOf":{"@id":"https:\/\/agradocosmetic.com\/#website"},"primaryImageOfPage":{"@id":"https:\/\/agradocosmetic.com\/novedades-after-sun-para-tu-rutina-post-exposicion-solar\/#primaryimage"},"image":{"@id":"https:\/\/agradocosmetic.com\/novedades-after-sun-para-tu-rutina-post-exposicion-solar\/#primaryimage"},"thumbnailUrl":"https:\/\/agradocosmetic.com\/wp-content\/uploads\/2024\/09\/AGO-2.jpg","datePublished":"2024-08-25T16:12:52+00:00","dateModified":"2024-09-11T11:53:16+00:00","description":"L&#039;utilisation d&#039;une bonne lotion apr\u00e8s-soleil est essentielle dans votre routine apr\u00e8s une exposition au soleil, et nous avons de nouveaux produits pour que vous puissiez trouver votre texture pr\u00e9f\u00e9r\u00e9e.","breadcrumb":{"@id":"https:\/\/agradocosmetic.com\/novedades-after-sun-para-tu-rutina-post-exposicion-solar\/#breadcrumb"},"inLanguage":"fr-FR","potentialAction":[{"@type":"ReadAction","target":["https:\/\/agradocosmetic.com\/novedades-after-sun-para-tu-rutina-post-exposicion-solar\/"]}]},{"@type":"ImageObject","inLanguage":"fr-FR","@id":"https:\/\/agradocosmetic.com\/novedades-after-sun-para-tu-rutina-post-exposicion-solar\/#primaryimage","url":"https:\/\/agradocosmetic.com\/wp-content\/uploads\/2024\/09\/AGO-2.jpg","contentUrl":"https:\/\/agradocosmetic.com\/wp-content\/uploads\/2024\/09\/AGO-2.jpg","width":1140,"height":600,"caption":"after sun"},{"@type":"BreadcrumbList","@id":"https:\/\/agradocosmetic.com\/novedades-after-sun-para-tu-rutina-post-exposicion-solar\/#breadcrumb","itemListElement":[{"@type":"ListItem","position":1,"name":"Portada","item":"https:\/\/agradocosmetic.com\/"},{"@type":"ListItem","position":2,"name":"Novedades After Sun para tu rutina post-exposici\u00f3n solar."}]},{"@type":"WebSite","@id":"https:\/\/agradocosmetic.com\/#website","url":"https:\/\/agradocosmetic.com\/","name":"Aimer","description":"cosm\u00e9tique","publisher":{"@id":"https:\/\/agradocosmetic.com\/#organization"},"potentialAction":[{"@type":"SearchAction","target":{"@type":"EntryPoint","urlTemplate":"https:\/\/agradocosmetic.com\/?s={search_term_string}"},"query-input":{"@type":"PropertyValueSpecification","valueRequired":true,"valueName":"search_term_string"}}],"inLanguage":"fr-FR"},{"@type":"Organization","@id":"https:\/\/agradocosmetic.com\/#organization","name":"Aimer","url":"https:\/\/agradocosmetic.com\/","logo":{"@type":"ImageObject","inLanguage":"fr-FR","@id":"https:\/\/agradocosmetic.com\/#\/schema\/logo\/image\/","url":"https:\/\/agradocosmetic.com\/wp-content\/uploads\/2023\/07\/LOGO-AGRADO-WEB-01.png","contentUrl":"https:\/\/agradocosmetic.com\/wp-content\/uploads\/2023\/07\/LOGO-AGRADO-WEB-01.png","width":1632,"height":300,"caption":"Agrado"},"image":{"@id":"https:\/\/agradocosmetic.com\/#\/schema\/logo\/image\/"}},{"@type":"Person","@id":"https:\/\/agradocosmetic.com\/#\/schema\/person\/59124921013b50f80959d84fc7219096","name":"Carmen","image":{"@type":"ImageObject","inLanguage":"fr-FR","@id":"https:\/\/secure.gravatar.com\/avatar\/2036bf58c019bb0a3f94937a2ed7cab76ae6ebe239f705f7c62ea5c48f93531f?s=96&d=mm&r=g","url":"https:\/\/secure.gravatar.com\/avatar\/2036bf58c019bb0a3f94937a2ed7cab76ae6ebe239f705f7c62ea5c48f93531f?s=96&d=mm&r=g","contentUrl":"https:\/\/secure.gravatar.com\/avatar\/2036bf58c019bb0a3f94937a2ed7cab76ae6ebe239f705f7c62ea5c48f93531f?s=96&d=mm&r=g","caption":"carmen"}}]}},"_links":{"self":[{"href":"https:\/\/agradocosmetic.com\/fr\/wp-json\/wp\/v2\/posts\/28240","targetHints":{"allow":["GET"]}}],"collection":[{"href":"https:\/\/agradocosmetic.com\/fr\/wp-json\/wp\/v2\/posts"}],"about":[{"href":"https:\/\/agradocosmetic.com\/fr\/wp-json\/wp\/v2\/types\/post"}],"author":[{"embeddable":true,"href":"https:\/\/agradocosmetic.com\/fr\/wp-json\/wp\/v2\/users\/11"}],"replies":[{"embeddable":true,"href":"https:\/\/agradocosmetic.com\/fr\/wp-json\/wp\/v2\/comments?post=28240"}],"version-history":[{"count":1,"href":"https:\/\/agradocosmetic.com\/fr\/wp-json\/wp\/v2\/posts\/28240\/revisions"}],"predecessor-version":[{"id":28241,"href":"https:\/\/agradocosmetic.com\/fr\/wp-json\/wp\/v2\/posts\/28240\/revisions\/28241"}],"wp:featuredmedia":[{"embeddable":true,"href":"https:\/\/agradocosmetic.com\/fr\/wp-json\/wp\/v2\/media\/28219"}],"wp:attachment":[{"href":"https:\/\/agradocosmetic.com\/fr\/wp-json\/wp\/v2\/media?parent=28240"}],"wp:term":[{"taxonomy":"category","embeddable":true,"href":"https:\/\/agradocosmetic.com\/fr\/wp-json\/wp\/v2\/categories?post=28240"},{"taxonomy":"post_tag","embeddable":true,"href":"https:\/\/agradocosmetic.com\/fr\/wp-json\/wp\/v2\/tags?post=28240"}],"curies":[{"name":"wp","href":"https:\/\/api.w.org\/{rel}","templated":true}]}}