{"id":29418,"date":"2024-09-29T10:13:22","date_gmt":"2024-09-29T09:13:22","guid":{"rendered":"https:\/\/agradocosmetic.com\/?p=29418"},"modified":"2025-01-17T13:27:47","modified_gmt":"2025-01-17T12:27:47","slug":"por-esto-debes-usar-la-bruma-facial-solar-todo-el-ano","status":"publish","type":"post","link":"https:\/\/agradocosmetic.com\/fr\/por-esto-debes-usar-la-bruma-facial-solar-todo-el-ano\/","title":{"rendered":"C&#039;est pourquoi vous devriez utiliser la Brume Faciale Solaire toute l&#039;ann\u00e9e"},"content":{"rendered":"<p><span style=\"font-weight: 400\">Lorsqu&#039;on pense \u00e0 se prot\u00e9ger du soleil, on limite souvent l&#039;utilisation de produits avec FPS aux mois d&#039;\u00e9t\u00e9. Or, en r\u00e9alit\u00e9, le visage est expos\u00e9 aux rayons UV toute l&#039;ann\u00e9e, m\u00eame les jours les plus nuageux. Par cons\u00e9quent, il est important d&#039;int\u00e9grer les <a href=\"https:\/\/agradocosmetic.com\/fr\/producto\/bruma-facial-solar-spf50\/\" target=\"_blank\" rel=\"noopener\"><strong>Brume solaire pour le visage Agrado<\/strong><\/a> dans votre routine quotidienne est essentiel pour garder votre peau saine et prot\u00e9g\u00e9e.<\/span><\/p>\n<p><span style=\"font-weight: 400\">Une exposition au soleil sans protection peut provoquer un vieillissement pr\u00e9matur\u00e9, des taches brunes, une s\u00e9cheresse cutan\u00e9e et des probl\u00e8mes plus graves comme le cancer de la peau. C&#039;est l\u00e0 que la Brume Solaire Visage d&#039;Agrado devient votre meilleure alli\u00e9e. Ce format spray pratique permet une application rapide et uniforme, id\u00e9ale pour les personnes au rythme effr\u00e9n\u00e9.<\/span><\/p>\n<p><span style=\"font-weight: 400\">L&#039;un des principaux avantages de cette brume est sa texture ultra-l\u00e9g\u00e8re qui ne laisse pas de film gras ni de r\u00e9sidu blanc, ce que beaucoup d&#039;entre nous recherchent dans une cr\u00e8me solaire. De plus, elle est parfaite pour le maquillage, car vous pouvez l&#039;appliquer par-dessus votre fond de teint sans g\u00e2cher votre look. Id\u00e9al pour les retouches de mi-journ\u00e9e\u00a0!<\/span><\/p>\n<p><span style=\"font-weight: 400\">Sans oublier son indice de protection \u00e9lev\u00e9\u00a0: SPF 50+. Votre peau sera ainsi prot\u00e9g\u00e9e des rayons UVA et UVB nocifs, quelles que soient la saison et les conditions m\u00e9t\u00e9orologiques.<\/span><\/p>\n<p><span style=\"font-weight: 400\">Avec la Brume Visage Solaire, prendre soin de votre visage n&#039;a jamais \u00e9t\u00e9 aussi simple et pratique. Plus d&#039;excuses pour ne pas prot\u00e9ger votre peau au quotidien. Adopter une protection solaire quotidienne am\u00e9liorera votre sant\u00e9 et l&#039;apparence de votre peau \u00e0 long terme.<\/span><\/p>\n<p><span style=\"font-weight: 400\">Ajoutez-le \u00e0 votre routine de soins de la peau et faites-le <\/span><strong><a href=\"https:\/\/agradocosmetic.com\/fr\/producto\/bruma-facial-solar-spf50\/\" target=\"_blank\" rel=\"noopener\">Brume solaire pour le visage<\/a><\/strong><span style=\"font-weight: 400\"> Agrado est un indispensable toute l&#039;ann\u00e9e. Votre peau vous en remerciera. <\/span><\/p>","protected":false},"excerpt":{"rendered":"<p>Cuando pensamos en protegernos del sol, muchas veces limitamos el uso de productos con SPF a los meses de verano. Sin embargo, la realidad es que el rostro est\u00e1 expuesto a los rayos UV durante todo el a\u00f1o, incluso en los d\u00edas m\u00e1s nublados. Por eso, incorporar la Bruma Facial Solar de Agrado en tu [&hellip;]<\/p>\n","protected":false},"author":11,"featured_media":29416,"comment_status":"open","ping_status":"closed","sticky":false,"template":"","format":"standard","meta":{"footnotes":"","_wp_rev_ctl_limit":""},"categories":[519,531],"tags":[797,798,799,800,766,751,126,274,317],"class_list":["post-29418","post","type-post","status-publish","format-standard","has-post-thumbnail","hentry","category-facial-en-todos","category-solar-en","tag-agrado-suncare","tag-bruma-protectora","tag-proteccion-solar-facial","tag-bruma-solar-facial","tag-bruma-facial","tag-spf50","tag-agrado","tag-agrado-cosmetic","tag-proteccion-solar"],"yoast_head":"<!-- This site is optimized with the Yoast SEO plugin v27.4 - https:\/\/yoast.com\/product\/yoast-seo-wordpress\/ -->\n<title>Por esto debes usar la Bruma Facial Solar todo el a\u00f1o - Agrado<\/title>\n<meta name=\"description\" content=\"Por esto incorporar la Bruma Facial Solar de Agrado en tu rutina diaria es esencial para mantener tu piel sana y protegida.\" \/>\n<meta name=\"robots\" content=\"index, follow, max-snippet:-1, max-image-preview:large, max-video-preview:-1\" \/>\n<link rel=\"canonical\" href=\"https:\/\/agradocosmetic.com\/fr\/por-esto-debes-usar-la-bruma-facial-solar-todo-el-ano\/\" \/>\n<meta property=\"og:locale\" content=\"fr_FR\" \/>\n<meta property=\"og:type\" content=\"article\" \/>\n<meta property=\"og:title\" content=\"Por esto debes usar la Bruma Facial Solar todo el a\u00f1o - Agrado\" \/>\n<meta property=\"og:description\" content=\"Por esto incorporar la Bruma Facial Solar de Agrado en tu rutina diaria es esencial para mantener tu piel sana y protegida.\" \/>\n<meta property=\"og:url\" content=\"https:\/\/agradocosmetic.com\/fr\/por-esto-debes-usar-la-bruma-facial-solar-todo-el-ano\/\" \/>\n<meta property=\"og:site_name\" content=\"Agrado\" \/>\n<meta property=\"article:published_time\" content=\"2024-09-29T09:13:22+00:00\" \/>\n<meta property=\"article:modified_time\" content=\"2025-01-17T12:27:47+00:00\" \/>\n<meta property=\"og:image\" content=\"https:\/\/agradocosmetic.com\/wp-content\/uploads\/2025\/01\/SEPTIEMBRE-2.jpg\" \/>\n\t<meta property=\"og:image:width\" content=\"1140\" \/>\n\t<meta property=\"og:image:height\" content=\"600\" \/>\n\t<meta property=\"og:image:type\" content=\"image\/jpeg\" \/>\n<meta name=\"author\" content=\"carmen\" \/>\n<meta name=\"twitter:card\" content=\"summary_large_image\" \/>\n<meta name=\"twitter:label1\" content=\"\u00c9crit par\" \/>\n\t<meta name=\"twitter:data1\" content=\"carmen\" \/>\n\t<meta name=\"twitter:label2\" content=\"Dur\u00e9e de lecture estim\u00e9e\" \/>\n\t<meta name=\"twitter:data2\" content=\"2 minutes\" \/>\n<script type=\"application\/ld+json\" class=\"yoast-schema-graph\">{\"@context\":\"https:\\\/\\\/schema.org\",\"@graph\":[{\"@type\":\"Article\",\"@id\":\"https:\\\/\\\/agradocosmetic.com\\\/por-esto-debes-usar-la-bruma-facial-solar-todo-el-ano\\\/#article\",\"isPartOf\":{\"@id\":\"https:\\\/\\\/agradocosmetic.com\\\/por-esto-debes-usar-la-bruma-facial-solar-todo-el-ano\\\/\"},\"author\":{\"name\":\"carmen\",\"@id\":\"https:\\\/\\\/agradocosmetic.com\\\/#\\\/schema\\\/person\\\/59124921013b50f80959d84fc7219096\"},\"headline\":\"Por esto debes usar la Bruma Facial Solar todo el a\u00f1o\",\"datePublished\":\"2024-09-29T09:13:22+00:00\",\"dateModified\":\"2025-01-17T12:27:47+00:00\",\"mainEntityOfPage\":{\"@id\":\"https:\\\/\\\/agradocosmetic.com\\\/por-esto-debes-usar-la-bruma-facial-solar-todo-el-ano\\\/\"},\"wordCount\":324,\"commentCount\":0,\"publisher\":{\"@id\":\"https:\\\/\\\/agradocosmetic.com\\\/#organization\"},\"image\":{\"@id\":\"https:\\\/\\\/agradocosmetic.com\\\/por-esto-debes-usar-la-bruma-facial-solar-todo-el-ano\\\/#primaryimage\"},\"thumbnailUrl\":\"https:\\\/\\\/agradocosmetic.com\\\/wp-content\\\/uploads\\\/2025\\\/01\\\/SEPTIEMBRE-2.jpg\",\"keywords\":[\"agrado suncare\",\"bruma protectora\",\"proteccion solar facial\",\"bruma solar facial\",\"bruma facial\",\"spf50+\",\"agrado\",\"agrado cosmetic\",\"proteccion solar\"],\"articleSection\":[\"Facial\",\"Solar\"],\"inLanguage\":\"fr-FR\",\"potentialAction\":[{\"@type\":\"CommentAction\",\"name\":\"Comment\",\"target\":[\"https:\\\/\\\/agradocosmetic.com\\\/por-esto-debes-usar-la-bruma-facial-solar-todo-el-ano\\\/#respond\"]}]},{\"@type\":\"WebPage\",\"@id\":\"https:\\\/\\\/agradocosmetic.com\\\/por-esto-debes-usar-la-bruma-facial-solar-todo-el-ano\\\/\",\"url\":\"https:\\\/\\\/agradocosmetic.com\\\/por-esto-debes-usar-la-bruma-facial-solar-todo-el-ano\\\/\",\"name\":\"Por esto debes usar la Bruma Facial Solar todo el a\u00f1o - Agrado\",\"isPartOf\":{\"@id\":\"https:\\\/\\\/agradocosmetic.com\\\/#website\"},\"primaryImageOfPage\":{\"@id\":\"https:\\\/\\\/agradocosmetic.com\\\/por-esto-debes-usar-la-bruma-facial-solar-todo-el-ano\\\/#primaryimage\"},\"image\":{\"@id\":\"https:\\\/\\\/agradocosmetic.com\\\/por-esto-debes-usar-la-bruma-facial-solar-todo-el-ano\\\/#primaryimage\"},\"thumbnailUrl\":\"https:\\\/\\\/agradocosmetic.com\\\/wp-content\\\/uploads\\\/2025\\\/01\\\/SEPTIEMBRE-2.jpg\",\"datePublished\":\"2024-09-29T09:13:22+00:00\",\"dateModified\":\"2025-01-17T12:27:47+00:00\",\"description\":\"Por esto incorporar la Bruma Facial Solar de Agrado en tu rutina diaria es esencial para mantener tu piel sana y protegida.\",\"breadcrumb\":{\"@id\":\"https:\\\/\\\/agradocosmetic.com\\\/por-esto-debes-usar-la-bruma-facial-solar-todo-el-ano\\\/#breadcrumb\"},\"inLanguage\":\"fr-FR\",\"potentialAction\":[{\"@type\":\"ReadAction\",\"target\":[\"https:\\\/\\\/agradocosmetic.com\\\/por-esto-debes-usar-la-bruma-facial-solar-todo-el-ano\\\/\"]}]},{\"@type\":\"ImageObject\",\"inLanguage\":\"fr-FR\",\"@id\":\"https:\\\/\\\/agradocosmetic.com\\\/por-esto-debes-usar-la-bruma-facial-solar-todo-el-ano\\\/#primaryimage\",\"url\":\"https:\\\/\\\/agradocosmetic.com\\\/wp-content\\\/uploads\\\/2025\\\/01\\\/SEPTIEMBRE-2.jpg\",\"contentUrl\":\"https:\\\/\\\/agradocosmetic.com\\\/wp-content\\\/uploads\\\/2025\\\/01\\\/SEPTIEMBRE-2.jpg\",\"width\":1140,\"height\":600,\"caption\":\"bruma facial solar\"},{\"@type\":\"BreadcrumbList\",\"@id\":\"https:\\\/\\\/agradocosmetic.com\\\/por-esto-debes-usar-la-bruma-facial-solar-todo-el-ano\\\/#breadcrumb\",\"itemListElement\":[{\"@type\":\"ListItem\",\"position\":1,\"name\":\"Portada\",\"item\":\"https:\\\/\\\/agradocosmetic.com\\\/\"},{\"@type\":\"ListItem\",\"position\":2,\"name\":\"Por esto debes usar la Bruma Facial Solar todo el a\u00f1o\"}]},{\"@type\":\"WebSite\",\"@id\":\"https:\\\/\\\/agradocosmetic.com\\\/#website\",\"url\":\"https:\\\/\\\/agradocosmetic.com\\\/\",\"name\":\"Agrado\",\"description\":\"Cosmetic\",\"publisher\":{\"@id\":\"https:\\\/\\\/agradocosmetic.com\\\/#organization\"},\"potentialAction\":[{\"@type\":\"SearchAction\",\"target\":{\"@type\":\"EntryPoint\",\"urlTemplate\":\"https:\\\/\\\/agradocosmetic.com\\\/?s={search_term_string}\"},\"query-input\":{\"@type\":\"PropertyValueSpecification\",\"valueRequired\":true,\"valueName\":\"search_term_string\"}}],\"inLanguage\":\"fr-FR\"},{\"@type\":\"Organization\",\"@id\":\"https:\\\/\\\/agradocosmetic.com\\\/#organization\",\"name\":\"Agrado\",\"url\":\"https:\\\/\\\/agradocosmetic.com\\\/\",\"logo\":{\"@type\":\"ImageObject\",\"inLanguage\":\"fr-FR\",\"@id\":\"https:\\\/\\\/agradocosmetic.com\\\/#\\\/schema\\\/logo\\\/image\\\/\",\"url\":\"https:\\\/\\\/agradocosmetic.com\\\/wp-content\\\/uploads\\\/2023\\\/07\\\/LOGO-AGRADO-WEB-01.png\",\"contentUrl\":\"https:\\\/\\\/agradocosmetic.com\\\/wp-content\\\/uploads\\\/2023\\\/07\\\/LOGO-AGRADO-WEB-01.png\",\"width\":1632,\"height\":300,\"caption\":\"Agrado\"},\"image\":{\"@id\":\"https:\\\/\\\/agradocosmetic.com\\\/#\\\/schema\\\/logo\\\/image\\\/\"}},{\"@type\":\"Person\",\"@id\":\"https:\\\/\\\/agradocosmetic.com\\\/#\\\/schema\\\/person\\\/59124921013b50f80959d84fc7219096\",\"name\":\"carmen\",\"image\":{\"@type\":\"ImageObject\",\"inLanguage\":\"fr-FR\",\"@id\":\"https:\\\/\\\/secure.gravatar.com\\\/avatar\\\/2036bf58c019bb0a3f94937a2ed7cab76ae6ebe239f705f7c62ea5c48f93531f?s=96&d=mm&r=g\",\"url\":\"https:\\\/\\\/secure.gravatar.com\\\/avatar\\\/2036bf58c019bb0a3f94937a2ed7cab76ae6ebe239f705f7c62ea5c48f93531f?s=96&d=mm&r=g\",\"contentUrl\":\"https:\\\/\\\/secure.gravatar.com\\\/avatar\\\/2036bf58c019bb0a3f94937a2ed7cab76ae6ebe239f705f7c62ea5c48f93531f?s=96&d=mm&r=g\",\"caption\":\"carmen\"}}]}<\/script>\n<!-- \/ Yoast SEO plugin. -->","yoast_head_json":{"title":"Por esto debes usar la Bruma Facial Solar todo el a\u00f1o - Agrado","description":"Por esto incorporar la Bruma Facial Solar de Agrado en tu rutina diaria es esencial para mantener tu piel sana y protegida.","robots":{"index":"index","follow":"follow","max-snippet":"max-snippet:-1","max-image-preview":"max-image-preview:large","max-video-preview":"max-video-preview:-1"},"canonical":"https:\/\/agradocosmetic.com\/fr\/por-esto-debes-usar-la-bruma-facial-solar-todo-el-ano\/","og_locale":"fr_FR","og_type":"article","og_title":"Por esto debes usar la Bruma Facial Solar todo el a\u00f1o - Agrado","og_description":"Por esto incorporar la Bruma Facial Solar de Agrado en tu rutina diaria es esencial para mantener tu piel sana y protegida.","og_url":"https:\/\/agradocosmetic.com\/fr\/por-esto-debes-usar-la-bruma-facial-solar-todo-el-ano\/","og_site_name":"Agrado","article_published_time":"2024-09-29T09:13:22+00:00","article_modified_time":"2025-01-17T12:27:47+00:00","og_image":[{"width":1140,"height":600,"url":"https:\/\/agradocosmetic.com\/wp-content\/uploads\/2025\/01\/SEPTIEMBRE-2.jpg","type":"image\/jpeg"}],"author":"carmen","twitter_card":"summary_large_image","twitter_misc":{"\u00c9crit par":"carmen","Dur\u00e9e de lecture estim\u00e9e":"2 minutes"},"schema":{"@context":"https:\/\/schema.org","@graph":[{"@type":"Article","@id":"https:\/\/agradocosmetic.com\/por-esto-debes-usar-la-bruma-facial-solar-todo-el-ano\/#article","isPartOf":{"@id":"https:\/\/agradocosmetic.com\/por-esto-debes-usar-la-bruma-facial-solar-todo-el-ano\/"},"author":{"name":"carmen","@id":"https:\/\/agradocosmetic.com\/#\/schema\/person\/59124921013b50f80959d84fc7219096"},"headline":"Por esto debes usar la Bruma Facial Solar todo el a\u00f1o","datePublished":"2024-09-29T09:13:22+00:00","dateModified":"2025-01-17T12:27:47+00:00","mainEntityOfPage":{"@id":"https:\/\/agradocosmetic.com\/por-esto-debes-usar-la-bruma-facial-solar-todo-el-ano\/"},"wordCount":324,"commentCount":0,"publisher":{"@id":"https:\/\/agradocosmetic.com\/#organization"},"image":{"@id":"https:\/\/agradocosmetic.com\/por-esto-debes-usar-la-bruma-facial-solar-todo-el-ano\/#primaryimage"},"thumbnailUrl":"https:\/\/agradocosmetic.com\/wp-content\/uploads\/2025\/01\/SEPTIEMBRE-2.jpg","keywords":["agrado suncare","bruma protectora","proteccion solar facial","bruma solar facial","bruma facial","spf50+","agrado","agrado cosmetic","proteccion solar"],"articleSection":["Facial","Solar"],"inLanguage":"fr-FR","potentialAction":[{"@type":"CommentAction","name":"Comment","target":["https:\/\/agradocosmetic.com\/por-esto-debes-usar-la-bruma-facial-solar-todo-el-ano\/#respond"]}]},{"@type":"WebPage","@id":"https:\/\/agradocosmetic.com\/por-esto-debes-usar-la-bruma-facial-solar-todo-el-ano\/","url":"https:\/\/agradocosmetic.com\/por-esto-debes-usar-la-bruma-facial-solar-todo-el-ano\/","name":"Por esto debes usar la Bruma Facial Solar todo el a\u00f1o - Agrado","isPartOf":{"@id":"https:\/\/agradocosmetic.com\/#website"},"primaryImageOfPage":{"@id":"https:\/\/agradocosmetic.com\/por-esto-debes-usar-la-bruma-facial-solar-todo-el-ano\/#primaryimage"},"image":{"@id":"https:\/\/agradocosmetic.com\/por-esto-debes-usar-la-bruma-facial-solar-todo-el-ano\/#primaryimage"},"thumbnailUrl":"https:\/\/agradocosmetic.com\/wp-content\/uploads\/2025\/01\/SEPTIEMBRE-2.jpg","datePublished":"2024-09-29T09:13:22+00:00","dateModified":"2025-01-17T12:27:47+00:00","description":"Por esto incorporar la Bruma Facial Solar de Agrado en tu rutina diaria es esencial para mantener tu piel sana y protegida.","breadcrumb":{"@id":"https:\/\/agradocosmetic.com\/por-esto-debes-usar-la-bruma-facial-solar-todo-el-ano\/#breadcrumb"},"inLanguage":"fr-FR","potentialAction":[{"@type":"ReadAction","target":["https:\/\/agradocosmetic.com\/por-esto-debes-usar-la-bruma-facial-solar-todo-el-ano\/"]}]},{"@type":"ImageObject","inLanguage":"fr-FR","@id":"https:\/\/agradocosmetic.com\/por-esto-debes-usar-la-bruma-facial-solar-todo-el-ano\/#primaryimage","url":"https:\/\/agradocosmetic.com\/wp-content\/uploads\/2025\/01\/SEPTIEMBRE-2.jpg","contentUrl":"https:\/\/agradocosmetic.com\/wp-content\/uploads\/2025\/01\/SEPTIEMBRE-2.jpg","width":1140,"height":600,"caption":"bruma facial solar"},{"@type":"BreadcrumbList","@id":"https:\/\/agradocosmetic.com\/por-esto-debes-usar-la-bruma-facial-solar-todo-el-ano\/#breadcrumb","itemListElement":[{"@type":"ListItem","position":1,"name":"Portada","item":"https:\/\/agradocosmetic.com\/"},{"@type":"ListItem","position":2,"name":"Por esto debes usar la Bruma Facial Solar todo el a\u00f1o"}]},{"@type":"WebSite","@id":"https:\/\/agradocosmetic.com\/#website","url":"https:\/\/agradocosmetic.com\/","name":"Aimer","description":"cosm\u00e9tique","publisher":{"@id":"https:\/\/agradocosmetic.com\/#organization"},"potentialAction":[{"@type":"SearchAction","target":{"@type":"EntryPoint","urlTemplate":"https:\/\/agradocosmetic.com\/?s={search_term_string}"},"query-input":{"@type":"PropertyValueSpecification","valueRequired":true,"valueName":"search_term_string"}}],"inLanguage":"fr-FR"},{"@type":"Organization","@id":"https:\/\/agradocosmetic.com\/#organization","name":"Aimer","url":"https:\/\/agradocosmetic.com\/","logo":{"@type":"ImageObject","inLanguage":"fr-FR","@id":"https:\/\/agradocosmetic.com\/#\/schema\/logo\/image\/","url":"https:\/\/agradocosmetic.com\/wp-content\/uploads\/2023\/07\/LOGO-AGRADO-WEB-01.png","contentUrl":"https:\/\/agradocosmetic.com\/wp-content\/uploads\/2023\/07\/LOGO-AGRADO-WEB-01.png","width":1632,"height":300,"caption":"Agrado"},"image":{"@id":"https:\/\/agradocosmetic.com\/#\/schema\/logo\/image\/"}},{"@type":"Person","@id":"https:\/\/agradocosmetic.com\/#\/schema\/person\/59124921013b50f80959d84fc7219096","name":"Carmen","image":{"@type":"ImageObject","inLanguage":"fr-FR","@id":"https:\/\/secure.gravatar.com\/avatar\/2036bf58c019bb0a3f94937a2ed7cab76ae6ebe239f705f7c62ea5c48f93531f?s=96&d=mm&r=g","url":"https:\/\/secure.gravatar.com\/avatar\/2036bf58c019bb0a3f94937a2ed7cab76ae6ebe239f705f7c62ea5c48f93531f?s=96&d=mm&r=g","contentUrl":"https:\/\/secure.gravatar.com\/avatar\/2036bf58c019bb0a3f94937a2ed7cab76ae6ebe239f705f7c62ea5c48f93531f?s=96&d=mm&r=g","caption":"carmen"}}]}},"_links":{"self":[{"href":"https:\/\/agradocosmetic.com\/fr\/wp-json\/wp\/v2\/posts\/29418","targetHints":{"allow":["GET"]}}],"collection":[{"href":"https:\/\/agradocosmetic.com\/fr\/wp-json\/wp\/v2\/posts"}],"about":[{"href":"https:\/\/agradocosmetic.com\/fr\/wp-json\/wp\/v2\/types\/post"}],"author":[{"embeddable":true,"href":"https:\/\/agradocosmetic.com\/fr\/wp-json\/wp\/v2\/users\/11"}],"replies":[{"embeddable":true,"href":"https:\/\/agradocosmetic.com\/fr\/wp-json\/wp\/v2\/comments?post=29418"}],"version-history":[{"count":1,"href":"https:\/\/agradocosmetic.com\/fr\/wp-json\/wp\/v2\/posts\/29418\/revisions"}],"predecessor-version":[{"id":29419,"href":"https:\/\/agradocosmetic.com\/fr\/wp-json\/wp\/v2\/posts\/29418\/revisions\/29419"}],"wp:featuredmedia":[{"embeddable":true,"href":"https:\/\/agradocosmetic.com\/fr\/wp-json\/wp\/v2\/media\/29416"}],"wp:attachment":[{"href":"https:\/\/agradocosmetic.com\/fr\/wp-json\/wp\/v2\/media?parent=29418"}],"wp:term":[{"taxonomy":"category","embeddable":true,"href":"https:\/\/agradocosmetic.com\/fr\/wp-json\/wp\/v2\/categories?post=29418"},{"taxonomy":"post_tag","embeddable":true,"href":"https:\/\/agradocosmetic.com\/fr\/wp-json\/wp\/v2\/tags?post=29418"}],"curies":[{"name":"wp","href":"https:\/\/api.w.org\/{rel}","templated":true}]}}