{"id":30484,"date":"2025-02-25T14:30:06","date_gmt":"2025-02-25T13:30:06","guid":{"rendered":"https:\/\/agradocosmetic.com\/?p=30484"},"modified":"2025-06-09T11:56:45","modified_gmt":"2025-06-09T10:56:45","slug":"cc-cream-la-proteccion-solar-que-se-usa-todo-el-ano","status":"publish","type":"post","link":"https:\/\/agradocosmetic.com\/fr\/cc-cream-la-proteccion-solar-que-se-usa-todo-el-ano\/","title":{"rendered":"CC Cream : une protection solaire utilisable toute l&#039;ann\u00e9e"},"content":{"rendered":"<p><span style=\"font-weight: 400\">Saviez-vous que votre peau a besoin d&#039;une protection solaire m\u00eame en hiver\u00a0? M\u00eame si les rayons du soleil sont moins intenses, ils ont un impact sur la sant\u00e9 et le vieillissement de votre peau. Heureusement, il existe un moyen simple et pratique de vous prot\u00e9ger au quotidien sans vous compliquer la vie\u00a0: <a href=\"https:\/\/agradocosmetic.com\/fr\/producto\/crema-protectora-facial-spf50-2\/\" target=\"_blank\" rel=\"noopener\">CC Cr\u00e8me du Plaisir<\/a>.<\/span><\/p>\n<p><span style=\"font-weight: 400\">Ces cr\u00e8mes tout-en-un sont devenues le secret le mieux gard\u00e9 de celles qui souhaitent prendre soin de leur peau, la prot\u00e9ger et la sublimer en un seul geste. Et le meilleur dans tout \u00e7a ? Vous pouvez les utiliser toute l&#039;ann\u00e9e gr\u00e2ce \u00e0 leur formule de protection solaire SPF 50+, id\u00e9ale pour prot\u00e9ger votre peau des rayons UVA et UVB, m\u00eame par temps nuageux.<\/span><\/p>\n<p><span style=\"font-weight: 400\">Notre <a href=\"https:\/\/agradocosmetic.com\/fr\/producto\/crema-protectora-facial-spf50-2\/\" target=\"_blank\" rel=\"noopener\">CC Cr\u00e8me Colorante SPF50+<\/a> Non seulement il prot\u00e8ge, mais il unifie le teint, masque les petites imperfections et apporte une touche d&#039;\u00e9clat naturel que vous adorerez. Sa texture l\u00e9g\u00e8re et non grasse le rend id\u00e9al pour tous les types de peau, m\u00eame les plus sensibles. Et oui, il est parfait en base de maquillage ou en seule couche de votre routine\u00a0!<\/span><\/p>\n<p><span style=\"font-weight: 400\">De plus, dans le cadre de notre philosophie #LoveCarePlanet, notre CC Cr\u00e8me est propos\u00e9e dans un emballage plus durable, avec des mat\u00e9riaux recyclables et des formules plus respectueuses de l&#039;environnement. Parce que prendre soin de sa peau peut aussi \u00eatre un geste d&#039;amour pour la plan\u00e8te.<\/span><\/p>\n<p><span style=\"font-weight: 400\">Cet hiver, ne rangez pas votre cr\u00e8me solaire dans un tiroir. Avec <a href=\"https:\/\/agradocosmetic.com\/fr\/producto\/crema-protectora-facial-spf50-2\/\" target=\"_blank\" rel=\"noopener\">CC Cr\u00e8me du Plaisir<\/a>, gardez votre peau prot\u00e9g\u00e9e, hydrat\u00e9e et \u00e9clatante 365 jours par an. D\u00e9couvrez la praticit\u00e9 d&#039;une routine simplifi\u00e9e et compl\u00e8te\u00a0!<\/span><\/p>","protected":false},"excerpt":{"rendered":"<p>\u00bfSab\u00edas que tu piel necesita protecci\u00f3n solar incluso en invierno? Aunque los rayos del sol no se sientan tan intensos, siguen impactando en la salud y el envejecimiento de tu piel. Por suerte, existe una forma f\u00e1cil y pr\u00e1ctica de protegerte a diario sin complicarte: la CC Cream de Agrado. Estas cremas todo-en-uno se han [&hellip;]<\/p>\n","protected":false},"author":11,"featured_media":30475,"comment_status":"open","ping_status":"closed","sticky":false,"template":"","format":"standard","meta":{"footnotes":"","_wp_rev_ctl_limit":""},"categories":[122],"tags":[857,858,859,860,861,862,799,126,274,444,228],"class_list":["post-30484","post","type-post","status-publish","format-standard","has-post-thumbnail","hentry","category-facial-en","tag-crema-facial","tag-cc-cream","tag-spf-50","tag-rutina-diaria","tag-maquillaje-ligero","tag-base-de-maquillaje","tag-proteccion-solar-facial","tag-agrado","tag-agrado-cosmetic","tag-cuidado-facial","tag-solar"],"yoast_head":"<!-- This site is optimized with the Yoast SEO plugin v27.4 - https:\/\/yoast.com\/product\/yoast-seo-wordpress\/ -->\n<title>CC Cream: la protecci\u00f3n solar que se usa todo el a\u00f1o - Agrado<\/title>\n<meta name=\"description\" content=\"Existe una forma f\u00e1cil y pr\u00e1ctica de protegerte a diario sin complicarte: la CC Cream de Agrado Cosmetic. \u00a1Lo tiene todo!\" \/>\n<meta name=\"robots\" content=\"index, follow, max-snippet:-1, max-image-preview:large, max-video-preview:-1\" \/>\n<link rel=\"canonical\" href=\"https:\/\/agradocosmetic.com\/fr\/cc-cream-la-proteccion-solar-que-se-usa-todo-el-ano\/\" \/>\n<meta property=\"og:locale\" content=\"fr_FR\" \/>\n<meta property=\"og:type\" content=\"article\" \/>\n<meta property=\"og:title\" content=\"CC Cream: la protecci\u00f3n solar que se usa todo el a\u00f1o - Agrado\" \/>\n<meta property=\"og:description\" content=\"Existe una forma f\u00e1cil y pr\u00e1ctica de protegerte a diario sin complicarte: la CC Cream de Agrado Cosmetic. \u00a1Lo tiene todo!\" \/>\n<meta property=\"og:url\" content=\"https:\/\/agradocosmetic.com\/fr\/cc-cream-la-proteccion-solar-que-se-usa-todo-el-ano\/\" \/>\n<meta property=\"og:site_name\" content=\"Agrado\" \/>\n<meta property=\"article:published_time\" content=\"2025-02-25T13:30:06+00:00\" \/>\n<meta property=\"article:modified_time\" content=\"2025-06-09T10:56:45+00:00\" \/>\n<meta property=\"og:image\" content=\"https:\/\/agradocosmetic.com\/wp-content\/uploads\/2025\/06\/MARZO-1.jpg\" \/>\n\t<meta property=\"og:image:width\" content=\"1140\" \/>\n\t<meta property=\"og:image:height\" content=\"600\" \/>\n\t<meta property=\"og:image:type\" content=\"image\/jpeg\" \/>\n<meta name=\"author\" content=\"carmen\" \/>\n<meta name=\"twitter:card\" content=\"summary_large_image\" \/>\n<meta name=\"twitter:label1\" content=\"\u00c9crit par\" \/>\n\t<meta name=\"twitter:data1\" content=\"carmen\" \/>\n\t<meta name=\"twitter:label2\" content=\"Dur\u00e9e de lecture estim\u00e9e\" \/>\n\t<meta name=\"twitter:data2\" content=\"2 minutes\" \/>\n<script type=\"application\/ld+json\" class=\"yoast-schema-graph\">{\"@context\":\"https:\\\/\\\/schema.org\",\"@graph\":[{\"@type\":\"Article\",\"@id\":\"https:\\\/\\\/agradocosmetic.com\\\/cc-cream-la-proteccion-solar-que-se-usa-todo-el-ano\\\/#article\",\"isPartOf\":{\"@id\":\"https:\\\/\\\/agradocosmetic.com\\\/cc-cream-la-proteccion-solar-que-se-usa-todo-el-ano\\\/\"},\"author\":{\"name\":\"carmen\",\"@id\":\"https:\\\/\\\/agradocosmetic.com\\\/#\\\/schema\\\/person\\\/59124921013b50f80959d84fc7219096\"},\"headline\":\"CC Cream: la protecci\u00f3n solar que se usa todo el a\u00f1o\",\"datePublished\":\"2025-02-25T13:30:06+00:00\",\"dateModified\":\"2025-06-09T10:56:45+00:00\",\"mainEntityOfPage\":{\"@id\":\"https:\\\/\\\/agradocosmetic.com\\\/cc-cream-la-proteccion-solar-que-se-usa-todo-el-ano\\\/\"},\"wordCount\":283,\"commentCount\":0,\"publisher\":{\"@id\":\"https:\\\/\\\/agradocosmetic.com\\\/#organization\"},\"image\":{\"@id\":\"https:\\\/\\\/agradocosmetic.com\\\/cc-cream-la-proteccion-solar-que-se-usa-todo-el-ano\\\/#primaryimage\"},\"thumbnailUrl\":\"https:\\\/\\\/agradocosmetic.com\\\/wp-content\\\/uploads\\\/2025\\\/06\\\/MARZO-1.jpg\",\"keywords\":[\"crema facial\",\"cc cream\",\"spf 50+\",\"rutina diaria\",\"maquillaje ligero\",\"base de maquillaje\",\"proteccion solar facial\",\"agrado\",\"agrado cosmetic\",\"cuidado facial\",\"solar\"],\"articleSection\":[\"Facial\"],\"inLanguage\":\"fr-FR\",\"potentialAction\":[{\"@type\":\"CommentAction\",\"name\":\"Comment\",\"target\":[\"https:\\\/\\\/agradocosmetic.com\\\/cc-cream-la-proteccion-solar-que-se-usa-todo-el-ano\\\/#respond\"]}]},{\"@type\":\"WebPage\",\"@id\":\"https:\\\/\\\/agradocosmetic.com\\\/cc-cream-la-proteccion-solar-que-se-usa-todo-el-ano\\\/\",\"url\":\"https:\\\/\\\/agradocosmetic.com\\\/cc-cream-la-proteccion-solar-que-se-usa-todo-el-ano\\\/\",\"name\":\"CC Cream: la protecci\u00f3n solar que se usa todo el a\u00f1o - Agrado\",\"isPartOf\":{\"@id\":\"https:\\\/\\\/agradocosmetic.com\\\/#website\"},\"primaryImageOfPage\":{\"@id\":\"https:\\\/\\\/agradocosmetic.com\\\/cc-cream-la-proteccion-solar-que-se-usa-todo-el-ano\\\/#primaryimage\"},\"image\":{\"@id\":\"https:\\\/\\\/agradocosmetic.com\\\/cc-cream-la-proteccion-solar-que-se-usa-todo-el-ano\\\/#primaryimage\"},\"thumbnailUrl\":\"https:\\\/\\\/agradocosmetic.com\\\/wp-content\\\/uploads\\\/2025\\\/06\\\/MARZO-1.jpg\",\"datePublished\":\"2025-02-25T13:30:06+00:00\",\"dateModified\":\"2025-06-09T10:56:45+00:00\",\"description\":\"Existe una forma f\u00e1cil y pr\u00e1ctica de protegerte a diario sin complicarte: la CC Cream de Agrado Cosmetic. \u00a1Lo tiene todo!\",\"breadcrumb\":{\"@id\":\"https:\\\/\\\/agradocosmetic.com\\\/cc-cream-la-proteccion-solar-que-se-usa-todo-el-ano\\\/#breadcrumb\"},\"inLanguage\":\"fr-FR\",\"potentialAction\":[{\"@type\":\"ReadAction\",\"target\":[\"https:\\\/\\\/agradocosmetic.com\\\/cc-cream-la-proteccion-solar-que-se-usa-todo-el-ano\\\/\"]}]},{\"@type\":\"ImageObject\",\"inLanguage\":\"fr-FR\",\"@id\":\"https:\\\/\\\/agradocosmetic.com\\\/cc-cream-la-proteccion-solar-que-se-usa-todo-el-ano\\\/#primaryimage\",\"url\":\"https:\\\/\\\/agradocosmetic.com\\\/wp-content\\\/uploads\\\/2025\\\/06\\\/MARZO-1.jpg\",\"contentUrl\":\"https:\\\/\\\/agradocosmetic.com\\\/wp-content\\\/uploads\\\/2025\\\/06\\\/MARZO-1.jpg\",\"width\":1140,\"height\":600,\"caption\":\"cc cream\"},{\"@type\":\"BreadcrumbList\",\"@id\":\"https:\\\/\\\/agradocosmetic.com\\\/cc-cream-la-proteccion-solar-que-se-usa-todo-el-ano\\\/#breadcrumb\",\"itemListElement\":[{\"@type\":\"ListItem\",\"position\":1,\"name\":\"Portada\",\"item\":\"https:\\\/\\\/agradocosmetic.com\\\/\"},{\"@type\":\"ListItem\",\"position\":2,\"name\":\"CC Cream: la protecci\u00f3n solar que se usa todo el a\u00f1o\"}]},{\"@type\":\"WebSite\",\"@id\":\"https:\\\/\\\/agradocosmetic.com\\\/#website\",\"url\":\"https:\\\/\\\/agradocosmetic.com\\\/\",\"name\":\"Agrado\",\"description\":\"Cosmetic\",\"publisher\":{\"@id\":\"https:\\\/\\\/agradocosmetic.com\\\/#organization\"},\"potentialAction\":[{\"@type\":\"SearchAction\",\"target\":{\"@type\":\"EntryPoint\",\"urlTemplate\":\"https:\\\/\\\/agradocosmetic.com\\\/?s={search_term_string}\"},\"query-input\":{\"@type\":\"PropertyValueSpecification\",\"valueRequired\":true,\"valueName\":\"search_term_string\"}}],\"inLanguage\":\"fr-FR\"},{\"@type\":\"Organization\",\"@id\":\"https:\\\/\\\/agradocosmetic.com\\\/#organization\",\"name\":\"Agrado\",\"url\":\"https:\\\/\\\/agradocosmetic.com\\\/\",\"logo\":{\"@type\":\"ImageObject\",\"inLanguage\":\"fr-FR\",\"@id\":\"https:\\\/\\\/agradocosmetic.com\\\/#\\\/schema\\\/logo\\\/image\\\/\",\"url\":\"https:\\\/\\\/agradocosmetic.com\\\/wp-content\\\/uploads\\\/2023\\\/07\\\/LOGO-AGRADO-WEB-01.png\",\"contentUrl\":\"https:\\\/\\\/agradocosmetic.com\\\/wp-content\\\/uploads\\\/2023\\\/07\\\/LOGO-AGRADO-WEB-01.png\",\"width\":1632,\"height\":300,\"caption\":\"Agrado\"},\"image\":{\"@id\":\"https:\\\/\\\/agradocosmetic.com\\\/#\\\/schema\\\/logo\\\/image\\\/\"}},{\"@type\":\"Person\",\"@id\":\"https:\\\/\\\/agradocosmetic.com\\\/#\\\/schema\\\/person\\\/59124921013b50f80959d84fc7219096\",\"name\":\"carmen\",\"image\":{\"@type\":\"ImageObject\",\"inLanguage\":\"fr-FR\",\"@id\":\"https:\\\/\\\/secure.gravatar.com\\\/avatar\\\/2036bf58c019bb0a3f94937a2ed7cab76ae6ebe239f705f7c62ea5c48f93531f?s=96&d=mm&r=g\",\"url\":\"https:\\\/\\\/secure.gravatar.com\\\/avatar\\\/2036bf58c019bb0a3f94937a2ed7cab76ae6ebe239f705f7c62ea5c48f93531f?s=96&d=mm&r=g\",\"contentUrl\":\"https:\\\/\\\/secure.gravatar.com\\\/avatar\\\/2036bf58c019bb0a3f94937a2ed7cab76ae6ebe239f705f7c62ea5c48f93531f?s=96&d=mm&r=g\",\"caption\":\"carmen\"}}]}<\/script>\n<!-- \/ Yoast SEO plugin. -->","yoast_head_json":{"title":"CC Cream: la protecci\u00f3n solar que se usa todo el a\u00f1o - Agrado","description":"Existe una forma f\u00e1cil y pr\u00e1ctica de protegerte a diario sin complicarte: la CC Cream de Agrado Cosmetic. \u00a1Lo tiene todo!","robots":{"index":"index","follow":"follow","max-snippet":"max-snippet:-1","max-image-preview":"max-image-preview:large","max-video-preview":"max-video-preview:-1"},"canonical":"https:\/\/agradocosmetic.com\/fr\/cc-cream-la-proteccion-solar-que-se-usa-todo-el-ano\/","og_locale":"fr_FR","og_type":"article","og_title":"CC Cream: la protecci\u00f3n solar que se usa todo el a\u00f1o - Agrado","og_description":"Existe una forma f\u00e1cil y pr\u00e1ctica de protegerte a diario sin complicarte: la CC Cream de Agrado Cosmetic. \u00a1Lo tiene todo!","og_url":"https:\/\/agradocosmetic.com\/fr\/cc-cream-la-proteccion-solar-que-se-usa-todo-el-ano\/","og_site_name":"Agrado","article_published_time":"2025-02-25T13:30:06+00:00","article_modified_time":"2025-06-09T10:56:45+00:00","og_image":[{"width":1140,"height":600,"url":"https:\/\/agradocosmetic.com\/wp-content\/uploads\/2025\/06\/MARZO-1.jpg","type":"image\/jpeg"}],"author":"carmen","twitter_card":"summary_large_image","twitter_misc":{"\u00c9crit par":"carmen","Dur\u00e9e de lecture estim\u00e9e":"2 minutes"},"schema":{"@context":"https:\/\/schema.org","@graph":[{"@type":"Article","@id":"https:\/\/agradocosmetic.com\/cc-cream-la-proteccion-solar-que-se-usa-todo-el-ano\/#article","isPartOf":{"@id":"https:\/\/agradocosmetic.com\/cc-cream-la-proteccion-solar-que-se-usa-todo-el-ano\/"},"author":{"name":"carmen","@id":"https:\/\/agradocosmetic.com\/#\/schema\/person\/59124921013b50f80959d84fc7219096"},"headline":"CC Cream: la protecci\u00f3n solar que se usa todo el a\u00f1o","datePublished":"2025-02-25T13:30:06+00:00","dateModified":"2025-06-09T10:56:45+00:00","mainEntityOfPage":{"@id":"https:\/\/agradocosmetic.com\/cc-cream-la-proteccion-solar-que-se-usa-todo-el-ano\/"},"wordCount":283,"commentCount":0,"publisher":{"@id":"https:\/\/agradocosmetic.com\/#organization"},"image":{"@id":"https:\/\/agradocosmetic.com\/cc-cream-la-proteccion-solar-que-se-usa-todo-el-ano\/#primaryimage"},"thumbnailUrl":"https:\/\/agradocosmetic.com\/wp-content\/uploads\/2025\/06\/MARZO-1.jpg","keywords":["crema facial","cc cream","spf 50+","rutina diaria","maquillaje ligero","base de maquillaje","proteccion solar facial","agrado","agrado cosmetic","cuidado facial","solar"],"articleSection":["Facial"],"inLanguage":"fr-FR","potentialAction":[{"@type":"CommentAction","name":"Comment","target":["https:\/\/agradocosmetic.com\/cc-cream-la-proteccion-solar-que-se-usa-todo-el-ano\/#respond"]}]},{"@type":"WebPage","@id":"https:\/\/agradocosmetic.com\/cc-cream-la-proteccion-solar-que-se-usa-todo-el-ano\/","url":"https:\/\/agradocosmetic.com\/cc-cream-la-proteccion-solar-que-se-usa-todo-el-ano\/","name":"CC Cream: la protecci\u00f3n solar que se usa todo el a\u00f1o - Agrado","isPartOf":{"@id":"https:\/\/agradocosmetic.com\/#website"},"primaryImageOfPage":{"@id":"https:\/\/agradocosmetic.com\/cc-cream-la-proteccion-solar-que-se-usa-todo-el-ano\/#primaryimage"},"image":{"@id":"https:\/\/agradocosmetic.com\/cc-cream-la-proteccion-solar-que-se-usa-todo-el-ano\/#primaryimage"},"thumbnailUrl":"https:\/\/agradocosmetic.com\/wp-content\/uploads\/2025\/06\/MARZO-1.jpg","datePublished":"2025-02-25T13:30:06+00:00","dateModified":"2025-06-09T10:56:45+00:00","description":"Existe una forma f\u00e1cil y pr\u00e1ctica de protegerte a diario sin complicarte: la CC Cream de Agrado Cosmetic. \u00a1Lo tiene todo!","breadcrumb":{"@id":"https:\/\/agradocosmetic.com\/cc-cream-la-proteccion-solar-que-se-usa-todo-el-ano\/#breadcrumb"},"inLanguage":"fr-FR","potentialAction":[{"@type":"ReadAction","target":["https:\/\/agradocosmetic.com\/cc-cream-la-proteccion-solar-que-se-usa-todo-el-ano\/"]}]},{"@type":"ImageObject","inLanguage":"fr-FR","@id":"https:\/\/agradocosmetic.com\/cc-cream-la-proteccion-solar-que-se-usa-todo-el-ano\/#primaryimage","url":"https:\/\/agradocosmetic.com\/wp-content\/uploads\/2025\/06\/MARZO-1.jpg","contentUrl":"https:\/\/agradocosmetic.com\/wp-content\/uploads\/2025\/06\/MARZO-1.jpg","width":1140,"height":600,"caption":"cc cream"},{"@type":"BreadcrumbList","@id":"https:\/\/agradocosmetic.com\/cc-cream-la-proteccion-solar-que-se-usa-todo-el-ano\/#breadcrumb","itemListElement":[{"@type":"ListItem","position":1,"name":"Portada","item":"https:\/\/agradocosmetic.com\/"},{"@type":"ListItem","position":2,"name":"CC Cream: la protecci\u00f3n solar que se usa todo el a\u00f1o"}]},{"@type":"WebSite","@id":"https:\/\/agradocosmetic.com\/#website","url":"https:\/\/agradocosmetic.com\/","name":"Aimer","description":"cosm\u00e9tique","publisher":{"@id":"https:\/\/agradocosmetic.com\/#organization"},"potentialAction":[{"@type":"SearchAction","target":{"@type":"EntryPoint","urlTemplate":"https:\/\/agradocosmetic.com\/?s={search_term_string}"},"query-input":{"@type":"PropertyValueSpecification","valueRequired":true,"valueName":"search_term_string"}}],"inLanguage":"fr-FR"},{"@type":"Organization","@id":"https:\/\/agradocosmetic.com\/#organization","name":"Aimer","url":"https:\/\/agradocosmetic.com\/","logo":{"@type":"ImageObject","inLanguage":"fr-FR","@id":"https:\/\/agradocosmetic.com\/#\/schema\/logo\/image\/","url":"https:\/\/agradocosmetic.com\/wp-content\/uploads\/2023\/07\/LOGO-AGRADO-WEB-01.png","contentUrl":"https:\/\/agradocosmetic.com\/wp-content\/uploads\/2023\/07\/LOGO-AGRADO-WEB-01.png","width":1632,"height":300,"caption":"Agrado"},"image":{"@id":"https:\/\/agradocosmetic.com\/#\/schema\/logo\/image\/"}},{"@type":"Person","@id":"https:\/\/agradocosmetic.com\/#\/schema\/person\/59124921013b50f80959d84fc7219096","name":"Carmen","image":{"@type":"ImageObject","inLanguage":"fr-FR","@id":"https:\/\/secure.gravatar.com\/avatar\/2036bf58c019bb0a3f94937a2ed7cab76ae6ebe239f705f7c62ea5c48f93531f?s=96&d=mm&r=g","url":"https:\/\/secure.gravatar.com\/avatar\/2036bf58c019bb0a3f94937a2ed7cab76ae6ebe239f705f7c62ea5c48f93531f?s=96&d=mm&r=g","contentUrl":"https:\/\/secure.gravatar.com\/avatar\/2036bf58c019bb0a3f94937a2ed7cab76ae6ebe239f705f7c62ea5c48f93531f?s=96&d=mm&r=g","caption":"carmen"}}]}},"_links":{"self":[{"href":"https:\/\/agradocosmetic.com\/fr\/wp-json\/wp\/v2\/posts\/30484","targetHints":{"allow":["GET"]}}],"collection":[{"href":"https:\/\/agradocosmetic.com\/fr\/wp-json\/wp\/v2\/posts"}],"about":[{"href":"https:\/\/agradocosmetic.com\/fr\/wp-json\/wp\/v2\/types\/post"}],"author":[{"embeddable":true,"href":"https:\/\/agradocosmetic.com\/fr\/wp-json\/wp\/v2\/users\/11"}],"replies":[{"embeddable":true,"href":"https:\/\/agradocosmetic.com\/fr\/wp-json\/wp\/v2\/comments?post=30484"}],"version-history":[{"count":1,"href":"https:\/\/agradocosmetic.com\/fr\/wp-json\/wp\/v2\/posts\/30484\/revisions"}],"predecessor-version":[{"id":30485,"href":"https:\/\/agradocosmetic.com\/fr\/wp-json\/wp\/v2\/posts\/30484\/revisions\/30485"}],"wp:featuredmedia":[{"embeddable":true,"href":"https:\/\/agradocosmetic.com\/fr\/wp-json\/wp\/v2\/media\/30475"}],"wp:attachment":[{"href":"https:\/\/agradocosmetic.com\/fr\/wp-json\/wp\/v2\/media?parent=30484"}],"wp:term":[{"taxonomy":"category","embeddable":true,"href":"https:\/\/agradocosmetic.com\/fr\/wp-json\/wp\/v2\/categories?post=30484"},{"taxonomy":"post_tag","embeddable":true,"href":"https:\/\/agradocosmetic.com\/fr\/wp-json\/wp\/v2\/tags?post=30484"}],"curies":[{"name":"wp","href":"https:\/\/api.w.org\/{rel}","templated":true}]}}