{"id":30494,"date":"2025-05-07T09:24:06","date_gmt":"2025-05-07T08:24:06","guid":{"rendered":"https:\/\/agradocosmetic.com\/?p=30494"},"modified":"2025-06-09T12:24:27","modified_gmt":"2025-06-09T11:24:27","slug":"dime-como-eres-y-te-dire-cual-es-tu-protector-solar","status":"publish","type":"post","link":"https:\/\/agradocosmetic.com\/fr\/dime-como-eres-y-te-dire-cual-es-tu-protector-solar\/","title":{"rendered":"Dis-moi comment tu es et je te dirai quelle est ta cr\u00e8me solaire."},"content":{"rendered":"<p><span style=\"font-weight: 400\">Le soleil nous invite \u00e0 profiter des activit\u00e9s de plein air, mais chaque type de peau et chaque mode de vie n\u00e9cessitent des soins sp\u00e9cifiques. Chez Agrado, nous comprenons qu&#039;il n&#039;existe pas de cr\u00e8me solaire universelle. C&#039;est pourquoi nous avons d\u00e9velopp\u00e9 une gamme sur mesure. D\u00e9couvrez la cr\u00e8me solaire qui vous convient le mieux\u00a0:<\/span><\/p>\n<h3><span style=\"font-family: -apple-system, BlinkMacSystemFont, 'Segoe UI', Roboto, 'Helvetica Neue', Arial, 'Noto Sans', sans-serif, 'Apple Color Emoji', 'Segoe UI Emoji', 'Segoe UI Symbol', 'Noto Color Emoji'\">Pour les athl\u00e8tes infatigables<\/span><\/h3>\n<p><span style=\"font-weight: 400\">Si votre routine comprend la course \u00e0 pied, le v\u00e9lo ou toute autre activit\u00e9 de plein air, vous avez besoin d&#039;une protection capable de suivre votre rythme. <a href=\"https:\/\/agradocosmetic.com\/fr\/producto\/bruma-solar-sport-spf50\/\" target=\"_blank\" rel=\"noopener\">Brume Solaire Sport SPF50+<\/a> Id\u00e9al : application rapide, r\u00e9sistant \u00e0 l&#039;eau et \u00e0 la transpiration, texture l\u00e9g\u00e8re et sans r\u00e9sidus. Parfait pour se prot\u00e9ger sans interrompre son entra\u00eenement.<\/span><\/p>\n<h3><span style=\"font-family: -apple-system, BlinkMacSystemFont, 'Segoe UI', Roboto, 'Helvetica Neue', Arial, 'Noto Sans', sans-serif, 'Apple Color Emoji', 'Segoe UI Emoji', 'Segoe UI Symbol', 'Noto Color Emoji'\">Pour les peaux les plus sensibles<\/span><\/h3>\n<p><span style=\"font-weight: 400\">Votre peau r\u00e9agit facilement au soleil ou \u00e0 certains produits ? <a href=\"https:\/\/agradocosmetic.com\/fr\/producto\/crema-solar-sensitive-spf50\/\" target=\"_blank\" rel=\"noopener\">Cr\u00e8me Solaire Sensible SPF50+<\/a> Formul\u00e9 sans parfum ni alcool, il contient de la vitamine E pour apaiser et prot\u00e9ger. Sa texture onctueuse et rapidement absorb\u00e9e le rend id\u00e9al pour les peaux d\u00e9licates, offrant une barri\u00e8re efficace contre les rayons UVA et UVB.<\/span><\/p>\n<h3><span style=\"font-family: -apple-system, BlinkMacSystemFont, 'Segoe UI', Roboto, 'Helvetica Neue', Arial, 'Noto Sans', sans-serif, 'Apple Color Emoji', 'Segoe UI Emoji', 'Segoe UI Symbol', 'Noto Color Emoji'\">Pour les amoureux de la plage et de la piscine<\/span><\/h3>\n<p><span style=\"font-weight: 400\">Si votre plan id\u00e9al comprend le soleil et l&#039;eau, vous avez besoin d&#039;une protection durable. <a href=\"https:\/\/agradocosmetic.com\/fr\/producto\/bruma-seca-solar-spf-50-aerosol\/\" target=\"_blank\" rel=\"noopener\">Brume S\u00e8che Solaire SPF50<\/a> R\u00e9sistant \u00e0 l&#039;eau, il offre une couvrance uniforme. Son format spray facilite son application, m\u00eame dans les zones difficiles d&#039;acc\u00e8s.<\/span><\/p>\n<h3><span style=\"font-family: -apple-system, BlinkMacSystemFont, 'Segoe UI', Roboto, 'Helvetica Neue', Arial, 'Noto Sans', sans-serif, 'Apple Color Emoji', 'Segoe UI Emoji', 'Segoe UI Symbol', 'Noto Color Emoji'\">Pour les petits<\/span><\/h3>\n<p><span style=\"font-weight: 400\">La peau des enfants n\u00e9cessite des soins particuliers. <a href=\"https:\/\/agradocosmetic.com\/fr\/producto\/locion-solar-kids-pieles-sensibles-spf50\/\" target=\"_blank\" rel=\"noopener\">Lotion solaire pour enfants SPF 50<\/a> Il est con\u00e7u pour prot\u00e9ger les peaux les plus d\u00e9licates, avec une formule douce et r\u00e9sistante \u00e0 l&#039;eau, afin que les plus petits puissent profiter du soleil en toute s\u00e9curit\u00e9.<\/span><\/p>\n<p><span style=\"font-weight: 400\">N&#039;oubliez pas : choisir la bonne cr\u00e8me solaire est essentiel pour prendre soin de votre peau et profiter du soleil en toute s\u00e9r\u00e9nit\u00e9. Chez Agrado Sun Care, nous avons le produit id\u00e9al pour chaque besoin. Trouvez le v\u00f4tre et profitez pleinement de l&#039;\u00e9t\u00e9 !<\/span><\/p>","protected":false},"excerpt":{"rendered":"<p>El sol nos invita a disfrutar de actividades al aire libre, pero cada piel y estilo de vida requiere un cuidado espec\u00edfico. En Agrado entendemos que no hay un \u00fanico protector solar para todos. Por eso, hemos desarrollado una gama que se adapta a ti. Descubre cu\u00e1l es tu protector solar ideal: Para las deportistas [&hellip;]<\/p>\n","protected":false},"author":11,"featured_media":30477,"comment_status":"open","ping_status":"closed","sticky":false,"template":"","format":"standard","meta":{"footnotes":"","_wp_rev_ctl_limit":""},"categories":[531],"tags":[875,876,877,878,879,880,766,740,126,274,412],"class_list":["post-30494","post","type-post","status-publish","format-standard","has-post-thumbnail","hentry","category-solar-en","tag-protector-solar-idea","tag-tu-solar-ideal","tag-cual-es-para-mi","tag-deportista","tag-sport","tag-kids","tag-bruma-facial","tag-agrado-sun-care","tag-agrado","tag-agrado-cosmetic","tag-proteccion-solar-ninos"],"yoast_head":"<!-- This site is optimized with the Yoast SEO plugin v27.4 - https:\/\/yoast.com\/product\/yoast-seo-wordpress\/ -->\n<title>Dime c\u00f3mo eres y te dir\u00e9 cu\u00e1l es tu protector solar - Agrado<\/title>\n<meta name=\"description\" content=\"Sabemos que no hay un \u00fanico protector solar para todos, por eso ofrecemos una gama que se adapta a ti. \u00a1Descubre cu\u00e1l es tu aliado perfecto!\" \/>\n<meta name=\"robots\" content=\"index, follow, max-snippet:-1, max-image-preview:large, max-video-preview:-1\" \/>\n<link rel=\"canonical\" href=\"https:\/\/agradocosmetic.com\/fr\/dime-como-eres-y-te-dire-cual-es-tu-protector-solar\/\" \/>\n<meta property=\"og:locale\" content=\"fr_FR\" \/>\n<meta property=\"og:type\" content=\"article\" \/>\n<meta property=\"og:title\" content=\"Dime c\u00f3mo eres y te dir\u00e9 cu\u00e1l es tu protector solar - Agrado\" \/>\n<meta property=\"og:description\" content=\"Sabemos que no hay un \u00fanico protector solar para todos, por eso ofrecemos una gama que se adapta a ti. \u00a1Descubre cu\u00e1l es tu aliado perfecto!\" \/>\n<meta property=\"og:url\" content=\"https:\/\/agradocosmetic.com\/fr\/dime-como-eres-y-te-dire-cual-es-tu-protector-solar\/\" \/>\n<meta property=\"og:site_name\" content=\"Agrado\" \/>\n<meta property=\"article:published_time\" content=\"2025-05-07T08:24:06+00:00\" \/>\n<meta property=\"article:modified_time\" content=\"2025-06-09T11:24:27+00:00\" \/>\n<meta property=\"og:image\" content=\"https:\/\/agradocosmetic.com\/wp-content\/uploads\/2025\/06\/MAYO-1.jpg\" \/>\n\t<meta property=\"og:image:width\" content=\"1140\" \/>\n\t<meta property=\"og:image:height\" content=\"600\" \/>\n\t<meta property=\"og:image:type\" content=\"image\/jpeg\" \/>\n<meta name=\"author\" content=\"carmen\" \/>\n<meta name=\"twitter:card\" content=\"summary_large_image\" \/>\n<meta name=\"twitter:label1\" content=\"\u00c9crit par\" \/>\n\t<meta name=\"twitter:data1\" content=\"carmen\" \/>\n\t<meta name=\"twitter:label2\" content=\"Dur\u00e9e de lecture estim\u00e9e\" \/>\n\t<meta name=\"twitter:data2\" content=\"2 minutes\" \/>\n<script type=\"application\/ld+json\" class=\"yoast-schema-graph\">{\"@context\":\"https:\\\/\\\/schema.org\",\"@graph\":[{\"@type\":\"Article\",\"@id\":\"https:\\\/\\\/agradocosmetic.com\\\/dime-como-eres-y-te-dire-cual-es-tu-protector-solar\\\/#article\",\"isPartOf\":{\"@id\":\"https:\\\/\\\/agradocosmetic.com\\\/dime-como-eres-y-te-dire-cual-es-tu-protector-solar\\\/\"},\"author\":{\"name\":\"carmen\",\"@id\":\"https:\\\/\\\/agradocosmetic.com\\\/#\\\/schema\\\/person\\\/59124921013b50f80959d84fc7219096\"},\"headline\":\"Dime c\u00f3mo eres y te dir\u00e9 cu\u00e1l es tu protector solar\",\"datePublished\":\"2025-05-07T08:24:06+00:00\",\"dateModified\":\"2025-06-09T11:24:27+00:00\",\"mainEntityOfPage\":{\"@id\":\"https:\\\/\\\/agradocosmetic.com\\\/dime-como-eres-y-te-dire-cual-es-tu-protector-solar\\\/\"},\"wordCount\":328,\"commentCount\":0,\"publisher\":{\"@id\":\"https:\\\/\\\/agradocosmetic.com\\\/#organization\"},\"image\":{\"@id\":\"https:\\\/\\\/agradocosmetic.com\\\/dime-como-eres-y-te-dire-cual-es-tu-protector-solar\\\/#primaryimage\"},\"thumbnailUrl\":\"https:\\\/\\\/agradocosmetic.com\\\/wp-content\\\/uploads\\\/2025\\\/06\\\/MAYO-1.jpg\",\"keywords\":[\"protector solar idea\",\"tu solar ideal\",\"cual es para mi\",\"deportista\",\"sport\",\"kids\",\"bruma facial\",\"agrado sun care\",\"agrado\",\"agrado cosmetic\",\"protecci\u00f3n solar ni\u00f1os\"],\"articleSection\":[\"Solar\"],\"inLanguage\":\"fr-FR\",\"potentialAction\":[{\"@type\":\"CommentAction\",\"name\":\"Comment\",\"target\":[\"https:\\\/\\\/agradocosmetic.com\\\/dime-como-eres-y-te-dire-cual-es-tu-protector-solar\\\/#respond\"]}]},{\"@type\":\"WebPage\",\"@id\":\"https:\\\/\\\/agradocosmetic.com\\\/dime-como-eres-y-te-dire-cual-es-tu-protector-solar\\\/\",\"url\":\"https:\\\/\\\/agradocosmetic.com\\\/dime-como-eres-y-te-dire-cual-es-tu-protector-solar\\\/\",\"name\":\"Dime c\u00f3mo eres y te dir\u00e9 cu\u00e1l es tu protector solar - Agrado\",\"isPartOf\":{\"@id\":\"https:\\\/\\\/agradocosmetic.com\\\/#website\"},\"primaryImageOfPage\":{\"@id\":\"https:\\\/\\\/agradocosmetic.com\\\/dime-como-eres-y-te-dire-cual-es-tu-protector-solar\\\/#primaryimage\"},\"image\":{\"@id\":\"https:\\\/\\\/agradocosmetic.com\\\/dime-como-eres-y-te-dire-cual-es-tu-protector-solar\\\/#primaryimage\"},\"thumbnailUrl\":\"https:\\\/\\\/agradocosmetic.com\\\/wp-content\\\/uploads\\\/2025\\\/06\\\/MAYO-1.jpg\",\"datePublished\":\"2025-05-07T08:24:06+00:00\",\"dateModified\":\"2025-06-09T11:24:27+00:00\",\"description\":\"Sabemos que no hay un \u00fanico protector solar para todos, por eso ofrecemos una gama que se adapta a ti. \u00a1Descubre cu\u00e1l es tu aliado perfecto!\",\"breadcrumb\":{\"@id\":\"https:\\\/\\\/agradocosmetic.com\\\/dime-como-eres-y-te-dire-cual-es-tu-protector-solar\\\/#breadcrumb\"},\"inLanguage\":\"fr-FR\",\"potentialAction\":[{\"@type\":\"ReadAction\",\"target\":[\"https:\\\/\\\/agradocosmetic.com\\\/dime-como-eres-y-te-dire-cual-es-tu-protector-solar\\\/\"]}]},{\"@type\":\"ImageObject\",\"inLanguage\":\"fr-FR\",\"@id\":\"https:\\\/\\\/agradocosmetic.com\\\/dime-como-eres-y-te-dire-cual-es-tu-protector-solar\\\/#primaryimage\",\"url\":\"https:\\\/\\\/agradocosmetic.com\\\/wp-content\\\/uploads\\\/2025\\\/06\\\/MAYO-1.jpg\",\"contentUrl\":\"https:\\\/\\\/agradocosmetic.com\\\/wp-content\\\/uploads\\\/2025\\\/06\\\/MAYO-1.jpg\",\"width\":1140,\"height\":600,\"caption\":\"protector solar\"},{\"@type\":\"BreadcrumbList\",\"@id\":\"https:\\\/\\\/agradocosmetic.com\\\/dime-como-eres-y-te-dire-cual-es-tu-protector-solar\\\/#breadcrumb\",\"itemListElement\":[{\"@type\":\"ListItem\",\"position\":1,\"name\":\"Portada\",\"item\":\"https:\\\/\\\/agradocosmetic.com\\\/\"},{\"@type\":\"ListItem\",\"position\":2,\"name\":\"Dime c\u00f3mo eres y te dir\u00e9 cu\u00e1l es tu protector solar\"}]},{\"@type\":\"WebSite\",\"@id\":\"https:\\\/\\\/agradocosmetic.com\\\/#website\",\"url\":\"https:\\\/\\\/agradocosmetic.com\\\/\",\"name\":\"Agrado\",\"description\":\"Cosmetic\",\"publisher\":{\"@id\":\"https:\\\/\\\/agradocosmetic.com\\\/#organization\"},\"potentialAction\":[{\"@type\":\"SearchAction\",\"target\":{\"@type\":\"EntryPoint\",\"urlTemplate\":\"https:\\\/\\\/agradocosmetic.com\\\/?s={search_term_string}\"},\"query-input\":{\"@type\":\"PropertyValueSpecification\",\"valueRequired\":true,\"valueName\":\"search_term_string\"}}],\"inLanguage\":\"fr-FR\"},{\"@type\":\"Organization\",\"@id\":\"https:\\\/\\\/agradocosmetic.com\\\/#organization\",\"name\":\"Agrado\",\"url\":\"https:\\\/\\\/agradocosmetic.com\\\/\",\"logo\":{\"@type\":\"ImageObject\",\"inLanguage\":\"fr-FR\",\"@id\":\"https:\\\/\\\/agradocosmetic.com\\\/#\\\/schema\\\/logo\\\/image\\\/\",\"url\":\"https:\\\/\\\/agradocosmetic.com\\\/wp-content\\\/uploads\\\/2023\\\/07\\\/LOGO-AGRADO-WEB-01.png\",\"contentUrl\":\"https:\\\/\\\/agradocosmetic.com\\\/wp-content\\\/uploads\\\/2023\\\/07\\\/LOGO-AGRADO-WEB-01.png\",\"width\":1632,\"height\":300,\"caption\":\"Agrado\"},\"image\":{\"@id\":\"https:\\\/\\\/agradocosmetic.com\\\/#\\\/schema\\\/logo\\\/image\\\/\"}},{\"@type\":\"Person\",\"@id\":\"https:\\\/\\\/agradocosmetic.com\\\/#\\\/schema\\\/person\\\/59124921013b50f80959d84fc7219096\",\"name\":\"carmen\",\"image\":{\"@type\":\"ImageObject\",\"inLanguage\":\"fr-FR\",\"@id\":\"https:\\\/\\\/secure.gravatar.com\\\/avatar\\\/2036bf58c019bb0a3f94937a2ed7cab76ae6ebe239f705f7c62ea5c48f93531f?s=96&d=mm&r=g\",\"url\":\"https:\\\/\\\/secure.gravatar.com\\\/avatar\\\/2036bf58c019bb0a3f94937a2ed7cab76ae6ebe239f705f7c62ea5c48f93531f?s=96&d=mm&r=g\",\"contentUrl\":\"https:\\\/\\\/secure.gravatar.com\\\/avatar\\\/2036bf58c019bb0a3f94937a2ed7cab76ae6ebe239f705f7c62ea5c48f93531f?s=96&d=mm&r=g\",\"caption\":\"carmen\"}}]}<\/script>\n<!-- \/ Yoast SEO plugin. -->","yoast_head_json":{"title":"Dis-moi comment tu es et je te dirai quelle est ta cr\u00e8me solaire - Agrado","description":"Nous savons qu&#039;il n&#039;existe pas de cr\u00e8me solaire universelle, c&#039;est pourquoi nous proposons une gamme adapt\u00e9e \u00e0 vos besoins. Trouvez la cr\u00e8me id\u00e9ale\u00a0!","robots":{"index":"index","follow":"follow","max-snippet":"max-snippet:-1","max-image-preview":"max-image-preview:large","max-video-preview":"max-video-preview:-1"},"canonical":"https:\/\/agradocosmetic.com\/fr\/dime-como-eres-y-te-dire-cual-es-tu-protector-solar\/","og_locale":"fr_FR","og_type":"article","og_title":"Dime c\u00f3mo eres y te dir\u00e9 cu\u00e1l es tu protector solar - Agrado","og_description":"Sabemos que no hay un \u00fanico protector solar para todos, por eso ofrecemos una gama que se adapta a ti. \u00a1Descubre cu\u00e1l es tu aliado perfecto!","og_url":"https:\/\/agradocosmetic.com\/fr\/dime-como-eres-y-te-dire-cual-es-tu-protector-solar\/","og_site_name":"Agrado","article_published_time":"2025-05-07T08:24:06+00:00","article_modified_time":"2025-06-09T11:24:27+00:00","og_image":[{"width":1140,"height":600,"url":"https:\/\/agradocosmetic.com\/wp-content\/uploads\/2025\/06\/MAYO-1.jpg","type":"image\/jpeg"}],"author":"carmen","twitter_card":"summary_large_image","twitter_misc":{"\u00c9crit par":"carmen","Dur\u00e9e de lecture estim\u00e9e":"2 minutes"},"schema":{"@context":"https:\/\/schema.org","@graph":[{"@type":"Article","@id":"https:\/\/agradocosmetic.com\/dime-como-eres-y-te-dire-cual-es-tu-protector-solar\/#article","isPartOf":{"@id":"https:\/\/agradocosmetic.com\/dime-como-eres-y-te-dire-cual-es-tu-protector-solar\/"},"author":{"name":"carmen","@id":"https:\/\/agradocosmetic.com\/#\/schema\/person\/59124921013b50f80959d84fc7219096"},"headline":"Dime c\u00f3mo eres y te dir\u00e9 cu\u00e1l es tu protector solar","datePublished":"2025-05-07T08:24:06+00:00","dateModified":"2025-06-09T11:24:27+00:00","mainEntityOfPage":{"@id":"https:\/\/agradocosmetic.com\/dime-como-eres-y-te-dire-cual-es-tu-protector-solar\/"},"wordCount":328,"commentCount":0,"publisher":{"@id":"https:\/\/agradocosmetic.com\/#organization"},"image":{"@id":"https:\/\/agradocosmetic.com\/dime-como-eres-y-te-dire-cual-es-tu-protector-solar\/#primaryimage"},"thumbnailUrl":"https:\/\/agradocosmetic.com\/wp-content\/uploads\/2025\/06\/MAYO-1.jpg","keywords":["protector solar idea","tu solar ideal","cual es para mi","deportista","sport","kids","bruma facial","agrado sun care","agrado","agrado cosmetic","protecci\u00f3n solar ni\u00f1os"],"articleSection":["Solar"],"inLanguage":"fr-FR","potentialAction":[{"@type":"CommentAction","name":"Comment","target":["https:\/\/agradocosmetic.com\/dime-como-eres-y-te-dire-cual-es-tu-protector-solar\/#respond"]}]},{"@type":"WebPage","@id":"https:\/\/agradocosmetic.com\/dime-como-eres-y-te-dire-cual-es-tu-protector-solar\/","url":"https:\/\/agradocosmetic.com\/dime-como-eres-y-te-dire-cual-es-tu-protector-solar\/","name":"Dis-moi comment tu es et je te dirai quelle est ta cr\u00e8me solaire - Agrado","isPartOf":{"@id":"https:\/\/agradocosmetic.com\/#website"},"primaryImageOfPage":{"@id":"https:\/\/agradocosmetic.com\/dime-como-eres-y-te-dire-cual-es-tu-protector-solar\/#primaryimage"},"image":{"@id":"https:\/\/agradocosmetic.com\/dime-como-eres-y-te-dire-cual-es-tu-protector-solar\/#primaryimage"},"thumbnailUrl":"https:\/\/agradocosmetic.com\/wp-content\/uploads\/2025\/06\/MAYO-1.jpg","datePublished":"2025-05-07T08:24:06+00:00","dateModified":"2025-06-09T11:24:27+00:00","description":"Nous savons qu&#039;il n&#039;existe pas de cr\u00e8me solaire universelle, c&#039;est pourquoi nous proposons une gamme adapt\u00e9e \u00e0 vos besoins. Trouvez la cr\u00e8me id\u00e9ale\u00a0!","breadcrumb":{"@id":"https:\/\/agradocosmetic.com\/dime-como-eres-y-te-dire-cual-es-tu-protector-solar\/#breadcrumb"},"inLanguage":"fr-FR","potentialAction":[{"@type":"ReadAction","target":["https:\/\/agradocosmetic.com\/dime-como-eres-y-te-dire-cual-es-tu-protector-solar\/"]}]},{"@type":"ImageObject","inLanguage":"fr-FR","@id":"https:\/\/agradocosmetic.com\/dime-como-eres-y-te-dire-cual-es-tu-protector-solar\/#primaryimage","url":"https:\/\/agradocosmetic.com\/wp-content\/uploads\/2025\/06\/MAYO-1.jpg","contentUrl":"https:\/\/agradocosmetic.com\/wp-content\/uploads\/2025\/06\/MAYO-1.jpg","width":1140,"height":600,"caption":"protector solar"},{"@type":"BreadcrumbList","@id":"https:\/\/agradocosmetic.com\/dime-como-eres-y-te-dire-cual-es-tu-protector-solar\/#breadcrumb","itemListElement":[{"@type":"ListItem","position":1,"name":"Portada","item":"https:\/\/agradocosmetic.com\/"},{"@type":"ListItem","position":2,"name":"Dime c\u00f3mo eres y te dir\u00e9 cu\u00e1l es tu protector solar"}]},{"@type":"WebSite","@id":"https:\/\/agradocosmetic.com\/#website","url":"https:\/\/agradocosmetic.com\/","name":"Aimer","description":"cosm\u00e9tique","publisher":{"@id":"https:\/\/agradocosmetic.com\/#organization"},"potentialAction":[{"@type":"SearchAction","target":{"@type":"EntryPoint","urlTemplate":"https:\/\/agradocosmetic.com\/?s={search_term_string}"},"query-input":{"@type":"PropertyValueSpecification","valueRequired":true,"valueName":"search_term_string"}}],"inLanguage":"fr-FR"},{"@type":"Organization","@id":"https:\/\/agradocosmetic.com\/#organization","name":"Aimer","url":"https:\/\/agradocosmetic.com\/","logo":{"@type":"ImageObject","inLanguage":"fr-FR","@id":"https:\/\/agradocosmetic.com\/#\/schema\/logo\/image\/","url":"https:\/\/agradocosmetic.com\/wp-content\/uploads\/2023\/07\/LOGO-AGRADO-WEB-01.png","contentUrl":"https:\/\/agradocosmetic.com\/wp-content\/uploads\/2023\/07\/LOGO-AGRADO-WEB-01.png","width":1632,"height":300,"caption":"Agrado"},"image":{"@id":"https:\/\/agradocosmetic.com\/#\/schema\/logo\/image\/"}},{"@type":"Person","@id":"https:\/\/agradocosmetic.com\/#\/schema\/person\/59124921013b50f80959d84fc7219096","name":"Carmen","image":{"@type":"ImageObject","inLanguage":"fr-FR","@id":"https:\/\/secure.gravatar.com\/avatar\/2036bf58c019bb0a3f94937a2ed7cab76ae6ebe239f705f7c62ea5c48f93531f?s=96&d=mm&r=g","url":"https:\/\/secure.gravatar.com\/avatar\/2036bf58c019bb0a3f94937a2ed7cab76ae6ebe239f705f7c62ea5c48f93531f?s=96&d=mm&r=g","contentUrl":"https:\/\/secure.gravatar.com\/avatar\/2036bf58c019bb0a3f94937a2ed7cab76ae6ebe239f705f7c62ea5c48f93531f?s=96&d=mm&r=g","caption":"carmen"}}]}},"_links":{"self":[{"href":"https:\/\/agradocosmetic.com\/fr\/wp-json\/wp\/v2\/posts\/30494","targetHints":{"allow":["GET"]}}],"collection":[{"href":"https:\/\/agradocosmetic.com\/fr\/wp-json\/wp\/v2\/posts"}],"about":[{"href":"https:\/\/agradocosmetic.com\/fr\/wp-json\/wp\/v2\/types\/post"}],"author":[{"embeddable":true,"href":"https:\/\/agradocosmetic.com\/fr\/wp-json\/wp\/v2\/users\/11"}],"replies":[{"embeddable":true,"href":"https:\/\/agradocosmetic.com\/fr\/wp-json\/wp\/v2\/comments?post=30494"}],"version-history":[{"count":1,"href":"https:\/\/agradocosmetic.com\/fr\/wp-json\/wp\/v2\/posts\/30494\/revisions"}],"predecessor-version":[{"id":30495,"href":"https:\/\/agradocosmetic.com\/fr\/wp-json\/wp\/v2\/posts\/30494\/revisions\/30495"}],"wp:featuredmedia":[{"embeddable":true,"href":"https:\/\/agradocosmetic.com\/fr\/wp-json\/wp\/v2\/media\/30477"}],"wp:attachment":[{"href":"https:\/\/agradocosmetic.com\/fr\/wp-json\/wp\/v2\/media?parent=30494"}],"wp:term":[{"taxonomy":"category","embeddable":true,"href":"https:\/\/agradocosmetic.com\/fr\/wp-json\/wp\/v2\/categories?post=30494"},{"taxonomy":"post_tag","embeddable":true,"href":"https:\/\/agradocosmetic.com\/fr\/wp-json\/wp\/v2\/tags?post=30494"}],"curies":[{"name":"wp","href":"https:\/\/api.w.org\/{rel}","templated":true}]}}