{"id":30496,"date":"2025-05-22T11:00:59","date_gmt":"2025-05-22T10:00:59","guid":{"rendered":"https:\/\/agradocosmetic.com\/?p=30496"},"modified":"2025-06-09T12:29:24","modified_gmt":"2025-06-09T11:29:24","slug":"guia-de-proteccion-solar-todo-lo-que-debes-saber","status":"publish","type":"post","link":"https:\/\/agradocosmetic.com\/fr\/guia-de-proteccion-solar-todo-lo-que-debes-saber\/","title":{"rendered":"Guide de protection solaire\u00a0: tout ce que vous devez savoir"},"content":{"rendered":"<p><span style=\"font-weight: 400\">L&#039;\u00e9t\u00e9 approche \u00e0 grands pas, et avec lui, les journ\u00e9es \u00e0 la plage, au bord de la piscine et la d\u00e9tente en plein air. Mais avant de profiter du soleil, il est essentiel de savoir comment bien prot\u00e9ger sa peau. Voici un guide pratique de protection solaire pour garder une peau saine et \u00e9clatante tout au long de la saison.<\/span><\/p>\n<h3><span style=\"font-family: -apple-system, BlinkMacSystemFont, 'Segoe UI', Roboto, 'Helvetica Neue', Arial, 'Noto Sans', sans-serif, 'Apple Color Emoji', 'Segoe UI Emoji', 'Segoe UI Symbol', 'Noto Color Emoji'\">Choisissez la bonne cr\u00e8me solaire<\/span><\/h3>\n<p><span style=\"font-weight: 400\">Pas tous <a href=\"https:\/\/agradocosmetic.com\/fr\/categoria-de-producto\/proteccion-solar\/\" target=\"_blank\" rel=\"noopener\">Cr\u00e8mes solaires<\/a> Ils sont tous identiques. Il est important de choisir une formule adapt\u00e9e \u00e0 votre type de peau et \u00e0 vos activit\u00e9s. Par exemple, si vous avez la peau sensible, optez pour des formules hypoallerg\u00e9niques et sans parfum. Pour les activit\u00e9s de plein air ou le sport, privil\u00e9giez les formules r\u00e9sistantes \u00e0 l&#039;eau et \u00e0 la transpiration.<\/span><\/p>\n<h3><span style=\"font-family: -apple-system, BlinkMacSystemFont, 'Segoe UI', Roboto, 'Helvetica Neue', Arial, 'Noto Sans', sans-serif, 'Apple Color Emoji', 'Segoe UI Emoji', 'Segoe UI Symbol', 'Noto Color Emoji'\">Appliquer la quantit\u00e9 correcte<\/span><\/h3>\n<p><span style=\"font-weight: 400\">Pour une protection efficace, il est recommand\u00e9 d&#039;appliquer environ 2 mg de cr\u00e8me solaire par cm\u00b2 de peau. Cela \u00e9quivaut \u00e0 environ deux cuill\u00e8res \u00e0 soupe pour couvrir le corps d&#039;un adulte moyen.<\/span><\/p>\n<h3><span style=\"font-family: -apple-system, BlinkMacSystemFont, 'Segoe UI', Roboto, 'Helvetica Neue', Arial, 'Noto Sans', sans-serif, 'Apple Color Emoji', 'Segoe UI Emoji', 'Segoe UI Symbol', 'Noto Color Emoji'\">Renouveler fr\u00e9quemment l&#039;application<\/span><\/h3>\n<p><span style=\"font-weight: 400\">La cr\u00e8me solaire ne tient pas toute la journ\u00e9e. Il est essentiel d&#039;en r\u00e9appliquer toutes les deux heures et apr\u00e8s avoir nag\u00e9, transpir\u00e9 ou vous \u00eatre essuy\u00e9.<\/span><\/p>\n<h3><span style=\"font-family: -apple-system, BlinkMacSystemFont, 'Segoe UI', Roboto, 'Helvetica Neue', Arial, 'Noto Sans', sans-serif, 'Apple Color Emoji', 'Segoe UI Emoji', 'Segoe UI Symbol', 'Noto Color Emoji'\">Ne vous exposez pas aux heures de pointe<\/span><\/h3>\n<p><span style=\"font-weight: 400\">\u00c9vitez l&#039;exposition au soleil entre 12 h et 16 h, lorsque les rayons UV sont les plus intenses. Si vous devez absolument \u00eatre \u00e0 l&#039;ext\u00e9rieur pendant cette p\u00e9riode, privil\u00e9giez l&#039;ombre et portez des v\u00eatements de protection, un chapeau et des lunettes de soleil.<\/span><\/p>\n<h3><span style=\"font-family: -apple-system, BlinkMacSystemFont, 'Segoe UI', Roboto, 'Helvetica Neue', Arial, 'Noto Sans', sans-serif, 'Apple Color Emoji', 'Segoe UI Emoji', 'Segoe UI Symbol', 'Noto Color Emoji'\">Prot\u00e9ger toutes les zones expos\u00e9es<\/span><\/h3>\n<p><span style=\"font-weight: 400\">N&#039;oubliez pas d&#039;appliquer de la cr\u00e8me solaire sur les oreilles, le cou, le cou-de-pied et les l\u00e8vres. Ces zones sont sujettes aux coups de soleil et sont souvent n\u00e9glig\u00e9es.<\/span><\/p>\n<h3><span style=\"font-family: -apple-system, BlinkMacSystemFont, 'Segoe UI', Roboto, 'Helvetica Neue', Arial, 'Noto Sans', sans-serif, 'Apple Color Emoji', 'Segoe UI Emoji', 'Segoe UI Symbol', 'Noto Color Emoji'\">Prenez soin de votre peau apr\u00e8s une exposition au soleil<\/span><\/h3>\n<p><span style=\"font-weight: 400\">Apr\u00e8s une exposition au soleil, il est important d&#039;hydrater et d&#039;apaiser sa peau. Des produits contenant des ingr\u00e9dients comme l&#039;aloe vera peuvent aider \u00e0 r\u00e9duire l&#039;inflammation et \u00e0 restaurer l&#039;hydratation.<\/span><\/p>\n<p><span style=\"font-weight: 400\">Chez Agrado Sun Care, nous proposons une large gamme de <a href=\"https:\/\/agradocosmetic.com\/fr\/categoria-de-producto\/proteccion-solar\/\" target=\"_blank\" rel=\"noopener\">gamme de produits de protection solaire<\/a> Con\u00e7us pour s&#039;adapter \u00e0 vos besoins et \u00e0 votre style de vie. Des formules pour peaux sensibles aux formules r\u00e9sistantes \u00e0 l&#039;eau, nous avons le partenaire id\u00e9al pour vous.<\/span><\/p>\n<p><span style=\"font-weight: 400\">Cet \u00e9t\u00e9, profitez du soleil de mani\u00e8re responsable et prenez soin de votre peau comme elle le m\u00e9rite. Votre bien-\u00eatre est notre priorit\u00e9\u00a0!<\/span><\/p>","protected":false},"excerpt":{"rendered":"<p>El verano est\u00e1 a la vuelta de la esquina y con \u00e9l llegan los d\u00edas de playa, piscina y paseos al aire libre. Pero antes de disfrutar del sol, es fundamental conocer c\u00f3mo proteger nuestra piel de forma adecuada. Aqu\u00ed te presentamos una gu\u00eda de protecci\u00f3n solar pr\u00e1ctica para que tu piel se mantenga sana [&hellip;]<\/p>\n","protected":false},"author":11,"featured_media":30468,"comment_status":"open","ping_status":"closed","sticky":false,"template":"","format":"standard","meta":{"footnotes":"","_wp_rev_ctl_limit":""},"categories":[531],"tags":[881,882,883,740,126,274,317,410,321],"class_list":["post-30496","post","type-post","status-publish","format-standard","has-post-thumbnail","hentry","category-solar-en","tag-tu-si-que-sabes","tag-guia-de-proteccion-solar","tag-cuidado-de-lal-piel","tag-agrado-sun-care","tag-agrado","tag-agrado-cosmetic","tag-proteccion-solar","tag-protector-solar","tag-verano"],"yoast_head":"<!-- This site is optimized with the Yoast SEO plugin v27.4 - https:\/\/yoast.com\/product\/yoast-seo-wordpress\/ -->\n<title>Gu\u00eda de protecci\u00f3n solar: todo lo que debes saber - Agrado<\/title>\n<meta name=\"description\" content=\"Aqu\u00ed te presentamos una gu\u00eda de protecci\u00f3n solar pr\u00e1ctica para que tu piel se mantenga sana y radiante durante toda la temporada.\" \/>\n<meta name=\"robots\" content=\"index, follow, max-snippet:-1, max-image-preview:large, max-video-preview:-1\" \/>\n<link rel=\"canonical\" href=\"https:\/\/agradocosmetic.com\/fr\/guia-de-proteccion-solar-todo-lo-que-debes-saber\/\" \/>\n<meta property=\"og:locale\" content=\"fr_FR\" \/>\n<meta property=\"og:type\" content=\"article\" \/>\n<meta property=\"og:title\" content=\"Gu\u00eda de protecci\u00f3n solar: todo lo que debes saber - Agrado\" \/>\n<meta property=\"og:description\" content=\"Aqu\u00ed te presentamos una gu\u00eda de protecci\u00f3n solar pr\u00e1ctica para que tu piel se mantenga sana y radiante durante toda la temporada.\" \/>\n<meta property=\"og:url\" content=\"https:\/\/agradocosmetic.com\/fr\/guia-de-proteccion-solar-todo-lo-que-debes-saber\/\" \/>\n<meta property=\"og:site_name\" content=\"Agrado\" \/>\n<meta property=\"article:published_time\" content=\"2025-05-22T10:00:59+00:00\" \/>\n<meta property=\"article:modified_time\" content=\"2025-06-09T11:29:24+00:00\" \/>\n<meta property=\"og:image\" content=\"https:\/\/agradocosmetic.com\/wp-content\/uploads\/2025\/06\/25.jpg\" \/>\n\t<meta property=\"og:image:width\" content=\"1140\" \/>\n\t<meta property=\"og:image:height\" content=\"600\" \/>\n\t<meta property=\"og:image:type\" content=\"image\/jpeg\" \/>\n<meta name=\"author\" content=\"carmen\" \/>\n<meta name=\"twitter:card\" content=\"summary_large_image\" \/>\n<meta name=\"twitter:label1\" content=\"\u00c9crit par\" \/>\n\t<meta name=\"twitter:data1\" content=\"carmen\" \/>\n\t<meta name=\"twitter:label2\" content=\"Dur\u00e9e de lecture estim\u00e9e\" \/>\n\t<meta name=\"twitter:data2\" content=\"2 minutes\" \/>\n<script type=\"application\/ld+json\" class=\"yoast-schema-graph\">{\"@context\":\"https:\\\/\\\/schema.org\",\"@graph\":[{\"@type\":\"Article\",\"@id\":\"https:\\\/\\\/agradocosmetic.com\\\/guia-de-proteccion-solar-todo-lo-que-debes-saber\\\/#article\",\"isPartOf\":{\"@id\":\"https:\\\/\\\/agradocosmetic.com\\\/guia-de-proteccion-solar-todo-lo-que-debes-saber\\\/\"},\"author\":{\"name\":\"carmen\",\"@id\":\"https:\\\/\\\/agradocosmetic.com\\\/#\\\/schema\\\/person\\\/59124921013b50f80959d84fc7219096\"},\"headline\":\"Gu\u00eda de protecci\u00f3n solar: todo lo que debes saber\",\"datePublished\":\"2025-05-22T10:00:59+00:00\",\"dateModified\":\"2025-06-09T11:29:24+00:00\",\"mainEntityOfPage\":{\"@id\":\"https:\\\/\\\/agradocosmetic.com\\\/guia-de-proteccion-solar-todo-lo-que-debes-saber\\\/\"},\"wordCount\":377,\"commentCount\":0,\"publisher\":{\"@id\":\"https:\\\/\\\/agradocosmetic.com\\\/#organization\"},\"image\":{\"@id\":\"https:\\\/\\\/agradocosmetic.com\\\/guia-de-proteccion-solar-todo-lo-que-debes-saber\\\/#primaryimage\"},\"thumbnailUrl\":\"https:\\\/\\\/agradocosmetic.com\\\/wp-content\\\/uploads\\\/2025\\\/06\\\/25.jpg\",\"keywords\":[\"tu si que sabes\",\"guia de proteccion solar\",\"cuidado de lal piel\",\"agrado sun care\",\"agrado\",\"agrado cosmetic\",\"proteccion solar\",\"protector solar\",\"verano\"],\"articleSection\":[\"Solar\"],\"inLanguage\":\"fr-FR\",\"potentialAction\":[{\"@type\":\"CommentAction\",\"name\":\"Comment\",\"target\":[\"https:\\\/\\\/agradocosmetic.com\\\/guia-de-proteccion-solar-todo-lo-que-debes-saber\\\/#respond\"]}]},{\"@type\":\"WebPage\",\"@id\":\"https:\\\/\\\/agradocosmetic.com\\\/guia-de-proteccion-solar-todo-lo-que-debes-saber\\\/\",\"url\":\"https:\\\/\\\/agradocosmetic.com\\\/guia-de-proteccion-solar-todo-lo-que-debes-saber\\\/\",\"name\":\"Gu\u00eda de protecci\u00f3n solar: todo lo que debes saber - Agrado\",\"isPartOf\":{\"@id\":\"https:\\\/\\\/agradocosmetic.com\\\/#website\"},\"primaryImageOfPage\":{\"@id\":\"https:\\\/\\\/agradocosmetic.com\\\/guia-de-proteccion-solar-todo-lo-que-debes-saber\\\/#primaryimage\"},\"image\":{\"@id\":\"https:\\\/\\\/agradocosmetic.com\\\/guia-de-proteccion-solar-todo-lo-que-debes-saber\\\/#primaryimage\"},\"thumbnailUrl\":\"https:\\\/\\\/agradocosmetic.com\\\/wp-content\\\/uploads\\\/2025\\\/06\\\/25.jpg\",\"datePublished\":\"2025-05-22T10:00:59+00:00\",\"dateModified\":\"2025-06-09T11:29:24+00:00\",\"description\":\"Aqu\u00ed te presentamos una gu\u00eda de protecci\u00f3n solar pr\u00e1ctica para que tu piel se mantenga sana y radiante durante toda la temporada.\",\"breadcrumb\":{\"@id\":\"https:\\\/\\\/agradocosmetic.com\\\/guia-de-proteccion-solar-todo-lo-que-debes-saber\\\/#breadcrumb\"},\"inLanguage\":\"fr-FR\",\"potentialAction\":[{\"@type\":\"ReadAction\",\"target\":[\"https:\\\/\\\/agradocosmetic.com\\\/guia-de-proteccion-solar-todo-lo-que-debes-saber\\\/\"]}]},{\"@type\":\"ImageObject\",\"inLanguage\":\"fr-FR\",\"@id\":\"https:\\\/\\\/agradocosmetic.com\\\/guia-de-proteccion-solar-todo-lo-que-debes-saber\\\/#primaryimage\",\"url\":\"https:\\\/\\\/agradocosmetic.com\\\/wp-content\\\/uploads\\\/2025\\\/06\\\/25.jpg\",\"contentUrl\":\"https:\\\/\\\/agradocosmetic.com\\\/wp-content\\\/uploads\\\/2025\\\/06\\\/25.jpg\",\"width\":1140,\"height\":600,\"caption\":\"gu\u00eda de protecci\u00f3n solar\"},{\"@type\":\"BreadcrumbList\",\"@id\":\"https:\\\/\\\/agradocosmetic.com\\\/guia-de-proteccion-solar-todo-lo-que-debes-saber\\\/#breadcrumb\",\"itemListElement\":[{\"@type\":\"ListItem\",\"position\":1,\"name\":\"Portada\",\"item\":\"https:\\\/\\\/agradocosmetic.com\\\/\"},{\"@type\":\"ListItem\",\"position\":2,\"name\":\"Gu\u00eda de protecci\u00f3n solar: todo lo que debes saber\"}]},{\"@type\":\"WebSite\",\"@id\":\"https:\\\/\\\/agradocosmetic.com\\\/#website\",\"url\":\"https:\\\/\\\/agradocosmetic.com\\\/\",\"name\":\"Agrado\",\"description\":\"Cosmetic\",\"publisher\":{\"@id\":\"https:\\\/\\\/agradocosmetic.com\\\/#organization\"},\"potentialAction\":[{\"@type\":\"SearchAction\",\"target\":{\"@type\":\"EntryPoint\",\"urlTemplate\":\"https:\\\/\\\/agradocosmetic.com\\\/?s={search_term_string}\"},\"query-input\":{\"@type\":\"PropertyValueSpecification\",\"valueRequired\":true,\"valueName\":\"search_term_string\"}}],\"inLanguage\":\"fr-FR\"},{\"@type\":\"Organization\",\"@id\":\"https:\\\/\\\/agradocosmetic.com\\\/#organization\",\"name\":\"Agrado\",\"url\":\"https:\\\/\\\/agradocosmetic.com\\\/\",\"logo\":{\"@type\":\"ImageObject\",\"inLanguage\":\"fr-FR\",\"@id\":\"https:\\\/\\\/agradocosmetic.com\\\/#\\\/schema\\\/logo\\\/image\\\/\",\"url\":\"https:\\\/\\\/agradocosmetic.com\\\/wp-content\\\/uploads\\\/2023\\\/07\\\/LOGO-AGRADO-WEB-01.png\",\"contentUrl\":\"https:\\\/\\\/agradocosmetic.com\\\/wp-content\\\/uploads\\\/2023\\\/07\\\/LOGO-AGRADO-WEB-01.png\",\"width\":1632,\"height\":300,\"caption\":\"Agrado\"},\"image\":{\"@id\":\"https:\\\/\\\/agradocosmetic.com\\\/#\\\/schema\\\/logo\\\/image\\\/\"}},{\"@type\":\"Person\",\"@id\":\"https:\\\/\\\/agradocosmetic.com\\\/#\\\/schema\\\/person\\\/59124921013b50f80959d84fc7219096\",\"name\":\"carmen\",\"image\":{\"@type\":\"ImageObject\",\"inLanguage\":\"fr-FR\",\"@id\":\"https:\\\/\\\/secure.gravatar.com\\\/avatar\\\/2036bf58c019bb0a3f94937a2ed7cab76ae6ebe239f705f7c62ea5c48f93531f?s=96&d=mm&r=g\",\"url\":\"https:\\\/\\\/secure.gravatar.com\\\/avatar\\\/2036bf58c019bb0a3f94937a2ed7cab76ae6ebe239f705f7c62ea5c48f93531f?s=96&d=mm&r=g\",\"contentUrl\":\"https:\\\/\\\/secure.gravatar.com\\\/avatar\\\/2036bf58c019bb0a3f94937a2ed7cab76ae6ebe239f705f7c62ea5c48f93531f?s=96&d=mm&r=g\",\"caption\":\"carmen\"}}]}<\/script>\n<!-- \/ Yoast SEO plugin. -->","yoast_head_json":{"title":"Guide de protection solaire\u00a0: tout ce que vous devez savoir - Agrado","description":"Voici un guide pratique de protection solaire pour garder votre peau saine et \u00e9clatante tout au long de la saison.","robots":{"index":"index","follow":"follow","max-snippet":"max-snippet:-1","max-image-preview":"max-image-preview:large","max-video-preview":"max-video-preview:-1"},"canonical":"https:\/\/agradocosmetic.com\/fr\/guia-de-proteccion-solar-todo-lo-que-debes-saber\/","og_locale":"fr_FR","og_type":"article","og_title":"Gu\u00eda de protecci\u00f3n solar: todo lo que debes saber - Agrado","og_description":"Aqu\u00ed te presentamos una gu\u00eda de protecci\u00f3n solar pr\u00e1ctica para que tu piel se mantenga sana y radiante durante toda la temporada.","og_url":"https:\/\/agradocosmetic.com\/fr\/guia-de-proteccion-solar-todo-lo-que-debes-saber\/","og_site_name":"Agrado","article_published_time":"2025-05-22T10:00:59+00:00","article_modified_time":"2025-06-09T11:29:24+00:00","og_image":[{"width":1140,"height":600,"url":"https:\/\/agradocosmetic.com\/wp-content\/uploads\/2025\/06\/25.jpg","type":"image\/jpeg"}],"author":"carmen","twitter_card":"summary_large_image","twitter_misc":{"\u00c9crit par":"carmen","Dur\u00e9e de lecture estim\u00e9e":"2 minutes"},"schema":{"@context":"https:\/\/schema.org","@graph":[{"@type":"Article","@id":"https:\/\/agradocosmetic.com\/guia-de-proteccion-solar-todo-lo-que-debes-saber\/#article","isPartOf":{"@id":"https:\/\/agradocosmetic.com\/guia-de-proteccion-solar-todo-lo-que-debes-saber\/"},"author":{"name":"carmen","@id":"https:\/\/agradocosmetic.com\/#\/schema\/person\/59124921013b50f80959d84fc7219096"},"headline":"Gu\u00eda de protecci\u00f3n solar: todo lo que debes saber","datePublished":"2025-05-22T10:00:59+00:00","dateModified":"2025-06-09T11:29:24+00:00","mainEntityOfPage":{"@id":"https:\/\/agradocosmetic.com\/guia-de-proteccion-solar-todo-lo-que-debes-saber\/"},"wordCount":377,"commentCount":0,"publisher":{"@id":"https:\/\/agradocosmetic.com\/#organization"},"image":{"@id":"https:\/\/agradocosmetic.com\/guia-de-proteccion-solar-todo-lo-que-debes-saber\/#primaryimage"},"thumbnailUrl":"https:\/\/agradocosmetic.com\/wp-content\/uploads\/2025\/06\/25.jpg","keywords":["tu si que sabes","guia de proteccion solar","cuidado de lal piel","agrado sun care","agrado","agrado cosmetic","proteccion solar","protector solar","verano"],"articleSection":["Solar"],"inLanguage":"fr-FR","potentialAction":[{"@type":"CommentAction","name":"Comment","target":["https:\/\/agradocosmetic.com\/guia-de-proteccion-solar-todo-lo-que-debes-saber\/#respond"]}]},{"@type":"WebPage","@id":"https:\/\/agradocosmetic.com\/guia-de-proteccion-solar-todo-lo-que-debes-saber\/","url":"https:\/\/agradocosmetic.com\/guia-de-proteccion-solar-todo-lo-que-debes-saber\/","name":"Guide de protection solaire\u00a0: tout ce que vous devez savoir - Agrado","isPartOf":{"@id":"https:\/\/agradocosmetic.com\/#website"},"primaryImageOfPage":{"@id":"https:\/\/agradocosmetic.com\/guia-de-proteccion-solar-todo-lo-que-debes-saber\/#primaryimage"},"image":{"@id":"https:\/\/agradocosmetic.com\/guia-de-proteccion-solar-todo-lo-que-debes-saber\/#primaryimage"},"thumbnailUrl":"https:\/\/agradocosmetic.com\/wp-content\/uploads\/2025\/06\/25.jpg","datePublished":"2025-05-22T10:00:59+00:00","dateModified":"2025-06-09T11:29:24+00:00","description":"Voici un guide pratique de protection solaire pour garder votre peau saine et \u00e9clatante tout au long de la saison.","breadcrumb":{"@id":"https:\/\/agradocosmetic.com\/guia-de-proteccion-solar-todo-lo-que-debes-saber\/#breadcrumb"},"inLanguage":"fr-FR","potentialAction":[{"@type":"ReadAction","target":["https:\/\/agradocosmetic.com\/guia-de-proteccion-solar-todo-lo-que-debes-saber\/"]}]},{"@type":"ImageObject","inLanguage":"fr-FR","@id":"https:\/\/agradocosmetic.com\/guia-de-proteccion-solar-todo-lo-que-debes-saber\/#primaryimage","url":"https:\/\/agradocosmetic.com\/wp-content\/uploads\/2025\/06\/25.jpg","contentUrl":"https:\/\/agradocosmetic.com\/wp-content\/uploads\/2025\/06\/25.jpg","width":1140,"height":600,"caption":"gu\u00eda de protecci\u00f3n solar"},{"@type":"BreadcrumbList","@id":"https:\/\/agradocosmetic.com\/guia-de-proteccion-solar-todo-lo-que-debes-saber\/#breadcrumb","itemListElement":[{"@type":"ListItem","position":1,"name":"Portada","item":"https:\/\/agradocosmetic.com\/"},{"@type":"ListItem","position":2,"name":"Gu\u00eda de protecci\u00f3n solar: todo lo que debes saber"}]},{"@type":"WebSite","@id":"https:\/\/agradocosmetic.com\/#website","url":"https:\/\/agradocosmetic.com\/","name":"Aimer","description":"cosm\u00e9tique","publisher":{"@id":"https:\/\/agradocosmetic.com\/#organization"},"potentialAction":[{"@type":"SearchAction","target":{"@type":"EntryPoint","urlTemplate":"https:\/\/agradocosmetic.com\/?s={search_term_string}"},"query-input":{"@type":"PropertyValueSpecification","valueRequired":true,"valueName":"search_term_string"}}],"inLanguage":"fr-FR"},{"@type":"Organization","@id":"https:\/\/agradocosmetic.com\/#organization","name":"Aimer","url":"https:\/\/agradocosmetic.com\/","logo":{"@type":"ImageObject","inLanguage":"fr-FR","@id":"https:\/\/agradocosmetic.com\/#\/schema\/logo\/image\/","url":"https:\/\/agradocosmetic.com\/wp-content\/uploads\/2023\/07\/LOGO-AGRADO-WEB-01.png","contentUrl":"https:\/\/agradocosmetic.com\/wp-content\/uploads\/2023\/07\/LOGO-AGRADO-WEB-01.png","width":1632,"height":300,"caption":"Agrado"},"image":{"@id":"https:\/\/agradocosmetic.com\/#\/schema\/logo\/image\/"}},{"@type":"Person","@id":"https:\/\/agradocosmetic.com\/#\/schema\/person\/59124921013b50f80959d84fc7219096","name":"Carmen","image":{"@type":"ImageObject","inLanguage":"fr-FR","@id":"https:\/\/secure.gravatar.com\/avatar\/2036bf58c019bb0a3f94937a2ed7cab76ae6ebe239f705f7c62ea5c48f93531f?s=96&d=mm&r=g","url":"https:\/\/secure.gravatar.com\/avatar\/2036bf58c019bb0a3f94937a2ed7cab76ae6ebe239f705f7c62ea5c48f93531f?s=96&d=mm&r=g","contentUrl":"https:\/\/secure.gravatar.com\/avatar\/2036bf58c019bb0a3f94937a2ed7cab76ae6ebe239f705f7c62ea5c48f93531f?s=96&d=mm&r=g","caption":"carmen"}}]}},"_links":{"self":[{"href":"https:\/\/agradocosmetic.com\/fr\/wp-json\/wp\/v2\/posts\/30496","targetHints":{"allow":["GET"]}}],"collection":[{"href":"https:\/\/agradocosmetic.com\/fr\/wp-json\/wp\/v2\/posts"}],"about":[{"href":"https:\/\/agradocosmetic.com\/fr\/wp-json\/wp\/v2\/types\/post"}],"author":[{"embeddable":true,"href":"https:\/\/agradocosmetic.com\/fr\/wp-json\/wp\/v2\/users\/11"}],"replies":[{"embeddable":true,"href":"https:\/\/agradocosmetic.com\/fr\/wp-json\/wp\/v2\/comments?post=30496"}],"version-history":[{"count":1,"href":"https:\/\/agradocosmetic.com\/fr\/wp-json\/wp\/v2\/posts\/30496\/revisions"}],"predecessor-version":[{"id":30497,"href":"https:\/\/agradocosmetic.com\/fr\/wp-json\/wp\/v2\/posts\/30496\/revisions\/30497"}],"wp:featuredmedia":[{"embeddable":true,"href":"https:\/\/agradocosmetic.com\/fr\/wp-json\/wp\/v2\/media\/30468"}],"wp:attachment":[{"href":"https:\/\/agradocosmetic.com\/fr\/wp-json\/wp\/v2\/media?parent=30496"}],"wp:term":[{"taxonomy":"category","embeddable":true,"href":"https:\/\/agradocosmetic.com\/fr\/wp-json\/wp\/v2\/categories?post=30496"},{"taxonomy":"post_tag","embeddable":true,"href":"https:\/\/agradocosmetic.com\/fr\/wp-json\/wp\/v2\/tags?post=30496"}],"curies":[{"name":"wp","href":"https:\/\/api.w.org\/{rel}","templated":true}]}}