{"id":33213,"date":"2025-09-01T21:49:04","date_gmt":"2025-09-01T20:49:04","guid":{"rendered":"https:\/\/agradocosmetic.com\/?p=33213"},"modified":"2025-09-09T21:59:31","modified_gmt":"2025-09-09T20:59:31","slug":"hair-lovers-las-nuevas-rutinas-capilares-de-agrado","status":"publish","type":"post","link":"https:\/\/agradocosmetic.com\/fr\/hair-lovers-las-nuevas-rutinas-capilares-de-agrado\/","title":{"rendered":"Hair Lovers : les nouvelles routines capillaires d&#039;Agrado"},"content":{"rendered":"<p>Si vous faites partie de ceux qui croient que vos cheveux m\u00e9ritent d\u2019\u00eatre chouchout\u00e9s, vous allez adorer ce qu\u2019Agrado a pr\u00e9par\u00e9 avec sa nouvelle ligne. <a href=\"https:\/\/agradocosmetic.com\/fr\/capilares\/\" target=\"_blank\" rel=\"noopener\"><strong>Amoureux des cheveux<\/strong><\/a>Des produits capillaires qui \u00e9quilibrent efficacit\u00e9 et \u00e9thique, des formules intelligentes pour chaque besoin et un nouveau look et une nouvelle sensation qui font du soin des cheveux un v\u00e9ritable plaisir.<\/p>\n<h2>Qu&#039;est-ce que Hair Lovers ?<\/h2>\n<p>Hair Lovers est le nouvel univers de soins capillaires d&#039;Agrado, con\u00e7u pour r\u00e9pondre \u00e0 tous les besoins de vos cheveux gr\u00e2ce \u00e0 des ingr\u00e9dients hautement efficaces (prot\u00e9ines v\u00e9g\u00e9tales, huiles nourrissantes, antioxydants naturels) et un emballage plus durable (100 % recyclable et contenant un pourcentage \u00e9lev\u00e9 de plastique recycl\u00e9). Parce que prendre soin de ses cheveux, c&#039;est aussi faire un geste pour la plan\u00e8te.<\/p>\n<p>De plus, plusieurs gammes existantes affichent un nouveau look and feel : plus frais, plus soign\u00e9, plus moderne, pour que l\u2019exp\u00e9rience utilisateur soit aussi satisfaisante que le r\u00e9sultat.<\/p>\n<h2>Lignes de cheveux selon vos besoins<\/h2>\n<p>Voici un mini r\u00e9sum\u00e9 des principales familles <a href=\"https:\/\/agradocosmetic.com\/fr\/capilares\/\" target=\"_blank\" rel=\"noopener\"><strong>Amoureux des cheveux<\/strong><\/a> et \u00e0 qui ils sont destin\u00e9s :<\/p>\n<h3><strong>Remplisseur de fibres hyaluroniques.<\/strong><\/h3>\n<p>Con\u00e7u pour les cheveux d\u00e9shydrat\u00e9s ou ternes, il offre une hydratation intensive pendant 48 heures et redonne corps et brillance gr\u00e2ce \u00e0 la technologie Hidroflex Active Filler.<\/p>\n<p><img fetchpriority=\"high\" decoding=\"async\" class=\"alignnone size-medium wp-image-33216\" src=\"https:\/\/agradocosmetic.com\/wp-content\/uploads\/2025\/09\/Pro-Capture-One-1192-en-tamano-grande-e1757450711913-300x197.jpeg\" alt=\"hyaluronic fibre filler\" width=\"300\" height=\"197\" srcset=\"https:\/\/agradocosmetic.com\/wp-content\/uploads\/2025\/09\/Pro-Capture-One-1192-en-tamano-grande-e1757450711913-300x197.jpeg 300w, https:\/\/agradocosmetic.com\/wp-content\/uploads\/2025\/09\/Pro-Capture-One-1192-en-tamano-grande-e1757450711913-768x504.jpeg 768w, https:\/\/agradocosmetic.com\/wp-content\/uploads\/2025\/09\/Pro-Capture-One-1192-en-tamano-grande-e1757450711913-18x12.jpeg 18w, https:\/\/agradocosmetic.com\/wp-content\/uploads\/2025\/09\/Pro-Capture-One-1192-en-tamano-grande-e1757450711913.jpeg 1006w\" sizes=\"(max-width: 300px) 100vw, 300px\" \/><\/p>\n<h3><strong>Boucles et boucl\u00e9s.<\/strong><\/h3>\n<p>Id\u00e9al pour les cheveux boucl\u00e9s et ondul\u00e9s. \u00c0 base d&#039;acide hyaluronique et d&#039;aloe vera, il hydrate, d\u00e9finit et sublime les cheveux boucl\u00e9s sans les alourdir.<\/p>\n<p><img decoding=\"async\" class=\"alignnone size-medium wp-image-33218\" src=\"https:\/\/agradocosmetic.com\/wp-content\/uploads\/2025\/09\/Pro-Capture-One-1008-300x203.jpg\" alt=\"rizos curly\" width=\"300\" height=\"203\" srcset=\"https:\/\/agradocosmetic.com\/wp-content\/uploads\/2025\/09\/Pro-Capture-One-1008-300x203.jpg 300w, https:\/\/agradocosmetic.com\/wp-content\/uploads\/2025\/09\/Pro-Capture-One-1008-1024x694.jpg 1024w, https:\/\/agradocosmetic.com\/wp-content\/uploads\/2025\/09\/Pro-Capture-One-1008-768x521.jpg 768w, https:\/\/agradocosmetic.com\/wp-content\/uploads\/2025\/09\/Pro-Capture-One-1008-1536x1041.jpg 1536w, https:\/\/agradocosmetic.com\/wp-content\/uploads\/2025\/09\/Pro-Capture-One-1008-2048x1388.jpg 2048w, https:\/\/agradocosmetic.com\/wp-content\/uploads\/2025\/09\/Pro-Capture-One-1008-18x12.jpg 18w\" sizes=\"(max-width: 300px) 100vw, 300px\" \/><\/p>\n<h3><strong>K\u00e9ratine anti-frisottis.<\/strong><\/h3>\n<p>Pour cheveux cr\u00e9pus ou ab\u00eem\u00e9s. R\u00e9pare, lisse et contr\u00f4le les frisottis tout en les prot\u00e9geant de la chaleur et de l&#039;humidit\u00e9.<\/p>\n<p><img decoding=\"async\" class=\"alignnone size-medium wp-image-33223\" src=\"https:\/\/agradocosmetic.com\/wp-content\/uploads\/2025\/09\/Pro-Capture-One-0316-scaled-e1757451422379-300x185.jpg\" alt=\"keratina anti frizz\" width=\"300\" height=\"185\" srcset=\"https:\/\/agradocosmetic.com\/wp-content\/uploads\/2025\/09\/Pro-Capture-One-0316-scaled-e1757451422379-300x185.jpg 300w, https:\/\/agradocosmetic.com\/wp-content\/uploads\/2025\/09\/Pro-Capture-One-0316-scaled-e1757451422379-1024x630.jpg 1024w, https:\/\/agradocosmetic.com\/wp-content\/uploads\/2025\/09\/Pro-Capture-One-0316-scaled-e1757451422379-768x472.jpg 768w, https:\/\/agradocosmetic.com\/wp-content\/uploads\/2025\/09\/Pro-Capture-One-0316-scaled-e1757451422379-1536x945.jpg 1536w, https:\/\/agradocosmetic.com\/wp-content\/uploads\/2025\/09\/Pro-Capture-One-0316-scaled-e1757451422379-18x12.jpg 18w, https:\/\/agradocosmetic.com\/wp-content\/uploads\/2025\/09\/Pro-Capture-One-0316-scaled-e1757451422379.jpg 1707w\" sizes=\"(max-width: 300px) 100vw, 300px\" \/><\/p>\n<h3><strong>Th\u00e9rapie par la couleur.<\/strong><\/h3>\n<p>Id\u00e9al pour les cheveux color\u00e9s ou m\u00e9ch\u00e9s. Prot\u00e8ge la couleur et apporte une brillance intense gr\u00e2ce aux filtres UV et \u00e0 la provitamine B5.<\/p>\n<p><img loading=\"lazy\" decoding=\"async\" class=\"alignnone size-medium wp-image-33221\" src=\"https:\/\/agradocosmetic.com\/wp-content\/uploads\/2025\/09\/Pro-Capture-One-0585-2-scaled-e1757451324393-300x185.jpg\" alt=\"colour therapy\" width=\"300\" height=\"185\" srcset=\"https:\/\/agradocosmetic.com\/wp-content\/uploads\/2025\/09\/Pro-Capture-One-0585-2-scaled-e1757451324393-300x185.jpg 300w, https:\/\/agradocosmetic.com\/wp-content\/uploads\/2025\/09\/Pro-Capture-One-0585-2-scaled-e1757451324393-1024x630.jpg 1024w, https:\/\/agradocosmetic.com\/wp-content\/uploads\/2025\/09\/Pro-Capture-One-0585-2-scaled-e1757451324393-768x472.jpg 768w, https:\/\/agradocosmetic.com\/wp-content\/uploads\/2025\/09\/Pro-Capture-One-0585-2-scaled-e1757451324393-1536x945.jpg 1536w, https:\/\/agradocosmetic.com\/wp-content\/uploads\/2025\/09\/Pro-Capture-One-0585-2-scaled-e1757451324393-18x12.jpg 18w, https:\/\/agradocosmetic.com\/wp-content\/uploads\/2025\/09\/Pro-Capture-One-0585-2-scaled-e1757451324393.jpg 1707w\" sizes=\"(max-width: 300px) 100vw, 300px\" \/><\/p>\n<h3><strong>R\u00e9parateur Nutritif.<\/strong><\/h3>\n<p>Un incontournable pour les cheveux secs ou ab\u00eem\u00e9s. \u00c0 base d&#039;huile d&#039;argan et de prot\u00e9ines de soie, il nourrit en profondeur et redonne douceur et force \u00e0 la fibre capillaire.<\/p>\n<p><img loading=\"lazy\" decoding=\"async\" class=\"alignnone size-medium wp-image-33220\" src=\"https:\/\/agradocosmetic.com\/wp-content\/uploads\/2025\/09\/Pro-Capture-One-0154-scaled-e1757451250272-300x220.jpg\" alt=\"nutritivo\" width=\"300\" height=\"220\" srcset=\"https:\/\/agradocosmetic.com\/wp-content\/uploads\/2025\/09\/Pro-Capture-One-0154-scaled-e1757451250272-300x220.jpg 300w, https:\/\/agradocosmetic.com\/wp-content\/uploads\/2025\/09\/Pro-Capture-One-0154-scaled-e1757451250272-1024x752.jpg 1024w, https:\/\/agradocosmetic.com\/wp-content\/uploads\/2025\/09\/Pro-Capture-One-0154-scaled-e1757451250272-768x564.jpg 768w, https:\/\/agradocosmetic.com\/wp-content\/uploads\/2025\/09\/Pro-Capture-One-0154-scaled-e1757451250272-1536x1128.jpg 1536w, https:\/\/agradocosmetic.com\/wp-content\/uploads\/2025\/09\/Pro-Capture-One-0154-scaled-e1757451250272-16x12.jpg 16w, https:\/\/agradocosmetic.com\/wp-content\/uploads\/2025\/09\/Pro-Capture-One-0154-scaled-e1757451250272.jpg 1707w\" sizes=\"(max-width: 300px) 100vw, 300px\" \/><\/p>\n<h3><strong>Brillance intense.<\/strong><\/h3>\n<p>Con\u00e7u pour les cheveux ternes ou d\u00e9vitalis\u00e9s. Apporte \u00e9clat et vitalit\u00e9 instantan\u00e9ment, laissant les cheveux l\u00e9gers, souples et \u00e9clatants.<\/p>\n<p><img loading=\"lazy\" decoding=\"async\" class=\"alignnone size-medium wp-image-33224\" src=\"https:\/\/agradocosmetic.com\/wp-content\/uploads\/2025\/09\/Pro-Capture-One-1081-scaled-e1757451498342-300x185.jpg\" alt=\"brillo intenso\" width=\"300\" height=\"185\" srcset=\"https:\/\/agradocosmetic.com\/wp-content\/uploads\/2025\/09\/Pro-Capture-One-1081-scaled-e1757451498342-300x185.jpg 300w, https:\/\/agradocosmetic.com\/wp-content\/uploads\/2025\/09\/Pro-Capture-One-1081-scaled-e1757451498342-1024x630.jpg 1024w, https:\/\/agradocosmetic.com\/wp-content\/uploads\/2025\/09\/Pro-Capture-One-1081-scaled-e1757451498342-768x472.jpg 768w, https:\/\/agradocosmetic.com\/wp-content\/uploads\/2025\/09\/Pro-Capture-One-1081-scaled-e1757451498342-1536x945.jpg 1536w, https:\/\/agradocosmetic.com\/wp-content\/uploads\/2025\/09\/Pro-Capture-One-1081-scaled-e1757451498342-18x12.jpg 18w, https:\/\/agradocosmetic.com\/wp-content\/uploads\/2025\/09\/Pro-Capture-One-1081-scaled-e1757451498342.jpg 1707w\" sizes=\"(max-width: 300px) 100vw, 300px\" \/><\/p>\n<h3><strong>R\u00e9gulateur antipelliculaire.<\/strong><\/h3>\n<p>Soin sp\u00e9cifique pour cuirs chevelus \u00e0 tendance pelliculaire. Allie efficacit\u00e9 et fra\u00eecheur pour maintenir l&#039;\u00e9quilibre du cuir chevelu sans le dess\u00e9cher.<\/p>\n<p><img loading=\"lazy\" decoding=\"async\" class=\"alignnone size-medium wp-image-33225\" src=\"https:\/\/agradocosmetic.com\/wp-content\/uploads\/2025\/09\/4Z6A0683-en-tamano-grande-e1757451553305-300x173.jpeg\" alt=\"\" width=\"300\" height=\"173\" srcset=\"https:\/\/agradocosmetic.com\/wp-content\/uploads\/2025\/09\/4Z6A0683-en-tamano-grande-e1757451553305-300x173.jpeg 300w, https:\/\/agradocosmetic.com\/wp-content\/uploads\/2025\/09\/4Z6A0683-en-tamano-grande-e1757451553305-768x444.jpeg 768w, https:\/\/agradocosmetic.com\/wp-content\/uploads\/2025\/09\/4Z6A0683-en-tamano-grande-e1757451553305-18x10.jpeg 18w, https:\/\/agradocosmetic.com\/wp-content\/uploads\/2025\/09\/4Z6A0683-en-tamano-grande-e1757451553305.jpeg 853w\" sizes=\"(max-width: 300px) 100vw, 300px\" \/><\/p>\n<p>Si vous \u00eates un #HairLovers, vous trouverez la solution id\u00e9ale sans compromettre vos valeurs et sans complications. En 2025, cessez de r\u00eaver de cheveux sains et vivez-les en toute simplicit\u00e9\u00a0: choisissez votre ligne. <a href=\"https:\/\/agradocosmetic.com\/fr\/capilares\/\" target=\"_blank\" rel=\"noopener\">Amoureux des cheveux<\/a> et laissez vos cheveux parler pour vous.<\/p>","protected":false},"excerpt":{"rendered":"<p>Si eres de quienes consideran que tu melena merece mimos, vas a adorar lo que Agrado ha preparado con su nueva l\u00ednea Hair Lovers. Capilares con equilibrio entre eficacia y sentido \u00e9tico, f\u00f3rmulas inteligentes para cada necesidad y un nuevo look &amp; feel que hace que cuidarse el cabello sea un verdadero placer. \u00bfQu\u00e9 es [&hellip;]<\/p>\n","protected":false},"author":11,"featured_media":33214,"comment_status":"closed","ping_status":"closed","sticky":false,"template":"","format":"standard","meta":{"footnotes":"","_wp_rev_ctl_limit":""},"categories":[509],"tags":[899,900,901,902,903,689,126,129,387,205,357,344,182,705],"class_list":["post-33213","post","type-post","status-publish","format-standard","has-post-thumbnail","hentry","category-capilar-en","tag-hair-lovers","tag-champu","tag-crema-de-peinado","tag-pelo-perfecto","tag-nutricipn","tag-acondicionador","tag-agrado","tag-capilar","tag-cuidado-capilar","tag-hidratacion","tag-keratina","tag-mascarilla","tag-pelo","tag-rutina"],"yoast_head":"<!-- This site is optimized with the Yoast SEO plugin v27.4 - https:\/\/yoast.com\/product\/yoast-seo-wordpress\/ -->\n<title>Hair Lovers: las nuevas rutinas capilares de Agrado - Agrado<\/title>\n<meta name=\"description\" content=\"\u00bfEn busca de una melena que corte el aire? Vas a adorar lo que Agrado ha preparado con su nueva l\u00ednea Hair Lovers.\" \/>\n<meta name=\"robots\" content=\"index, follow, max-snippet:-1, max-image-preview:large, max-video-preview:-1\" \/>\n<link rel=\"canonical\" href=\"https:\/\/agradocosmetic.com\/fr\/hair-lovers-las-nuevas-rutinas-capilares-de-agrado\/\" \/>\n<meta property=\"og:locale\" content=\"fr_FR\" \/>\n<meta property=\"og:type\" content=\"article\" \/>\n<meta property=\"og:title\" content=\"Hair Lovers: las nuevas rutinas capilares de Agrado - Agrado\" \/>\n<meta property=\"og:description\" content=\"\u00bfEn busca de una melena que corte el aire? Vas a adorar lo que Agrado ha preparado con su nueva l\u00ednea Hair Lovers.\" \/>\n<meta property=\"og:url\" content=\"https:\/\/agradocosmetic.com\/fr\/hair-lovers-las-nuevas-rutinas-capilares-de-agrado\/\" \/>\n<meta property=\"og:site_name\" content=\"Agrado\" \/>\n<meta property=\"article:published_time\" content=\"2025-09-01T20:49:04+00:00\" \/>\n<meta property=\"article:modified_time\" content=\"2025-09-09T20:59:31+00:00\" \/>\n<meta property=\"og:image\" content=\"https:\/\/agradocosmetic.com\/wp-content\/uploads\/2025\/09\/CAPILARES.jpg\" \/>\n\t<meta property=\"og:image:width\" content=\"1140\" \/>\n\t<meta property=\"og:image:height\" content=\"600\" \/>\n\t<meta property=\"og:image:type\" content=\"image\/jpeg\" \/>\n<meta name=\"author\" content=\"carmen\" \/>\n<meta name=\"twitter:card\" content=\"summary_large_image\" \/>\n<meta name=\"twitter:label1\" content=\"\u00c9crit par\" \/>\n\t<meta name=\"twitter:data1\" content=\"carmen\" \/>\n\t<meta name=\"twitter:label2\" content=\"Dur\u00e9e de lecture estim\u00e9e\" \/>\n\t<meta name=\"twitter:data2\" content=\"4 minutes\" \/>\n<script type=\"application\/ld+json\" class=\"yoast-schema-graph\">{\"@context\":\"https:\\\/\\\/schema.org\",\"@graph\":[{\"@type\":\"Article\",\"@id\":\"https:\\\/\\\/agradocosmetic.com\\\/hair-lovers-las-nuevas-rutinas-capilares-de-agrado\\\/#article\",\"isPartOf\":{\"@id\":\"https:\\\/\\\/agradocosmetic.com\\\/hair-lovers-las-nuevas-rutinas-capilares-de-agrado\\\/\"},\"author\":{\"name\":\"carmen\",\"@id\":\"https:\\\/\\\/agradocosmetic.com\\\/#\\\/schema\\\/person\\\/59124921013b50f80959d84fc7219096\"},\"headline\":\"Hair Lovers: las nuevas rutinas capilares de Agrado\",\"datePublished\":\"2025-09-01T20:49:04+00:00\",\"dateModified\":\"2025-09-09T20:59:31+00:00\",\"mainEntityOfPage\":{\"@id\":\"https:\\\/\\\/agradocosmetic.com\\\/hair-lovers-las-nuevas-rutinas-capilares-de-agrado\\\/\"},\"wordCount\":411,\"publisher\":{\"@id\":\"https:\\\/\\\/agradocosmetic.com\\\/#organization\"},\"image\":{\"@id\":\"https:\\\/\\\/agradocosmetic.com\\\/hair-lovers-las-nuevas-rutinas-capilares-de-agrado\\\/#primaryimage\"},\"thumbnailUrl\":\"https:\\\/\\\/agradocosmetic.com\\\/wp-content\\\/uploads\\\/2025\\\/09\\\/CAPILARES.jpg\",\"keywords\":[\"hair lovers\",\"champ\u00fa\",\"crema de peinado\",\"pelo perfecto\",\"nutricipn\",\"acondicionador\",\"agrado\",\"capilar\",\"cuidado capilar\",\"hidrataci\u00f3n\",\"keratina\",\"mascarilla\",\"pelo\",\"rutina\"],\"articleSection\":[\"Capilar\"],\"inLanguage\":\"fr-FR\"},{\"@type\":\"WebPage\",\"@id\":\"https:\\\/\\\/agradocosmetic.com\\\/hair-lovers-las-nuevas-rutinas-capilares-de-agrado\\\/\",\"url\":\"https:\\\/\\\/agradocosmetic.com\\\/hair-lovers-las-nuevas-rutinas-capilares-de-agrado\\\/\",\"name\":\"Hair Lovers: las nuevas rutinas capilares de Agrado - Agrado\",\"isPartOf\":{\"@id\":\"https:\\\/\\\/agradocosmetic.com\\\/#website\"},\"primaryImageOfPage\":{\"@id\":\"https:\\\/\\\/agradocosmetic.com\\\/hair-lovers-las-nuevas-rutinas-capilares-de-agrado\\\/#primaryimage\"},\"image\":{\"@id\":\"https:\\\/\\\/agradocosmetic.com\\\/hair-lovers-las-nuevas-rutinas-capilares-de-agrado\\\/#primaryimage\"},\"thumbnailUrl\":\"https:\\\/\\\/agradocosmetic.com\\\/wp-content\\\/uploads\\\/2025\\\/09\\\/CAPILARES.jpg\",\"datePublished\":\"2025-09-01T20:49:04+00:00\",\"dateModified\":\"2025-09-09T20:59:31+00:00\",\"description\":\"\u00bfEn busca de una melena que corte el aire? Vas a adorar lo que Agrado ha preparado con su nueva l\u00ednea Hair Lovers.\",\"breadcrumb\":{\"@id\":\"https:\\\/\\\/agradocosmetic.com\\\/hair-lovers-las-nuevas-rutinas-capilares-de-agrado\\\/#breadcrumb\"},\"inLanguage\":\"fr-FR\",\"potentialAction\":[{\"@type\":\"ReadAction\",\"target\":[\"https:\\\/\\\/agradocosmetic.com\\\/hair-lovers-las-nuevas-rutinas-capilares-de-agrado\\\/\"]}]},{\"@type\":\"ImageObject\",\"inLanguage\":\"fr-FR\",\"@id\":\"https:\\\/\\\/agradocosmetic.com\\\/hair-lovers-las-nuevas-rutinas-capilares-de-agrado\\\/#primaryimage\",\"url\":\"https:\\\/\\\/agradocosmetic.com\\\/wp-content\\\/uploads\\\/2025\\\/09\\\/CAPILARES.jpg\",\"contentUrl\":\"https:\\\/\\\/agradocosmetic.com\\\/wp-content\\\/uploads\\\/2025\\\/09\\\/CAPILARES.jpg\",\"width\":1140,\"height\":600,\"caption\":\"hair lovers\"},{\"@type\":\"BreadcrumbList\",\"@id\":\"https:\\\/\\\/agradocosmetic.com\\\/hair-lovers-las-nuevas-rutinas-capilares-de-agrado\\\/#breadcrumb\",\"itemListElement\":[{\"@type\":\"ListItem\",\"position\":1,\"name\":\"Portada\",\"item\":\"https:\\\/\\\/agradocosmetic.com\\\/\"},{\"@type\":\"ListItem\",\"position\":2,\"name\":\"Hair Lovers: las nuevas rutinas capilares de Agrado\"}]},{\"@type\":\"WebSite\",\"@id\":\"https:\\\/\\\/agradocosmetic.com\\\/#website\",\"url\":\"https:\\\/\\\/agradocosmetic.com\\\/\",\"name\":\"Agrado\",\"description\":\"Cosmetic\",\"publisher\":{\"@id\":\"https:\\\/\\\/agradocosmetic.com\\\/#organization\"},\"potentialAction\":[{\"@type\":\"SearchAction\",\"target\":{\"@type\":\"EntryPoint\",\"urlTemplate\":\"https:\\\/\\\/agradocosmetic.com\\\/?s={search_term_string}\"},\"query-input\":{\"@type\":\"PropertyValueSpecification\",\"valueRequired\":true,\"valueName\":\"search_term_string\"}}],\"inLanguage\":\"fr-FR\"},{\"@type\":\"Organization\",\"@id\":\"https:\\\/\\\/agradocosmetic.com\\\/#organization\",\"name\":\"Agrado\",\"url\":\"https:\\\/\\\/agradocosmetic.com\\\/\",\"logo\":{\"@type\":\"ImageObject\",\"inLanguage\":\"fr-FR\",\"@id\":\"https:\\\/\\\/agradocosmetic.com\\\/#\\\/schema\\\/logo\\\/image\\\/\",\"url\":\"https:\\\/\\\/agradocosmetic.com\\\/wp-content\\\/uploads\\\/2023\\\/07\\\/LOGO-AGRADO-WEB-01.png\",\"contentUrl\":\"https:\\\/\\\/agradocosmetic.com\\\/wp-content\\\/uploads\\\/2023\\\/07\\\/LOGO-AGRADO-WEB-01.png\",\"width\":1632,\"height\":300,\"caption\":\"Agrado\"},\"image\":{\"@id\":\"https:\\\/\\\/agradocosmetic.com\\\/#\\\/schema\\\/logo\\\/image\\\/\"}},{\"@type\":\"Person\",\"@id\":\"https:\\\/\\\/agradocosmetic.com\\\/#\\\/schema\\\/person\\\/59124921013b50f80959d84fc7219096\",\"name\":\"carmen\",\"image\":{\"@type\":\"ImageObject\",\"inLanguage\":\"fr-FR\",\"@id\":\"https:\\\/\\\/secure.gravatar.com\\\/avatar\\\/2036bf58c019bb0a3f94937a2ed7cab76ae6ebe239f705f7c62ea5c48f93531f?s=96&d=mm&r=g\",\"url\":\"https:\\\/\\\/secure.gravatar.com\\\/avatar\\\/2036bf58c019bb0a3f94937a2ed7cab76ae6ebe239f705f7c62ea5c48f93531f?s=96&d=mm&r=g\",\"contentUrl\":\"https:\\\/\\\/secure.gravatar.com\\\/avatar\\\/2036bf58c019bb0a3f94937a2ed7cab76ae6ebe239f705f7c62ea5c48f93531f?s=96&d=mm&r=g\",\"caption\":\"carmen\"}}]}<\/script>\n<!-- \/ Yoast SEO plugin. -->","yoast_head_json":{"title":"Amateurs de cheveux\u00a0: les nouvelles routines capillaires d&#039;Agrado - Agrado","description":"Envie d&#039;une chevelure qui attire tous les regards\u00a0? Vous allez adorer la nouvelle gamme Hair Lovers d&#039;Agrado.","robots":{"index":"index","follow":"follow","max-snippet":"max-snippet:-1","max-image-preview":"max-image-preview:large","max-video-preview":"max-video-preview:-1"},"canonical":"https:\/\/agradocosmetic.com\/fr\/hair-lovers-las-nuevas-rutinas-capilares-de-agrado\/","og_locale":"fr_FR","og_type":"article","og_title":"Hair Lovers: las nuevas rutinas capilares de Agrado - Agrado","og_description":"\u00bfEn busca de una melena que corte el aire? Vas a adorar lo que Agrado ha preparado con su nueva l\u00ednea Hair Lovers.","og_url":"https:\/\/agradocosmetic.com\/fr\/hair-lovers-las-nuevas-rutinas-capilares-de-agrado\/","og_site_name":"Agrado","article_published_time":"2025-09-01T20:49:04+00:00","article_modified_time":"2025-09-09T20:59:31+00:00","og_image":[{"width":1140,"height":600,"url":"https:\/\/agradocosmetic.com\/wp-content\/uploads\/2025\/09\/CAPILARES.jpg","type":"image\/jpeg"}],"author":"carmen","twitter_card":"summary_large_image","twitter_misc":{"\u00c9crit par":"carmen","Dur\u00e9e de lecture estim\u00e9e":"4 minutes"},"schema":{"@context":"https:\/\/schema.org","@graph":[{"@type":"Article","@id":"https:\/\/agradocosmetic.com\/hair-lovers-las-nuevas-rutinas-capilares-de-agrado\/#article","isPartOf":{"@id":"https:\/\/agradocosmetic.com\/hair-lovers-las-nuevas-rutinas-capilares-de-agrado\/"},"author":{"name":"carmen","@id":"https:\/\/agradocosmetic.com\/#\/schema\/person\/59124921013b50f80959d84fc7219096"},"headline":"Hair Lovers: las nuevas rutinas capilares de Agrado","datePublished":"2025-09-01T20:49:04+00:00","dateModified":"2025-09-09T20:59:31+00:00","mainEntityOfPage":{"@id":"https:\/\/agradocosmetic.com\/hair-lovers-las-nuevas-rutinas-capilares-de-agrado\/"},"wordCount":411,"publisher":{"@id":"https:\/\/agradocosmetic.com\/#organization"},"image":{"@id":"https:\/\/agradocosmetic.com\/hair-lovers-las-nuevas-rutinas-capilares-de-agrado\/#primaryimage"},"thumbnailUrl":"https:\/\/agradocosmetic.com\/wp-content\/uploads\/2025\/09\/CAPILARES.jpg","keywords":["hair lovers","champ\u00fa","crema de peinado","pelo perfecto","nutricipn","acondicionador","agrado","capilar","cuidado capilar","hidrataci\u00f3n","keratina","mascarilla","pelo","rutina"],"articleSection":["Capilar"],"inLanguage":"fr-FR"},{"@type":"WebPage","@id":"https:\/\/agradocosmetic.com\/hair-lovers-las-nuevas-rutinas-capilares-de-agrado\/","url":"https:\/\/agradocosmetic.com\/hair-lovers-las-nuevas-rutinas-capilares-de-agrado\/","name":"Amateurs de cheveux\u00a0: les nouvelles routines capillaires d&#039;Agrado - Agrado","isPartOf":{"@id":"https:\/\/agradocosmetic.com\/#website"},"primaryImageOfPage":{"@id":"https:\/\/agradocosmetic.com\/hair-lovers-las-nuevas-rutinas-capilares-de-agrado\/#primaryimage"},"image":{"@id":"https:\/\/agradocosmetic.com\/hair-lovers-las-nuevas-rutinas-capilares-de-agrado\/#primaryimage"},"thumbnailUrl":"https:\/\/agradocosmetic.com\/wp-content\/uploads\/2025\/09\/CAPILARES.jpg","datePublished":"2025-09-01T20:49:04+00:00","dateModified":"2025-09-09T20:59:31+00:00","description":"Envie d&#039;une chevelure qui attire tous les regards\u00a0? Vous allez adorer la nouvelle gamme Hair Lovers d&#039;Agrado.","breadcrumb":{"@id":"https:\/\/agradocosmetic.com\/hair-lovers-las-nuevas-rutinas-capilares-de-agrado\/#breadcrumb"},"inLanguage":"fr-FR","potentialAction":[{"@type":"ReadAction","target":["https:\/\/agradocosmetic.com\/hair-lovers-las-nuevas-rutinas-capilares-de-agrado\/"]}]},{"@type":"ImageObject","inLanguage":"fr-FR","@id":"https:\/\/agradocosmetic.com\/hair-lovers-las-nuevas-rutinas-capilares-de-agrado\/#primaryimage","url":"https:\/\/agradocosmetic.com\/wp-content\/uploads\/2025\/09\/CAPILARES.jpg","contentUrl":"https:\/\/agradocosmetic.com\/wp-content\/uploads\/2025\/09\/CAPILARES.jpg","width":1140,"height":600,"caption":"hair lovers"},{"@type":"BreadcrumbList","@id":"https:\/\/agradocosmetic.com\/hair-lovers-las-nuevas-rutinas-capilares-de-agrado\/#breadcrumb","itemListElement":[{"@type":"ListItem","position":1,"name":"Portada","item":"https:\/\/agradocosmetic.com\/"},{"@type":"ListItem","position":2,"name":"Hair Lovers: las nuevas rutinas capilares de Agrado"}]},{"@type":"WebSite","@id":"https:\/\/agradocosmetic.com\/#website","url":"https:\/\/agradocosmetic.com\/","name":"Aimer","description":"cosm\u00e9tique","publisher":{"@id":"https:\/\/agradocosmetic.com\/#organization"},"potentialAction":[{"@type":"SearchAction","target":{"@type":"EntryPoint","urlTemplate":"https:\/\/agradocosmetic.com\/?s={search_term_string}"},"query-input":{"@type":"PropertyValueSpecification","valueRequired":true,"valueName":"search_term_string"}}],"inLanguage":"fr-FR"},{"@type":"Organization","@id":"https:\/\/agradocosmetic.com\/#organization","name":"Aimer","url":"https:\/\/agradocosmetic.com\/","logo":{"@type":"ImageObject","inLanguage":"fr-FR","@id":"https:\/\/agradocosmetic.com\/#\/schema\/logo\/image\/","url":"https:\/\/agradocosmetic.com\/wp-content\/uploads\/2023\/07\/LOGO-AGRADO-WEB-01.png","contentUrl":"https:\/\/agradocosmetic.com\/wp-content\/uploads\/2023\/07\/LOGO-AGRADO-WEB-01.png","width":1632,"height":300,"caption":"Agrado"},"image":{"@id":"https:\/\/agradocosmetic.com\/#\/schema\/logo\/image\/"}},{"@type":"Person","@id":"https:\/\/agradocosmetic.com\/#\/schema\/person\/59124921013b50f80959d84fc7219096","name":"Carmen","image":{"@type":"ImageObject","inLanguage":"fr-FR","@id":"https:\/\/secure.gravatar.com\/avatar\/2036bf58c019bb0a3f94937a2ed7cab76ae6ebe239f705f7c62ea5c48f93531f?s=96&d=mm&r=g","url":"https:\/\/secure.gravatar.com\/avatar\/2036bf58c019bb0a3f94937a2ed7cab76ae6ebe239f705f7c62ea5c48f93531f?s=96&d=mm&r=g","contentUrl":"https:\/\/secure.gravatar.com\/avatar\/2036bf58c019bb0a3f94937a2ed7cab76ae6ebe239f705f7c62ea5c48f93531f?s=96&d=mm&r=g","caption":"carmen"}}]}},"_links":{"self":[{"href":"https:\/\/agradocosmetic.com\/fr\/wp-json\/wp\/v2\/posts\/33213","targetHints":{"allow":["GET"]}}],"collection":[{"href":"https:\/\/agradocosmetic.com\/fr\/wp-json\/wp\/v2\/posts"}],"about":[{"href":"https:\/\/agradocosmetic.com\/fr\/wp-json\/wp\/v2\/types\/post"}],"author":[{"embeddable":true,"href":"https:\/\/agradocosmetic.com\/fr\/wp-json\/wp\/v2\/users\/11"}],"replies":[{"embeddable":true,"href":"https:\/\/agradocosmetic.com\/fr\/wp-json\/wp\/v2\/comments?post=33213"}],"version-history":[{"count":4,"href":"https:\/\/agradocosmetic.com\/fr\/wp-json\/wp\/v2\/posts\/33213\/revisions"}],"predecessor-version":[{"id":33226,"href":"https:\/\/agradocosmetic.com\/fr\/wp-json\/wp\/v2\/posts\/33213\/revisions\/33226"}],"wp:featuredmedia":[{"embeddable":true,"href":"https:\/\/agradocosmetic.com\/fr\/wp-json\/wp\/v2\/media\/33214"}],"wp:attachment":[{"href":"https:\/\/agradocosmetic.com\/fr\/wp-json\/wp\/v2\/media?parent=33213"}],"wp:term":[{"taxonomy":"category","embeddable":true,"href":"https:\/\/agradocosmetic.com\/fr\/wp-json\/wp\/v2\/categories?post=33213"},{"taxonomy":"post_tag","embeddable":true,"href":"https:\/\/agradocosmetic.com\/fr\/wp-json\/wp\/v2\/tags?post=33213"}],"curies":[{"name":"wp","href":"https:\/\/api.w.org\/{rel}","templated":true}]}}