{"id":33227,"date":"2025-07-10T09:38:11","date_gmt":"2025-07-10T08:38:11","guid":{"rendered":"https:\/\/agradocosmetic.com\/?p=33227"},"modified":"2025-09-10T09:39:28","modified_gmt":"2025-09-10T08:39:28","slug":"errores-comunes-al-aplicar-protector-solar-y-como-evitarlos","status":"publish","type":"post","link":"https:\/\/agradocosmetic.com\/fr\/errores-comunes-al-aplicar-protector-solar-y-como-evitarlos\/","title":{"rendered":"Erreurs courantes lors de l&#039;application d&#039;un \u00e9cran solaire et comment les \u00e9viter"},"content":{"rendered":"<p><span style=\"font-weight: 400\">Il <a href=\"https:\/\/agradocosmetic.com\/fr\/categoria-de-producto\/proteccion-solar\/\" target=\"_blank\" rel=\"noopener\">cr\u00e8me solaire<\/a> C&#039;est notre meilleur alli\u00e9 pour prot\u00e9ger notre peau du soleil, mais si nous ne l&#039;utilisons pas correctement, son efficacit\u00e9 diminue. Pour que vous puissiez profiter du soleil l&#039;esprit tranquille cet \u00e9t\u00e9, nous vous expliquons les erreurs les plus courantes lors de l&#039;application de cr\u00e8me solaire et comment les \u00e9viter.<\/span><\/p>\n<h3>Appliquer moins que n\u00e9cessaire<\/h3>\n<p><span style=\"font-weight: 400\">De nombreuses personnes n&#039;appliquent qu&#039;un quart ou la moiti\u00e9 de la quantit\u00e9 recommand\u00e9e de cr\u00e8me solaire. Pour couvrir enti\u00e8rement le corps, il faut environ 30 ml (l&#039;\u00e9quivalent d&#039;un verre \u00e0 liqueur). Veillez \u00e0 appliquer une couche g\u00e9n\u00e9reuse sur toutes les zones expos\u00e9es. <\/span><\/p>\n<h3>Oublier les domaines cl\u00e9s<\/h3>\n<p><span style=\"font-weight: 400\">Les zones comme les oreilles, le cou, le dos des mains, les pieds et le cuir chevelu sont souvent n\u00e9glig\u00e9es. Ces zones sont \u00e9galement expos\u00e9es au soleil et n\u00e9cessitent une protection. <\/span><\/p>\n<h3>Ne pas renouveler l&#039;application assez fr\u00e9quemment<\/h3>\n<p><span style=\"font-weight: 400\">Il <a href=\"https:\/\/agradocosmetic.com\/fr\/categoria-de-producto\/proteccion-solar\/\" target=\"_blank\" rel=\"noopener\">cr\u00e8me solaire<\/a> Il est conseill\u00e9 de le r\u00e9appliquer toutes les deux heures et apr\u00e8s avoir nag\u00e9 ou transpir\u00e9, m\u00eame s&#039;il est r\u00e9sistant \u00e0 l&#039;eau. Sinon, la protection diminue consid\u00e9rablement. <\/span><\/p>\n<h3>Utiliser des produits p\u00e9rim\u00e9s<\/h3>\n<p><span style=\"font-weight: 400\">Les cr\u00e8mes solaires ont une dur\u00e9e de conservation limit\u00e9e. L&#039;utilisation d&#039;un produit p\u00e9rim\u00e9 peut compromettre son efficacit\u00e9. V\u00e9rifiez toujours la date de p\u00e9remption avant application. <\/span><\/p>\n<h3>Se fier uniquement au maquillage avec SPF<\/h3>\n<p><span style=\"font-weight: 400\">Bien que le maquillage avec SPF offre une certaine protection, il est rarement suffisant pour prot\u00e9ger efficacement la peau. Il est donc conseill\u00e9 d&#039;appliquer une cr\u00e8me solaire sp\u00e9cifique sous le maquillage.\u00a0<\/span><\/p>\n<p><span style=\"font-weight: 400\">Dans <a href=\"https:\/\/agradocosmetic.com\/fr\/categoria-de-producto\/proteccion-solar\/\" target=\"_blank\" rel=\"noopener\">J&#039;aime les soins solaires<\/a>Nous proposons une large gamme de cr\u00e8mes solaires adapt\u00e9es \u00e0 tous les besoins\u00a0: des formules l\u00e9g\u00e8res pour un usage quotidien aux options r\u00e9sistantes \u00e0 l&#039;eau pour les activit\u00e9s de plein air. Cet \u00e9t\u00e9, prot\u00e9gez votre peau en toute conscience et profitez du soleil en toute s\u00e9curit\u00e9\u00a0!<\/span><\/p>","protected":false},"excerpt":{"rendered":"<p>El protector solar es nuestro mejor aliado para cuidar la piel del sol, pero si no lo usamos correctamente, su eficacia se reduce. Para que este verano disfrutes del sol sin preocupaciones, te contamos los errores m\u00e1s comunes al aplicar protector solar y c\u00f3mo evitarlos. Aplicar menos cantidad de la necesaria Muchas personas aplican solo [&hellip;]<\/p>\n","protected":false},"author":11,"featured_media":33231,"comment_status":"closed","ping_status":"closed","sticky":false,"template":"","format":"standard","meta":{"footnotes":"","_wp_rev_ctl_limit":""},"categories":[531],"tags":[904,905,751,740,126,307,225,410,229,230],"class_list":["post-33227","post","type-post","status-publish","format-standard","has-post-thumbnail","hentry","category-solar-en","tag-aplicar-protector-solar","tag-errores-comunes","tag-spf50","tag-agrado-sun-care","tag-agrado","tag-consejos","tag-proteccion","tag-protector-solar","tag-solares","tag-spf"],"yoast_head":"<!-- This site is optimized with the Yoast SEO plugin v27.4 - https:\/\/yoast.com\/product\/yoast-seo-wordpress\/ -->\n<title>Errores comunes al aplicar protector solar y c\u00f3mo evitarlos - Agrado<\/title>\n<meta name=\"description\" content=\"Para que este verano disfrutes del sol sin preocupaciones, te contamos los errores m\u00e1s comunes al aplicar protector solar y c\u00f3mo evitarlos.\" \/>\n<meta name=\"robots\" content=\"index, follow, max-snippet:-1, max-image-preview:large, max-video-preview:-1\" \/>\n<link rel=\"canonical\" href=\"https:\/\/agradocosmetic.com\/fr\/errores-comunes-al-aplicar-protector-solar-y-como-evitarlos\/\" \/>\n<meta property=\"og:locale\" content=\"fr_FR\" \/>\n<meta property=\"og:type\" content=\"article\" \/>\n<meta property=\"og:title\" content=\"Errores comunes al aplicar protector solar y c\u00f3mo evitarlos - Agrado\" \/>\n<meta property=\"og:description\" content=\"Para que este verano disfrutes del sol sin preocupaciones, te contamos los errores m\u00e1s comunes al aplicar protector solar y c\u00f3mo evitarlos.\" \/>\n<meta property=\"og:url\" content=\"https:\/\/agradocosmetic.com\/fr\/errores-comunes-al-aplicar-protector-solar-y-como-evitarlos\/\" \/>\n<meta property=\"og:site_name\" content=\"Agrado\" \/>\n<meta property=\"article:published_time\" content=\"2025-07-10T08:38:11+00:00\" \/>\n<meta property=\"article:modified_time\" content=\"2025-09-10T08:39:28+00:00\" \/>\n<meta property=\"og:image\" content=\"https:\/\/agradocosmetic.com\/wp-content\/uploads\/2025\/09\/JULIO-1.jpg\" \/>\n\t<meta property=\"og:image:width\" content=\"1140\" \/>\n\t<meta property=\"og:image:height\" content=\"600\" \/>\n\t<meta property=\"og:image:type\" content=\"image\/jpeg\" \/>\n<meta name=\"author\" content=\"carmen\" \/>\n<meta name=\"twitter:card\" content=\"summary_large_image\" \/>\n<meta name=\"twitter:label1\" content=\"\u00c9crit par\" \/>\n\t<meta name=\"twitter:data1\" content=\"carmen\" \/>\n\t<meta name=\"twitter:label2\" content=\"Dur\u00e9e de lecture estim\u00e9e\" \/>\n\t<meta name=\"twitter:data2\" content=\"2 minutes\" \/>\n<script type=\"application\/ld+json\" class=\"yoast-schema-graph\">{\"@context\":\"https:\\\/\\\/schema.org\",\"@graph\":[{\"@type\":\"Article\",\"@id\":\"https:\\\/\\\/agradocosmetic.com\\\/errores-comunes-al-aplicar-protector-solar-y-como-evitarlos\\\/#article\",\"isPartOf\":{\"@id\":\"https:\\\/\\\/agradocosmetic.com\\\/errores-comunes-al-aplicar-protector-solar-y-como-evitarlos\\\/\"},\"author\":{\"name\":\"carmen\",\"@id\":\"https:\\\/\\\/agradocosmetic.com\\\/#\\\/schema\\\/person\\\/59124921013b50f80959d84fc7219096\"},\"headline\":\"Errores comunes al aplicar protector solar y c\u00f3mo evitarlos\",\"datePublished\":\"2025-07-10T08:38:11+00:00\",\"dateModified\":\"2025-09-10T08:39:28+00:00\",\"mainEntityOfPage\":{\"@id\":\"https:\\\/\\\/agradocosmetic.com\\\/errores-comunes-al-aplicar-protector-solar-y-como-evitarlos\\\/\"},\"wordCount\":283,\"publisher\":{\"@id\":\"https:\\\/\\\/agradocosmetic.com\\\/#organization\"},\"image\":{\"@id\":\"https:\\\/\\\/agradocosmetic.com\\\/errores-comunes-al-aplicar-protector-solar-y-como-evitarlos\\\/#primaryimage\"},\"thumbnailUrl\":\"https:\\\/\\\/agradocosmetic.com\\\/wp-content\\\/uploads\\\/2025\\\/09\\\/JULIO-1.jpg\",\"keywords\":[\"aplicar protector solar\",\"errores comunes\",\"spf50+\",\"agrado sun care\",\"agrado\",\"consejos\",\"proteccion\",\"protector solar\",\"solares\",\"spf\"],\"articleSection\":[\"Solar\"],\"inLanguage\":\"fr-FR\"},{\"@type\":\"WebPage\",\"@id\":\"https:\\\/\\\/agradocosmetic.com\\\/errores-comunes-al-aplicar-protector-solar-y-como-evitarlos\\\/\",\"url\":\"https:\\\/\\\/agradocosmetic.com\\\/errores-comunes-al-aplicar-protector-solar-y-como-evitarlos\\\/\",\"name\":\"Errores comunes al aplicar protector solar y c\u00f3mo evitarlos - Agrado\",\"isPartOf\":{\"@id\":\"https:\\\/\\\/agradocosmetic.com\\\/#website\"},\"primaryImageOfPage\":{\"@id\":\"https:\\\/\\\/agradocosmetic.com\\\/errores-comunes-al-aplicar-protector-solar-y-como-evitarlos\\\/#primaryimage\"},\"image\":{\"@id\":\"https:\\\/\\\/agradocosmetic.com\\\/errores-comunes-al-aplicar-protector-solar-y-como-evitarlos\\\/#primaryimage\"},\"thumbnailUrl\":\"https:\\\/\\\/agradocosmetic.com\\\/wp-content\\\/uploads\\\/2025\\\/09\\\/JULIO-1.jpg\",\"datePublished\":\"2025-07-10T08:38:11+00:00\",\"dateModified\":\"2025-09-10T08:39:28+00:00\",\"description\":\"Para que este verano disfrutes del sol sin preocupaciones, te contamos los errores m\u00e1s comunes al aplicar protector solar y c\u00f3mo evitarlos.\",\"breadcrumb\":{\"@id\":\"https:\\\/\\\/agradocosmetic.com\\\/errores-comunes-al-aplicar-protector-solar-y-como-evitarlos\\\/#breadcrumb\"},\"inLanguage\":\"fr-FR\",\"potentialAction\":[{\"@type\":\"ReadAction\",\"target\":[\"https:\\\/\\\/agradocosmetic.com\\\/errores-comunes-al-aplicar-protector-solar-y-como-evitarlos\\\/\"]}]},{\"@type\":\"ImageObject\",\"inLanguage\":\"fr-FR\",\"@id\":\"https:\\\/\\\/agradocosmetic.com\\\/errores-comunes-al-aplicar-protector-solar-y-como-evitarlos\\\/#primaryimage\",\"url\":\"https:\\\/\\\/agradocosmetic.com\\\/wp-content\\\/uploads\\\/2025\\\/09\\\/JULIO-1.jpg\",\"contentUrl\":\"https:\\\/\\\/agradocosmetic.com\\\/wp-content\\\/uploads\\\/2025\\\/09\\\/JULIO-1.jpg\",\"width\":1140,\"height\":600,\"caption\":\"aplicar protector solar\"},{\"@type\":\"BreadcrumbList\",\"@id\":\"https:\\\/\\\/agradocosmetic.com\\\/errores-comunes-al-aplicar-protector-solar-y-como-evitarlos\\\/#breadcrumb\",\"itemListElement\":[{\"@type\":\"ListItem\",\"position\":1,\"name\":\"Portada\",\"item\":\"https:\\\/\\\/agradocosmetic.com\\\/\"},{\"@type\":\"ListItem\",\"position\":2,\"name\":\"Errores comunes al aplicar protector solar y c\u00f3mo evitarlos\"}]},{\"@type\":\"WebSite\",\"@id\":\"https:\\\/\\\/agradocosmetic.com\\\/#website\",\"url\":\"https:\\\/\\\/agradocosmetic.com\\\/\",\"name\":\"Agrado\",\"description\":\"Cosmetic\",\"publisher\":{\"@id\":\"https:\\\/\\\/agradocosmetic.com\\\/#organization\"},\"potentialAction\":[{\"@type\":\"SearchAction\",\"target\":{\"@type\":\"EntryPoint\",\"urlTemplate\":\"https:\\\/\\\/agradocosmetic.com\\\/?s={search_term_string}\"},\"query-input\":{\"@type\":\"PropertyValueSpecification\",\"valueRequired\":true,\"valueName\":\"search_term_string\"}}],\"inLanguage\":\"fr-FR\"},{\"@type\":\"Organization\",\"@id\":\"https:\\\/\\\/agradocosmetic.com\\\/#organization\",\"name\":\"Agrado\",\"url\":\"https:\\\/\\\/agradocosmetic.com\\\/\",\"logo\":{\"@type\":\"ImageObject\",\"inLanguage\":\"fr-FR\",\"@id\":\"https:\\\/\\\/agradocosmetic.com\\\/#\\\/schema\\\/logo\\\/image\\\/\",\"url\":\"https:\\\/\\\/agradocosmetic.com\\\/wp-content\\\/uploads\\\/2023\\\/07\\\/LOGO-AGRADO-WEB-01.png\",\"contentUrl\":\"https:\\\/\\\/agradocosmetic.com\\\/wp-content\\\/uploads\\\/2023\\\/07\\\/LOGO-AGRADO-WEB-01.png\",\"width\":1632,\"height\":300,\"caption\":\"Agrado\"},\"image\":{\"@id\":\"https:\\\/\\\/agradocosmetic.com\\\/#\\\/schema\\\/logo\\\/image\\\/\"}},{\"@type\":\"Person\",\"@id\":\"https:\\\/\\\/agradocosmetic.com\\\/#\\\/schema\\\/person\\\/59124921013b50f80959d84fc7219096\",\"name\":\"carmen\",\"image\":{\"@type\":\"ImageObject\",\"inLanguage\":\"fr-FR\",\"@id\":\"https:\\\/\\\/secure.gravatar.com\\\/avatar\\\/2036bf58c019bb0a3f94937a2ed7cab76ae6ebe239f705f7c62ea5c48f93531f?s=96&d=mm&r=g\",\"url\":\"https:\\\/\\\/secure.gravatar.com\\\/avatar\\\/2036bf58c019bb0a3f94937a2ed7cab76ae6ebe239f705f7c62ea5c48f93531f?s=96&d=mm&r=g\",\"contentUrl\":\"https:\\\/\\\/secure.gravatar.com\\\/avatar\\\/2036bf58c019bb0a3f94937a2ed7cab76ae6ebe239f705f7c62ea5c48f93531f?s=96&d=mm&r=g\",\"caption\":\"carmen\"}}]}<\/script>\n<!-- \/ Yoast SEO plugin. -->","yoast_head_json":{"title":"Erreurs courantes lors de l&#039;application d&#039;un \u00e9cran solaire et comment les \u00e9viter - Agrado","description":"Pour que vous puissiez profiter du soleil sans soucis cet \u00e9t\u00e9, nous vous indiquons les erreurs les plus courantes lors de l&#039;application de la cr\u00e8me solaire et comment les \u00e9viter.","robots":{"index":"index","follow":"follow","max-snippet":"max-snippet:-1","max-image-preview":"max-image-preview:large","max-video-preview":"max-video-preview:-1"},"canonical":"https:\/\/agradocosmetic.com\/fr\/errores-comunes-al-aplicar-protector-solar-y-como-evitarlos\/","og_locale":"fr_FR","og_type":"article","og_title":"Errores comunes al aplicar protector solar y c\u00f3mo evitarlos - Agrado","og_description":"Para que este verano disfrutes del sol sin preocupaciones, te contamos los errores m\u00e1s comunes al aplicar protector solar y c\u00f3mo evitarlos.","og_url":"https:\/\/agradocosmetic.com\/fr\/errores-comunes-al-aplicar-protector-solar-y-como-evitarlos\/","og_site_name":"Agrado","article_published_time":"2025-07-10T08:38:11+00:00","article_modified_time":"2025-09-10T08:39:28+00:00","og_image":[{"width":1140,"height":600,"url":"https:\/\/agradocosmetic.com\/wp-content\/uploads\/2025\/09\/JULIO-1.jpg","type":"image\/jpeg"}],"author":"carmen","twitter_card":"summary_large_image","twitter_misc":{"\u00c9crit par":"carmen","Dur\u00e9e de lecture estim\u00e9e":"2 minutes"},"schema":{"@context":"https:\/\/schema.org","@graph":[{"@type":"Article","@id":"https:\/\/agradocosmetic.com\/errores-comunes-al-aplicar-protector-solar-y-como-evitarlos\/#article","isPartOf":{"@id":"https:\/\/agradocosmetic.com\/errores-comunes-al-aplicar-protector-solar-y-como-evitarlos\/"},"author":{"name":"carmen","@id":"https:\/\/agradocosmetic.com\/#\/schema\/person\/59124921013b50f80959d84fc7219096"},"headline":"Errores comunes al aplicar protector solar y c\u00f3mo evitarlos","datePublished":"2025-07-10T08:38:11+00:00","dateModified":"2025-09-10T08:39:28+00:00","mainEntityOfPage":{"@id":"https:\/\/agradocosmetic.com\/errores-comunes-al-aplicar-protector-solar-y-como-evitarlos\/"},"wordCount":283,"publisher":{"@id":"https:\/\/agradocosmetic.com\/#organization"},"image":{"@id":"https:\/\/agradocosmetic.com\/errores-comunes-al-aplicar-protector-solar-y-como-evitarlos\/#primaryimage"},"thumbnailUrl":"https:\/\/agradocosmetic.com\/wp-content\/uploads\/2025\/09\/JULIO-1.jpg","keywords":["aplicar protector solar","errores comunes","spf50+","agrado sun care","agrado","consejos","proteccion","protector solar","solares","spf"],"articleSection":["Solar"],"inLanguage":"fr-FR"},{"@type":"WebPage","@id":"https:\/\/agradocosmetic.com\/errores-comunes-al-aplicar-protector-solar-y-como-evitarlos\/","url":"https:\/\/agradocosmetic.com\/errores-comunes-al-aplicar-protector-solar-y-como-evitarlos\/","name":"Erreurs courantes lors de l&#039;application d&#039;un \u00e9cran solaire et comment les \u00e9viter - Agrado","isPartOf":{"@id":"https:\/\/agradocosmetic.com\/#website"},"primaryImageOfPage":{"@id":"https:\/\/agradocosmetic.com\/errores-comunes-al-aplicar-protector-solar-y-como-evitarlos\/#primaryimage"},"image":{"@id":"https:\/\/agradocosmetic.com\/errores-comunes-al-aplicar-protector-solar-y-como-evitarlos\/#primaryimage"},"thumbnailUrl":"https:\/\/agradocosmetic.com\/wp-content\/uploads\/2025\/09\/JULIO-1.jpg","datePublished":"2025-07-10T08:38:11+00:00","dateModified":"2025-09-10T08:39:28+00:00","description":"Pour que vous puissiez profiter du soleil sans soucis cet \u00e9t\u00e9, nous vous indiquons les erreurs les plus courantes lors de l&#039;application de la cr\u00e8me solaire et comment les \u00e9viter.","breadcrumb":{"@id":"https:\/\/agradocosmetic.com\/errores-comunes-al-aplicar-protector-solar-y-como-evitarlos\/#breadcrumb"},"inLanguage":"fr-FR","potentialAction":[{"@type":"ReadAction","target":["https:\/\/agradocosmetic.com\/errores-comunes-al-aplicar-protector-solar-y-como-evitarlos\/"]}]},{"@type":"ImageObject","inLanguage":"fr-FR","@id":"https:\/\/agradocosmetic.com\/errores-comunes-al-aplicar-protector-solar-y-como-evitarlos\/#primaryimage","url":"https:\/\/agradocosmetic.com\/wp-content\/uploads\/2025\/09\/JULIO-1.jpg","contentUrl":"https:\/\/agradocosmetic.com\/wp-content\/uploads\/2025\/09\/JULIO-1.jpg","width":1140,"height":600,"caption":"aplicar protector solar"},{"@type":"BreadcrumbList","@id":"https:\/\/agradocosmetic.com\/errores-comunes-al-aplicar-protector-solar-y-como-evitarlos\/#breadcrumb","itemListElement":[{"@type":"ListItem","position":1,"name":"Portada","item":"https:\/\/agradocosmetic.com\/"},{"@type":"ListItem","position":2,"name":"Errores comunes al aplicar protector solar y c\u00f3mo evitarlos"}]},{"@type":"WebSite","@id":"https:\/\/agradocosmetic.com\/#website","url":"https:\/\/agradocosmetic.com\/","name":"Aimer","description":"cosm\u00e9tique","publisher":{"@id":"https:\/\/agradocosmetic.com\/#organization"},"potentialAction":[{"@type":"SearchAction","target":{"@type":"EntryPoint","urlTemplate":"https:\/\/agradocosmetic.com\/?s={search_term_string}"},"query-input":{"@type":"PropertyValueSpecification","valueRequired":true,"valueName":"search_term_string"}}],"inLanguage":"fr-FR"},{"@type":"Organization","@id":"https:\/\/agradocosmetic.com\/#organization","name":"Aimer","url":"https:\/\/agradocosmetic.com\/","logo":{"@type":"ImageObject","inLanguage":"fr-FR","@id":"https:\/\/agradocosmetic.com\/#\/schema\/logo\/image\/","url":"https:\/\/agradocosmetic.com\/wp-content\/uploads\/2023\/07\/LOGO-AGRADO-WEB-01.png","contentUrl":"https:\/\/agradocosmetic.com\/wp-content\/uploads\/2023\/07\/LOGO-AGRADO-WEB-01.png","width":1632,"height":300,"caption":"Agrado"},"image":{"@id":"https:\/\/agradocosmetic.com\/#\/schema\/logo\/image\/"}},{"@type":"Person","@id":"https:\/\/agradocosmetic.com\/#\/schema\/person\/59124921013b50f80959d84fc7219096","name":"Carmen","image":{"@type":"ImageObject","inLanguage":"fr-FR","@id":"https:\/\/secure.gravatar.com\/avatar\/2036bf58c019bb0a3f94937a2ed7cab76ae6ebe239f705f7c62ea5c48f93531f?s=96&d=mm&r=g","url":"https:\/\/secure.gravatar.com\/avatar\/2036bf58c019bb0a3f94937a2ed7cab76ae6ebe239f705f7c62ea5c48f93531f?s=96&d=mm&r=g","contentUrl":"https:\/\/secure.gravatar.com\/avatar\/2036bf58c019bb0a3f94937a2ed7cab76ae6ebe239f705f7c62ea5c48f93531f?s=96&d=mm&r=g","caption":"carmen"}}]}},"_links":{"self":[{"href":"https:\/\/agradocosmetic.com\/fr\/wp-json\/wp\/v2\/posts\/33227","targetHints":{"allow":["GET"]}}],"collection":[{"href":"https:\/\/agradocosmetic.com\/fr\/wp-json\/wp\/v2\/posts"}],"about":[{"href":"https:\/\/agradocosmetic.com\/fr\/wp-json\/wp\/v2\/types\/post"}],"author":[{"embeddable":true,"href":"https:\/\/agradocosmetic.com\/fr\/wp-json\/wp\/v2\/users\/11"}],"replies":[{"embeddable":true,"href":"https:\/\/agradocosmetic.com\/fr\/wp-json\/wp\/v2\/comments?post=33227"}],"version-history":[{"count":1,"href":"https:\/\/agradocosmetic.com\/fr\/wp-json\/wp\/v2\/posts\/33227\/revisions"}],"predecessor-version":[{"id":33232,"href":"https:\/\/agradocosmetic.com\/fr\/wp-json\/wp\/v2\/posts\/33227\/revisions\/33232"}],"wp:featuredmedia":[{"embeddable":true,"href":"https:\/\/agradocosmetic.com\/fr\/wp-json\/wp\/v2\/media\/33231"}],"wp:attachment":[{"href":"https:\/\/agradocosmetic.com\/fr\/wp-json\/wp\/v2\/media?parent=33227"}],"wp:term":[{"taxonomy":"category","embeddable":true,"href":"https:\/\/agradocosmetic.com\/fr\/wp-json\/wp\/v2\/categories?post=33227"},{"taxonomy":"post_tag","embeddable":true,"href":"https:\/\/agradocosmetic.com\/fr\/wp-json\/wp\/v2\/tags?post=33227"}],"curies":[{"name":"wp","href":"https:\/\/api.w.org\/{rel}","templated":true}]}}