{"id":33235,"date":"2025-08-01T10:08:48","date_gmt":"2025-08-01T09:08:48","guid":{"rendered":"https:\/\/agradocosmetic.com\/?p=33235"},"modified":"2025-09-10T10:08:59","modified_gmt":"2025-09-10T09:08:59","slug":"skincare-minimalista-que-llevar-en-tu-neceser-vacacional","status":"publish","type":"post","link":"https:\/\/agradocosmetic.com\/fr\/skincare-minimalista-que-llevar-en-tu-neceser-vacacional\/","title":{"rendered":"Soins de la peau minimalistes\u00a0: que mettre dans votre trousse de toilette de vacances\u00a0?"},"content":{"rendered":"<p data-start=\"232\" data-end=\"522\">L&#039;\u00e9t\u00e9 est l\u00e0, et avec lui, ce moment tant attendu : faire sa valise pour quelques jours de d\u00e9tente. Pr\u00e9voyez des v\u00eatements l\u00e9gers, des lunettes de soleil, un maillot de bain\u2026 et, bien s\u00fbr, une trousse de maquillage bien pens\u00e9e pour garder une peau fra\u00eeche, prot\u00e9g\u00e9e et \u00e9clatante tout au long de votre escapade.<\/p>\n<p data-start=\"524\" data-end=\"797\">Car oui, en vacances, la r\u00e8gle est claire\u00a0: moins, c&#039;est plus. Notre peau appr\u00e9cie aussi de faire une pause dans nos routines trop longues et charg\u00e9es. L&#039;id\u00e9al est donc d&#039;opter pour un rituel minimaliste avec des produits polyvalents et efficaces qui nous permettent de profiter pleinement de nos vacances sans complications.<\/p>\n<p data-start=\"799\" data-end=\"913\">Voici les 5 articles essentiels \u00e0 ne pas manquer dans votre sac de vacances d&#039;\u00e9t\u00e9 :<\/p>\n<h3 data-start=\"915\" data-end=\"947\"><a href=\"https:\/\/agradocosmetic.com\/fr\/producto\/desmaquillante-ojos-y-labios-bifasico-waterproof\/\" target=\"_blank\" rel=\"noopener\">D\u00e9maquillant biphas\u00e9<\/a><\/h3>\n<p data-start=\"948\" data-end=\"1292\">Apr\u00e8s une journ\u00e9e \u00e0 la plage, \u00e0 la piscine ou en randonn\u00e9e, il est temps de d\u00e9barrasser votre peau de la cr\u00e8me solaire, du maquillage et des impuret\u00e9s restantes. Le d\u00e9maquillant biphas\u00e9 d&#039;Agrado \u00e9limine sans effort m\u00eame le maquillage waterproof, laissant votre visage propre et frais, sans l&#039;irriter ni le dess\u00e9cher. C&#039;est l&#039;alli\u00e9 id\u00e9al pour laisser votre peau respirer chaque nuit.<\/p>\n<h3 data-start=\"1294\" data-end=\"1327\"><a href=\"https:\/\/agradocosmetic.com\/fr\/producto\/gel-limpiador-facial-vit-c\/\" target=\"_blank\" rel=\"noopener\">Gel nettoyant \u00e0 la vitamine C<\/a><\/h3>\n<p data-start=\"1328\" data-end=\"1649\">Le nettoyage est la base de tout. Le Gel Nettoyant \u00e0 la Vitamine C d&#039;Agrado rafra\u00eechit, purifie et illumine la peau gr\u00e2ce \u00e0 son action antioxydante. Id\u00e9al pour d\u00e9marrer la journ\u00e9e avec \u00e9nergie et redonner de la vitalit\u00e9 \u00e0 votre visage apr\u00e8s une exposition prolong\u00e9e au soleil. Sa texture l\u00e9g\u00e8re en fait un incontournable pour les climats chauds et humides.<\/p>\n<h3 data-start=\"1651\" data-end=\"1687\"><a href=\"https:\/\/agradocosmetic.com\/fr\/producto\/crema-gel-hyaluronic-hidra-glow\/\" target=\"_blank\" rel=\"noopener\">Cr\u00e8me Hydra Glow \u00e0 l&#039;acide hyaluronique<\/a><\/h3>\n<p data-start=\"1688\" data-end=\"2031\">L&#039;hydratation est essentielle, surtout lorsque le soleil, la mer et le chlore peuvent ass\u00e9cher la peau. La Cr\u00e8me Hyaluronique Hydra Glow est id\u00e9ale car elle associe l&#039;acide hyaluronique \u00e0 des ingr\u00e9dients actifs qui procurent \u00e9lasticit\u00e9 et souplesse imm\u00e9diates, laissant la peau \u00e9clatante sans effet gras. Un indispensable du quotidien qui s&#039;int\u00e8gre \u00e0 tous vos projets de vacances.<\/p>\n<h3 data-start=\"2033\" data-end=\"2061\"><a href=\"https:\/\/agradocosmetic.com\/fr\/producto\/crema-protectora-facial-spf50-2\/\" target=\"_blank\" rel=\"noopener\">Cr\u00e8me CC avec SPF50+<\/a><\/h3>\n<p data-start=\"2062\" data-end=\"2385\">Si vous cherchez \u00e0 simplifier votre routine, voici la solution id\u00e9ale. La CC Cr\u00e8me d&#039;Agrado unifie le teint, hydrate, corrige les imperfections mineures et, surtout, prot\u00e8ge avec un FPS 50+. Une cr\u00e8me tout-en-un qui vous permet de vous maquiller naturellement et en toute l\u00e9g\u00e8ret\u00e9, tout en prot\u00e9geant votre peau du soleil.<\/p>\n<h3 data-start=\"2387\" data-end=\"2421\"><a href=\"https:\/\/agradocosmetic.com\/fr\/producto\/bruma-facial-solar-spf50\/\" target=\"_blank\" rel=\"noopener\">Brume Solaire Visage SPF50+<\/a><\/h3>\n<p data-start=\"2422\" data-end=\"2766\">La star de votre trousse de maquillage de vacances. Une cr\u00e8me solaire fra\u00eeche, l\u00e9g\u00e8re et facile \u00e0 r\u00e9appliquer \u00e0 tout moment de la journ\u00e9e. Quelques pulv\u00e9risations suffisent pour renforcer la protection solaire de votre peau sans avoir \u00e0 l&#039;\u00e9taler avec les mains ni \u00e0 g\u00e2cher votre maquillage. Le geste simple qui fera toute la diff\u00e9rence pour votre peau cet \u00e9t\u00e9.<\/p>\n<p data-start=\"2775\" data-end=\"3131\">En bref, avec ces cinq produits, vous aurez tout ce qu&#039;il vous faut pour une routine visage minimaliste, efficace et sans tracas. L&#039;objectif est de vous faire plaisir, de vous sentir bien et de garder une peau saine tout en profitant de vos meilleurs projets d&#039;\u00e9t\u00e9. Car voyager l\u00e9ger ne signifie pas renoncer aux soins de la peau\u00a0: il suffit de bien choisir ce que vous allez emporter dans votre sac de vacances.<\/p>","protected":false},"excerpt":{"rendered":"<p>Llega el verano y con \u00e9l ese momento que todas esperamos: preparar la maleta para unos d\u00edas de desconexi\u00f3n. Ropa ligera, gafas de sol, ba\u00f1ador\u2026 y, por supuesto, un neceser vacacional bien pensado para que nuestra piel se mantenga fresca, protegida y radiante durante toda la escapada. Porque s\u00ed, en vacaciones la regla es clara: [&hellip;]<\/p>\n","protected":false},"author":11,"featured_media":33230,"comment_status":"closed","ping_status":"closed","sticky":false,"template":"","format":"standard","meta":{"footnotes":"","_wp_rev_ctl_limit":""},"categories":[118,116],"tags":[910,911,912,913,850,815,762,740,733,126,235,321],"class_list":["post-33235","post","type-post","status-publish","format-standard","has-post-thumbnail","hentry","category-lifestyle","category-solar","tag-minimalista","tag-neceser-vacacional","tag-maleta","tag-vacaciones-de-verano","tag-consejo","tag-agrado-skin-positive","tag-vacaciones","tag-agrado-sun-care","tag-tip","tag-agrado","tag-skincare","tag-verano"],"yoast_head":"<!-- This site is optimized with the Yoast SEO plugin v27.4 - https:\/\/yoast.com\/product\/yoast-seo-wordpress\/ -->\n<title>Skincare minimalista: qu\u00e9 llevar en tu neceser vacacional - Agrado<\/title>\n<meta name=\"description\" content=\"El verano es momento de simplificar nuestra rutina de belleza. \u00a1Aqu\u00ed los esenciales que no pueden faltar en tu neceser vacacional!\" \/>\n<meta name=\"robots\" content=\"index, follow, max-snippet:-1, max-image-preview:large, max-video-preview:-1\" \/>\n<link rel=\"canonical\" href=\"https:\/\/agradocosmetic.com\/fr\/skincare-minimalista-que-llevar-en-tu-neceser-vacacional\/\" \/>\n<meta property=\"og:locale\" content=\"fr_FR\" \/>\n<meta property=\"og:type\" content=\"article\" \/>\n<meta property=\"og:title\" content=\"Skincare minimalista: qu\u00e9 llevar en tu neceser vacacional - Agrado\" \/>\n<meta property=\"og:description\" content=\"El verano es momento de simplificar nuestra rutina de belleza. \u00a1Aqu\u00ed los esenciales que no pueden faltar en tu neceser vacacional!\" \/>\n<meta property=\"og:url\" content=\"https:\/\/agradocosmetic.com\/fr\/skincare-minimalista-que-llevar-en-tu-neceser-vacacional\/\" \/>\n<meta property=\"og:site_name\" content=\"Agrado\" \/>\n<meta property=\"article:published_time\" content=\"2025-08-01T09:08:48+00:00\" \/>\n<meta property=\"article:modified_time\" content=\"2025-09-10T09:08:59+00:00\" \/>\n<meta property=\"og:image\" content=\"https:\/\/agradocosmetic.com\/wp-content\/uploads\/2025\/09\/JULIO-2.jpg\" \/>\n\t<meta property=\"og:image:width\" content=\"1140\" \/>\n\t<meta property=\"og:image:height\" content=\"600\" \/>\n\t<meta property=\"og:image:type\" content=\"image\/jpeg\" \/>\n<meta name=\"author\" content=\"carmen\" \/>\n<meta name=\"twitter:card\" content=\"summary_large_image\" \/>\n<meta name=\"twitter:label1\" content=\"\u00c9crit par\" \/>\n\t<meta name=\"twitter:data1\" content=\"carmen\" \/>\n\t<meta name=\"twitter:label2\" content=\"Dur\u00e9e de lecture estim\u00e9e\" \/>\n\t<meta name=\"twitter:data2\" content=\"3 minutes\" \/>\n<script type=\"application\/ld+json\" class=\"yoast-schema-graph\">{\"@context\":\"https:\\\/\\\/schema.org\",\"@graph\":[{\"@type\":\"Article\",\"@id\":\"https:\\\/\\\/agradocosmetic.com\\\/skincare-minimalista-que-llevar-en-tu-neceser-vacacional\\\/#article\",\"isPartOf\":{\"@id\":\"https:\\\/\\\/agradocosmetic.com\\\/skincare-minimalista-que-llevar-en-tu-neceser-vacacional\\\/\"},\"author\":{\"name\":\"carmen\",\"@id\":\"https:\\\/\\\/agradocosmetic.com\\\/#\\\/schema\\\/person\\\/59124921013b50f80959d84fc7219096\"},\"headline\":\"Skincare minimalista: qu\u00e9 llevar en tu neceser vacacional\",\"datePublished\":\"2025-08-01T09:08:48+00:00\",\"dateModified\":\"2025-09-10T09:08:59+00:00\",\"mainEntityOfPage\":{\"@id\":\"https:\\\/\\\/agradocosmetic.com\\\/skincare-minimalista-que-llevar-en-tu-neceser-vacacional\\\/\"},\"wordCount\":494,\"publisher\":{\"@id\":\"https:\\\/\\\/agradocosmetic.com\\\/#organization\"},\"image\":{\"@id\":\"https:\\\/\\\/agradocosmetic.com\\\/skincare-minimalista-que-llevar-en-tu-neceser-vacacional\\\/#primaryimage\"},\"thumbnailUrl\":\"https:\\\/\\\/agradocosmetic.com\\\/wp-content\\\/uploads\\\/2025\\\/09\\\/JULIO-2.jpg\",\"keywords\":[\"minimalista\",\"neceser vacacional\",\"maleta\",\"vacaciones de verano\",\"consejo\",\"agrado skin positive\",\"vacaciones\",\"agrado sun care\",\"tip\",\"agrado\",\"skincare\",\"verano\"],\"articleSection\":[\"Lifestyle\",\"Solar\"],\"inLanguage\":\"fr-FR\"},{\"@type\":\"WebPage\",\"@id\":\"https:\\\/\\\/agradocosmetic.com\\\/skincare-minimalista-que-llevar-en-tu-neceser-vacacional\\\/\",\"url\":\"https:\\\/\\\/agradocosmetic.com\\\/skincare-minimalista-que-llevar-en-tu-neceser-vacacional\\\/\",\"name\":\"Skincare minimalista: qu\u00e9 llevar en tu neceser vacacional - Agrado\",\"isPartOf\":{\"@id\":\"https:\\\/\\\/agradocosmetic.com\\\/#website\"},\"primaryImageOfPage\":{\"@id\":\"https:\\\/\\\/agradocosmetic.com\\\/skincare-minimalista-que-llevar-en-tu-neceser-vacacional\\\/#primaryimage\"},\"image\":{\"@id\":\"https:\\\/\\\/agradocosmetic.com\\\/skincare-minimalista-que-llevar-en-tu-neceser-vacacional\\\/#primaryimage\"},\"thumbnailUrl\":\"https:\\\/\\\/agradocosmetic.com\\\/wp-content\\\/uploads\\\/2025\\\/09\\\/JULIO-2.jpg\",\"datePublished\":\"2025-08-01T09:08:48+00:00\",\"dateModified\":\"2025-09-10T09:08:59+00:00\",\"description\":\"El verano es momento de simplificar nuestra rutina de belleza. \u00a1Aqu\u00ed los esenciales que no pueden faltar en tu neceser vacacional!\",\"breadcrumb\":{\"@id\":\"https:\\\/\\\/agradocosmetic.com\\\/skincare-minimalista-que-llevar-en-tu-neceser-vacacional\\\/#breadcrumb\"},\"inLanguage\":\"fr-FR\",\"potentialAction\":[{\"@type\":\"ReadAction\",\"target\":[\"https:\\\/\\\/agradocosmetic.com\\\/skincare-minimalista-que-llevar-en-tu-neceser-vacacional\\\/\"]}]},{\"@type\":\"ImageObject\",\"inLanguage\":\"fr-FR\",\"@id\":\"https:\\\/\\\/agradocosmetic.com\\\/skincare-minimalista-que-llevar-en-tu-neceser-vacacional\\\/#primaryimage\",\"url\":\"https:\\\/\\\/agradocosmetic.com\\\/wp-content\\\/uploads\\\/2025\\\/09\\\/JULIO-2.jpg\",\"contentUrl\":\"https:\\\/\\\/agradocosmetic.com\\\/wp-content\\\/uploads\\\/2025\\\/09\\\/JULIO-2.jpg\",\"width\":1140,\"height\":600,\"caption\":\"neceser vacacional\"},{\"@type\":\"BreadcrumbList\",\"@id\":\"https:\\\/\\\/agradocosmetic.com\\\/skincare-minimalista-que-llevar-en-tu-neceser-vacacional\\\/#breadcrumb\",\"itemListElement\":[{\"@type\":\"ListItem\",\"position\":1,\"name\":\"Portada\",\"item\":\"https:\\\/\\\/agradocosmetic.com\\\/\"},{\"@type\":\"ListItem\",\"position\":2,\"name\":\"Skincare minimalista: qu\u00e9 llevar en tu neceser vacacional\"}]},{\"@type\":\"WebSite\",\"@id\":\"https:\\\/\\\/agradocosmetic.com\\\/#website\",\"url\":\"https:\\\/\\\/agradocosmetic.com\\\/\",\"name\":\"Agrado\",\"description\":\"Cosmetic\",\"publisher\":{\"@id\":\"https:\\\/\\\/agradocosmetic.com\\\/#organization\"},\"potentialAction\":[{\"@type\":\"SearchAction\",\"target\":{\"@type\":\"EntryPoint\",\"urlTemplate\":\"https:\\\/\\\/agradocosmetic.com\\\/?s={search_term_string}\"},\"query-input\":{\"@type\":\"PropertyValueSpecification\",\"valueRequired\":true,\"valueName\":\"search_term_string\"}}],\"inLanguage\":\"fr-FR\"},{\"@type\":\"Organization\",\"@id\":\"https:\\\/\\\/agradocosmetic.com\\\/#organization\",\"name\":\"Agrado\",\"url\":\"https:\\\/\\\/agradocosmetic.com\\\/\",\"logo\":{\"@type\":\"ImageObject\",\"inLanguage\":\"fr-FR\",\"@id\":\"https:\\\/\\\/agradocosmetic.com\\\/#\\\/schema\\\/logo\\\/image\\\/\",\"url\":\"https:\\\/\\\/agradocosmetic.com\\\/wp-content\\\/uploads\\\/2023\\\/07\\\/LOGO-AGRADO-WEB-01.png\",\"contentUrl\":\"https:\\\/\\\/agradocosmetic.com\\\/wp-content\\\/uploads\\\/2023\\\/07\\\/LOGO-AGRADO-WEB-01.png\",\"width\":1632,\"height\":300,\"caption\":\"Agrado\"},\"image\":{\"@id\":\"https:\\\/\\\/agradocosmetic.com\\\/#\\\/schema\\\/logo\\\/image\\\/\"}},{\"@type\":\"Person\",\"@id\":\"https:\\\/\\\/agradocosmetic.com\\\/#\\\/schema\\\/person\\\/59124921013b50f80959d84fc7219096\",\"name\":\"carmen\",\"image\":{\"@type\":\"ImageObject\",\"inLanguage\":\"fr-FR\",\"@id\":\"https:\\\/\\\/secure.gravatar.com\\\/avatar\\\/2036bf58c019bb0a3f94937a2ed7cab76ae6ebe239f705f7c62ea5c48f93531f?s=96&d=mm&r=g\",\"url\":\"https:\\\/\\\/secure.gravatar.com\\\/avatar\\\/2036bf58c019bb0a3f94937a2ed7cab76ae6ebe239f705f7c62ea5c48f93531f?s=96&d=mm&r=g\",\"contentUrl\":\"https:\\\/\\\/secure.gravatar.com\\\/avatar\\\/2036bf58c019bb0a3f94937a2ed7cab76ae6ebe239f705f7c62ea5c48f93531f?s=96&d=mm&r=g\",\"caption\":\"carmen\"}}]}<\/script>\n<!-- \/ Yoast SEO plugin. -->","yoast_head_json":{"title":"Soins minimalistes\u00a0: quoi emporter dans votre trousse de toilette de vacances\u00a0? - Agrado","description":"L&#039;\u00e9t\u00e9 est l&#039;occasion de simplifier notre routine beaut\u00e9. Voici les essentiels indispensables \u00e0 votre sac de vacances\u00a0!","robots":{"index":"index","follow":"follow","max-snippet":"max-snippet:-1","max-image-preview":"max-image-preview:large","max-video-preview":"max-video-preview:-1"},"canonical":"https:\/\/agradocosmetic.com\/fr\/skincare-minimalista-que-llevar-en-tu-neceser-vacacional\/","og_locale":"fr_FR","og_type":"article","og_title":"Skincare minimalista: qu\u00e9 llevar en tu neceser vacacional - Agrado","og_description":"El verano es momento de simplificar nuestra rutina de belleza. \u00a1Aqu\u00ed los esenciales que no pueden faltar en tu neceser vacacional!","og_url":"https:\/\/agradocosmetic.com\/fr\/skincare-minimalista-que-llevar-en-tu-neceser-vacacional\/","og_site_name":"Agrado","article_published_time":"2025-08-01T09:08:48+00:00","article_modified_time":"2025-09-10T09:08:59+00:00","og_image":[{"width":1140,"height":600,"url":"https:\/\/agradocosmetic.com\/wp-content\/uploads\/2025\/09\/JULIO-2.jpg","type":"image\/jpeg"}],"author":"carmen","twitter_card":"summary_large_image","twitter_misc":{"\u00c9crit par":"carmen","Dur\u00e9e de lecture estim\u00e9e":"3 minutes"},"schema":{"@context":"https:\/\/schema.org","@graph":[{"@type":"Article","@id":"https:\/\/agradocosmetic.com\/skincare-minimalista-que-llevar-en-tu-neceser-vacacional\/#article","isPartOf":{"@id":"https:\/\/agradocosmetic.com\/skincare-minimalista-que-llevar-en-tu-neceser-vacacional\/"},"author":{"name":"carmen","@id":"https:\/\/agradocosmetic.com\/#\/schema\/person\/59124921013b50f80959d84fc7219096"},"headline":"Skincare minimalista: qu\u00e9 llevar en tu neceser vacacional","datePublished":"2025-08-01T09:08:48+00:00","dateModified":"2025-09-10T09:08:59+00:00","mainEntityOfPage":{"@id":"https:\/\/agradocosmetic.com\/skincare-minimalista-que-llevar-en-tu-neceser-vacacional\/"},"wordCount":494,"publisher":{"@id":"https:\/\/agradocosmetic.com\/#organization"},"image":{"@id":"https:\/\/agradocosmetic.com\/skincare-minimalista-que-llevar-en-tu-neceser-vacacional\/#primaryimage"},"thumbnailUrl":"https:\/\/agradocosmetic.com\/wp-content\/uploads\/2025\/09\/JULIO-2.jpg","keywords":["minimalista","neceser vacacional","maleta","vacaciones de verano","consejo","agrado skin positive","vacaciones","agrado sun care","tip","agrado","skincare","verano"],"articleSection":["Lifestyle","Solar"],"inLanguage":"fr-FR"},{"@type":"WebPage","@id":"https:\/\/agradocosmetic.com\/skincare-minimalista-que-llevar-en-tu-neceser-vacacional\/","url":"https:\/\/agradocosmetic.com\/skincare-minimalista-que-llevar-en-tu-neceser-vacacional\/","name":"Soins minimalistes\u00a0: quoi emporter dans votre trousse de toilette de vacances\u00a0? - Agrado","isPartOf":{"@id":"https:\/\/agradocosmetic.com\/#website"},"primaryImageOfPage":{"@id":"https:\/\/agradocosmetic.com\/skincare-minimalista-que-llevar-en-tu-neceser-vacacional\/#primaryimage"},"image":{"@id":"https:\/\/agradocosmetic.com\/skincare-minimalista-que-llevar-en-tu-neceser-vacacional\/#primaryimage"},"thumbnailUrl":"https:\/\/agradocosmetic.com\/wp-content\/uploads\/2025\/09\/JULIO-2.jpg","datePublished":"2025-08-01T09:08:48+00:00","dateModified":"2025-09-10T09:08:59+00:00","description":"L&#039;\u00e9t\u00e9 est l&#039;occasion de simplifier notre routine beaut\u00e9. Voici les essentiels indispensables \u00e0 votre sac de vacances\u00a0!","breadcrumb":{"@id":"https:\/\/agradocosmetic.com\/skincare-minimalista-que-llevar-en-tu-neceser-vacacional\/#breadcrumb"},"inLanguage":"fr-FR","potentialAction":[{"@type":"ReadAction","target":["https:\/\/agradocosmetic.com\/skincare-minimalista-que-llevar-en-tu-neceser-vacacional\/"]}]},{"@type":"ImageObject","inLanguage":"fr-FR","@id":"https:\/\/agradocosmetic.com\/skincare-minimalista-que-llevar-en-tu-neceser-vacacional\/#primaryimage","url":"https:\/\/agradocosmetic.com\/wp-content\/uploads\/2025\/09\/JULIO-2.jpg","contentUrl":"https:\/\/agradocosmetic.com\/wp-content\/uploads\/2025\/09\/JULIO-2.jpg","width":1140,"height":600,"caption":"neceser vacacional"},{"@type":"BreadcrumbList","@id":"https:\/\/agradocosmetic.com\/skincare-minimalista-que-llevar-en-tu-neceser-vacacional\/#breadcrumb","itemListElement":[{"@type":"ListItem","position":1,"name":"Portada","item":"https:\/\/agradocosmetic.com\/"},{"@type":"ListItem","position":2,"name":"Skincare minimalista: qu\u00e9 llevar en tu neceser vacacional"}]},{"@type":"WebSite","@id":"https:\/\/agradocosmetic.com\/#website","url":"https:\/\/agradocosmetic.com\/","name":"Aimer","description":"cosm\u00e9tique","publisher":{"@id":"https:\/\/agradocosmetic.com\/#organization"},"potentialAction":[{"@type":"SearchAction","target":{"@type":"EntryPoint","urlTemplate":"https:\/\/agradocosmetic.com\/?s={search_term_string}"},"query-input":{"@type":"PropertyValueSpecification","valueRequired":true,"valueName":"search_term_string"}}],"inLanguage":"fr-FR"},{"@type":"Organization","@id":"https:\/\/agradocosmetic.com\/#organization","name":"Aimer","url":"https:\/\/agradocosmetic.com\/","logo":{"@type":"ImageObject","inLanguage":"fr-FR","@id":"https:\/\/agradocosmetic.com\/#\/schema\/logo\/image\/","url":"https:\/\/agradocosmetic.com\/wp-content\/uploads\/2023\/07\/LOGO-AGRADO-WEB-01.png","contentUrl":"https:\/\/agradocosmetic.com\/wp-content\/uploads\/2023\/07\/LOGO-AGRADO-WEB-01.png","width":1632,"height":300,"caption":"Agrado"},"image":{"@id":"https:\/\/agradocosmetic.com\/#\/schema\/logo\/image\/"}},{"@type":"Person","@id":"https:\/\/agradocosmetic.com\/#\/schema\/person\/59124921013b50f80959d84fc7219096","name":"Carmen","image":{"@type":"ImageObject","inLanguage":"fr-FR","@id":"https:\/\/secure.gravatar.com\/avatar\/2036bf58c019bb0a3f94937a2ed7cab76ae6ebe239f705f7c62ea5c48f93531f?s=96&d=mm&r=g","url":"https:\/\/secure.gravatar.com\/avatar\/2036bf58c019bb0a3f94937a2ed7cab76ae6ebe239f705f7c62ea5c48f93531f?s=96&d=mm&r=g","contentUrl":"https:\/\/secure.gravatar.com\/avatar\/2036bf58c019bb0a3f94937a2ed7cab76ae6ebe239f705f7c62ea5c48f93531f?s=96&d=mm&r=g","caption":"carmen"}}]}},"_links":{"self":[{"href":"https:\/\/agradocosmetic.com\/fr\/wp-json\/wp\/v2\/posts\/33235","targetHints":{"allow":["GET"]}}],"collection":[{"href":"https:\/\/agradocosmetic.com\/fr\/wp-json\/wp\/v2\/posts"}],"about":[{"href":"https:\/\/agradocosmetic.com\/fr\/wp-json\/wp\/v2\/types\/post"}],"author":[{"embeddable":true,"href":"https:\/\/agradocosmetic.com\/fr\/wp-json\/wp\/v2\/users\/11"}],"replies":[{"embeddable":true,"href":"https:\/\/agradocosmetic.com\/fr\/wp-json\/wp\/v2\/comments?post=33235"}],"version-history":[{"count":2,"href":"https:\/\/agradocosmetic.com\/fr\/wp-json\/wp\/v2\/posts\/33235\/revisions"}],"predecessor-version":[{"id":33237,"href":"https:\/\/agradocosmetic.com\/fr\/wp-json\/wp\/v2\/posts\/33235\/revisions\/33237"}],"wp:featuredmedia":[{"embeddable":true,"href":"https:\/\/agradocosmetic.com\/fr\/wp-json\/wp\/v2\/media\/33230"}],"wp:attachment":[{"href":"https:\/\/agradocosmetic.com\/fr\/wp-json\/wp\/v2\/media?parent=33235"}],"wp:term":[{"taxonomy":"category","embeddable":true,"href":"https:\/\/agradocosmetic.com\/fr\/wp-json\/wp\/v2\/categories?post=33235"},{"taxonomy":"post_tag","embeddable":true,"href":"https:\/\/agradocosmetic.com\/fr\/wp-json\/wp\/v2\/tags?post=33235"}],"curies":[{"name":"wp","href":"https:\/\/api.w.org\/{rel}","templated":true}]}}