{"id":34773,"date":"2025-10-02T11:30:13","date_gmt":"2025-10-02T10:30:13","guid":{"rendered":"https:\/\/agradocosmetic.com\/?p=34773"},"modified":"2025-11-21T17:17:55","modified_gmt":"2025-11-21T16:17:55","slug":"5-errores-en-el-cuidado-del-cabello-y-como-evitarlos","status":"publish","type":"post","link":"https:\/\/agradocosmetic.com\/fr\/5-errores-en-el-cuidado-del-cabello-y-como-evitarlos\/","title":{"rendered":"5 erreurs \u00e0 \u00e9viter en mati\u00e8re de soins capillaires\u2026 et comment les \u00e9viter"},"content":{"rendered":"<table>\n<tbody>\n<tr>\n<td colspan=\"2\"><span style=\"font-weight: 400\">Nous r\u00eavons tous de cheveux sains, brillants et \u00e9clatants, mais il arrive que nous commettions sans le savoir de petites erreurs qui peuvent les ab\u00eemer. Aujourd&#039;hui, nous allons vous parler des 5 erreurs les plus fr\u00e9quentes en mati\u00e8re de soins capillaires et comment les corriger.<\/span><\/p>\n<h2><b>Se laver les cheveux avec de l&#039;eau trop chaude<\/b><\/h2>\n<p><span style=\"font-weight: 400\">L&#039;eau chaude ouvre les cuticules du cheveu, le laissant sec et terne. <\/span><\/p>\n<p><span style=\"font-weight: 400\">Pour \u00e9viter cela, utilisez de l&#039;eau ti\u00e8de et terminez par un rin\u00e7age \u00e0 l&#039;eau froide. Pour optimiser le soin, vous pouvez utiliser le <a href=\"https:\/\/agradocosmetic.com\/fr\/producto\/champu-hyaluronic-fibre-filler-2\/\">Shampooing Hyaluronic Fibre Filler<\/a>qui nettoie en douceur tout en hydratant intens\u00e9ment les cheveux de la racine aux pointes.<\/span><\/p>\n<h2><b>\u00c9viter le masque<\/b><\/h2>\n<p><span style=\"font-weight: 400\">On pense souvent qu&#039;un simple shampoing suffit, mais ce n&#039;est pas le cas ! <\/span><\/p>\n<p><span style=\"font-weight: 400\">Les masques pour le visage sont essentiels pour r\u00e9parer et nourrir la peau. <a href=\"https:\/\/agradocosmetic.com\/fr\/producto\/mascarilla-keratina\/\">Masque Capillaire K\u00e9ratine<\/a> Il contribue \u00e0 r\u00e9parer la cuticule du cheveu, lui apportant douceur et vitalit\u00e9. Utilisez-le 1 \u00e0 2 fois par semaine et vous constaterez la diff\u00e9rence.<\/span><\/p>\n<h2>Se peigner les cheveux de mani\u00e8re excessive ou agressive<\/h2>\n<p>Tirer sur ses cheveux en les d\u00e9m\u00ealant ou en les peignant plusieurs fois par jour peut provoquer des cassures et des pointes fourchues.<\/p>\n<p>Pour \u00e9viter cela, utilisez un<a href=\"https:\/\/agradocosmetic.com\/fr\/producto\/acondicionador-instantaneo-bifasico\/\"> Apr\u00e8s-shampoing instantan\u00e9 biphas\u00e9,<\/a> Elle adoucit la fibre capillaire et facilite le d\u00e9m\u00ealage. Utilisez-la avec un peigne \u00e0 dents larges ou vos doigts pour coiffer vos cheveux en douceur, les prot\u00e9geant et les gardant en bonne sant\u00e9.<\/p>\n<h2><b>N\u00e9gliger les soins du cuir chevelu<\/b><\/h2>\n<p><span style=\"font-weight: 400\">Un cuir chevelu sain est la base de cheveux forts. <\/span><\/p>\n<p><span style=\"font-weight: 400\">Pr\u00e9venez la desquamation et les irritations en utilisant le <a href=\"https:\/\/agradocosmetic.com\/fr\/producto\/champu-profesional-reparador-nutritivo\/\">Shampooing Professionnel R\u00e9parateur Nourrissant<\/a>qui nettoie et traite en douceur tout en pr\u00e9venant l&#039;apparition des pellicules.<\/span><\/p>\n<h2><b>Exc\u00e9dent de produits ou accumulation<\/b><\/h2>\n<p><span style=\"font-weight: 400\">L&#039;application d&#039;une trop grande quantit\u00e9 de produits peut alourdir et fragiliser vos cheveux. <\/span><\/p>\n<p><span style=\"font-weight: 400\">Utilisez uniquement ce dont vous avez besoin et compl\u00e9tez votre routine avec le <a href=\"https:\/\/agradocosmetic.com\/fr\/producto\/aceite-capilar-multivitaminas\/\">Huile Capillaire Multivitaminas<\/a>, qui nourrit sans laisser de r\u00e9sidus et apporte une brillance instantan\u00e9e.<\/span><\/p>\n<p><span style=\"font-weight: 400\">Conna\u00eetre ces erreurs courantes en mati\u00e8re de soins capillaires et savoir les corriger est essentiel pour obtenir des cheveux sains et \u00e9clatants. Combinez les bons produits, soyez r\u00e9gulier et savourez le plaisir de prendre soin de vos cheveux comme ils le m\u00e9ritent.<\/span><\/td>\n<\/tr>\n<\/tbody>\n<\/table>","protected":false},"excerpt":{"rendered":"<p>Todas queremos un cabello sano, brillante y lleno de vida, pero a veces sin darnos cuenta cometemos peque\u00f1os errores que pueden afectarlo. Hoy te contamos los 5 errores en el cuidado del cabello m\u00e1s comunes y c\u00f3mo solucionarlos. Lavar el cabello con agua demasiado caliente El agua caliente abre la cut\u00edcula del cabello, dej\u00e1ndolo seco [&hellip;]<\/p>\n","protected":false},"author":11,"featured_media":34775,"comment_status":"closed","ping_status":"closed","sticky":false,"template":"","format":"standard","meta":{"footnotes":"","_wp_rev_ctl_limit":""},"categories":[507,120,509,128,125,124,1],"tags":[929,930,900,727,731,689,245,129,344,136,182,219,335,396],"class_list":["post-34773","post","type-post","status-publish","format-standard","has-post-thumbnail","hentry","category-cabello-en","category-cabello","category-capilar-en","category-capilar","category-capillaire","category-capillary","category-todos","tag-errores","tag-cabello-sano","tag-champu","tag-aceite-capilar","tag-cabello-brillante","tag-acondicionador","tag-cabello","tag-capilar","tag-mascarilla","tag-peinado","tag-pelo","tag-tips","tag-tratamiento-capilar","tag-trucos-para-tu-pelo"],"yoast_head":"<!-- This site is optimized with the Yoast SEO plugin v27.4 - https:\/\/yoast.com\/product\/yoast-seo-wordpress\/ -->\n<title>5 errores en el cuidado del cabello\u2026 y c\u00f3mo evitarlos - Agrado<\/title>\n<meta name=\"description\" content=\"Todas queremos un cabello sano, brillante y lleno de vida, pero a veces sin darnos cuenta cometemos peque\u00f1os errores que pueden afectarlo. Hoy te contamos los 5 errores en el cuidado del cabello m\u00e1s comunes y c\u00f3mo solucionarlos.\" \/>\n<meta name=\"robots\" content=\"index, follow, max-snippet:-1, max-image-preview:large, max-video-preview:-1\" \/>\n<link rel=\"canonical\" href=\"https:\/\/agradocosmetic.com\/fr\/5-errores-en-el-cuidado-del-cabello-y-como-evitarlos\/\" \/>\n<meta property=\"og:locale\" content=\"fr_FR\" \/>\n<meta property=\"og:type\" content=\"article\" \/>\n<meta property=\"og:title\" content=\"5 errores en el cuidado del cabello\u2026 y c\u00f3mo evitarlos - Agrado\" \/>\n<meta property=\"og:description\" content=\"Todas queremos un cabello sano, brillante y lleno de vida, pero a veces sin darnos cuenta cometemos peque\u00f1os errores que pueden afectarlo. Hoy te contamos los 5 errores en el cuidado del cabello m\u00e1s comunes y c\u00f3mo solucionarlos.\" \/>\n<meta property=\"og:url\" content=\"https:\/\/agradocosmetic.com\/fr\/5-errores-en-el-cuidado-del-cabello-y-como-evitarlos\/\" \/>\n<meta property=\"og:site_name\" content=\"Agrado\" \/>\n<meta property=\"article:published_time\" content=\"2025-10-02T10:30:13+00:00\" \/>\n<meta property=\"article:modified_time\" content=\"2025-11-21T16:17:55+00:00\" \/>\n<meta property=\"og:image\" content=\"https:\/\/agradocosmetic.com\/wp-content\/uploads\/2025\/11\/imgi_82_capilares.jpeg\" \/>\n\t<meta property=\"og:image:width\" content=\"1920\" \/>\n\t<meta property=\"og:image:height\" content=\"861\" \/>\n\t<meta property=\"og:image:type\" content=\"image\/jpeg\" \/>\n<meta name=\"author\" content=\"carmen\" \/>\n<meta name=\"twitter:card\" content=\"summary_large_image\" \/>\n<meta name=\"twitter:label1\" content=\"\u00c9crit par\" \/>\n\t<meta name=\"twitter:data1\" content=\"carmen\" \/>\n\t<meta name=\"twitter:label2\" content=\"Dur\u00e9e de lecture estim\u00e9e\" \/>\n\t<meta name=\"twitter:data2\" content=\"2 minutes\" \/>\n<script type=\"application\/ld+json\" class=\"yoast-schema-graph\">{\"@context\":\"https:\\\/\\\/schema.org\",\"@graph\":[{\"@type\":\"Article\",\"@id\":\"https:\\\/\\\/agradocosmetic.com\\\/5-errores-en-el-cuidado-del-cabello-y-como-evitarlos\\\/#article\",\"isPartOf\":{\"@id\":\"https:\\\/\\\/agradocosmetic.com\\\/5-errores-en-el-cuidado-del-cabello-y-como-evitarlos\\\/\"},\"author\":{\"name\":\"carmen\",\"@id\":\"https:\\\/\\\/agradocosmetic.com\\\/#\\\/schema\\\/person\\\/59124921013b50f80959d84fc7219096\"},\"headline\":\"5 errores en el cuidado del cabello\u2026 y c\u00f3mo evitarlos\",\"datePublished\":\"2025-10-02T10:30:13+00:00\",\"dateModified\":\"2025-11-21T16:17:55+00:00\",\"mainEntityOfPage\":{\"@id\":\"https:\\\/\\\/agradocosmetic.com\\\/5-errores-en-el-cuidado-del-cabello-y-como-evitarlos\\\/\"},\"wordCount\":353,\"publisher\":{\"@id\":\"https:\\\/\\\/agradocosmetic.com\\\/#organization\"},\"image\":{\"@id\":\"https:\\\/\\\/agradocosmetic.com\\\/5-errores-en-el-cuidado-del-cabello-y-como-evitarlos\\\/#primaryimage\"},\"thumbnailUrl\":\"https:\\\/\\\/agradocosmetic.com\\\/wp-content\\\/uploads\\\/2025\\\/11\\\/imgi_82_capilares.jpeg\",\"keywords\":[\"errores\",\"cabello sano\",\"champ\u00fa\",\"aceite capilar\",\"cabello brillante\",\"acondicionador\",\"cabello\",\"capilar\",\"mascarilla\",\"peinado\",\"pelo\",\"tips\",\"tratamiento capilar\",\"trucos para tu pelo\"],\"articleSection\":[\"Cabello\",\"Cabello\",\"Capilar\",\"Capilar\",\"Capillaire\",\"Capillary\",\"Todos\"],\"inLanguage\":\"fr-FR\"},{\"@type\":\"WebPage\",\"@id\":\"https:\\\/\\\/agradocosmetic.com\\\/5-errores-en-el-cuidado-del-cabello-y-como-evitarlos\\\/\",\"url\":\"https:\\\/\\\/agradocosmetic.com\\\/5-errores-en-el-cuidado-del-cabello-y-como-evitarlos\\\/\",\"name\":\"5 errores en el cuidado del cabello\u2026 y c\u00f3mo evitarlos - Agrado\",\"isPartOf\":{\"@id\":\"https:\\\/\\\/agradocosmetic.com\\\/#website\"},\"primaryImageOfPage\":{\"@id\":\"https:\\\/\\\/agradocosmetic.com\\\/5-errores-en-el-cuidado-del-cabello-y-como-evitarlos\\\/#primaryimage\"},\"image\":{\"@id\":\"https:\\\/\\\/agradocosmetic.com\\\/5-errores-en-el-cuidado-del-cabello-y-como-evitarlos\\\/#primaryimage\"},\"thumbnailUrl\":\"https:\\\/\\\/agradocosmetic.com\\\/wp-content\\\/uploads\\\/2025\\\/11\\\/imgi_82_capilares.jpeg\",\"datePublished\":\"2025-10-02T10:30:13+00:00\",\"dateModified\":\"2025-11-21T16:17:55+00:00\",\"description\":\"Todas queremos un cabello sano, brillante y lleno de vida, pero a veces sin darnos cuenta cometemos peque\u00f1os errores que pueden afectarlo. Hoy te contamos los 5 errores en el cuidado del cabello m\u00e1s comunes y c\u00f3mo solucionarlos.\",\"breadcrumb\":{\"@id\":\"https:\\\/\\\/agradocosmetic.com\\\/5-errores-en-el-cuidado-del-cabello-y-como-evitarlos\\\/#breadcrumb\"},\"inLanguage\":\"fr-FR\",\"potentialAction\":[{\"@type\":\"ReadAction\",\"target\":[\"https:\\\/\\\/agradocosmetic.com\\\/5-errores-en-el-cuidado-del-cabello-y-como-evitarlos\\\/\"]}]},{\"@type\":\"ImageObject\",\"inLanguage\":\"fr-FR\",\"@id\":\"https:\\\/\\\/agradocosmetic.com\\\/5-errores-en-el-cuidado-del-cabello-y-como-evitarlos\\\/#primaryimage\",\"url\":\"https:\\\/\\\/agradocosmetic.com\\\/wp-content\\\/uploads\\\/2025\\\/11\\\/imgi_82_capilares.jpeg\",\"contentUrl\":\"https:\\\/\\\/agradocosmetic.com\\\/wp-content\\\/uploads\\\/2025\\\/11\\\/imgi_82_capilares.jpeg\",\"width\":1920,\"height\":861,\"caption\":\"Capilares\"},{\"@type\":\"BreadcrumbList\",\"@id\":\"https:\\\/\\\/agradocosmetic.com\\\/5-errores-en-el-cuidado-del-cabello-y-como-evitarlos\\\/#breadcrumb\",\"itemListElement\":[{\"@type\":\"ListItem\",\"position\":1,\"name\":\"Portada\",\"item\":\"https:\\\/\\\/agradocosmetic.com\\\/\"},{\"@type\":\"ListItem\",\"position\":2,\"name\":\"5 errores en el cuidado del cabello\u2026 y c\u00f3mo evitarlos\"}]},{\"@type\":\"WebSite\",\"@id\":\"https:\\\/\\\/agradocosmetic.com\\\/#website\",\"url\":\"https:\\\/\\\/agradocosmetic.com\\\/\",\"name\":\"Agrado\",\"description\":\"Cosmetic\",\"publisher\":{\"@id\":\"https:\\\/\\\/agradocosmetic.com\\\/#organization\"},\"potentialAction\":[{\"@type\":\"SearchAction\",\"target\":{\"@type\":\"EntryPoint\",\"urlTemplate\":\"https:\\\/\\\/agradocosmetic.com\\\/?s={search_term_string}\"},\"query-input\":{\"@type\":\"PropertyValueSpecification\",\"valueRequired\":true,\"valueName\":\"search_term_string\"}}],\"inLanguage\":\"fr-FR\"},{\"@type\":\"Organization\",\"@id\":\"https:\\\/\\\/agradocosmetic.com\\\/#organization\",\"name\":\"Agrado\",\"url\":\"https:\\\/\\\/agradocosmetic.com\\\/\",\"logo\":{\"@type\":\"ImageObject\",\"inLanguage\":\"fr-FR\",\"@id\":\"https:\\\/\\\/agradocosmetic.com\\\/#\\\/schema\\\/logo\\\/image\\\/\",\"url\":\"https:\\\/\\\/agradocosmetic.com\\\/wp-content\\\/uploads\\\/2023\\\/07\\\/LOGO-AGRADO-WEB-01.png\",\"contentUrl\":\"https:\\\/\\\/agradocosmetic.com\\\/wp-content\\\/uploads\\\/2023\\\/07\\\/LOGO-AGRADO-WEB-01.png\",\"width\":1632,\"height\":300,\"caption\":\"Agrado\"},\"image\":{\"@id\":\"https:\\\/\\\/agradocosmetic.com\\\/#\\\/schema\\\/logo\\\/image\\\/\"}},{\"@type\":\"Person\",\"@id\":\"https:\\\/\\\/agradocosmetic.com\\\/#\\\/schema\\\/person\\\/59124921013b50f80959d84fc7219096\",\"name\":\"carmen\",\"image\":{\"@type\":\"ImageObject\",\"inLanguage\":\"fr-FR\",\"@id\":\"https:\\\/\\\/secure.gravatar.com\\\/avatar\\\/2036bf58c019bb0a3f94937a2ed7cab76ae6ebe239f705f7c62ea5c48f93531f?s=96&d=mm&r=g\",\"url\":\"https:\\\/\\\/secure.gravatar.com\\\/avatar\\\/2036bf58c019bb0a3f94937a2ed7cab76ae6ebe239f705f7c62ea5c48f93531f?s=96&d=mm&r=g\",\"contentUrl\":\"https:\\\/\\\/secure.gravatar.com\\\/avatar\\\/2036bf58c019bb0a3f94937a2ed7cab76ae6ebe239f705f7c62ea5c48f93531f?s=96&d=mm&r=g\",\"caption\":\"carmen\"}}]}<\/script>\n<!-- \/ Yoast SEO plugin. -->","yoast_head_json":{"title":"5 erreurs \u00e0 \u00e9viter en mati\u00e8re de soins capillaires\u2026 et comment les \u00e9viter - Agrado","description":"Nous r\u00eavons tous de cheveux sains, brillants et \u00e9clatants, mais il arrive que nous commettions sans le savoir de petites erreurs qui peuvent les ab\u00eemer. Aujourd&#039;hui, nous allons vous parler des 5 erreurs les plus fr\u00e9quentes en mati\u00e8re de soins capillaires et comment les corriger.","robots":{"index":"index","follow":"follow","max-snippet":"max-snippet:-1","max-image-preview":"max-image-preview:large","max-video-preview":"max-video-preview:-1"},"canonical":"https:\/\/agradocosmetic.com\/fr\/5-errores-en-el-cuidado-del-cabello-y-como-evitarlos\/","og_locale":"fr_FR","og_type":"article","og_title":"5 errores en el cuidado del cabello\u2026 y c\u00f3mo evitarlos - Agrado","og_description":"Todas queremos un cabello sano, brillante y lleno de vida, pero a veces sin darnos cuenta cometemos peque\u00f1os errores que pueden afectarlo. Hoy te contamos los 5 errores en el cuidado del cabello m\u00e1s comunes y c\u00f3mo solucionarlos.","og_url":"https:\/\/agradocosmetic.com\/fr\/5-errores-en-el-cuidado-del-cabello-y-como-evitarlos\/","og_site_name":"Agrado","article_published_time":"2025-10-02T10:30:13+00:00","article_modified_time":"2025-11-21T16:17:55+00:00","og_image":[{"width":1920,"height":861,"url":"https:\/\/agradocosmetic.com\/wp-content\/uploads\/2025\/11\/imgi_82_capilares.jpeg","type":"image\/jpeg"}],"author":"carmen","twitter_card":"summary_large_image","twitter_misc":{"\u00c9crit par":"carmen","Dur\u00e9e de lecture estim\u00e9e":"2 minutes"},"schema":{"@context":"https:\/\/schema.org","@graph":[{"@type":"Article","@id":"https:\/\/agradocosmetic.com\/5-errores-en-el-cuidado-del-cabello-y-como-evitarlos\/#article","isPartOf":{"@id":"https:\/\/agradocosmetic.com\/5-errores-en-el-cuidado-del-cabello-y-como-evitarlos\/"},"author":{"name":"carmen","@id":"https:\/\/agradocosmetic.com\/#\/schema\/person\/59124921013b50f80959d84fc7219096"},"headline":"5 errores en el cuidado del cabello\u2026 y c\u00f3mo evitarlos","datePublished":"2025-10-02T10:30:13+00:00","dateModified":"2025-11-21T16:17:55+00:00","mainEntityOfPage":{"@id":"https:\/\/agradocosmetic.com\/5-errores-en-el-cuidado-del-cabello-y-como-evitarlos\/"},"wordCount":353,"publisher":{"@id":"https:\/\/agradocosmetic.com\/#organization"},"image":{"@id":"https:\/\/agradocosmetic.com\/5-errores-en-el-cuidado-del-cabello-y-como-evitarlos\/#primaryimage"},"thumbnailUrl":"https:\/\/agradocosmetic.com\/wp-content\/uploads\/2025\/11\/imgi_82_capilares.jpeg","keywords":["errores","cabello sano","champ\u00fa","aceite capilar","cabello brillante","acondicionador","cabello","capilar","mascarilla","peinado","pelo","tips","tratamiento capilar","trucos para tu pelo"],"articleSection":["Cabello","Cabello","Capilar","Capilar","Capillaire","Capillary","Todos"],"inLanguage":"fr-FR"},{"@type":"WebPage","@id":"https:\/\/agradocosmetic.com\/5-errores-en-el-cuidado-del-cabello-y-como-evitarlos\/","url":"https:\/\/agradocosmetic.com\/5-errores-en-el-cuidado-del-cabello-y-como-evitarlos\/","name":"5 erreurs \u00e0 \u00e9viter en mati\u00e8re de soins capillaires\u2026 et comment les \u00e9viter - Agrado","isPartOf":{"@id":"https:\/\/agradocosmetic.com\/#website"},"primaryImageOfPage":{"@id":"https:\/\/agradocosmetic.com\/5-errores-en-el-cuidado-del-cabello-y-como-evitarlos\/#primaryimage"},"image":{"@id":"https:\/\/agradocosmetic.com\/5-errores-en-el-cuidado-del-cabello-y-como-evitarlos\/#primaryimage"},"thumbnailUrl":"https:\/\/agradocosmetic.com\/wp-content\/uploads\/2025\/11\/imgi_82_capilares.jpeg","datePublished":"2025-10-02T10:30:13+00:00","dateModified":"2025-11-21T16:17:55+00:00","description":"Nous r\u00eavons tous de cheveux sains, brillants et \u00e9clatants, mais il arrive que nous commettions sans le savoir de petites erreurs qui peuvent les ab\u00eemer. Aujourd&#039;hui, nous allons vous parler des 5 erreurs les plus fr\u00e9quentes en mati\u00e8re de soins capillaires et comment les corriger.","breadcrumb":{"@id":"https:\/\/agradocosmetic.com\/5-errores-en-el-cuidado-del-cabello-y-como-evitarlos\/#breadcrumb"},"inLanguage":"fr-FR","potentialAction":[{"@type":"ReadAction","target":["https:\/\/agradocosmetic.com\/5-errores-en-el-cuidado-del-cabello-y-como-evitarlos\/"]}]},{"@type":"ImageObject","inLanguage":"fr-FR","@id":"https:\/\/agradocosmetic.com\/5-errores-en-el-cuidado-del-cabello-y-como-evitarlos\/#primaryimage","url":"https:\/\/agradocosmetic.com\/wp-content\/uploads\/2025\/11\/imgi_82_capilares.jpeg","contentUrl":"https:\/\/agradocosmetic.com\/wp-content\/uploads\/2025\/11\/imgi_82_capilares.jpeg","width":1920,"height":861,"caption":"Capilares"},{"@type":"BreadcrumbList","@id":"https:\/\/agradocosmetic.com\/5-errores-en-el-cuidado-del-cabello-y-como-evitarlos\/#breadcrumb","itemListElement":[{"@type":"ListItem","position":1,"name":"Portada","item":"https:\/\/agradocosmetic.com\/"},{"@type":"ListItem","position":2,"name":"5 errores en el cuidado del cabello\u2026 y c\u00f3mo evitarlos"}]},{"@type":"WebSite","@id":"https:\/\/agradocosmetic.com\/#website","url":"https:\/\/agradocosmetic.com\/","name":"Aimer","description":"cosm\u00e9tique","publisher":{"@id":"https:\/\/agradocosmetic.com\/#organization"},"potentialAction":[{"@type":"SearchAction","target":{"@type":"EntryPoint","urlTemplate":"https:\/\/agradocosmetic.com\/?s={search_term_string}"},"query-input":{"@type":"PropertyValueSpecification","valueRequired":true,"valueName":"search_term_string"}}],"inLanguage":"fr-FR"},{"@type":"Organization","@id":"https:\/\/agradocosmetic.com\/#organization","name":"Aimer","url":"https:\/\/agradocosmetic.com\/","logo":{"@type":"ImageObject","inLanguage":"fr-FR","@id":"https:\/\/agradocosmetic.com\/#\/schema\/logo\/image\/","url":"https:\/\/agradocosmetic.com\/wp-content\/uploads\/2023\/07\/LOGO-AGRADO-WEB-01.png","contentUrl":"https:\/\/agradocosmetic.com\/wp-content\/uploads\/2023\/07\/LOGO-AGRADO-WEB-01.png","width":1632,"height":300,"caption":"Agrado"},"image":{"@id":"https:\/\/agradocosmetic.com\/#\/schema\/logo\/image\/"}},{"@type":"Person","@id":"https:\/\/agradocosmetic.com\/#\/schema\/person\/59124921013b50f80959d84fc7219096","name":"Carmen","image":{"@type":"ImageObject","inLanguage":"fr-FR","@id":"https:\/\/secure.gravatar.com\/avatar\/2036bf58c019bb0a3f94937a2ed7cab76ae6ebe239f705f7c62ea5c48f93531f?s=96&d=mm&r=g","url":"https:\/\/secure.gravatar.com\/avatar\/2036bf58c019bb0a3f94937a2ed7cab76ae6ebe239f705f7c62ea5c48f93531f?s=96&d=mm&r=g","contentUrl":"https:\/\/secure.gravatar.com\/avatar\/2036bf58c019bb0a3f94937a2ed7cab76ae6ebe239f705f7c62ea5c48f93531f?s=96&d=mm&r=g","caption":"carmen"}}]}},"_links":{"self":[{"href":"https:\/\/agradocosmetic.com\/fr\/wp-json\/wp\/v2\/posts\/34773","targetHints":{"allow":["GET"]}}],"collection":[{"href":"https:\/\/agradocosmetic.com\/fr\/wp-json\/wp\/v2\/posts"}],"about":[{"href":"https:\/\/agradocosmetic.com\/fr\/wp-json\/wp\/v2\/types\/post"}],"author":[{"embeddable":true,"href":"https:\/\/agradocosmetic.com\/fr\/wp-json\/wp\/v2\/users\/11"}],"replies":[{"embeddable":true,"href":"https:\/\/agradocosmetic.com\/fr\/wp-json\/wp\/v2\/comments?post=34773"}],"version-history":[{"count":2,"href":"https:\/\/agradocosmetic.com\/fr\/wp-json\/wp\/v2\/posts\/34773\/revisions"}],"predecessor-version":[{"id":34776,"href":"https:\/\/agradocosmetic.com\/fr\/wp-json\/wp\/v2\/posts\/34773\/revisions\/34776"}],"wp:featuredmedia":[{"embeddable":true,"href":"https:\/\/agradocosmetic.com\/fr\/wp-json\/wp\/v2\/media\/34775"}],"wp:attachment":[{"href":"https:\/\/agradocosmetic.com\/fr\/wp-json\/wp\/v2\/media?parent=34773"}],"wp:term":[{"taxonomy":"category","embeddable":true,"href":"https:\/\/agradocosmetic.com\/fr\/wp-json\/wp\/v2\/categories?post=34773"},{"taxonomy":"post_tag","embeddable":true,"href":"https:\/\/agradocosmetic.com\/fr\/wp-json\/wp\/v2\/tags?post=34773"}],"curies":[{"name":"wp","href":"https:\/\/api.w.org\/{rel}","templated":true}]}}