{"id":3483,"date":"2019-04-08T08:09:20","date_gmt":"2019-04-08T07:09:20","guid":{"rendered":"https:\/\/www.agradocosmetic.com\/?p=3483"},"modified":"2023-11-18T16:58:56","modified_gmt":"2023-11-18T16:58:56","slug":"gama-de-solares-agrado-chicas-listas","status":"publish","type":"post","link":"https:\/\/agradocosmetic.com\/fr\/gama-de-solares-agrado-chicas-listas\/","title":{"rendered":"Le temps des filles intelligentes est arriv\u00e9"},"content":{"rendered":"<h1>La nouvelle gamme de panneaux solaires AGRADO est l\u00e0<\/h1>\n<p><span data-contrast=\"auto\">C&#039;est cette p\u00e9riode de l&#039;ann\u00e9e o\u00f9 l&#039;on commence \u00e0 laisser l&#039;\u00e9charpe, le manteau et les bottes d&#039;hiver au placard. C&#039;est cette p\u00e9riode de l&#039;ann\u00e9e o\u00f9 l&#039;on arr\u00eate de faire des projets \u00ab film et couverture \u00bb pour passer l&#039;apr\u00e8s-midi au soleil sur une terrasse.\u00a0<\/span><span data-contrast=\"auto\">C&#039;est cette p\u00e9riode de l&#039;ann\u00e9e o\u00f9 vous allez passer la journ\u00e9e \u00e0 la plage, vous d\u00e9tendre devant la brise marine pendant que votre peau bronze ; ou dans la piscine entre amis pendant que vous pr\u00e9parez un barbecue.\u00a0<\/span><span data-ccp-props=\"{&quot;201341983&quot;:0,&quot;335559739&quot;:160,&quot;335559740&quot;:249}\">\u00a0<\/span><span data-contrast=\"auto\">C&#039;est cette p\u00e9riode de l&#039;ann\u00e9e o\u00f9 vous vous l\u00e2chez les cheveux, faites du surf, voyagez, allez \u00e0 des festivals ou apprenez le yoga dans le parc.\u00a0<\/span><span data-ccp-props=\"{&quot;201341983&quot;:0,&quot;335559739&quot;:160,&quot;335559740&quot;:249}\">\u00a0Et maintenant, vous pouvez le faire en prot\u00e9geant votre peau avec la nouvelle gamme de cr\u00e8mes solaires AGRADO.<\/span><\/p>\n<p><span data-contrast=\"auto\">C&#039;est cette p\u00e9riode de l&#039;ann\u00e9e o\u00f9 il est acceptable de faire quelque chose que l&#039;on n&#039;a jamais fait auparavant. C&#039;est normal que tu oses lui proposer un rendez-vous, que tu prennes des risques avec le look le plus audacieux, que tu exag\u00e8res avec le\u00a0<\/span><i><span data-contrast=\"auto\">Brownies<\/span><\/i><i><span data-contrast=\"auto\">,\u00a0<\/span><\/i><i><span data-contrast=\"auto\">fromage<\/span><\/i><i><span data-contrast=\"auto\">\u00a0g\u00e2teau<\/span><\/i><span data-contrast=\"auto\">\u00a0soit\u00a0<\/span><i><span data-contrast=\"auto\">lait<\/span><\/i><i><span data-contrast=\"auto\">\u00a0<\/span><\/i><i><span data-contrast=\"auto\">secouer<\/span><\/i><span data-contrast=\"auto\">, que vous sautiez dans la mer depuis un yacht ou que vous preniez cette planche de surf et appreniez \u00e0 surfer sur les vagues.<\/span><span data-ccp-props=\"{&quot;201341983&quot;:0,&quot;335559739&quot;:160,&quot;335559740&quot;:249}\">\u00a0<\/span><span data-contrast=\"auto\">Parce que c&#039;est cette p\u00e9riode de l&#039;ann\u00e9e o\u00f9 les filles et les gars intelligents peuvent faire toutes sortes de choses folles, mais jamais avec leur peau. <\/span><\/p>\n<p><span data-contrast=\"auto\">Pour \u00e7a\u00a0<\/span><span data-contrast=\"auto\">dans le PLAISIR<\/span><span data-contrast=\"auto\">\u00a0<\/span><span data-contrast=\"auto\">Vous disposez d&#039;une large gamme de cr\u00e8mes solaires, avec des surprises incroyables comme la cr\u00e8me solaire Facial Mist que vous pouvez appliquer sur votre maquillage pour toujours prot\u00e9ger votre peau.\u00a0<\/span><span data-contrast=\"auto\">Et aussi, une astuce infaillible. Le livre dont vous avez besoin pour vous allonger au soleil dans la plus grande d\u00e9tente possible. Un livre surprenant \u00e0 l&#039;ext\u00e9rieur et incroyable \u00e0 l&#039;int\u00e9rieur. Le livre intelligent pour filles d&#039;Agrado est, en r\u00e9alit\u00e9, une cachette pour ranger vos objets de valeur lorsque vous allez \u00e0 la plage ou \u00e0 la piscine, afin que vous puissiez vous d\u00e9tendre dans l&#039;eau ou marcher le long du rivage avec votre peau prot\u00e9g\u00e9e et vos objets de valeur aussi. .<\/span><span data-ccp-props=\"{&quot;201341983&quot;:0,&quot;335559739&quot;:160,&quot;335559740&quot;:249}\">\u00a0<\/span><\/p>\n<p><img fetchpriority=\"high\" decoding=\"async\" class=\"alignleft wp-image-3593 size-large\" src=\"https:\/\/www.agradocosmetic.com\/wp-content\/uploads\/2019\/04\/MOSAICO_colores-1024x683.png\" alt=\"\" width=\"848\" height=\"566\" \/><\/p>\n<h2><b><span data-contrast=\"auto\">Comment obtenir le livre pour filles LIKE-ready ?<\/span><\/b><span data-ccp-props=\"{&quot;201341983&quot;:0,&quot;335559739&quot;:160,&quot;335559740&quot;:249}\">\u00a0<\/span><\/h2>\n<p><span data-contrast=\"auto\">C&#039;est tr\u00e8s simple, il suffit de garder un \u0153il sur nos r\u00e9seaux sociaux car d&#039;avril \u00e0 ao\u00fbt nous ferons des cadeaux sur nos cha\u00eenes. Nous aurons \u00e9galement la collaboration de\u00a0<\/span><em>influenceurs<\/em><span data-contrast=\"auto\">\u00a0qui vous donnera les meilleurs conseils pour passer un \u00e9t\u00e9 de folie, sans n\u00e9gliger votre peau et quelques surprises !\u00a0<\/span><span data-ccp-props=\"{&quot;201341983&quot;:0,&quot;335559739&quot;:160,&quot;335559740&quot;:249}\">\u00a0<\/span><span data-contrast=\"auto\">Et tu peux voir tout \u00e7a quand tu veux\u00a0<\/span><a href=\"http:\/\/www.solaresparachicaslistas.com\/\"><span data-contrast=\"none\">www.solaresparachicaslistas.com<\/span><\/a><span data-contrast=\"auto\">.<\/span><span data-ccp-props=\"{&quot;201341983&quot;:0,&quot;335559739&quot;:160,&quot;335559740&quot;:249}\">\u00a0<\/span><\/p>\n<p><span data-contrast=\"auto\">Restez connect\u00e9s \u00e0 nos r\u00e9seaux sociaux et ne manquez pas les cl\u00e9s pour profiter du beau temps sans mettre votre peau en danger.\u00a0<\/span><\/p>\n<h2><strong>D\u00e9couvrez la nouvelle gamme de parcelles AGRADO.\u00a0\u00a0<\/strong><\/h2>\n<p><span data-contrast=\"none\">La gamme de cr\u00e8mes solaires Agrado est con\u00e7ue pour prot\u00e9ger votre peau du rayonnement solaire d\u00e8s le premier jour d&#039;exposition. Nos produits solaires sont pr\u00e9par\u00e9s pour prot\u00e9ger votre peau du soleil avec une large gamme de produits. De l&#039;Huile Protectrice Solaire 8SPF, 10SPF et 20SPF, que nous vous recommandons de compl\u00e9ter avec la gamme de protections Sun Dry Mist<\/span><span data-ccp-props=\"{&quot;134233117&quot;:true,&quot;134233118&quot;:true,&quot;201341983&quot;:0,&quot;335559740&quot;:240}\">\u00a0<\/span><span data-contrast=\"none\">15SPF, 30SPF ou 50SPF, jusqu&#039;aux formules les plus r\u00e9centes pour prot\u00e9ger votre visage telles que Facial Mousse ou Facial Mist. En revanche, si ce que vous recherchez est d&#039;hydrater et de r\u00e9cup\u00e9rer votre peau apr\u00e8s un bain de soleil, vous ne pouvez pas manquer l&#039;offre\u00a0<\/span><span data-contrast=\"none\">apr\u00e8s<\/span><span data-contrast=\"none\">\u00a0<\/span><span data-contrast=\"none\">Soleil<\/span><span data-contrast=\"none\">\u00a0<\/span><span data-contrast=\"none\">Hydrocalmant<\/span><span data-contrast=\"none\">\u00a0et l&#039;Aloe Vera.<\/span><span data-ccp-props=\"{&quot;134233117&quot;:true,&quot;134233118&quot;:true,&quot;201341983&quot;:0,&quot;335559740&quot;:240}\">\u00a0<\/span><span data-contrast=\"none\">Chez Agrado nous avons aussi pens\u00e9 aux plus petits et pour eux vous trouverez \u00e9galement le protecteur Sun Dry Mist 50+SPF pour peaux sensibles.<\/span><span data-ccp-props=\"{&quot;134233117&quot;:true,&quot;134233118&quot;:true,&quot;201341983&quot;:0,&quot;335559740&quot;:240}\">\u00a0<\/span><span data-contrast=\"none\">De plus, les cr\u00e8mes solaires Agrado poss\u00e8dent une formule de protection sp\u00e9cifique \u00e0 large spectre, prot\u00e9geant votre peau des rayons UVA mais \u00e9galement des rayons UVB, les plus nocifs pour la peau.<\/span><span data-ccp-props=\"{&quot;134233117&quot;:true,&quot;134233118&quot;:true,&quot;201341983&quot;:0,&quot;335559740&quot;:240}\">\u00a0<\/span><\/p>\n<p><span data-contrast=\"none\">Cet \u00e9t\u00e9, l\u00e2chez vos cheveux, ne vous souciez de rien sauf de votre peau. Suivez tous nos conseils dans #<\/span><span data-contrast=\"none\">liste des paragirls solaires.\u00a0<\/span><\/p>\n<p><span data-contrast=\"none\">Entre en <a href=\"http:\/\/www.solaresparachicaslistas.com\/\">www.solaresparachicaslistas.com<\/a>, d\u00e9couvrez notre gamme de parcelles 2019 et d\u00e9couvrez les nombreuses surprises que nous vous avons pr\u00e9par\u00e9es<\/span><span data-ccp-props=\"{&quot;134233117&quot;:true,&quot;134233118&quot;:true,&quot;201341983&quot;:0,&quot;335559740&quot;:240}\">\u00a0<\/span><\/p>\n<p><span data-ccp-props=\"{&quot;201341983&quot;:0,&quot;335559739&quot;:160,&quot;335559740&quot;:249}\">\u00a0<\/span><\/p>","protected":false},"excerpt":{"rendered":"<p>Ya est\u00e1 aqu\u00ed la nueva gama de solares AGRADO Viene ese momento del a\u00f1o en el que empiezas a dejar la bufanda, el abrigo y las botas de invierno en el armario. Viene esa \u00e9poca del a\u00f1o en el que dejas de hacer planes de \u2018peli y manta\u2019, para pasar la tarde al sol de [&hellip;]<\/p>\n","protected":false},"author":9,"featured_media":21422,"comment_status":"open","ping_status":"closed","sticky":false,"template":"","format":"standard","meta":{"footnotes":"","_wp_rev_ctl_limit":""},"categories":[116,1],"tags":[],"class_list":["post-3483","post","type-post","status-publish","format-standard","has-post-thumbnail","hentry","category-solar","category-todos"],"yoast_head":"<!-- This site is optimized with the Yoast SEO plugin v27.4 - https:\/\/yoast.com\/product\/yoast-seo-wordpress\/ -->\n<title>Conoce la nueva gama de solares de AGRADO | #solaresparachicaslistas<\/title>\n<meta name=\"description\" content=\"Ya puedes disfrutar del verano despreocup\u00e1ndote de todo, menos de tu piel con la nueva gama de solares de AGRADO. Una nueva colecci\u00f3n de protectores solares para chicas, y chicos, que quieren vivir el verano al m\u00e1ximo sin poner en riesgo su piel.\" \/>\n<meta name=\"robots\" content=\"index, follow, max-snippet:-1, max-image-preview:large, max-video-preview:-1\" \/>\n<link rel=\"canonical\" href=\"https:\/\/agradocosmetic.com\/fr\/gama-de-solares-agrado-chicas-listas\/\" \/>\n<meta property=\"og:locale\" content=\"fr_FR\" \/>\n<meta property=\"og:type\" content=\"article\" \/>\n<meta property=\"og:title\" content=\"Conoce la nueva gama de solares de AGRADO | #solaresparachicaslistas\" \/>\n<meta property=\"og:description\" content=\"Ya puedes disfrutar del verano despreocup\u00e1ndote de todo, menos de tu piel con la nueva gama de solares de AGRADO. Una nueva colecci\u00f3n de protectores solares para chicas, y chicos, que quieren vivir el verano al m\u00e1ximo sin poner en riesgo su piel.\" \/>\n<meta property=\"og:url\" content=\"https:\/\/agradocosmetic.com\/fr\/gama-de-solares-agrado-chicas-listas\/\" \/>\n<meta property=\"og:site_name\" content=\"Agrado\" \/>\n<meta property=\"article:published_time\" content=\"2019-04-08T07:09:20+00:00\" \/>\n<meta property=\"article:modified_time\" content=\"2023-11-18T16:58:56+00:00\" \/>\n<meta property=\"og:image\" content=\"https:\/\/agradocosmetic.com\/wp-content\/uploads\/2019\/04\/chicas-listas-agrado.jpg\" \/>\n\t<meta property=\"og:image:width\" content=\"1200\" \/>\n\t<meta property=\"og:image:height\" content=\"800\" \/>\n\t<meta property=\"og:image:type\" content=\"image\/jpeg\" \/>\n<meta name=\"author\" content=\"agradocosmetic\" \/>\n<meta name=\"twitter:card\" content=\"summary_large_image\" \/>\n<meta name=\"twitter:label1\" content=\"\u00c9crit par\" \/>\n\t<meta name=\"twitter:data1\" content=\"agradocosmetic\" \/>\n\t<meta name=\"twitter:label2\" content=\"Dur\u00e9e de lecture estim\u00e9e\" \/>\n\t<meta name=\"twitter:data2\" content=\"3 minutes\" \/>\n<script type=\"application\/ld+json\" class=\"yoast-schema-graph\">{\"@context\":\"https:\\\/\\\/schema.org\",\"@graph\":[{\"@type\":\"Article\",\"@id\":\"https:\\\/\\\/agradocosmetic.com\\\/gama-de-solares-agrado-chicas-listas\\\/#article\",\"isPartOf\":{\"@id\":\"https:\\\/\\\/agradocosmetic.com\\\/gama-de-solares-agrado-chicas-listas\\\/\"},\"author\":{\"name\":\"agradocosmetic\",\"@id\":\"https:\\\/\\\/agradocosmetic.com\\\/#\\\/schema\\\/person\\\/732e8d396022e25f9340196f83d6789d\"},\"headline\":\"Ya est\u00e1 aqu\u00ed el momento de las chicas listas\",\"datePublished\":\"2019-04-08T07:09:20+00:00\",\"dateModified\":\"2023-11-18T16:58:56+00:00\",\"mainEntityOfPage\":{\"@id\":\"https:\\\/\\\/agradocosmetic.com\\\/gama-de-solares-agrado-chicas-listas\\\/\"},\"wordCount\":692,\"commentCount\":0,\"publisher\":{\"@id\":\"https:\\\/\\\/agradocosmetic.com\\\/#organization\"},\"image\":{\"@id\":\"https:\\\/\\\/agradocosmetic.com\\\/gama-de-solares-agrado-chicas-listas\\\/#primaryimage\"},\"thumbnailUrl\":\"https:\\\/\\\/agradocosmetic.com\\\/wp-content\\\/uploads\\\/2019\\\/04\\\/chicas-listas-agrado.jpg\",\"articleSection\":[\"Solar\",\"Todos\"],\"inLanguage\":\"fr-FR\",\"potentialAction\":[{\"@type\":\"CommentAction\",\"name\":\"Comment\",\"target\":[\"https:\\\/\\\/agradocosmetic.com\\\/gama-de-solares-agrado-chicas-listas\\\/#respond\"]}]},{\"@type\":\"WebPage\",\"@id\":\"https:\\\/\\\/agradocosmetic.com\\\/gama-de-solares-agrado-chicas-listas\\\/\",\"url\":\"https:\\\/\\\/agradocosmetic.com\\\/gama-de-solares-agrado-chicas-listas\\\/\",\"name\":\"Conoce la nueva gama de solares de AGRADO | #solaresparachicaslistas\",\"isPartOf\":{\"@id\":\"https:\\\/\\\/agradocosmetic.com\\\/#website\"},\"primaryImageOfPage\":{\"@id\":\"https:\\\/\\\/agradocosmetic.com\\\/gama-de-solares-agrado-chicas-listas\\\/#primaryimage\"},\"image\":{\"@id\":\"https:\\\/\\\/agradocosmetic.com\\\/gama-de-solares-agrado-chicas-listas\\\/#primaryimage\"},\"thumbnailUrl\":\"https:\\\/\\\/agradocosmetic.com\\\/wp-content\\\/uploads\\\/2019\\\/04\\\/chicas-listas-agrado.jpg\",\"datePublished\":\"2019-04-08T07:09:20+00:00\",\"dateModified\":\"2023-11-18T16:58:56+00:00\",\"description\":\"Ya puedes disfrutar del verano despreocup\u00e1ndote de todo, menos de tu piel con la nueva gama de solares de AGRADO. Una nueva colecci\u00f3n de protectores solares para chicas, y chicos, que quieren vivir el verano al m\u00e1ximo sin poner en riesgo su piel.\",\"breadcrumb\":{\"@id\":\"https:\\\/\\\/agradocosmetic.com\\\/gama-de-solares-agrado-chicas-listas\\\/#breadcrumb\"},\"inLanguage\":\"fr-FR\",\"potentialAction\":[{\"@type\":\"ReadAction\",\"target\":[\"https:\\\/\\\/agradocosmetic.com\\\/gama-de-solares-agrado-chicas-listas\\\/\"]}]},{\"@type\":\"ImageObject\",\"inLanguage\":\"fr-FR\",\"@id\":\"https:\\\/\\\/agradocosmetic.com\\\/gama-de-solares-agrado-chicas-listas\\\/#primaryimage\",\"url\":\"https:\\\/\\\/agradocosmetic.com\\\/wp-content\\\/uploads\\\/2019\\\/04\\\/chicas-listas-agrado.jpg\",\"contentUrl\":\"https:\\\/\\\/agradocosmetic.com\\\/wp-content\\\/uploads\\\/2019\\\/04\\\/chicas-listas-agrado.jpg\",\"width\":1200,\"height\":800},{\"@type\":\"BreadcrumbList\",\"@id\":\"https:\\\/\\\/agradocosmetic.com\\\/gama-de-solares-agrado-chicas-listas\\\/#breadcrumb\",\"itemListElement\":[{\"@type\":\"ListItem\",\"position\":1,\"name\":\"Portada\",\"item\":\"https:\\\/\\\/agradocosmetic.com\\\/\"},{\"@type\":\"ListItem\",\"position\":2,\"name\":\"Ya est\u00e1 aqu\u00ed el momento de las chicas listas\"}]},{\"@type\":\"WebSite\",\"@id\":\"https:\\\/\\\/agradocosmetic.com\\\/#website\",\"url\":\"https:\\\/\\\/agradocosmetic.com\\\/\",\"name\":\"Agrado\",\"description\":\"Cosmetic\",\"publisher\":{\"@id\":\"https:\\\/\\\/agradocosmetic.com\\\/#organization\"},\"potentialAction\":[{\"@type\":\"SearchAction\",\"target\":{\"@type\":\"EntryPoint\",\"urlTemplate\":\"https:\\\/\\\/agradocosmetic.com\\\/?s={search_term_string}\"},\"query-input\":{\"@type\":\"PropertyValueSpecification\",\"valueRequired\":true,\"valueName\":\"search_term_string\"}}],\"inLanguage\":\"fr-FR\"},{\"@type\":\"Organization\",\"@id\":\"https:\\\/\\\/agradocosmetic.com\\\/#organization\",\"name\":\"Agrado\",\"url\":\"https:\\\/\\\/agradocosmetic.com\\\/\",\"logo\":{\"@type\":\"ImageObject\",\"inLanguage\":\"fr-FR\",\"@id\":\"https:\\\/\\\/agradocosmetic.com\\\/#\\\/schema\\\/logo\\\/image\\\/\",\"url\":\"https:\\\/\\\/agradocosmetic.com\\\/wp-content\\\/uploads\\\/2023\\\/07\\\/LOGO-AGRADO-WEB-01.png\",\"contentUrl\":\"https:\\\/\\\/agradocosmetic.com\\\/wp-content\\\/uploads\\\/2023\\\/07\\\/LOGO-AGRADO-WEB-01.png\",\"width\":1632,\"height\":300,\"caption\":\"Agrado\"},\"image\":{\"@id\":\"https:\\\/\\\/agradocosmetic.com\\\/#\\\/schema\\\/logo\\\/image\\\/\"}},{\"@type\":\"Person\",\"@id\":\"https:\\\/\\\/agradocosmetic.com\\\/#\\\/schema\\\/person\\\/732e8d396022e25f9340196f83d6789d\",\"name\":\"agradocosmetic\",\"image\":{\"@type\":\"ImageObject\",\"inLanguage\":\"fr-FR\",\"@id\":\"https:\\\/\\\/secure.gravatar.com\\\/avatar\\\/c6003e45301182b7e125463fcbec403b1980909c12edf09098526b9a15e779c0?s=96&d=mm&r=g\",\"url\":\"https:\\\/\\\/secure.gravatar.com\\\/avatar\\\/c6003e45301182b7e125463fcbec403b1980909c12edf09098526b9a15e779c0?s=96&d=mm&r=g\",\"contentUrl\":\"https:\\\/\\\/secure.gravatar.com\\\/avatar\\\/c6003e45301182b7e125463fcbec403b1980909c12edf09098526b9a15e779c0?s=96&d=mm&r=g\",\"caption\":\"agradocosmetic\"}}]}<\/script>\n<!-- \/ Yoast SEO plugin. -->","yoast_head_json":{"title":"Conoce la nueva gama de solares de AGRADO | #solaresparachicaslistas","description":"Ya puedes disfrutar del verano despreocup\u00e1ndote de todo, menos de tu piel con la nueva gama de solares de AGRADO. Una nueva colecci\u00f3n de protectores solares para chicas, y chicos, que quieren vivir el verano al m\u00e1ximo sin poner en riesgo su piel.","robots":{"index":"index","follow":"follow","max-snippet":"max-snippet:-1","max-image-preview":"max-image-preview:large","max-video-preview":"max-video-preview:-1"},"canonical":"https:\/\/agradocosmetic.com\/fr\/gama-de-solares-agrado-chicas-listas\/","og_locale":"fr_FR","og_type":"article","og_title":"Conoce la nueva gama de solares de AGRADO | #solaresparachicaslistas","og_description":"Ya puedes disfrutar del verano despreocup\u00e1ndote de todo, menos de tu piel con la nueva gama de solares de AGRADO. Una nueva colecci\u00f3n de protectores solares para chicas, y chicos, que quieren vivir el verano al m\u00e1ximo sin poner en riesgo su piel.","og_url":"https:\/\/agradocosmetic.com\/fr\/gama-de-solares-agrado-chicas-listas\/","og_site_name":"Agrado","article_published_time":"2019-04-08T07:09:20+00:00","article_modified_time":"2023-11-18T16:58:56+00:00","og_image":[{"width":1200,"height":800,"url":"https:\/\/agradocosmetic.com\/wp-content\/uploads\/2019\/04\/chicas-listas-agrado.jpg","type":"image\/jpeg"}],"author":"agradocosmetic","twitter_card":"summary_large_image","twitter_misc":{"\u00c9crit par":"agradocosmetic","Dur\u00e9e de lecture estim\u00e9e":"3 minutes"},"schema":{"@context":"https:\/\/schema.org","@graph":[{"@type":"Article","@id":"https:\/\/agradocosmetic.com\/gama-de-solares-agrado-chicas-listas\/#article","isPartOf":{"@id":"https:\/\/agradocosmetic.com\/gama-de-solares-agrado-chicas-listas\/"},"author":{"name":"agradocosmetic","@id":"https:\/\/agradocosmetic.com\/#\/schema\/person\/732e8d396022e25f9340196f83d6789d"},"headline":"Ya est\u00e1 aqu\u00ed el momento de las chicas listas","datePublished":"2019-04-08T07:09:20+00:00","dateModified":"2023-11-18T16:58:56+00:00","mainEntityOfPage":{"@id":"https:\/\/agradocosmetic.com\/gama-de-solares-agrado-chicas-listas\/"},"wordCount":692,"commentCount":0,"publisher":{"@id":"https:\/\/agradocosmetic.com\/#organization"},"image":{"@id":"https:\/\/agradocosmetic.com\/gama-de-solares-agrado-chicas-listas\/#primaryimage"},"thumbnailUrl":"https:\/\/agradocosmetic.com\/wp-content\/uploads\/2019\/04\/chicas-listas-agrado.jpg","articleSection":["Solar","Todos"],"inLanguage":"fr-FR","potentialAction":[{"@type":"CommentAction","name":"Comment","target":["https:\/\/agradocosmetic.com\/gama-de-solares-agrado-chicas-listas\/#respond"]}]},{"@type":"WebPage","@id":"https:\/\/agradocosmetic.com\/gama-de-solares-agrado-chicas-listas\/","url":"https:\/\/agradocosmetic.com\/gama-de-solares-agrado-chicas-listas\/","name":"Conoce la nueva gama de solares de AGRADO | #solaresparachicaslistas","isPartOf":{"@id":"https:\/\/agradocosmetic.com\/#website"},"primaryImageOfPage":{"@id":"https:\/\/agradocosmetic.com\/gama-de-solares-agrado-chicas-listas\/#primaryimage"},"image":{"@id":"https:\/\/agradocosmetic.com\/gama-de-solares-agrado-chicas-listas\/#primaryimage"},"thumbnailUrl":"https:\/\/agradocosmetic.com\/wp-content\/uploads\/2019\/04\/chicas-listas-agrado.jpg","datePublished":"2019-04-08T07:09:20+00:00","dateModified":"2023-11-18T16:58:56+00:00","description":"Ya puedes disfrutar del verano despreocup\u00e1ndote de todo, menos de tu piel con la nueva gama de solares de AGRADO. Una nueva colecci\u00f3n de protectores solares para chicas, y chicos, que quieren vivir el verano al m\u00e1ximo sin poner en riesgo su piel.","breadcrumb":{"@id":"https:\/\/agradocosmetic.com\/gama-de-solares-agrado-chicas-listas\/#breadcrumb"},"inLanguage":"fr-FR","potentialAction":[{"@type":"ReadAction","target":["https:\/\/agradocosmetic.com\/gama-de-solares-agrado-chicas-listas\/"]}]},{"@type":"ImageObject","inLanguage":"fr-FR","@id":"https:\/\/agradocosmetic.com\/gama-de-solares-agrado-chicas-listas\/#primaryimage","url":"https:\/\/agradocosmetic.com\/wp-content\/uploads\/2019\/04\/chicas-listas-agrado.jpg","contentUrl":"https:\/\/agradocosmetic.com\/wp-content\/uploads\/2019\/04\/chicas-listas-agrado.jpg","width":1200,"height":800},{"@type":"BreadcrumbList","@id":"https:\/\/agradocosmetic.com\/gama-de-solares-agrado-chicas-listas\/#breadcrumb","itemListElement":[{"@type":"ListItem","position":1,"name":"Portada","item":"https:\/\/agradocosmetic.com\/"},{"@type":"ListItem","position":2,"name":"Ya est\u00e1 aqu\u00ed el momento de las chicas listas"}]},{"@type":"WebSite","@id":"https:\/\/agradocosmetic.com\/#website","url":"https:\/\/agradocosmetic.com\/","name":"Aimer","description":"cosm\u00e9tique","publisher":{"@id":"https:\/\/agradocosmetic.com\/#organization"},"potentialAction":[{"@type":"SearchAction","target":{"@type":"EntryPoint","urlTemplate":"https:\/\/agradocosmetic.com\/?s={search_term_string}"},"query-input":{"@type":"PropertyValueSpecification","valueRequired":true,"valueName":"search_term_string"}}],"inLanguage":"fr-FR"},{"@type":"Organization","@id":"https:\/\/agradocosmetic.com\/#organization","name":"Aimer","url":"https:\/\/agradocosmetic.com\/","logo":{"@type":"ImageObject","inLanguage":"fr-FR","@id":"https:\/\/agradocosmetic.com\/#\/schema\/logo\/image\/","url":"https:\/\/agradocosmetic.com\/wp-content\/uploads\/2023\/07\/LOGO-AGRADO-WEB-01.png","contentUrl":"https:\/\/agradocosmetic.com\/wp-content\/uploads\/2023\/07\/LOGO-AGRADO-WEB-01.png","width":1632,"height":300,"caption":"Agrado"},"image":{"@id":"https:\/\/agradocosmetic.com\/#\/schema\/logo\/image\/"}},{"@type":"Person","@id":"https:\/\/agradocosmetic.com\/#\/schema\/person\/732e8d396022e25f9340196f83d6789d","name":"agradocosm\u00e9tique","image":{"@type":"ImageObject","inLanguage":"fr-FR","@id":"https:\/\/secure.gravatar.com\/avatar\/c6003e45301182b7e125463fcbec403b1980909c12edf09098526b9a15e779c0?s=96&d=mm&r=g","url":"https:\/\/secure.gravatar.com\/avatar\/c6003e45301182b7e125463fcbec403b1980909c12edf09098526b9a15e779c0?s=96&d=mm&r=g","contentUrl":"https:\/\/secure.gravatar.com\/avatar\/c6003e45301182b7e125463fcbec403b1980909c12edf09098526b9a15e779c0?s=96&d=mm&r=g","caption":"agradocosmetic"}}]}},"_links":{"self":[{"href":"https:\/\/agradocosmetic.com\/fr\/wp-json\/wp\/v2\/posts\/3483","targetHints":{"allow":["GET"]}}],"collection":[{"href":"https:\/\/agradocosmetic.com\/fr\/wp-json\/wp\/v2\/posts"}],"about":[{"href":"https:\/\/agradocosmetic.com\/fr\/wp-json\/wp\/v2\/types\/post"}],"author":[{"embeddable":true,"href":"https:\/\/agradocosmetic.com\/fr\/wp-json\/wp\/v2\/users\/9"}],"replies":[{"embeddable":true,"href":"https:\/\/agradocosmetic.com\/fr\/wp-json\/wp\/v2\/comments?post=3483"}],"version-history":[{"count":1,"href":"https:\/\/agradocosmetic.com\/fr\/wp-json\/wp\/v2\/posts\/3483\/revisions"}],"predecessor-version":[{"id":21423,"href":"https:\/\/agradocosmetic.com\/fr\/wp-json\/wp\/v2\/posts\/3483\/revisions\/21423"}],"wp:featuredmedia":[{"embeddable":true,"href":"https:\/\/agradocosmetic.com\/fr\/wp-json\/wp\/v2\/media\/21422"}],"wp:attachment":[{"href":"https:\/\/agradocosmetic.com\/fr\/wp-json\/wp\/v2\/media?parent=3483"}],"wp:term":[{"taxonomy":"category","embeddable":true,"href":"https:\/\/agradocosmetic.com\/fr\/wp-json\/wp\/v2\/categories?post=3483"},{"taxonomy":"post_tag","embeddable":true,"href":"https:\/\/agradocosmetic.com\/fr\/wp-json\/wp\/v2\/tags?post=3483"}],"curies":[{"name":"wp","href":"https:\/\/api.w.org\/{rel}","templated":true}]}}