{"id":35069,"date":"2026-01-25T10:23:45","date_gmt":"2026-01-25T09:23:45","guid":{"rendered":"https:\/\/agradocosmetic.com\/?p=35069"},"modified":"2026-03-04T10:29:29","modified_gmt":"2026-03-04T09:29:29","slug":"cabello-seco-y-encrespado-causas-y-como-solucionarlo","status":"publish","type":"post","link":"https:\/\/agradocosmetic.com\/fr\/cabello-seco-y-encrespado-causas-y-como-solucionarlo\/","title":{"rendered":"Cheveux secs et fris\u00e9s\u00a0: causes et solutions"},"content":{"rendered":"<table>\n<tbody>\n<tr>\n<td colspan=\"2\">\n<h1><b>Cheveux secs et fris\u00e9s\u00a0: causes et solutions<\/b><\/h1>\n<p><span style=\"font-weight: 400\">Si vous constatez que vos cheveux sont r\u00eaches, ternes et frisott\u00e9s, vous n&#039;\u00eates pas seule. Les cheveux secs et frisott\u00e9s constituent l&#039;un des probl\u00e8mes capillaires les plus courants.<\/span><\/p>\n<p><span style=\"font-weight: 400\">Le stress, les intemp\u00e9ries et l&#039;utilisation d&#039;appareils chauffants peuvent ass\u00e9cher et fragiliser la fibre capillaire. Mais rassurez-vous, avec les bons produits et une routine simple, vous pouvez redonner vie \u00e0 vos cheveux\u00a0!<\/span><\/p>\n<h2><b>Pourquoi les cheveux deviennent-ils secs et cr\u00e9pus ?<\/b><\/h2>\n<p><span style=\"font-weight: 400\">Les cheveux se dess\u00e8chent lorsque la cuticule ne parvient plus \u00e0 retenir son hydratation naturelle. Plusieurs facteurs peuvent en \u00eatre la cause, comme les cr\u00e8mes solaires, l&#039;eau calcaire, les colorations ou les lavages \u00e0 l&#039;eau tr\u00e8s chaude.\u00a0<\/span><\/p>\n<p><span style=\"font-weight: 400\">Les cheveux secs ont tendance \u00e0 frisotter facilement, car la structure de la cuticule \u00e9tant ouverte, les cheveux absorbent l&#039;humidit\u00e9 de l&#039;environnement, ce qui provoque cet effet \u201c duveteux \u201d.<\/span><\/p>\n<h2><b>Des solutions qui fonctionnent<\/b><\/h2>\n<p><span style=\"font-weight: 400\">L&#039;essentiel est de restaurer l&#039;hydratation naturelle de vos cheveux et de sceller les cuticules pour qu&#039;ils retrouvent douceur et brillance. Voici quelques \u00e9tapes infaillibles \u00e0 mettre en pratique d\u00e8s aujourd&#039;hui\u00a0:<\/span><\/p>\n<ul>\n<li><b><a href=\"https:\/\/agradocosmetic.com\/fr\/producto\/nutritivo-reparador-champu\/\">R\u00e9parateur Nourrissant Shampooing<\/a><\/b><span style=\"font-weight: 400\">Nettoie en douceur tout en hydratant en profondeur, id\u00e9al pour les cheveux secs qui ont besoin d&#039;un traitement d\u00e8s la racine.<\/span><\/li>\n<li><a href=\"https:\/\/agradocosmetic.com\/fr\/producto\/mascarilla-intensiva-hyaluronic-fibre-filler\/\"><b>Masque Intensif Hyaluronic Fibre Filler<\/b><\/a><span style=\"font-weight: 400\">Si vos cheveux sont tr\u00e8s d\u00e9shydrat\u00e9s, ce masque est comme une gorg\u00e9e d&#039;eau. Il leur redonne douceur et brillance en quelques utilisations seulement.<\/span><\/li>\n<li><a href=\"https:\/\/agradocosmetic.com\/fr\/producto\/crema-de-peinado-hyaluronic-fibre-filler\/\"><b>Cr\u00e8me coiffante \u00e0 base de fibres hyaluroniques<\/b><\/a><span style=\"font-weight: 400\">Id\u00e9al \u00e0 appliquer apr\u00e8s le lavage. Contr\u00f4le les frisottis et maintient l&#039;hydratation pendant le coiffage.<\/span><\/li>\n<\/ul>\n<h2><b>Conseils suppl\u00e9mentaires pour la vie quotidienne<\/b><\/h2>\n<ol>\n<li style=\"font-weight: 400\"><span style=\"font-weight: 400\">\u00c9vitez de vous laver les cheveux \u00e0 l&#039;eau tr\u00e8s chaude.<\/span><\/li>\n<li style=\"font-weight: 400\"><span style=\"font-weight: 400\">R\u00e9duisez l&#039;utilisation des outils chauffants, au moins temporairement ou en appliquant g\u00e9n\u00e9reusement un produit de protection thermique.<\/span><\/li>\n<li style=\"font-weight: 400\"><span style=\"font-weight: 400\">S\u00e9chez-le avec une serviette en microfibre.<\/span><\/li>\n<\/ol>\n<p><span style=\"font-weight: 400\">Avec un peu d&#039;amour et les bons produits, votre <\/span><span style=\"font-weight: 400\">cheveux secs<\/span><span style=\"font-weight: 400\"> Vos cheveux peuvent retrouver douceur, brillance et souplesse. Essayez cette routine et affichez une chevelure resplendissante en toute confiance\u00a0!<\/span><\/td>\n<\/tr>\n<\/tbody>\n<\/table>","protected":false},"excerpt":{"rendered":"<p>Cabello seco y encrespado: causas y c\u00f3mo solucionarlo Si notas que tu melena est\u00e1 \u00e1spera, sin brillo y con frizz, no est\u00e1s sola. El cabello seco y encrespado es una de las preocupaciones capilares m\u00e1s comunes. Factores como el estr\u00e9s, el clima o el uso de herramientas de calor hacen que la fibra capilar pierda [&hellip;]<\/p>\n","protected":false},"author":11,"featured_media":35070,"comment_status":"closed","ping_status":"closed","sticky":false,"template":"","format":"standard","meta":{"footnotes":"","_wp_rev_ctl_limit":""},"categories":[509,128,118,1],"tags":[943,944,245,334,182,457],"class_list":["post-35069","post","type-post","status-publish","format-standard","has-post-thumbnail","hentry","category-capilar-en","category-capilar","category-lifestyle","category-todos","tag-pelo-seco","tag-pelo-encrespado","tag-cabello","tag-cabello-seco","tag-pelo","tag-pelo-apagado"],"yoast_head":"<!-- This site is optimized with the Yoast SEO plugin v27.4 - https:\/\/yoast.com\/product\/yoast-seo-wordpress\/ -->\n<title>Cabello seco y encrespado: causas y c\u00f3mo solucionarlo - Agrado<\/title>\n<meta name=\"description\" content=\"Si notas que tu melena est\u00e1 \u00e1spera, sin brillo y con frizz, no est\u00e1s sola. El cabello seco y encrespado es una de las preocupaciones capilares m\u00e1s comunes. Pero no te preocupes, con los productos adecuados y una rutina sencilla \u00a1puedes devolverle la vida a tu cabello!\" \/>\n<meta name=\"robots\" content=\"index, follow, max-snippet:-1, max-image-preview:large, max-video-preview:-1\" \/>\n<link rel=\"canonical\" href=\"https:\/\/agradocosmetic.com\/fr\/cabello-seco-y-encrespado-causas-y-como-solucionarlo\/\" \/>\n<meta property=\"og:locale\" content=\"fr_FR\" \/>\n<meta property=\"og:type\" content=\"article\" \/>\n<meta property=\"og:title\" content=\"Cabello seco y encrespado: causas y c\u00f3mo solucionarlo - Agrado\" \/>\n<meta property=\"og:description\" content=\"Si notas que tu melena est\u00e1 \u00e1spera, sin brillo y con frizz, no est\u00e1s sola. El cabello seco y encrespado es una de las preocupaciones capilares m\u00e1s comunes. Pero no te preocupes, con los productos adecuados y una rutina sencilla \u00a1puedes devolverle la vida a tu cabello!\" \/>\n<meta property=\"og:url\" content=\"https:\/\/agradocosmetic.com\/fr\/cabello-seco-y-encrespado-causas-y-como-solucionarlo\/\" \/>\n<meta property=\"og:site_name\" content=\"Agrado\" \/>\n<meta property=\"article:published_time\" content=\"2026-01-25T09:23:45+00:00\" \/>\n<meta property=\"article:modified_time\" content=\"2026-03-04T09:29:29+00:00\" \/>\n<meta property=\"og:image\" content=\"https:\/\/agradocosmetic.com\/wp-content\/uploads\/2026\/03\/CAPILARES.png\" \/>\n\t<meta property=\"og:image:width\" content=\"1140\" \/>\n\t<meta property=\"og:image:height\" content=\"600\" \/>\n\t<meta property=\"og:image:type\" content=\"image\/png\" \/>\n<meta name=\"author\" content=\"carmen\" \/>\n<meta name=\"twitter:card\" content=\"summary_large_image\" \/>\n<meta name=\"twitter:label1\" content=\"\u00c9crit par\" \/>\n\t<meta name=\"twitter:data1\" content=\"carmen\" \/>\n\t<meta name=\"twitter:label2\" content=\"Dur\u00e9e de lecture estim\u00e9e\" \/>\n\t<meta name=\"twitter:data2\" content=\"2 minutes\" \/>\n<script type=\"application\/ld+json\" class=\"yoast-schema-graph\">{\"@context\":\"https:\\\/\\\/schema.org\",\"@graph\":[{\"@type\":\"Article\",\"@id\":\"https:\\\/\\\/agradocosmetic.com\\\/cabello-seco-y-encrespado-causas-y-como-solucionarlo\\\/#article\",\"isPartOf\":{\"@id\":\"https:\\\/\\\/agradocosmetic.com\\\/cabello-seco-y-encrespado-causas-y-como-solucionarlo\\\/\"},\"author\":{\"name\":\"carmen\",\"@id\":\"https:\\\/\\\/agradocosmetic.com\\\/#\\\/schema\\\/person\\\/59124921013b50f80959d84fc7219096\"},\"headline\":\"Cabello seco y encrespado: causas y c\u00f3mo solucionarlo\",\"datePublished\":\"2026-01-25T09:23:45+00:00\",\"dateModified\":\"2026-03-04T09:29:29+00:00\",\"mainEntityOfPage\":{\"@id\":\"https:\\\/\\\/agradocosmetic.com\\\/cabello-seco-y-encrespado-causas-y-como-solucionarlo\\\/\"},\"wordCount\":361,\"publisher\":{\"@id\":\"https:\\\/\\\/agradocosmetic.com\\\/#organization\"},\"image\":{\"@id\":\"https:\\\/\\\/agradocosmetic.com\\\/cabello-seco-y-encrespado-causas-y-como-solucionarlo\\\/#primaryimage\"},\"thumbnailUrl\":\"https:\\\/\\\/agradocosmetic.com\\\/wp-content\\\/uploads\\\/2026\\\/03\\\/CAPILARES.png\",\"keywords\":[\"pelo seco\",\"pelo encrespado\",\"cabello\",\"cabello seco\",\"pelo\",\"pelo apagado\"],\"articleSection\":[\"Capilar\",\"Capilar\",\"Lifestyle\",\"Todos\"],\"inLanguage\":\"fr-FR\"},{\"@type\":\"WebPage\",\"@id\":\"https:\\\/\\\/agradocosmetic.com\\\/cabello-seco-y-encrespado-causas-y-como-solucionarlo\\\/\",\"url\":\"https:\\\/\\\/agradocosmetic.com\\\/cabello-seco-y-encrespado-causas-y-como-solucionarlo\\\/\",\"name\":\"Cabello seco y encrespado: causas y c\u00f3mo solucionarlo - Agrado\",\"isPartOf\":{\"@id\":\"https:\\\/\\\/agradocosmetic.com\\\/#website\"},\"primaryImageOfPage\":{\"@id\":\"https:\\\/\\\/agradocosmetic.com\\\/cabello-seco-y-encrespado-causas-y-como-solucionarlo\\\/#primaryimage\"},\"image\":{\"@id\":\"https:\\\/\\\/agradocosmetic.com\\\/cabello-seco-y-encrespado-causas-y-como-solucionarlo\\\/#primaryimage\"},\"thumbnailUrl\":\"https:\\\/\\\/agradocosmetic.com\\\/wp-content\\\/uploads\\\/2026\\\/03\\\/CAPILARES.png\",\"datePublished\":\"2026-01-25T09:23:45+00:00\",\"dateModified\":\"2026-03-04T09:29:29+00:00\",\"description\":\"Si notas que tu melena est\u00e1 \u00e1spera, sin brillo y con frizz, no est\u00e1s sola. El cabello seco y encrespado es una de las preocupaciones capilares m\u00e1s comunes. Pero no te preocupes, con los productos adecuados y una rutina sencilla \u00a1puedes devolverle la vida a tu cabello!\",\"breadcrumb\":{\"@id\":\"https:\\\/\\\/agradocosmetic.com\\\/cabello-seco-y-encrespado-causas-y-como-solucionarlo\\\/#breadcrumb\"},\"inLanguage\":\"fr-FR\",\"potentialAction\":[{\"@type\":\"ReadAction\",\"target\":[\"https:\\\/\\\/agradocosmetic.com\\\/cabello-seco-y-encrespado-causas-y-como-solucionarlo\\\/\"]}]},{\"@type\":\"ImageObject\",\"inLanguage\":\"fr-FR\",\"@id\":\"https:\\\/\\\/agradocosmetic.com\\\/cabello-seco-y-encrespado-causas-y-como-solucionarlo\\\/#primaryimage\",\"url\":\"https:\\\/\\\/agradocosmetic.com\\\/wp-content\\\/uploads\\\/2026\\\/03\\\/CAPILARES.png\",\"contentUrl\":\"https:\\\/\\\/agradocosmetic.com\\\/wp-content\\\/uploads\\\/2026\\\/03\\\/CAPILARES.png\",\"width\":1140,\"height\":600,\"caption\":\"Cabello seco\"},{\"@type\":\"BreadcrumbList\",\"@id\":\"https:\\\/\\\/agradocosmetic.com\\\/cabello-seco-y-encrespado-causas-y-como-solucionarlo\\\/#breadcrumb\",\"itemListElement\":[{\"@type\":\"ListItem\",\"position\":1,\"name\":\"Portada\",\"item\":\"https:\\\/\\\/agradocosmetic.com\\\/\"},{\"@type\":\"ListItem\",\"position\":2,\"name\":\"Cabello seco y encrespado: causas y c\u00f3mo solucionarlo\"}]},{\"@type\":\"WebSite\",\"@id\":\"https:\\\/\\\/agradocosmetic.com\\\/#website\",\"url\":\"https:\\\/\\\/agradocosmetic.com\\\/\",\"name\":\"Agrado\",\"description\":\"Cosmetic\",\"publisher\":{\"@id\":\"https:\\\/\\\/agradocosmetic.com\\\/#organization\"},\"potentialAction\":[{\"@type\":\"SearchAction\",\"target\":{\"@type\":\"EntryPoint\",\"urlTemplate\":\"https:\\\/\\\/agradocosmetic.com\\\/?s={search_term_string}\"},\"query-input\":{\"@type\":\"PropertyValueSpecification\",\"valueRequired\":true,\"valueName\":\"search_term_string\"}}],\"inLanguage\":\"fr-FR\"},{\"@type\":\"Organization\",\"@id\":\"https:\\\/\\\/agradocosmetic.com\\\/#organization\",\"name\":\"Agrado\",\"url\":\"https:\\\/\\\/agradocosmetic.com\\\/\",\"logo\":{\"@type\":\"ImageObject\",\"inLanguage\":\"fr-FR\",\"@id\":\"https:\\\/\\\/agradocosmetic.com\\\/#\\\/schema\\\/logo\\\/image\\\/\",\"url\":\"https:\\\/\\\/agradocosmetic.com\\\/wp-content\\\/uploads\\\/2023\\\/07\\\/LOGO-AGRADO-WEB-01.png\",\"contentUrl\":\"https:\\\/\\\/agradocosmetic.com\\\/wp-content\\\/uploads\\\/2023\\\/07\\\/LOGO-AGRADO-WEB-01.png\",\"width\":1632,\"height\":300,\"caption\":\"Agrado\"},\"image\":{\"@id\":\"https:\\\/\\\/agradocosmetic.com\\\/#\\\/schema\\\/logo\\\/image\\\/\"}},{\"@type\":\"Person\",\"@id\":\"https:\\\/\\\/agradocosmetic.com\\\/#\\\/schema\\\/person\\\/59124921013b50f80959d84fc7219096\",\"name\":\"carmen\",\"image\":{\"@type\":\"ImageObject\",\"inLanguage\":\"fr-FR\",\"@id\":\"https:\\\/\\\/secure.gravatar.com\\\/avatar\\\/2036bf58c019bb0a3f94937a2ed7cab76ae6ebe239f705f7c62ea5c48f93531f?s=96&d=mm&r=g\",\"url\":\"https:\\\/\\\/secure.gravatar.com\\\/avatar\\\/2036bf58c019bb0a3f94937a2ed7cab76ae6ebe239f705f7c62ea5c48f93531f?s=96&d=mm&r=g\",\"contentUrl\":\"https:\\\/\\\/secure.gravatar.com\\\/avatar\\\/2036bf58c019bb0a3f94937a2ed7cab76ae6ebe239f705f7c62ea5c48f93531f?s=96&d=mm&r=g\",\"caption\":\"carmen\"}}]}<\/script>\n<!-- \/ Yoast SEO plugin. -->","yoast_head_json":{"title":"Cabello seco y encrespado: causas y c\u00f3mo solucionarlo - Agrado","description":"Si notas que tu melena est\u00e1 \u00e1spera, sin brillo y con frizz, no est\u00e1s sola. El cabello seco y encrespado es una de las preocupaciones capilares m\u00e1s comunes. Pero no te preocupes, con los productos adecuados y una rutina sencilla \u00a1puedes devolverle la vida a tu cabello!","robots":{"index":"index","follow":"follow","max-snippet":"max-snippet:-1","max-image-preview":"max-image-preview:large","max-video-preview":"max-video-preview:-1"},"canonical":"https:\/\/agradocosmetic.com\/fr\/cabello-seco-y-encrespado-causas-y-como-solucionarlo\/","og_locale":"fr_FR","og_type":"article","og_title":"Cabello seco y encrespado: causas y c\u00f3mo solucionarlo - Agrado","og_description":"Si notas que tu melena est\u00e1 \u00e1spera, sin brillo y con frizz, no est\u00e1s sola. El cabello seco y encrespado es una de las preocupaciones capilares m\u00e1s comunes. Pero no te preocupes, con los productos adecuados y una rutina sencilla \u00a1puedes devolverle la vida a tu cabello!","og_url":"https:\/\/agradocosmetic.com\/fr\/cabello-seco-y-encrespado-causas-y-como-solucionarlo\/","og_site_name":"Agrado","article_published_time":"2026-01-25T09:23:45+00:00","article_modified_time":"2026-03-04T09:29:29+00:00","og_image":[{"width":1140,"height":600,"url":"https:\/\/agradocosmetic.com\/wp-content\/uploads\/2026\/03\/CAPILARES.png","type":"image\/png"}],"author":"carmen","twitter_card":"summary_large_image","twitter_misc":{"\u00c9crit par":"carmen","Dur\u00e9e de lecture estim\u00e9e":"2 minutes"},"schema":{"@context":"https:\/\/schema.org","@graph":[{"@type":"Article","@id":"https:\/\/agradocosmetic.com\/cabello-seco-y-encrespado-causas-y-como-solucionarlo\/#article","isPartOf":{"@id":"https:\/\/agradocosmetic.com\/cabello-seco-y-encrespado-causas-y-como-solucionarlo\/"},"author":{"name":"carmen","@id":"https:\/\/agradocosmetic.com\/#\/schema\/person\/59124921013b50f80959d84fc7219096"},"headline":"Cabello seco y encrespado: causas y c\u00f3mo solucionarlo","datePublished":"2026-01-25T09:23:45+00:00","dateModified":"2026-03-04T09:29:29+00:00","mainEntityOfPage":{"@id":"https:\/\/agradocosmetic.com\/cabello-seco-y-encrespado-causas-y-como-solucionarlo\/"},"wordCount":361,"publisher":{"@id":"https:\/\/agradocosmetic.com\/#organization"},"image":{"@id":"https:\/\/agradocosmetic.com\/cabello-seco-y-encrespado-causas-y-como-solucionarlo\/#primaryimage"},"thumbnailUrl":"https:\/\/agradocosmetic.com\/wp-content\/uploads\/2026\/03\/CAPILARES.png","keywords":["pelo seco","pelo encrespado","cabello","cabello seco","pelo","pelo apagado"],"articleSection":["Capilar","Capilar","Lifestyle","Todos"],"inLanguage":"fr-FR"},{"@type":"WebPage","@id":"https:\/\/agradocosmetic.com\/cabello-seco-y-encrespado-causas-y-como-solucionarlo\/","url":"https:\/\/agradocosmetic.com\/cabello-seco-y-encrespado-causas-y-como-solucionarlo\/","name":"Cabello seco y encrespado: causas y c\u00f3mo solucionarlo - Agrado","isPartOf":{"@id":"https:\/\/agradocosmetic.com\/#website"},"primaryImageOfPage":{"@id":"https:\/\/agradocosmetic.com\/cabello-seco-y-encrespado-causas-y-como-solucionarlo\/#primaryimage"},"image":{"@id":"https:\/\/agradocosmetic.com\/cabello-seco-y-encrespado-causas-y-como-solucionarlo\/#primaryimage"},"thumbnailUrl":"https:\/\/agradocosmetic.com\/wp-content\/uploads\/2026\/03\/CAPILARES.png","datePublished":"2026-01-25T09:23:45+00:00","dateModified":"2026-03-04T09:29:29+00:00","description":"Si notas que tu melena est\u00e1 \u00e1spera, sin brillo y con frizz, no est\u00e1s sola. El cabello seco y encrespado es una de las preocupaciones capilares m\u00e1s comunes. Pero no te preocupes, con los productos adecuados y una rutina sencilla \u00a1puedes devolverle la vida a tu cabello!","breadcrumb":{"@id":"https:\/\/agradocosmetic.com\/cabello-seco-y-encrespado-causas-y-como-solucionarlo\/#breadcrumb"},"inLanguage":"fr-FR","potentialAction":[{"@type":"ReadAction","target":["https:\/\/agradocosmetic.com\/cabello-seco-y-encrespado-causas-y-como-solucionarlo\/"]}]},{"@type":"ImageObject","inLanguage":"fr-FR","@id":"https:\/\/agradocosmetic.com\/cabello-seco-y-encrespado-causas-y-como-solucionarlo\/#primaryimage","url":"https:\/\/agradocosmetic.com\/wp-content\/uploads\/2026\/03\/CAPILARES.png","contentUrl":"https:\/\/agradocosmetic.com\/wp-content\/uploads\/2026\/03\/CAPILARES.png","width":1140,"height":600,"caption":"Cabello seco"},{"@type":"BreadcrumbList","@id":"https:\/\/agradocosmetic.com\/cabello-seco-y-encrespado-causas-y-como-solucionarlo\/#breadcrumb","itemListElement":[{"@type":"ListItem","position":1,"name":"Portada","item":"https:\/\/agradocosmetic.com\/"},{"@type":"ListItem","position":2,"name":"Cabello seco y encrespado: causas y c\u00f3mo solucionarlo"}]},{"@type":"WebSite","@id":"https:\/\/agradocosmetic.com\/#website","url":"https:\/\/agradocosmetic.com\/","name":"Aimer","description":"cosm\u00e9tique","publisher":{"@id":"https:\/\/agradocosmetic.com\/#organization"},"potentialAction":[{"@type":"SearchAction","target":{"@type":"EntryPoint","urlTemplate":"https:\/\/agradocosmetic.com\/?s={search_term_string}"},"query-input":{"@type":"PropertyValueSpecification","valueRequired":true,"valueName":"search_term_string"}}],"inLanguage":"fr-FR"},{"@type":"Organization","@id":"https:\/\/agradocosmetic.com\/#organization","name":"Aimer","url":"https:\/\/agradocosmetic.com\/","logo":{"@type":"ImageObject","inLanguage":"fr-FR","@id":"https:\/\/agradocosmetic.com\/#\/schema\/logo\/image\/","url":"https:\/\/agradocosmetic.com\/wp-content\/uploads\/2023\/07\/LOGO-AGRADO-WEB-01.png","contentUrl":"https:\/\/agradocosmetic.com\/wp-content\/uploads\/2023\/07\/LOGO-AGRADO-WEB-01.png","width":1632,"height":300,"caption":"Agrado"},"image":{"@id":"https:\/\/agradocosmetic.com\/#\/schema\/logo\/image\/"}},{"@type":"Person","@id":"https:\/\/agradocosmetic.com\/#\/schema\/person\/59124921013b50f80959d84fc7219096","name":"Carmen","image":{"@type":"ImageObject","inLanguage":"fr-FR","@id":"https:\/\/secure.gravatar.com\/avatar\/2036bf58c019bb0a3f94937a2ed7cab76ae6ebe239f705f7c62ea5c48f93531f?s=96&d=mm&r=g","url":"https:\/\/secure.gravatar.com\/avatar\/2036bf58c019bb0a3f94937a2ed7cab76ae6ebe239f705f7c62ea5c48f93531f?s=96&d=mm&r=g","contentUrl":"https:\/\/secure.gravatar.com\/avatar\/2036bf58c019bb0a3f94937a2ed7cab76ae6ebe239f705f7c62ea5c48f93531f?s=96&d=mm&r=g","caption":"carmen"}}]}},"_links":{"self":[{"href":"https:\/\/agradocosmetic.com\/fr\/wp-json\/wp\/v2\/posts\/35069","targetHints":{"allow":["GET"]}}],"collection":[{"href":"https:\/\/agradocosmetic.com\/fr\/wp-json\/wp\/v2\/posts"}],"about":[{"href":"https:\/\/agradocosmetic.com\/fr\/wp-json\/wp\/v2\/types\/post"}],"author":[{"embeddable":true,"href":"https:\/\/agradocosmetic.com\/fr\/wp-json\/wp\/v2\/users\/11"}],"replies":[{"embeddable":true,"href":"https:\/\/agradocosmetic.com\/fr\/wp-json\/wp\/v2\/comments?post=35069"}],"version-history":[{"count":1,"href":"https:\/\/agradocosmetic.com\/fr\/wp-json\/wp\/v2\/posts\/35069\/revisions"}],"predecessor-version":[{"id":35071,"href":"https:\/\/agradocosmetic.com\/fr\/wp-json\/wp\/v2\/posts\/35069\/revisions\/35071"}],"wp:featuredmedia":[{"embeddable":true,"href":"https:\/\/agradocosmetic.com\/fr\/wp-json\/wp\/v2\/media\/35070"}],"wp:attachment":[{"href":"https:\/\/agradocosmetic.com\/fr\/wp-json\/wp\/v2\/media?parent=35069"}],"wp:term":[{"taxonomy":"category","embeddable":true,"href":"https:\/\/agradocosmetic.com\/fr\/wp-json\/wp\/v2\/categories?post=35069"},{"taxonomy":"post_tag","embeddable":true,"href":"https:\/\/agradocosmetic.com\/fr\/wp-json\/wp\/v2\/tags?post=35069"}],"curies":[{"name":"wp","href":"https:\/\/api.w.org\/{rel}","templated":true}]}}