{"id":35080,"date":"2026-03-06T10:41:20","date_gmt":"2026-03-06T09:41:20","guid":{"rendered":"https:\/\/agradocosmetic.com\/?p=35080"},"modified":"2026-03-09T10:48:33","modified_gmt":"2026-03-09T09:48:33","slug":"cambio-de-estacion-como-adaptar-tu-rutina-facial-a-la-primavera","status":"publish","type":"post","link":"https:\/\/agradocosmetic.com\/fr\/cambio-de-estacion-como-adaptar-tu-rutina-facial-a-la-primavera\/","title":{"rendered":"Changement de saison\u00a0: comment adapter votre routine de soins du visage au printemps"},"content":{"rendered":"<h1><b>Changement de saison\u00a0: comment adapter votre routine de soins du visage au printemps<\/b><\/h1>\n<p><span style=\"font-weight: 400\">Avec le changement de saison, votre peau a aussi besoin d&#039;\u00eatre chouchout\u00e9e. Apr\u00e8s l&#039;hiver, il est normal qu&#039;elle soit plus s\u00e8che et moins \u00e9clatante. C&#039;est pourquoi adapter votre routine de soins au printemps est essentiel pour redonner \u00e0 votre peau tout son \u00e9clat, sa fra\u00eecheur et son \u00e9quilibre.\u00a0<\/span><\/p>\n<p><span style=\"font-weight: 400\">Mais pas de panique, avec quelques \u00e9tapes et les bons produits, vous pouvez obtenir une peau \u00e9clatante, pr\u00eate pour les journ\u00e9es ensoleill\u00e9es.<\/span><\/p>\n<h2><b>Commencez par un nettoyage doux<\/b><\/h2>\n<p><span style=\"font-weight: 400\">La premi\u00e8re \u00e9tape de toute routine de soin du visage, y compris la routine printani\u00e8re, est un nettoyage appropri\u00e9.\u00a0<\/span><\/p>\n<p><span style=\"font-weight: 400\">Une option id\u00e9ale est la <\/span><a href=\"https:\/\/agradocosmetic.com\/fr\/producto\/agua-micelar-desmaquillante-400ml\/\"><b>Eau micellaire nettoyante Hydra+<\/b><\/a><span style=\"font-weight: 400\">, Ce nettoyant nettoie, d\u00e9maquille et tonifie le visage sans rin\u00e7age. Sa formule \u00e0 la camomille et \u00e0 l&#039;aloe vera apaise la peau, m\u00eame sensible.<\/span><\/p>\n<p><span style=\"font-weight: 400\">La <\/span><a href=\"https:\/\/agradocosmetic.com\/fr\/producto\/leche-limpiadora\/\"><b>LAIT NETTOYANT<\/b><\/a><span style=\"font-weight: 400\"> C&#039;est une autre option parfaite pour cette saison : elle nettoie en profondeur tout en hydratant.<\/span><\/p>\n<h2><b>Exfoliez pour renouveler votre peau<\/b><\/h2>\n<p><span style=\"font-weight: 400\">Le printemps est le moment id\u00e9al pour \u00e9liminer les impuret\u00e9s accumul\u00e9es sur la peau pendant les mois les plus froids. <\/span><a href=\"https:\/\/agradocosmetic.com\/fr\/producto\/gel-exfoliante-facial-purify\/\"><b>Gel exfoliant visage Purify<\/b><\/a><span style=\"font-weight: 400\"> Elle nettoie, \u00e9limine les impuret\u00e9s et purifie la peau, r\u00e9duisant la brillance et l&#039;exc\u00e8s de s\u00e9bum sans la dess\u00e9cher. Ses particules biod\u00e9gradables rendent cela possible tout en respectant le pH naturel de la peau.<\/span><\/p>\n<h2><b>Illuminez votre teint avec un s\u00e9rum<\/b><\/h2>\n<p><span style=\"font-weight: 400\">Apr\u00e8s le nettoyage, un s\u00e9rum peut faire toute la diff\u00e9rence. <\/span><a href=\"https:\/\/agradocosmetic.com\/fr\/producto\/serum-facial-vit-c-d-lighted\/\"><b>S\u00e9rum visage \u00e0 la vitamine C D-Lighted <\/b><\/a><span style=\"font-weight: 400\">Elle apporte de l&#039;\u00e9clat, unifie le teint et poss\u00e8de un effet antioxydant qui contribue \u00e0 donner \u00e0 la peau un aspect plus frais et revitalis\u00e9.<\/span><\/p>\n<h2><b>Hydrate et rafra\u00eechit\u00a0<\/b><\/h2>\n<p><span style=\"font-weight: 400\">La touche finale de votre routine de soins du visage printani\u00e8re devrait \u00eatre l&#039;hydratation et la fra\u00eecheur.<\/span><\/p>\n<p><span style=\"font-weight: 400\">Les textures l\u00e9g\u00e8res qui hydratent sans alourdir la peau sont la meilleure option pour cette \u00e9tape. En particulier, <\/span><a href=\"https:\/\/agradocosmetic.com\/fr\/producto\/crema-gel-hyaluronic-hidra-glow\/\"><b>Gel-cr\u00e8me \u00e9clat Hyaluronique Hydra+ <\/b><\/a><span style=\"font-weight: 400\">Elle procure une hydratation intense et laisse un \u00e9clat naturel sur la peau.<\/span><\/p>\n<p><span style=\"font-weight: 400\">Durant la journ\u00e9e, vous pouvez \u00e9galement rafra\u00eechir votre visage avec le <\/span><a href=\"https:\/\/agradocosmetic.com\/fr\/producto\/facial-mist-vit-c-d-lighted\/\"><b>Brume visage Vit C D-Lighted<\/b><\/a><span style=\"font-weight: 400\">, qui hydrate, illumine et revitalise la peau quand vous en avez besoin.<\/span><\/p>\n<p><span style=\"font-weight: 400\">De petits changements dans votre routine beaut\u00e9 peuvent transformer l&#039;apparence et la texture de votre peau. Ce printemps, offrez-vous quelques minutes de soin quotidien et profitez d&#039;un teint plus lumineux, hydrat\u00e9 et \u00e9clatant.<\/span><\/p>","protected":false},"excerpt":{"rendered":"<p>Cambio de estaci\u00f3n: c\u00f3mo adaptar tu rutina facial a la primavera Con el cambio de estaci\u00f3n la piel tambi\u00e9n pide cambio. Despu\u00e9s del invierno es normal que la piel est\u00e9 m\u00e1s seca o m\u00e1s apagada. Por eso, adaptar tu rutina facial a la primavera es clave para devolver la luminosidad, frescura y equilibrio a tu [&hellip;]<\/p>\n","protected":false},"author":11,"featured_media":34876,"comment_status":"closed","ping_status":"closed","sticky":false,"template":"","format":"standard","meta":{"footnotes":"","_wp_rev_ctl_limit":""},"categories":[122,119,118,1],"tags":[947,948,297,448,384],"class_list":["post-35080","post","type-post","status-publish","format-standard","has-post-thumbnail","hentry","category-facial-en","category-facial","category-lifestyle","category-todos","tag-cambios","tag-glow-natural","tag-facial","tag-primavera","tag-rutina-facial"],"yoast_head":"<!-- This site is optimized with the Yoast SEO plugin v27.4 - https:\/\/yoast.com\/product\/yoast-seo-wordpress\/ -->\n<title>Cambio de estaci\u00f3n: c\u00f3mo adaptar tu rutina facial a la primavera - Agrado<\/title>\n<meta name=\"description\" content=\"Con el cambio de estaci\u00f3n la piel tambi\u00e9n pide cambio. Despu\u00e9s del invierno es normal que la piel est\u00e9 m\u00e1s seca o m\u00e1s apagada. Por eso, adaptar tu rutina facial a la primavera es clave para devolver la luminosidad, frescura y equilibrio a tu piel.\u00a0Pero no te estreses, con unos pocos pasos y los productos adecuados puedes conseguir una piel radiante y preparada para los d\u00edas soleados.\" \/>\n<meta name=\"robots\" content=\"index, follow, max-snippet:-1, max-image-preview:large, max-video-preview:-1\" \/>\n<link rel=\"canonical\" href=\"https:\/\/agradocosmetic.com\/fr\/cambio-de-estacion-como-adaptar-tu-rutina-facial-a-la-primavera\/\" \/>\n<meta property=\"og:locale\" content=\"fr_FR\" \/>\n<meta property=\"og:type\" content=\"article\" \/>\n<meta property=\"og:title\" content=\"Cambio de estaci\u00f3n: c\u00f3mo adaptar tu rutina facial a la primavera - Agrado\" \/>\n<meta property=\"og:description\" content=\"Con el cambio de estaci\u00f3n la piel tambi\u00e9n pide cambio. Despu\u00e9s del invierno es normal que la piel est\u00e9 m\u00e1s seca o m\u00e1s apagada. Por eso, adaptar tu rutina facial a la primavera es clave para devolver la luminosidad, frescura y equilibrio a tu piel.\u00a0Pero no te estreses, con unos pocos pasos y los productos adecuados puedes conseguir una piel radiante y preparada para los d\u00edas soleados.\" \/>\n<meta property=\"og:url\" content=\"https:\/\/agradocosmetic.com\/fr\/cambio-de-estacion-como-adaptar-tu-rutina-facial-a-la-primavera\/\" \/>\n<meta property=\"og:site_name\" content=\"Agrado\" \/>\n<meta property=\"article:published_time\" content=\"2026-03-06T09:41:20+00:00\" \/>\n<meta property=\"article:modified_time\" content=\"2026-03-09T09:48:33+00:00\" \/>\n<meta property=\"og:image\" content=\"https:\/\/agradocosmetic.com\/wp-content\/uploads\/2025\/12\/DICIEMBRE-1.jpg\" \/>\n\t<meta property=\"og:image:width\" content=\"1140\" \/>\n\t<meta property=\"og:image:height\" content=\"600\" \/>\n\t<meta property=\"og:image:type\" content=\"image\/jpeg\" \/>\n<meta name=\"author\" content=\"carmen\" \/>\n<meta name=\"twitter:card\" content=\"summary_large_image\" \/>\n<meta name=\"twitter:label1\" content=\"\u00c9crit par\" \/>\n\t<meta name=\"twitter:data1\" content=\"carmen\" \/>\n\t<meta name=\"twitter:label2\" content=\"Dur\u00e9e de lecture estim\u00e9e\" \/>\n\t<meta name=\"twitter:data2\" content=\"2 minutes\" \/>\n<script type=\"application\/ld+json\" class=\"yoast-schema-graph\">{\"@context\":\"https:\\\/\\\/schema.org\",\"@graph\":[{\"@type\":\"Article\",\"@id\":\"https:\\\/\\\/agradocosmetic.com\\\/cambio-de-estacion-como-adaptar-tu-rutina-facial-a-la-primavera\\\/#article\",\"isPartOf\":{\"@id\":\"https:\\\/\\\/agradocosmetic.com\\\/cambio-de-estacion-como-adaptar-tu-rutina-facial-a-la-primavera\\\/\"},\"author\":{\"name\":\"carmen\",\"@id\":\"https:\\\/\\\/agradocosmetic.com\\\/#\\\/schema\\\/person\\\/59124921013b50f80959d84fc7219096\"},\"headline\":\"Cambio de estaci\u00f3n: c\u00f3mo adaptar tu rutina facial a la primavera\",\"datePublished\":\"2026-03-06T09:41:20+00:00\",\"dateModified\":\"2026-03-09T09:48:33+00:00\",\"mainEntityOfPage\":{\"@id\":\"https:\\\/\\\/agradocosmetic.com\\\/cambio-de-estacion-como-adaptar-tu-rutina-facial-a-la-primavera\\\/\"},\"wordCount\":409,\"publisher\":{\"@id\":\"https:\\\/\\\/agradocosmetic.com\\\/#organization\"},\"image\":{\"@id\":\"https:\\\/\\\/agradocosmetic.com\\\/cambio-de-estacion-como-adaptar-tu-rutina-facial-a-la-primavera\\\/#primaryimage\"},\"thumbnailUrl\":\"https:\\\/\\\/agradocosmetic.com\\\/wp-content\\\/uploads\\\/2025\\\/12\\\/DICIEMBRE-1.jpg\",\"keywords\":[\"cambios\",\"glow natural\",\"facial\",\"primavera\",\"rutina facial\"],\"articleSection\":[\"Facial\",\"Facial\",\"Lifestyle\",\"Todos\"],\"inLanguage\":\"fr-FR\"},{\"@type\":\"WebPage\",\"@id\":\"https:\\\/\\\/agradocosmetic.com\\\/cambio-de-estacion-como-adaptar-tu-rutina-facial-a-la-primavera\\\/\",\"url\":\"https:\\\/\\\/agradocosmetic.com\\\/cambio-de-estacion-como-adaptar-tu-rutina-facial-a-la-primavera\\\/\",\"name\":\"Cambio de estaci\u00f3n: c\u00f3mo adaptar tu rutina facial a la primavera - Agrado\",\"isPartOf\":{\"@id\":\"https:\\\/\\\/agradocosmetic.com\\\/#website\"},\"primaryImageOfPage\":{\"@id\":\"https:\\\/\\\/agradocosmetic.com\\\/cambio-de-estacion-como-adaptar-tu-rutina-facial-a-la-primavera\\\/#primaryimage\"},\"image\":{\"@id\":\"https:\\\/\\\/agradocosmetic.com\\\/cambio-de-estacion-como-adaptar-tu-rutina-facial-a-la-primavera\\\/#primaryimage\"},\"thumbnailUrl\":\"https:\\\/\\\/agradocosmetic.com\\\/wp-content\\\/uploads\\\/2025\\\/12\\\/DICIEMBRE-1.jpg\",\"datePublished\":\"2026-03-06T09:41:20+00:00\",\"dateModified\":\"2026-03-09T09:48:33+00:00\",\"description\":\"Con el cambio de estaci\u00f3n la piel tambi\u00e9n pide cambio. Despu\u00e9s del invierno es normal que la piel est\u00e9 m\u00e1s seca o m\u00e1s apagada. Por eso, adaptar tu rutina facial a la primavera es clave para devolver la luminosidad, frescura y equilibrio a tu piel.\u00a0Pero no te estreses, con unos pocos pasos y los productos adecuados puedes conseguir una piel radiante y preparada para los d\u00edas soleados.\",\"breadcrumb\":{\"@id\":\"https:\\\/\\\/agradocosmetic.com\\\/cambio-de-estacion-como-adaptar-tu-rutina-facial-a-la-primavera\\\/#breadcrumb\"},\"inLanguage\":\"fr-FR\",\"potentialAction\":[{\"@type\":\"ReadAction\",\"target\":[\"https:\\\/\\\/agradocosmetic.com\\\/cambio-de-estacion-como-adaptar-tu-rutina-facial-a-la-primavera\\\/\"]}]},{\"@type\":\"ImageObject\",\"inLanguage\":\"fr-FR\",\"@id\":\"https:\\\/\\\/agradocosmetic.com\\\/cambio-de-estacion-como-adaptar-tu-rutina-facial-a-la-primavera\\\/#primaryimage\",\"url\":\"https:\\\/\\\/agradocosmetic.com\\\/wp-content\\\/uploads\\\/2025\\\/12\\\/DICIEMBRE-1.jpg\",\"contentUrl\":\"https:\\\/\\\/agradocosmetic.com\\\/wp-content\\\/uploads\\\/2025\\\/12\\\/DICIEMBRE-1.jpg\",\"width\":1140,\"height\":600,\"caption\":\"rutina facial primavera\"},{\"@type\":\"BreadcrumbList\",\"@id\":\"https:\\\/\\\/agradocosmetic.com\\\/cambio-de-estacion-como-adaptar-tu-rutina-facial-a-la-primavera\\\/#breadcrumb\",\"itemListElement\":[{\"@type\":\"ListItem\",\"position\":1,\"name\":\"Portada\",\"item\":\"https:\\\/\\\/agradocosmetic.com\\\/\"},{\"@type\":\"ListItem\",\"position\":2,\"name\":\"Cambio de estaci\u00f3n: c\u00f3mo adaptar tu rutina facial a la primavera\"}]},{\"@type\":\"WebSite\",\"@id\":\"https:\\\/\\\/agradocosmetic.com\\\/#website\",\"url\":\"https:\\\/\\\/agradocosmetic.com\\\/\",\"name\":\"Agrado\",\"description\":\"Cosmetic\",\"publisher\":{\"@id\":\"https:\\\/\\\/agradocosmetic.com\\\/#organization\"},\"potentialAction\":[{\"@type\":\"SearchAction\",\"target\":{\"@type\":\"EntryPoint\",\"urlTemplate\":\"https:\\\/\\\/agradocosmetic.com\\\/?s={search_term_string}\"},\"query-input\":{\"@type\":\"PropertyValueSpecification\",\"valueRequired\":true,\"valueName\":\"search_term_string\"}}],\"inLanguage\":\"fr-FR\"},{\"@type\":\"Organization\",\"@id\":\"https:\\\/\\\/agradocosmetic.com\\\/#organization\",\"name\":\"Agrado\",\"url\":\"https:\\\/\\\/agradocosmetic.com\\\/\",\"logo\":{\"@type\":\"ImageObject\",\"inLanguage\":\"fr-FR\",\"@id\":\"https:\\\/\\\/agradocosmetic.com\\\/#\\\/schema\\\/logo\\\/image\\\/\",\"url\":\"https:\\\/\\\/agradocosmetic.com\\\/wp-content\\\/uploads\\\/2023\\\/07\\\/LOGO-AGRADO-WEB-01.png\",\"contentUrl\":\"https:\\\/\\\/agradocosmetic.com\\\/wp-content\\\/uploads\\\/2023\\\/07\\\/LOGO-AGRADO-WEB-01.png\",\"width\":1632,\"height\":300,\"caption\":\"Agrado\"},\"image\":{\"@id\":\"https:\\\/\\\/agradocosmetic.com\\\/#\\\/schema\\\/logo\\\/image\\\/\"}},{\"@type\":\"Person\",\"@id\":\"https:\\\/\\\/agradocosmetic.com\\\/#\\\/schema\\\/person\\\/59124921013b50f80959d84fc7219096\",\"name\":\"carmen\",\"image\":{\"@type\":\"ImageObject\",\"inLanguage\":\"fr-FR\",\"@id\":\"https:\\\/\\\/secure.gravatar.com\\\/avatar\\\/2036bf58c019bb0a3f94937a2ed7cab76ae6ebe239f705f7c62ea5c48f93531f?s=96&d=mm&r=g\",\"url\":\"https:\\\/\\\/secure.gravatar.com\\\/avatar\\\/2036bf58c019bb0a3f94937a2ed7cab76ae6ebe239f705f7c62ea5c48f93531f?s=96&d=mm&r=g\",\"contentUrl\":\"https:\\\/\\\/secure.gravatar.com\\\/avatar\\\/2036bf58c019bb0a3f94937a2ed7cab76ae6ebe239f705f7c62ea5c48f93531f?s=96&d=mm&r=g\",\"caption\":\"carmen\"}}]}<\/script>\n<!-- \/ Yoast SEO plugin. -->","yoast_head_json":{"title":"Cambio de estaci\u00f3n: c\u00f3mo adaptar tu rutina facial a la primavera - Agrado","description":"Con el cambio de estaci\u00f3n la piel tambi\u00e9n pide cambio. Despu\u00e9s del invierno es normal que la piel est\u00e9 m\u00e1s seca o m\u00e1s apagada. Por eso, adaptar tu rutina facial a la primavera es clave para devolver la luminosidad, frescura y equilibrio a tu piel.\u00a0Pero no te estreses, con unos pocos pasos y los productos adecuados puedes conseguir una piel radiante y preparada para los d\u00edas soleados.","robots":{"index":"index","follow":"follow","max-snippet":"max-snippet:-1","max-image-preview":"max-image-preview:large","max-video-preview":"max-video-preview:-1"},"canonical":"https:\/\/agradocosmetic.com\/fr\/cambio-de-estacion-como-adaptar-tu-rutina-facial-a-la-primavera\/","og_locale":"fr_FR","og_type":"article","og_title":"Cambio de estaci\u00f3n: c\u00f3mo adaptar tu rutina facial a la primavera - Agrado","og_description":"Con el cambio de estaci\u00f3n la piel tambi\u00e9n pide cambio. Despu\u00e9s del invierno es normal que la piel est\u00e9 m\u00e1s seca o m\u00e1s apagada. Por eso, adaptar tu rutina facial a la primavera es clave para devolver la luminosidad, frescura y equilibrio a tu piel.\u00a0Pero no te estreses, con unos pocos pasos y los productos adecuados puedes conseguir una piel radiante y preparada para los d\u00edas soleados.","og_url":"https:\/\/agradocosmetic.com\/fr\/cambio-de-estacion-como-adaptar-tu-rutina-facial-a-la-primavera\/","og_site_name":"Agrado","article_published_time":"2026-03-06T09:41:20+00:00","article_modified_time":"2026-03-09T09:48:33+00:00","og_image":[{"width":1140,"height":600,"url":"https:\/\/agradocosmetic.com\/wp-content\/uploads\/2025\/12\/DICIEMBRE-1.jpg","type":"image\/jpeg"}],"author":"carmen","twitter_card":"summary_large_image","twitter_misc":{"\u00c9crit par":"carmen","Dur\u00e9e de lecture estim\u00e9e":"2 minutes"},"schema":{"@context":"https:\/\/schema.org","@graph":[{"@type":"Article","@id":"https:\/\/agradocosmetic.com\/cambio-de-estacion-como-adaptar-tu-rutina-facial-a-la-primavera\/#article","isPartOf":{"@id":"https:\/\/agradocosmetic.com\/cambio-de-estacion-como-adaptar-tu-rutina-facial-a-la-primavera\/"},"author":{"name":"carmen","@id":"https:\/\/agradocosmetic.com\/#\/schema\/person\/59124921013b50f80959d84fc7219096"},"headline":"Cambio de estaci\u00f3n: c\u00f3mo adaptar tu rutina facial a la primavera","datePublished":"2026-03-06T09:41:20+00:00","dateModified":"2026-03-09T09:48:33+00:00","mainEntityOfPage":{"@id":"https:\/\/agradocosmetic.com\/cambio-de-estacion-como-adaptar-tu-rutina-facial-a-la-primavera\/"},"wordCount":409,"publisher":{"@id":"https:\/\/agradocosmetic.com\/#organization"},"image":{"@id":"https:\/\/agradocosmetic.com\/cambio-de-estacion-como-adaptar-tu-rutina-facial-a-la-primavera\/#primaryimage"},"thumbnailUrl":"https:\/\/agradocosmetic.com\/wp-content\/uploads\/2025\/12\/DICIEMBRE-1.jpg","keywords":["cambios","glow natural","facial","primavera","rutina facial"],"articleSection":["Facial","Facial","Lifestyle","Todos"],"inLanguage":"fr-FR"},{"@type":"WebPage","@id":"https:\/\/agradocosmetic.com\/cambio-de-estacion-como-adaptar-tu-rutina-facial-a-la-primavera\/","url":"https:\/\/agradocosmetic.com\/cambio-de-estacion-como-adaptar-tu-rutina-facial-a-la-primavera\/","name":"Cambio de estaci\u00f3n: c\u00f3mo adaptar tu rutina facial a la primavera - Agrado","isPartOf":{"@id":"https:\/\/agradocosmetic.com\/#website"},"primaryImageOfPage":{"@id":"https:\/\/agradocosmetic.com\/cambio-de-estacion-como-adaptar-tu-rutina-facial-a-la-primavera\/#primaryimage"},"image":{"@id":"https:\/\/agradocosmetic.com\/cambio-de-estacion-como-adaptar-tu-rutina-facial-a-la-primavera\/#primaryimage"},"thumbnailUrl":"https:\/\/agradocosmetic.com\/wp-content\/uploads\/2025\/12\/DICIEMBRE-1.jpg","datePublished":"2026-03-06T09:41:20+00:00","dateModified":"2026-03-09T09:48:33+00:00","description":"Con el cambio de estaci\u00f3n la piel tambi\u00e9n pide cambio. Despu\u00e9s del invierno es normal que la piel est\u00e9 m\u00e1s seca o m\u00e1s apagada. Por eso, adaptar tu rutina facial a la primavera es clave para devolver la luminosidad, frescura y equilibrio a tu piel.\u00a0Pero no te estreses, con unos pocos pasos y los productos adecuados puedes conseguir una piel radiante y preparada para los d\u00edas soleados.","breadcrumb":{"@id":"https:\/\/agradocosmetic.com\/cambio-de-estacion-como-adaptar-tu-rutina-facial-a-la-primavera\/#breadcrumb"},"inLanguage":"fr-FR","potentialAction":[{"@type":"ReadAction","target":["https:\/\/agradocosmetic.com\/cambio-de-estacion-como-adaptar-tu-rutina-facial-a-la-primavera\/"]}]},{"@type":"ImageObject","inLanguage":"fr-FR","@id":"https:\/\/agradocosmetic.com\/cambio-de-estacion-como-adaptar-tu-rutina-facial-a-la-primavera\/#primaryimage","url":"https:\/\/agradocosmetic.com\/wp-content\/uploads\/2025\/12\/DICIEMBRE-1.jpg","contentUrl":"https:\/\/agradocosmetic.com\/wp-content\/uploads\/2025\/12\/DICIEMBRE-1.jpg","width":1140,"height":600,"caption":"rutina facial primavera"},{"@type":"BreadcrumbList","@id":"https:\/\/agradocosmetic.com\/cambio-de-estacion-como-adaptar-tu-rutina-facial-a-la-primavera\/#breadcrumb","itemListElement":[{"@type":"ListItem","position":1,"name":"Portada","item":"https:\/\/agradocosmetic.com\/"},{"@type":"ListItem","position":2,"name":"Cambio de estaci\u00f3n: c\u00f3mo adaptar tu rutina facial a la primavera"}]},{"@type":"WebSite","@id":"https:\/\/agradocosmetic.com\/#website","url":"https:\/\/agradocosmetic.com\/","name":"Aimer","description":"cosm\u00e9tique","publisher":{"@id":"https:\/\/agradocosmetic.com\/#organization"},"potentialAction":[{"@type":"SearchAction","target":{"@type":"EntryPoint","urlTemplate":"https:\/\/agradocosmetic.com\/?s={search_term_string}"},"query-input":{"@type":"PropertyValueSpecification","valueRequired":true,"valueName":"search_term_string"}}],"inLanguage":"fr-FR"},{"@type":"Organization","@id":"https:\/\/agradocosmetic.com\/#organization","name":"Aimer","url":"https:\/\/agradocosmetic.com\/","logo":{"@type":"ImageObject","inLanguage":"fr-FR","@id":"https:\/\/agradocosmetic.com\/#\/schema\/logo\/image\/","url":"https:\/\/agradocosmetic.com\/wp-content\/uploads\/2023\/07\/LOGO-AGRADO-WEB-01.png","contentUrl":"https:\/\/agradocosmetic.com\/wp-content\/uploads\/2023\/07\/LOGO-AGRADO-WEB-01.png","width":1632,"height":300,"caption":"Agrado"},"image":{"@id":"https:\/\/agradocosmetic.com\/#\/schema\/logo\/image\/"}},{"@type":"Person","@id":"https:\/\/agradocosmetic.com\/#\/schema\/person\/59124921013b50f80959d84fc7219096","name":"Carmen","image":{"@type":"ImageObject","inLanguage":"fr-FR","@id":"https:\/\/secure.gravatar.com\/avatar\/2036bf58c019bb0a3f94937a2ed7cab76ae6ebe239f705f7c62ea5c48f93531f?s=96&d=mm&r=g","url":"https:\/\/secure.gravatar.com\/avatar\/2036bf58c019bb0a3f94937a2ed7cab76ae6ebe239f705f7c62ea5c48f93531f?s=96&d=mm&r=g","contentUrl":"https:\/\/secure.gravatar.com\/avatar\/2036bf58c019bb0a3f94937a2ed7cab76ae6ebe239f705f7c62ea5c48f93531f?s=96&d=mm&r=g","caption":"carmen"}}]}},"_links":{"self":[{"href":"https:\/\/agradocosmetic.com\/fr\/wp-json\/wp\/v2\/posts\/35080","targetHints":{"allow":["GET"]}}],"collection":[{"href":"https:\/\/agradocosmetic.com\/fr\/wp-json\/wp\/v2\/posts"}],"about":[{"href":"https:\/\/agradocosmetic.com\/fr\/wp-json\/wp\/v2\/types\/post"}],"author":[{"embeddable":true,"href":"https:\/\/agradocosmetic.com\/fr\/wp-json\/wp\/v2\/users\/11"}],"replies":[{"embeddable":true,"href":"https:\/\/agradocosmetic.com\/fr\/wp-json\/wp\/v2\/comments?post=35080"}],"version-history":[{"count":1,"href":"https:\/\/agradocosmetic.com\/fr\/wp-json\/wp\/v2\/posts\/35080\/revisions"}],"predecessor-version":[{"id":35081,"href":"https:\/\/agradocosmetic.com\/fr\/wp-json\/wp\/v2\/posts\/35080\/revisions\/35081"}],"wp:featuredmedia":[{"embeddable":true,"href":"https:\/\/agradocosmetic.com\/fr\/wp-json\/wp\/v2\/media\/34876"}],"wp:attachment":[{"href":"https:\/\/agradocosmetic.com\/fr\/wp-json\/wp\/v2\/media?parent=35080"}],"wp:term":[{"taxonomy":"category","embeddable":true,"href":"https:\/\/agradocosmetic.com\/fr\/wp-json\/wp\/v2\/categories?post=35080"},{"taxonomy":"post_tag","embeddable":true,"href":"https:\/\/agradocosmetic.com\/fr\/wp-json\/wp\/v2\/tags?post=35080"}],"curies":[{"name":"wp","href":"https:\/\/api.w.org\/{rel}","templated":true}]}}