{"id":35082,"date":"2026-03-26T11:21:21","date_gmt":"2026-03-26T10:21:21","guid":{"rendered":"https:\/\/agradocosmetic.com\/?p=35082"},"modified":"2026-03-09T11:40:14","modified_gmt":"2026-03-09T10:40:14","slug":"repara-tu-cabello-despues-del-invierno-y-preparalo-para-la-primavera","status":"publish","type":"post","link":"https:\/\/agradocosmetic.com\/fr\/repara-tu-cabello-despues-del-invierno-y-preparalo-para-la-primavera\/","title":{"rendered":"R\u00e9parez vos cheveux apr\u00e8s l&#039;hiver et pr\u00e9parez-les pour le printemps."},"content":{"rendered":"<h1><b>R\u00e9parez vos cheveux apr\u00e8s l&#039;hiver et pr\u00e9parez-les pour le printemps.<\/b><\/h1>\n<p><span style=\"font-weight: 400\">L&#039;hiver peut \u00eatre rude pour nos cheveux. Entre le froid, le vent, le chauffage et l&#039;utilisation fr\u00e9quente d&#039;appareils comme le s\u00e8che-cheveux et le lisseur, les cheveux perdent en hydratation, en brillance et en \u00e9lasticit\u00e9. Les premiers rayons de soleil et la douceur du printemps annoncent le moment id\u00e9al pour les r\u00e9parer et leur redonner tout leur \u00e9clat.<\/span><\/p>\n<p><span style=\"font-weight: 400\">L&#039;important est d&#039;\u00e9tablir une routine de soins capillaires qui combine nettoyage, nutrition et r\u00e9paration en profondeur.<\/span><\/p>\n<h2><b>Commencez par un shampoing r\u00e9parateur\u00a0<\/b><\/h2>\n<p><span style=\"font-weight: 400\">La premi\u00e8re \u00e9tape consiste \u00e0 choisir un shampooing qui prend soin de la fibre capillaire d\u00e8s le premier lavage. <\/span><a href=\"https:\/\/agradocosmetic.com\/fr\/producto\/champu-professional-reparador-nutritivo-2\/\"><b>Shampooing Professionnel R\u00e9parateur Nourrissant <\/b><\/a><span style=\"font-weight: 400\">Ce soin est particuli\u00e8rement adapt\u00e9 aux cheveux secs et ab\u00eem\u00e9s, gr\u00e2ce \u00e0 sa formule contenant des prot\u00e9ines de bl\u00e9 qui hydratent et revitalisent d\u00e8s la racine. La k\u00e9ratine contribue \u00e0 renforcer les cheveux et \u00e0 r\u00e9duire la casse.<\/span><\/p>\n<p><span style=\"font-weight: 400\">Si vous remarquez que vos cheveux sont ternes apr\u00e8s l&#039;hiver, <\/span><a href=\"https:\/\/agradocosmetic.com\/fr\/producto\/champu-profesional-brillo-intenso\/\"><b>Shampooing Professionnel \u00c9clat Intense <\/b><\/a><span style=\"font-weight: 400\">C&#039;est une excellente option pour vous. Les prot\u00e9ines de soie et le collag\u00e8ne aident \u00e0 r\u00e9parer la cuticule du cheveu et \u00e0 lui redonner douceur et brillance.\u00a0<\/span><\/p>\n<h2><b>Appliquer un masque facial<\/b><\/h2>\n<p><span style=\"font-weight: 400\">Apr\u00e8s le lavage, vos cheveux ont besoin d&#039;un soin revitalisant en profondeur. <\/span><a href=\"http:\/\/agradocosmetic.com\/fr\/producto\/mascarilla-nutritiva\/\"><b>Masque Capillaire Nourrissant<\/b><\/a><span style=\"font-weight: 400\"> Il est id\u00e9al pour les cheveux secs et cassants, qu&#039;il adoucit, nourrit et r\u00e9pare, leur apportant brillance et vitalit\u00e9 gr\u00e2ce \u00e0 des ingr\u00e9dients tels que le germe de bl\u00e9 et la k\u00e9ratine.<\/span><\/p>\n<p><span style=\"font-weight: 400\">Si vous remarquez que vos cheveux sont fris\u00e9s ou difficiles \u00e0 coiffer, <\/span><a href=\"https:\/\/agradocosmetic.com\/fr\/producto\/mascarilla-keratina\/\"><b>Masque Capillaire K\u00e9ratine <\/b><\/a><span style=\"font-weight: 400\">Il contribue \u00e0 r\u00e9parer la fibre capillaire, laissant les cheveux plus forts, plus brillants et plus faciles \u00e0 coiffer.<\/span><\/p>\n<p><span style=\"font-weight: 400\">Appliquez une ou deux fois par semaine pour redonner vie \u00e0 vos cheveux.<\/span><\/p>\n<h2><b>Un petit rituel pour des cheveux renouvel\u00e9s<\/b><\/h2>\n<p><span style=\"font-weight: 400\">Quelques minutes suppl\u00e9mentaires consacr\u00e9es \u00e0 vos cheveux peuvent m\u00e9tamorphoser leur apparence. Gr\u00e2ce \u00e0 une routine capillaire r\u00e9paratrice, votre chevelure retrouve douceur, brillance et force, juste \u00e0 temps pour profiter du printemps avec un look frais et sain.\u00a0<\/span><\/p>\n<p><span style=\"font-weight: 400\">Car lorsque vos cheveux sont bien soign\u00e9s\u2026 cela se voit aussi sur votre bien-\u00eatre.<\/span><\/p>","protected":false},"excerpt":{"rendered":"<p>Repara tu cabello despu\u00e9s del invierno y prep\u00e1ralo para la primavera El invierno puede ser duro para nuestra melena. Entre el fr\u00edo, el viento, la calefacci\u00f3n y el uso frecuente de herramientas como secadores o planchas hacen que el cabello pierda hidrataci\u00f3n, brillo y elasticidad. Las primeras apariciones de sol y calor indican que es [&hellip;]<\/p>\n","protected":false},"author":11,"featured_media":35083,"comment_status":"closed","ping_status":"closed","sticky":false,"template":"","format":"standard","meta":{"footnotes":"","_wp_rev_ctl_limit":""},"categories":[509,128,1],"tags":[951,952,245,448],"class_list":["post-35082","post","type-post","status-publish","format-standard","has-post-thumbnail","hentry","category-capilar-en","category-capilar","category-todos","tag-repara","tag-repara-cabello","tag-cabello","tag-primavera"],"yoast_head":"<!-- This site is optimized with the Yoast SEO plugin v27.4 - https:\/\/yoast.com\/product\/yoast-seo-wordpress\/ -->\n<title>Repara tu cabello despu\u00e9s del invierno y prep\u00e1ralo para la primavera - Agrado<\/title>\n<meta name=\"description\" content=\"El invierno puede ser duro para nuestra melena. Entre el fr\u00edo, el viento, la calefacci\u00f3n y el uso frecuente de herramientas como secadores o planchas hacen que el cabello pierda hidrataci\u00f3n, brillo y elasticidad. Las primeras apariciones de sol y calor indican que es el momento ideal para reparar el cabello y devolverle su aspecto saludable en sinton\u00eda con la primavera.\" \/>\n<meta name=\"robots\" content=\"index, follow, max-snippet:-1, max-image-preview:large, max-video-preview:-1\" \/>\n<link rel=\"canonical\" href=\"https:\/\/agradocosmetic.com\/fr\/repara-tu-cabello-despues-del-invierno-y-preparalo-para-la-primavera\/\" \/>\n<meta property=\"og:locale\" content=\"fr_FR\" \/>\n<meta property=\"og:type\" content=\"article\" \/>\n<meta property=\"og:title\" content=\"Repara tu cabello despu\u00e9s del invierno y prep\u00e1ralo para la primavera - Agrado\" \/>\n<meta property=\"og:description\" content=\"El invierno puede ser duro para nuestra melena. Entre el fr\u00edo, el viento, la calefacci\u00f3n y el uso frecuente de herramientas como secadores o planchas hacen que el cabello pierda hidrataci\u00f3n, brillo y elasticidad. Las primeras apariciones de sol y calor indican que es el momento ideal para reparar el cabello y devolverle su aspecto saludable en sinton\u00eda con la primavera.\" \/>\n<meta property=\"og:url\" content=\"https:\/\/agradocosmetic.com\/fr\/repara-tu-cabello-despues-del-invierno-y-preparalo-para-la-primavera\/\" \/>\n<meta property=\"og:site_name\" content=\"Agrado\" \/>\n<meta property=\"article:published_time\" content=\"2026-03-26T10:21:21+00:00\" \/>\n<meta property=\"og:image\" content=\"https:\/\/agradocosmetic.com\/wp-content\/uploads\/2026\/03\/OCTUBRE-1.png\" \/>\n\t<meta property=\"og:image:width\" content=\"1140\" \/>\n\t<meta property=\"og:image:height\" content=\"600\" \/>\n\t<meta property=\"og:image:type\" content=\"image\/png\" \/>\n<meta name=\"author\" content=\"carmen\" \/>\n<meta name=\"twitter:card\" content=\"summary_large_image\" \/>\n<meta name=\"twitter:label1\" content=\"\u00c9crit par\" \/>\n\t<meta name=\"twitter:data1\" content=\"carmen\" \/>\n\t<meta name=\"twitter:label2\" content=\"Dur\u00e9e de lecture estim\u00e9e\" \/>\n\t<meta name=\"twitter:data2\" content=\"2 minutes\" \/>\n<script type=\"application\/ld+json\" class=\"yoast-schema-graph\">{\"@context\":\"https:\\\/\\\/schema.org\",\"@graph\":[{\"@type\":\"Article\",\"@id\":\"https:\\\/\\\/agradocosmetic.com\\\/repara-tu-cabello-despues-del-invierno-y-preparalo-para-la-primavera\\\/#article\",\"isPartOf\":{\"@id\":\"https:\\\/\\\/agradocosmetic.com\\\/repara-tu-cabello-despues-del-invierno-y-preparalo-para-la-primavera\\\/\"},\"author\":{\"name\":\"carmen\",\"@id\":\"https:\\\/\\\/agradocosmetic.com\\\/#\\\/schema\\\/person\\\/59124921013b50f80959d84fc7219096\"},\"headline\":\"Repara tu cabello despu\u00e9s del invierno y prep\u00e1ralo para la primavera\",\"datePublished\":\"2026-03-26T10:21:21+00:00\",\"mainEntityOfPage\":{\"@id\":\"https:\\\/\\\/agradocosmetic.com\\\/repara-tu-cabello-despues-del-invierno-y-preparalo-para-la-primavera\\\/\"},\"wordCount\":368,\"publisher\":{\"@id\":\"https:\\\/\\\/agradocosmetic.com\\\/#organization\"},\"image\":{\"@id\":\"https:\\\/\\\/agradocosmetic.com\\\/repara-tu-cabello-despues-del-invierno-y-preparalo-para-la-primavera\\\/#primaryimage\"},\"thumbnailUrl\":\"https:\\\/\\\/agradocosmetic.com\\\/wp-content\\\/uploads\\\/2026\\\/03\\\/OCTUBRE-1.png\",\"keywords\":[\"repara\",\"repara cabello\",\"cabello\",\"primavera\"],\"articleSection\":[\"Capilar\",\"Capilar\",\"Todos\"],\"inLanguage\":\"fr-FR\"},{\"@type\":\"WebPage\",\"@id\":\"https:\\\/\\\/agradocosmetic.com\\\/repara-tu-cabello-despues-del-invierno-y-preparalo-para-la-primavera\\\/\",\"url\":\"https:\\\/\\\/agradocosmetic.com\\\/repara-tu-cabello-despues-del-invierno-y-preparalo-para-la-primavera\\\/\",\"name\":\"Repara tu cabello despu\u00e9s del invierno y prep\u00e1ralo para la primavera - Agrado\",\"isPartOf\":{\"@id\":\"https:\\\/\\\/agradocosmetic.com\\\/#website\"},\"primaryImageOfPage\":{\"@id\":\"https:\\\/\\\/agradocosmetic.com\\\/repara-tu-cabello-despues-del-invierno-y-preparalo-para-la-primavera\\\/#primaryimage\"},\"image\":{\"@id\":\"https:\\\/\\\/agradocosmetic.com\\\/repara-tu-cabello-despues-del-invierno-y-preparalo-para-la-primavera\\\/#primaryimage\"},\"thumbnailUrl\":\"https:\\\/\\\/agradocosmetic.com\\\/wp-content\\\/uploads\\\/2026\\\/03\\\/OCTUBRE-1.png\",\"datePublished\":\"2026-03-26T10:21:21+00:00\",\"description\":\"El invierno puede ser duro para nuestra melena. Entre el fr\u00edo, el viento, la calefacci\u00f3n y el uso frecuente de herramientas como secadores o planchas hacen que el cabello pierda hidrataci\u00f3n, brillo y elasticidad. Las primeras apariciones de sol y calor indican que es el momento ideal para reparar el cabello y devolverle su aspecto saludable en sinton\u00eda con la primavera.\",\"breadcrumb\":{\"@id\":\"https:\\\/\\\/agradocosmetic.com\\\/repara-tu-cabello-despues-del-invierno-y-preparalo-para-la-primavera\\\/#breadcrumb\"},\"inLanguage\":\"fr-FR\",\"potentialAction\":[{\"@type\":\"ReadAction\",\"target\":[\"https:\\\/\\\/agradocosmetic.com\\\/repara-tu-cabello-despues-del-invierno-y-preparalo-para-la-primavera\\\/\"]}]},{\"@type\":\"ImageObject\",\"inLanguage\":\"fr-FR\",\"@id\":\"https:\\\/\\\/agradocosmetic.com\\\/repara-tu-cabello-despues-del-invierno-y-preparalo-para-la-primavera\\\/#primaryimage\",\"url\":\"https:\\\/\\\/agradocosmetic.com\\\/wp-content\\\/uploads\\\/2026\\\/03\\\/OCTUBRE-1.png\",\"contentUrl\":\"https:\\\/\\\/agradocosmetic.com\\\/wp-content\\\/uploads\\\/2026\\\/03\\\/OCTUBRE-1.png\",\"width\":1140,\"height\":600,\"caption\":\"reparar cabello\"},{\"@type\":\"BreadcrumbList\",\"@id\":\"https:\\\/\\\/agradocosmetic.com\\\/repara-tu-cabello-despues-del-invierno-y-preparalo-para-la-primavera\\\/#breadcrumb\",\"itemListElement\":[{\"@type\":\"ListItem\",\"position\":1,\"name\":\"Portada\",\"item\":\"https:\\\/\\\/agradocosmetic.com\\\/\"},{\"@type\":\"ListItem\",\"position\":2,\"name\":\"Repara tu cabello despu\u00e9s del invierno y prep\u00e1ralo para la primavera\"}]},{\"@type\":\"WebSite\",\"@id\":\"https:\\\/\\\/agradocosmetic.com\\\/#website\",\"url\":\"https:\\\/\\\/agradocosmetic.com\\\/\",\"name\":\"Agrado\",\"description\":\"Cosmetic\",\"publisher\":{\"@id\":\"https:\\\/\\\/agradocosmetic.com\\\/#organization\"},\"potentialAction\":[{\"@type\":\"SearchAction\",\"target\":{\"@type\":\"EntryPoint\",\"urlTemplate\":\"https:\\\/\\\/agradocosmetic.com\\\/?s={search_term_string}\"},\"query-input\":{\"@type\":\"PropertyValueSpecification\",\"valueRequired\":true,\"valueName\":\"search_term_string\"}}],\"inLanguage\":\"fr-FR\"},{\"@type\":\"Organization\",\"@id\":\"https:\\\/\\\/agradocosmetic.com\\\/#organization\",\"name\":\"Agrado\",\"url\":\"https:\\\/\\\/agradocosmetic.com\\\/\",\"logo\":{\"@type\":\"ImageObject\",\"inLanguage\":\"fr-FR\",\"@id\":\"https:\\\/\\\/agradocosmetic.com\\\/#\\\/schema\\\/logo\\\/image\\\/\",\"url\":\"https:\\\/\\\/agradocosmetic.com\\\/wp-content\\\/uploads\\\/2023\\\/07\\\/LOGO-AGRADO-WEB-01.png\",\"contentUrl\":\"https:\\\/\\\/agradocosmetic.com\\\/wp-content\\\/uploads\\\/2023\\\/07\\\/LOGO-AGRADO-WEB-01.png\",\"width\":1632,\"height\":300,\"caption\":\"Agrado\"},\"image\":{\"@id\":\"https:\\\/\\\/agradocosmetic.com\\\/#\\\/schema\\\/logo\\\/image\\\/\"}},{\"@type\":\"Person\",\"@id\":\"https:\\\/\\\/agradocosmetic.com\\\/#\\\/schema\\\/person\\\/59124921013b50f80959d84fc7219096\",\"name\":\"carmen\",\"image\":{\"@type\":\"ImageObject\",\"inLanguage\":\"fr-FR\",\"@id\":\"https:\\\/\\\/secure.gravatar.com\\\/avatar\\\/2036bf58c019bb0a3f94937a2ed7cab76ae6ebe239f705f7c62ea5c48f93531f?s=96&d=mm&r=g\",\"url\":\"https:\\\/\\\/secure.gravatar.com\\\/avatar\\\/2036bf58c019bb0a3f94937a2ed7cab76ae6ebe239f705f7c62ea5c48f93531f?s=96&d=mm&r=g\",\"contentUrl\":\"https:\\\/\\\/secure.gravatar.com\\\/avatar\\\/2036bf58c019bb0a3f94937a2ed7cab76ae6ebe239f705f7c62ea5c48f93531f?s=96&d=mm&r=g\",\"caption\":\"carmen\"}}]}<\/script>\n<!-- \/ Yoast SEO plugin. -->","yoast_head_json":{"title":"Repara tu cabello despu\u00e9s del invierno y prep\u00e1ralo para la primavera - Agrado","description":"L&#039;hiver peut \u00eatre rude pour nos cheveux. Entre le froid, le vent, le chauffage et l&#039;utilisation fr\u00e9quente d&#039;appareils comme le s\u00e8che-cheveux et le lisseur, les cheveux perdent en hydratation, en brillance et en \u00e9lasticit\u00e9. Les premiers rayons de soleil et la douceur du printemps annoncent le moment id\u00e9al pour les r\u00e9parer et leur redonner tout leur \u00e9clat.","robots":{"index":"index","follow":"follow","max-snippet":"max-snippet:-1","max-image-preview":"max-image-preview:large","max-video-preview":"max-video-preview:-1"},"canonical":"https:\/\/agradocosmetic.com\/fr\/repara-tu-cabello-despues-del-invierno-y-preparalo-para-la-primavera\/","og_locale":"fr_FR","og_type":"article","og_title":"Repara tu cabello despu\u00e9s del invierno y prep\u00e1ralo para la primavera - Agrado","og_description":"El invierno puede ser duro para nuestra melena. Entre el fr\u00edo, el viento, la calefacci\u00f3n y el uso frecuente de herramientas como secadores o planchas hacen que el cabello pierda hidrataci\u00f3n, brillo y elasticidad. Las primeras apariciones de sol y calor indican que es el momento ideal para reparar el cabello y devolverle su aspecto saludable en sinton\u00eda con la primavera.","og_url":"https:\/\/agradocosmetic.com\/fr\/repara-tu-cabello-despues-del-invierno-y-preparalo-para-la-primavera\/","og_site_name":"Agrado","article_published_time":"2026-03-26T10:21:21+00:00","og_image":[{"width":1140,"height":600,"url":"https:\/\/agradocosmetic.com\/wp-content\/uploads\/2026\/03\/OCTUBRE-1.png","type":"image\/png"}],"author":"carmen","twitter_card":"summary_large_image","twitter_misc":{"\u00c9crit par":"carmen","Dur\u00e9e de lecture estim\u00e9e":"2 minutes"},"schema":{"@context":"https:\/\/schema.org","@graph":[{"@type":"Article","@id":"https:\/\/agradocosmetic.com\/repara-tu-cabello-despues-del-invierno-y-preparalo-para-la-primavera\/#article","isPartOf":{"@id":"https:\/\/agradocosmetic.com\/repara-tu-cabello-despues-del-invierno-y-preparalo-para-la-primavera\/"},"author":{"name":"carmen","@id":"https:\/\/agradocosmetic.com\/#\/schema\/person\/59124921013b50f80959d84fc7219096"},"headline":"Repara tu cabello despu\u00e9s del invierno y prep\u00e1ralo para la primavera","datePublished":"2026-03-26T10:21:21+00:00","mainEntityOfPage":{"@id":"https:\/\/agradocosmetic.com\/repara-tu-cabello-despues-del-invierno-y-preparalo-para-la-primavera\/"},"wordCount":368,"publisher":{"@id":"https:\/\/agradocosmetic.com\/#organization"},"image":{"@id":"https:\/\/agradocosmetic.com\/repara-tu-cabello-despues-del-invierno-y-preparalo-para-la-primavera\/#primaryimage"},"thumbnailUrl":"https:\/\/agradocosmetic.com\/wp-content\/uploads\/2026\/03\/OCTUBRE-1.png","keywords":["repara","repara cabello","cabello","primavera"],"articleSection":["Capilar","Capilar","Todos"],"inLanguage":"fr-FR"},{"@type":"WebPage","@id":"https:\/\/agradocosmetic.com\/repara-tu-cabello-despues-del-invierno-y-preparalo-para-la-primavera\/","url":"https:\/\/agradocosmetic.com\/repara-tu-cabello-despues-del-invierno-y-preparalo-para-la-primavera\/","name":"Repara tu cabello despu\u00e9s del invierno y prep\u00e1ralo para la primavera - Agrado","isPartOf":{"@id":"https:\/\/agradocosmetic.com\/#website"},"primaryImageOfPage":{"@id":"https:\/\/agradocosmetic.com\/repara-tu-cabello-despues-del-invierno-y-preparalo-para-la-primavera\/#primaryimage"},"image":{"@id":"https:\/\/agradocosmetic.com\/repara-tu-cabello-despues-del-invierno-y-preparalo-para-la-primavera\/#primaryimage"},"thumbnailUrl":"https:\/\/agradocosmetic.com\/wp-content\/uploads\/2026\/03\/OCTUBRE-1.png","datePublished":"2026-03-26T10:21:21+00:00","description":"L&#039;hiver peut \u00eatre rude pour nos cheveux. Entre le froid, le vent, le chauffage et l&#039;utilisation fr\u00e9quente d&#039;appareils comme le s\u00e8che-cheveux et le lisseur, les cheveux perdent en hydratation, en brillance et en \u00e9lasticit\u00e9. Les premiers rayons de soleil et la douceur du printemps annoncent le moment id\u00e9al pour les r\u00e9parer et leur redonner tout leur \u00e9clat.","breadcrumb":{"@id":"https:\/\/agradocosmetic.com\/repara-tu-cabello-despues-del-invierno-y-preparalo-para-la-primavera\/#breadcrumb"},"inLanguage":"fr-FR","potentialAction":[{"@type":"ReadAction","target":["https:\/\/agradocosmetic.com\/repara-tu-cabello-despues-del-invierno-y-preparalo-para-la-primavera\/"]}]},{"@type":"ImageObject","inLanguage":"fr-FR","@id":"https:\/\/agradocosmetic.com\/repara-tu-cabello-despues-del-invierno-y-preparalo-para-la-primavera\/#primaryimage","url":"https:\/\/agradocosmetic.com\/wp-content\/uploads\/2026\/03\/OCTUBRE-1.png","contentUrl":"https:\/\/agradocosmetic.com\/wp-content\/uploads\/2026\/03\/OCTUBRE-1.png","width":1140,"height":600,"caption":"reparar cabello"},{"@type":"BreadcrumbList","@id":"https:\/\/agradocosmetic.com\/repara-tu-cabello-despues-del-invierno-y-preparalo-para-la-primavera\/#breadcrumb","itemListElement":[{"@type":"ListItem","position":1,"name":"Portada","item":"https:\/\/agradocosmetic.com\/"},{"@type":"ListItem","position":2,"name":"Repara tu cabello despu\u00e9s del invierno y prep\u00e1ralo para la primavera"}]},{"@type":"WebSite","@id":"https:\/\/agradocosmetic.com\/#website","url":"https:\/\/agradocosmetic.com\/","name":"Aimer","description":"cosm\u00e9tique","publisher":{"@id":"https:\/\/agradocosmetic.com\/#organization"},"potentialAction":[{"@type":"SearchAction","target":{"@type":"EntryPoint","urlTemplate":"https:\/\/agradocosmetic.com\/?s={search_term_string}"},"query-input":{"@type":"PropertyValueSpecification","valueRequired":true,"valueName":"search_term_string"}}],"inLanguage":"fr-FR"},{"@type":"Organization","@id":"https:\/\/agradocosmetic.com\/#organization","name":"Aimer","url":"https:\/\/agradocosmetic.com\/","logo":{"@type":"ImageObject","inLanguage":"fr-FR","@id":"https:\/\/agradocosmetic.com\/#\/schema\/logo\/image\/","url":"https:\/\/agradocosmetic.com\/wp-content\/uploads\/2023\/07\/LOGO-AGRADO-WEB-01.png","contentUrl":"https:\/\/agradocosmetic.com\/wp-content\/uploads\/2023\/07\/LOGO-AGRADO-WEB-01.png","width":1632,"height":300,"caption":"Agrado"},"image":{"@id":"https:\/\/agradocosmetic.com\/#\/schema\/logo\/image\/"}},{"@type":"Person","@id":"https:\/\/agradocosmetic.com\/#\/schema\/person\/59124921013b50f80959d84fc7219096","name":"Carmen","image":{"@type":"ImageObject","inLanguage":"fr-FR","@id":"https:\/\/secure.gravatar.com\/avatar\/2036bf58c019bb0a3f94937a2ed7cab76ae6ebe239f705f7c62ea5c48f93531f?s=96&d=mm&r=g","url":"https:\/\/secure.gravatar.com\/avatar\/2036bf58c019bb0a3f94937a2ed7cab76ae6ebe239f705f7c62ea5c48f93531f?s=96&d=mm&r=g","contentUrl":"https:\/\/secure.gravatar.com\/avatar\/2036bf58c019bb0a3f94937a2ed7cab76ae6ebe239f705f7c62ea5c48f93531f?s=96&d=mm&r=g","caption":"carmen"}}]}},"_links":{"self":[{"href":"https:\/\/agradocosmetic.com\/fr\/wp-json\/wp\/v2\/posts\/35082","targetHints":{"allow":["GET"]}}],"collection":[{"href":"https:\/\/agradocosmetic.com\/fr\/wp-json\/wp\/v2\/posts"}],"about":[{"href":"https:\/\/agradocosmetic.com\/fr\/wp-json\/wp\/v2\/types\/post"}],"author":[{"embeddable":true,"href":"https:\/\/agradocosmetic.com\/fr\/wp-json\/wp\/v2\/users\/11"}],"replies":[{"embeddable":true,"href":"https:\/\/agradocosmetic.com\/fr\/wp-json\/wp\/v2\/comments?post=35082"}],"version-history":[{"count":2,"href":"https:\/\/agradocosmetic.com\/fr\/wp-json\/wp\/v2\/posts\/35082\/revisions"}],"predecessor-version":[{"id":35085,"href":"https:\/\/agradocosmetic.com\/fr\/wp-json\/wp\/v2\/posts\/35082\/revisions\/35085"}],"wp:featuredmedia":[{"embeddable":true,"href":"https:\/\/agradocosmetic.com\/fr\/wp-json\/wp\/v2\/media\/35083"}],"wp:attachment":[{"href":"https:\/\/agradocosmetic.com\/fr\/wp-json\/wp\/v2\/media?parent=35082"}],"wp:term":[{"taxonomy":"category","embeddable":true,"href":"https:\/\/agradocosmetic.com\/fr\/wp-json\/wp\/v2\/categories?post=35082"},{"taxonomy":"post_tag","embeddable":true,"href":"https:\/\/agradocosmetic.com\/fr\/wp-json\/wp\/v2\/tags?post=35082"}],"curies":[{"name":"wp","href":"https:\/\/api.w.org\/{rel}","templated":true}]}}