{"id":36022,"date":"2026-05-05T10:45:54","date_gmt":"2026-05-05T09:45:54","guid":{"rendered":"https:\/\/agradocosmetic.com\/?p=36022"},"modified":"2026-08-31T19:46:07","modified_gmt":"2026-08-31T18:46:07","slug":"asi-se-convierte-tu-rutina-de-ducha-en-un-momento-de-bienestar","status":"publish","type":"post","link":"https:\/\/agradocosmetic.com\/fr\/asi-se-convierte-tu-rutina-de-ducha-en-un-momento-de-bienestar\/","title":{"rendered":"As\u00ed se convierte tu rutina de ducha en un momento de bienestar"},"content":{"rendered":"<p><span style=\"font-weight: 400\">En medio del ritmo diario, encontrar un momento para ti es m\u00e1s importante que nunca. Y s\u00ed, puede empezar en algo tan cotidiano como la ducha.<\/span><\/p>\n<p><span style=\"font-weight: 400\">Les <a href=\"https:\/\/agradocosmetic.com\/fr\/categoria-de-producto\/gel-de-bano\/\" target=\"_blank\" rel=\"noopener\">geles de Agrado<\/a> est\u00e1n dise\u00f1ados precisamente para eso: convertir un gesto diario en un ritual de bienestar. Sus fragancias no solo limpian, sino que despiertan sensaciones. Desde la frescura chispeante del Lychee hasta la calidez envolvente de Choco &amp; Toffee, cada aroma tiene el poder de transportarte y mejorar tu estado de \u00e1nimo.<\/span><\/p>\n<p><span style=\"font-weight: 400\">Adem\u00e1s, su textura y formulaci\u00f3n cuidan la piel mientras la perfuman delicadamente, dejando una sensaci\u00f3n de confort que se prolonga durante horas. Porque no se trata solo de oler bien, sino de sentirte bien en tu propia piel.<\/span><\/p>\n<p><span style=\"font-weight: 400\">Crear tu rutina es f\u00e1cil: elige el aroma que mejor encaje contigo, baja el ritmo y convierte ese momento en tu peque\u00f1o spa en casa. Un gesto sencillo que puede marcar la diferencia en tu d\u00eda.<\/span><\/p>\n<p><span style=\"font-weight: 400\">Con Agrado, cuidarte empieza bajo el agua.<\/span><\/p>","protected":false},"excerpt":{"rendered":"<p>En medio del ritmo diario, encontrar un momento para ti es m\u00e1s importante que nunca. Y s\u00ed, puede empezar en algo tan cotidiano como la ducha. Los geles de Agrado est\u00e1n dise\u00f1ados precisamente para eso: convertir un gesto diario en un ritual de bienestar. Sus fragancias no solo limpian, sino que despiertan sensaciones. Desde la [&hellip;]<\/p>\n","protected":false},"author":11,"featured_media":36016,"comment_status":"closed","ping_status":"closed","sticky":false,"template":"","format":"standard","meta":{"footnotes":"","_wp_rev_ctl_limit":""},"categories":[149],"tags":[959,960,961,957,126,375,360,376],"class_list":["post-36022","post","type-post","status-publish","format-standard","has-post-thumbnail","hentry","category-corporal","tag-rutina-de-ducha","tag-nuevos-geles","tag-cuerpo","tag-aromas","tag-agrado","tag-cuidado-corporal","tag-gel-de-bano","tag-gel-de-ducha"],"yoast_head":"<!-- This site is optimized with the Yoast SEO plugin v28.3 - https:\/\/yoast.com\/product\/yoast-seo-wordpress\/ -->\n<title>As\u00ed se convierte tu rutina de ducha en un momento de bienestar - Agrado<\/title>\n<meta name=\"description\" content=\"En medio del ritmo diario, encontrar un momento para ti es muy importante. Y s\u00ed, puede empezar en algo tan cotidiano como tu rutina de ducha.\" \/>\n<meta name=\"robots\" content=\"index, follow, max-snippet:-1, max-image-preview:large, max-video-preview:-1\" \/>\n<link rel=\"canonical\" href=\"https:\/\/agradocosmetic.com\/fr\/asi-se-convierte-tu-rutina-de-ducha-en-un-momento-de-bienestar\/\" \/>\n<meta property=\"og:locale\" content=\"fr_FR\" \/>\n<meta property=\"og:type\" content=\"article\" \/>\n<meta property=\"og:title\" content=\"As\u00ed se convierte tu rutina de ducha en un momento de bienestar - Agrado\" \/>\n<meta property=\"og:description\" content=\"En medio del ritmo diario, encontrar un momento para ti es muy importante. Y s\u00ed, puede empezar en algo tan cotidiano como tu rutina de ducha.\" \/>\n<meta property=\"og:url\" content=\"https:\/\/agradocosmetic.com\/fr\/asi-se-convierte-tu-rutina-de-ducha-en-un-momento-de-bienestar\/\" \/>\n<meta property=\"og:site_name\" content=\"Agrado\" \/>\n<meta property=\"article:published_time\" content=\"2026-05-05T09:45:54+00:00\" \/>\n<meta property=\"article:modified_time\" content=\"2026-08-31T18:46:07+00:00\" \/>\n<meta property=\"og:image\" content=\"https:\/\/agradocosmetic.com\/wp-content\/uploads\/2026\/08\/MAYO-26-1.jpg\" \/>\n\t<meta property=\"og:image:width\" content=\"1140\" \/>\n\t<meta property=\"og:image:height\" content=\"600\" \/>\n\t<meta property=\"og:image:type\" content=\"image\/jpeg\" \/>\n<meta name=\"author\" content=\"carmen\" \/>\n<meta name=\"twitter:card\" content=\"summary_large_image\" \/>\n<meta name=\"twitter:label1\" content=\"\u00c9crit par\" \/>\n\t<meta name=\"twitter:data1\" content=\"carmen\" \/>\n\t<meta name=\"twitter:label2\" content=\"Dur\u00e9e de lecture estim\u00e9e\" \/>\n\t<meta name=\"twitter:data2\" content=\"1 minute\" \/>\n<script type=\"application\/ld+json\" class=\"yoast-schema-graph\">{\"@context\":\"https:\\\/\\\/schema.org\",\"@graph\":[{\"@type\":\"Article\",\"@id\":\"https:\\\/\\\/agradocosmetic.com\\\/asi-se-convierte-tu-rutina-de-ducha-en-un-momento-de-bienestar\\\/#article\",\"isPartOf\":{\"@id\":\"https:\\\/\\\/agradocosmetic.com\\\/asi-se-convierte-tu-rutina-de-ducha-en-un-momento-de-bienestar\\\/\"},\"author\":{\"name\":\"carmen\",\"@id\":\"https:\\\/\\\/agradocosmetic.com\\\/#\\\/schema\\\/person\\\/59124921013b50f80959d84fc7219096\"},\"headline\":\"As\u00ed se convierte tu rutina de ducha en un momento de bienestar\",\"datePublished\":\"2026-05-05T09:45:54+00:00\",\"dateModified\":\"2026-08-31T18:46:07+00:00\",\"mainEntityOfPage\":{\"@id\":\"https:\\\/\\\/agradocosmetic.com\\\/asi-se-convierte-tu-rutina-de-ducha-en-un-momento-de-bienestar\\\/\"},\"wordCount\":182,\"publisher\":{\"@id\":\"https:\\\/\\\/agradocosmetic.com\\\/#organization\"},\"image\":{\"@id\":\"https:\\\/\\\/agradocosmetic.com\\\/asi-se-convierte-tu-rutina-de-ducha-en-un-momento-de-bienestar\\\/#primaryimage\"},\"thumbnailUrl\":\"https:\\\/\\\/agradocosmetic.com\\\/wp-content\\\/uploads\\\/2026\\\/08\\\/MAYO-26-1.jpg\",\"keywords\":[\"rutina de ducha\",\"nuevos geles\",\"cuerpo\",\"aromas\",\"agrado\",\"cuidado corporal\",\"gel de ba\u00f1o\",\"gel de ducha\"],\"articleSection\":[\"Corporal\"],\"inLanguage\":\"fr-FR\"},{\"@type\":\"WebPage\",\"@id\":\"https:\\\/\\\/agradocosmetic.com\\\/asi-se-convierte-tu-rutina-de-ducha-en-un-momento-de-bienestar\\\/\",\"url\":\"https:\\\/\\\/agradocosmetic.com\\\/asi-se-convierte-tu-rutina-de-ducha-en-un-momento-de-bienestar\\\/\",\"name\":\"As\u00ed se convierte tu rutina de ducha en un momento de bienestar - Agrado\",\"isPartOf\":{\"@id\":\"https:\\\/\\\/agradocosmetic.com\\\/#website\"},\"primaryImageOfPage\":{\"@id\":\"https:\\\/\\\/agradocosmetic.com\\\/asi-se-convierte-tu-rutina-de-ducha-en-un-momento-de-bienestar\\\/#primaryimage\"},\"image\":{\"@id\":\"https:\\\/\\\/agradocosmetic.com\\\/asi-se-convierte-tu-rutina-de-ducha-en-un-momento-de-bienestar\\\/#primaryimage\"},\"thumbnailUrl\":\"https:\\\/\\\/agradocosmetic.com\\\/wp-content\\\/uploads\\\/2026\\\/08\\\/MAYO-26-1.jpg\",\"datePublished\":\"2026-05-05T09:45:54+00:00\",\"dateModified\":\"2026-08-31T18:46:07+00:00\",\"description\":\"En medio del ritmo diario, encontrar un momento para ti es muy importante. Y s\u00ed, puede empezar en algo tan cotidiano como tu rutina de ducha.\",\"breadcrumb\":{\"@id\":\"https:\\\/\\\/agradocosmetic.com\\\/asi-se-convierte-tu-rutina-de-ducha-en-un-momento-de-bienestar\\\/#breadcrumb\"},\"inLanguage\":\"fr-FR\",\"potentialAction\":[{\"@type\":\"ReadAction\",\"target\":[\"https:\\\/\\\/agradocosmetic.com\\\/asi-se-convierte-tu-rutina-de-ducha-en-un-momento-de-bienestar\\\/\"]}]},{\"@type\":\"ImageObject\",\"inLanguage\":\"fr-FR\",\"@id\":\"https:\\\/\\\/agradocosmetic.com\\\/asi-se-convierte-tu-rutina-de-ducha-en-un-momento-de-bienestar\\\/#primaryimage\",\"url\":\"https:\\\/\\\/agradocosmetic.com\\\/wp-content\\\/uploads\\\/2026\\\/08\\\/MAYO-26-1.jpg\",\"contentUrl\":\"https:\\\/\\\/agradocosmetic.com\\\/wp-content\\\/uploads\\\/2026\\\/08\\\/MAYO-26-1.jpg\",\"width\":1140,\"height\":600,\"caption\":\"rutina de ducha\"},{\"@type\":\"BreadcrumbList\",\"@id\":\"https:\\\/\\\/agradocosmetic.com\\\/asi-se-convierte-tu-rutina-de-ducha-en-un-momento-de-bienestar\\\/#breadcrumb\",\"itemListElement\":[{\"@type\":\"ListItem\",\"position\":1,\"name\":\"Portada\",\"item\":\"https:\\\/\\\/agradocosmetic.com\\\/\"},{\"@type\":\"ListItem\",\"position\":2,\"name\":\"As\u00ed se convierte tu rutina de ducha en un momento de bienestar\"}]},{\"@type\":\"WebSite\",\"@id\":\"https:\\\/\\\/agradocosmetic.com\\\/#website\",\"url\":\"https:\\\/\\\/agradocosmetic.com\\\/\",\"name\":\"Agrado\",\"description\":\"Cosmetic\",\"publisher\":{\"@id\":\"https:\\\/\\\/agradocosmetic.com\\\/#organization\"},\"potentialAction\":[{\"@type\":\"SearchAction\",\"target\":{\"@type\":\"EntryPoint\",\"urlTemplate\":\"https:\\\/\\\/agradocosmetic.com\\\/?s={search_term_string}\"},\"query-input\":{\"@type\":\"PropertyValueSpecification\",\"valueRequired\":true,\"valueName\":\"search_term_string\"}}],\"inLanguage\":\"fr-FR\"},{\"@type\":\"Organization\",\"@id\":\"https:\\\/\\\/agradocosmetic.com\\\/#organization\",\"name\":\"Agrado\",\"url\":\"https:\\\/\\\/agradocosmetic.com\\\/\",\"logo\":{\"@type\":\"ImageObject\",\"inLanguage\":\"fr-FR\",\"@id\":\"https:\\\/\\\/agradocosmetic.com\\\/#\\\/schema\\\/logo\\\/image\\\/\",\"url\":\"https:\\\/\\\/agradocosmetic.com\\\/wp-content\\\/uploads\\\/2023\\\/07\\\/LOGO-AGRADO-WEB-01.png\",\"contentUrl\":\"https:\\\/\\\/agradocosmetic.com\\\/wp-content\\\/uploads\\\/2023\\\/07\\\/LOGO-AGRADO-WEB-01.png\",\"width\":1632,\"height\":300,\"caption\":\"Agrado\"},\"image\":{\"@id\":\"https:\\\/\\\/agradocosmetic.com\\\/#\\\/schema\\\/logo\\\/image\\\/\"}},{\"@type\":\"Person\",\"@id\":\"https:\\\/\\\/agradocosmetic.com\\\/#\\\/schema\\\/person\\\/59124921013b50f80959d84fc7219096\",\"name\":\"carmen\",\"image\":{\"@type\":\"ImageObject\",\"inLanguage\":\"fr-FR\",\"@id\":\"https:\\\/\\\/secure.gravatar.com\\\/avatar\\\/2036bf58c019bb0a3f94937a2ed7cab76ae6ebe239f705f7c62ea5c48f93531f?s=96&d=mm&r=g\",\"url\":\"https:\\\/\\\/secure.gravatar.com\\\/avatar\\\/2036bf58c019bb0a3f94937a2ed7cab76ae6ebe239f705f7c62ea5c48f93531f?s=96&d=mm&r=g\",\"contentUrl\":\"https:\\\/\\\/secure.gravatar.com\\\/avatar\\\/2036bf58c019bb0a3f94937a2ed7cab76ae6ebe239f705f7c62ea5c48f93531f?s=96&d=mm&r=g\",\"caption\":\"carmen\"}}]}<\/script>\n<!-- \/ Yoast SEO plugin. -->","yoast_head_json":{"title":"As\u00ed se convierte tu rutina de ducha en un momento de bienestar - Agrado","description":"En medio del ritmo diario, encontrar un momento para ti es muy importante. Y s\u00ed, puede empezar en algo tan cotidiano como tu rutina de ducha.","robots":{"index":"index","follow":"follow","max-snippet":"max-snippet:-1","max-image-preview":"max-image-preview:large","max-video-preview":"max-video-preview:-1"},"canonical":"https:\/\/agradocosmetic.com\/fr\/asi-se-convierte-tu-rutina-de-ducha-en-un-momento-de-bienestar\/","og_locale":"fr_FR","og_type":"article","og_title":"As\u00ed se convierte tu rutina de ducha en un momento de bienestar - Agrado","og_description":"En medio del ritmo diario, encontrar un momento para ti es muy importante. Y s\u00ed, puede empezar en algo tan cotidiano como tu rutina de ducha.","og_url":"https:\/\/agradocosmetic.com\/fr\/asi-se-convierte-tu-rutina-de-ducha-en-un-momento-de-bienestar\/","og_site_name":"Agrado","article_published_time":"2026-05-05T09:45:54+00:00","article_modified_time":"2026-08-31T18:46:07+00:00","og_image":[{"width":1140,"height":600,"url":"https:\/\/agradocosmetic.com\/wp-content\/uploads\/2026\/08\/MAYO-26-1.jpg","type":"image\/jpeg"}],"author":"carmen","twitter_card":"summary_large_image","twitter_misc":{"\u00c9crit par":"carmen","Dur\u00e9e de lecture estim\u00e9e":"1 minute"},"schema":{"@context":"https:\/\/schema.org","@graph":[{"@type":"Article","@id":"https:\/\/agradocosmetic.com\/asi-se-convierte-tu-rutina-de-ducha-en-un-momento-de-bienestar\/#article","isPartOf":{"@id":"https:\/\/agradocosmetic.com\/asi-se-convierte-tu-rutina-de-ducha-en-un-momento-de-bienestar\/"},"author":{"name":"carmen","@id":"https:\/\/agradocosmetic.com\/#\/schema\/person\/59124921013b50f80959d84fc7219096"},"headline":"As\u00ed se convierte tu rutina de ducha en un momento de bienestar","datePublished":"2026-05-05T09:45:54+00:00","dateModified":"2026-08-31T18:46:07+00:00","mainEntityOfPage":{"@id":"https:\/\/agradocosmetic.com\/asi-se-convierte-tu-rutina-de-ducha-en-un-momento-de-bienestar\/"},"wordCount":182,"publisher":{"@id":"https:\/\/agradocosmetic.com\/#organization"},"image":{"@id":"https:\/\/agradocosmetic.com\/asi-se-convierte-tu-rutina-de-ducha-en-un-momento-de-bienestar\/#primaryimage"},"thumbnailUrl":"https:\/\/agradocosmetic.com\/wp-content\/uploads\/2026\/08\/MAYO-26-1.jpg","keywords":["rutina de ducha","nuevos geles","cuerpo","aromas","agrado","cuidado corporal","gel de ba\u00f1o","gel de ducha"],"articleSection":["Corporal"],"inLanguage":"fr-FR"},{"@type":"WebPage","@id":"https:\/\/agradocosmetic.com\/asi-se-convierte-tu-rutina-de-ducha-en-un-momento-de-bienestar\/","url":"https:\/\/agradocosmetic.com\/asi-se-convierte-tu-rutina-de-ducha-en-un-momento-de-bienestar\/","name":"As\u00ed se convierte tu rutina de ducha en un momento de bienestar - Agrado","isPartOf":{"@id":"https:\/\/agradocosmetic.com\/#website"},"primaryImageOfPage":{"@id":"https:\/\/agradocosmetic.com\/asi-se-convierte-tu-rutina-de-ducha-en-un-momento-de-bienestar\/#primaryimage"},"image":{"@id":"https:\/\/agradocosmetic.com\/asi-se-convierte-tu-rutina-de-ducha-en-un-momento-de-bienestar\/#primaryimage"},"thumbnailUrl":"https:\/\/agradocosmetic.com\/wp-content\/uploads\/2026\/08\/MAYO-26-1.jpg","datePublished":"2026-05-05T09:45:54+00:00","dateModified":"2026-08-31T18:46:07+00:00","description":"En medio del ritmo diario, encontrar un momento para ti es muy importante. Y s\u00ed, puede empezar en algo tan cotidiano como tu rutina de ducha.","breadcrumb":{"@id":"https:\/\/agradocosmetic.com\/asi-se-convierte-tu-rutina-de-ducha-en-un-momento-de-bienestar\/#breadcrumb"},"inLanguage":"fr-FR","potentialAction":[{"@type":"ReadAction","target":["https:\/\/agradocosmetic.com\/asi-se-convierte-tu-rutina-de-ducha-en-un-momento-de-bienestar\/"]}]},{"@type":"ImageObject","inLanguage":"fr-FR","@id":"https:\/\/agradocosmetic.com\/asi-se-convierte-tu-rutina-de-ducha-en-un-momento-de-bienestar\/#primaryimage","url":"https:\/\/agradocosmetic.com\/wp-content\/uploads\/2026\/08\/MAYO-26-1.jpg","contentUrl":"https:\/\/agradocosmetic.com\/wp-content\/uploads\/2026\/08\/MAYO-26-1.jpg","width":1140,"height":600,"caption":"rutina de ducha"},{"@type":"BreadcrumbList","@id":"https:\/\/agradocosmetic.com\/asi-se-convierte-tu-rutina-de-ducha-en-un-momento-de-bienestar\/#breadcrumb","itemListElement":[{"@type":"ListItem","position":1,"name":"Portada","item":"https:\/\/agradocosmetic.com\/"},{"@type":"ListItem","position":2,"name":"As\u00ed se convierte tu rutina de ducha en un momento de bienestar"}]},{"@type":"WebSite","@id":"https:\/\/agradocosmetic.com\/#website","url":"https:\/\/agradocosmetic.com\/","name":"Aimer","description":"cosm\u00e9tique","publisher":{"@id":"https:\/\/agradocosmetic.com\/#organization"},"potentialAction":[{"@type":"SearchAction","target":{"@type":"EntryPoint","urlTemplate":"https:\/\/agradocosmetic.com\/?s={search_term_string}"},"query-input":{"@type":"PropertyValueSpecification","valueRequired":true,"valueName":"search_term_string"}}],"inLanguage":"fr-FR"},{"@type":"Organization","@id":"https:\/\/agradocosmetic.com\/#organization","name":"Aimer","url":"https:\/\/agradocosmetic.com\/","logo":{"@type":"ImageObject","inLanguage":"fr-FR","@id":"https:\/\/agradocosmetic.com\/#\/schema\/logo\/image\/","url":"https:\/\/agradocosmetic.com\/wp-content\/uploads\/2023\/07\/LOGO-AGRADO-WEB-01.png","contentUrl":"https:\/\/agradocosmetic.com\/wp-content\/uploads\/2023\/07\/LOGO-AGRADO-WEB-01.png","width":1632,"height":300,"caption":"Agrado"},"image":{"@id":"https:\/\/agradocosmetic.com\/#\/schema\/logo\/image\/"}},{"@type":"Person","@id":"https:\/\/agradocosmetic.com\/#\/schema\/person\/59124921013b50f80959d84fc7219096","name":"Carmen","image":{"@type":"ImageObject","inLanguage":"fr-FR","@id":"https:\/\/secure.gravatar.com\/avatar\/2036bf58c019bb0a3f94937a2ed7cab76ae6ebe239f705f7c62ea5c48f93531f?s=96&d=mm&r=g","url":"https:\/\/secure.gravatar.com\/avatar\/2036bf58c019bb0a3f94937a2ed7cab76ae6ebe239f705f7c62ea5c48f93531f?s=96&d=mm&r=g","contentUrl":"https:\/\/secure.gravatar.com\/avatar\/2036bf58c019bb0a3f94937a2ed7cab76ae6ebe239f705f7c62ea5c48f93531f?s=96&d=mm&r=g","caption":"carmen"}}]}},"_links":{"self":[{"href":"https:\/\/agradocosmetic.com\/fr\/wp-json\/wp\/v2\/posts\/36022","targetHints":{"allow":["GET"]}}],"collection":[{"href":"https:\/\/agradocosmetic.com\/fr\/wp-json\/wp\/v2\/posts"}],"about":[{"href":"https:\/\/agradocosmetic.com\/fr\/wp-json\/wp\/v2\/types\/post"}],"author":[{"embeddable":true,"href":"https:\/\/agradocosmetic.com\/fr\/wp-json\/wp\/v2\/users\/11"}],"replies":[{"embeddable":true,"href":"https:\/\/agradocosmetic.com\/fr\/wp-json\/wp\/v2\/comments?post=36022"}],"version-history":[{"count":1,"href":"https:\/\/agradocosmetic.com\/fr\/wp-json\/wp\/v2\/posts\/36022\/revisions"}],"predecessor-version":[{"id":36023,"href":"https:\/\/agradocosmetic.com\/fr\/wp-json\/wp\/v2\/posts\/36022\/revisions\/36023"}],"wp:featuredmedia":[{"embeddable":true,"href":"https:\/\/agradocosmetic.com\/fr\/wp-json\/wp\/v2\/media\/36016"}],"wp:attachment":[{"href":"https:\/\/agradocosmetic.com\/fr\/wp-json\/wp\/v2\/media?parent=36022"}],"wp:term":[{"taxonomy":"category","embeddable":true,"href":"https:\/\/agradocosmetic.com\/fr\/wp-json\/wp\/v2\/categories?post=36022"},{"taxonomy":"post_tag","embeddable":true,"href":"https:\/\/agradocosmetic.com\/fr\/wp-json\/wp\/v2\/tags?post=36022"}],"curies":[{"name":"wp","href":"https:\/\/api.w.org\/{rel}","templated":true}]}}