{"id":36026,"date":"2026-06-05T09:49:45","date_gmt":"2026-06-05T08:49:45","guid":{"rendered":"https:\/\/agradocosmetic.com\/?p=36026"},"modified":"2026-08-31T19:49:59","modified_gmt":"2026-08-31T18:49:59","slug":"como-aplicar-correctamente-tu-protector-solar-para-una-proteccion-eficaz","status":"publish","type":"post","link":"https:\/\/agradocosmetic.com\/fr\/como-aplicar-correctamente-tu-protector-solar-para-una-proteccion-eficaz\/","title":{"rendered":"C\u00f3mo aplicar correctamente tu protector solar para una protecci\u00f3n eficaz"},"content":{"rendered":"<p><span style=\"font-weight: 400\">Usar protector solar es imprescindible. Pero usarlo bien es lo que realmente marca la diferencia.<\/span><\/p>\n<p><span style=\"font-weight: 400\">Uno de los errores m\u00e1s comunes es aplicar poca cantidad. Para el rostro, lo ideal es una cantidad generosa (aproximadamente dos l\u00edneas de producto en los dedos). Y no basta con una sola vez: hay que reaplicar cada dos horas, especialmente si est\u00e1s al aire libre.<\/span><\/p>\n<p><span style=\"font-weight: 400\">Otro punto clave es no olvidar zonas como orejas, cuello o escote. Son \u00e1reas especialmente sensibles y muchas veces descuidadas.<\/span><\/p>\n<p><span style=\"font-weight: 400\">Les <a href=\"https:\/\/agradocosmetic.com\/fr\/agrado-sun-care\/\" target=\"_blank\" rel=\"noopener\">Cr\u00e8mes solaires Agrado<\/a> est\u00e1n pensados para facilitar este gesto: texturas ligeras, r\u00e1pida absorci\u00f3n y formatos c\u00f3modos que invitan a reaplicar sin esfuerzo. Porque cuanto m\u00e1s f\u00e1cil sea, m\u00e1s probable ser\u00e1 que lo hagas.<\/span><\/p>\n<p><span style=\"font-weight: 400\">Incorporar este h\u00e1bito en tu rutina diaria es uno de los mejores regalos que puedes hacerle a tu piel.<\/span><\/p>\n<p><span style=\"font-weight: 400\">Peque\u00f1os gestos, grandes resultados.<\/span><\/p>","protected":false},"excerpt":{"rendered":"<p>Usar protector solar es imprescindible. Pero usarlo bien es lo que realmente marca la diferencia. Uno de los errores m\u00e1s comunes es aplicar poca cantidad. Para el rostro, lo ideal es una cantidad generosa (aproximadamente dos l\u00edneas de producto en los dedos). Y no basta con una sola vez: hay que reaplicar cada dos horas, [&hellip;]<\/p>\n","protected":false},"author":11,"featured_media":36014,"comment_status":"closed","ping_status":"closed","sticky":false,"template":"","format":"standard","meta":{"footnotes":"","_wp_rev_ctl_limit":""},"categories":[531],"tags":[963,964,740,126,410,230,321],"class_list":["post-36026","post","type-post","status-publish","format-standard","has-post-thumbnail","hentry","category-solar-en","tag-como-aplicar-protector-solar","tag-como-aplicar","tag-agrado-sun-care","tag-agrado","tag-protector-solar","tag-spf","tag-verano"],"yoast_head":"<!-- This site is optimized with the Yoast SEO plugin v28.3 - https:\/\/yoast.com\/product\/yoast-seo-wordpress\/ -->\n<title>C\u00f3mo aplicar correctamente tu protector solar para una protecci\u00f3n eficaz - Agrado<\/title>\n<meta name=\"description\" content=\"Usar protector solar es imprescindible. Pero usarlo bien es lo que realmente marca la diferencia. \u00a1Desc\u00fabrelo!\" \/>\n<meta name=\"robots\" content=\"index, follow, max-snippet:-1, max-image-preview:large, max-video-preview:-1\" \/>\n<link rel=\"canonical\" href=\"https:\/\/agradocosmetic.com\/fr\/como-aplicar-correctamente-tu-protector-solar-para-una-proteccion-eficaz\/\" \/>\n<meta property=\"og:locale\" content=\"fr_FR\" \/>\n<meta property=\"og:type\" content=\"article\" \/>\n<meta property=\"og:title\" content=\"C\u00f3mo aplicar correctamente tu protector solar para una protecci\u00f3n eficaz - Agrado\" \/>\n<meta property=\"og:description\" content=\"Usar protector solar es imprescindible. Pero usarlo bien es lo que realmente marca la diferencia. \u00a1Desc\u00fabrelo!\" \/>\n<meta property=\"og:url\" content=\"https:\/\/agradocosmetic.com\/fr\/como-aplicar-correctamente-tu-protector-solar-para-una-proteccion-eficaz\/\" \/>\n<meta property=\"og:site_name\" content=\"Agrado\" \/>\n<meta property=\"article:published_time\" content=\"2026-06-05T08:49:45+00:00\" \/>\n<meta property=\"article:modified_time\" content=\"2026-08-31T18:49:59+00:00\" \/>\n<meta property=\"og:image\" content=\"https:\/\/agradocosmetic.com\/wp-content\/uploads\/2026\/08\/JUNIO-26-1.jpg\" \/>\n\t<meta property=\"og:image:width\" content=\"1140\" \/>\n\t<meta property=\"og:image:height\" content=\"600\" \/>\n\t<meta property=\"og:image:type\" content=\"image\/jpeg\" \/>\n<meta name=\"author\" content=\"carmen\" \/>\n<meta name=\"twitter:card\" content=\"summary_large_image\" \/>\n<meta name=\"twitter:label1\" content=\"\u00c9crit par\" \/>\n\t<meta name=\"twitter:data1\" content=\"carmen\" \/>\n\t<meta name=\"twitter:label2\" content=\"Dur\u00e9e de lecture estim\u00e9e\" \/>\n\t<meta name=\"twitter:data2\" content=\"1 minute\" \/>\n<script type=\"application\/ld+json\" class=\"yoast-schema-graph\">{\"@context\":\"https:\\\/\\\/schema.org\",\"@graph\":[{\"@type\":\"Article\",\"@id\":\"https:\\\/\\\/agradocosmetic.com\\\/como-aplicar-correctamente-tu-protector-solar-para-una-proteccion-eficaz\\\/#article\",\"isPartOf\":{\"@id\":\"https:\\\/\\\/agradocosmetic.com\\\/como-aplicar-correctamente-tu-protector-solar-para-una-proteccion-eficaz\\\/\"},\"author\":{\"name\":\"carmen\",\"@id\":\"https:\\\/\\\/agradocosmetic.com\\\/#\\\/schema\\\/person\\\/59124921013b50f80959d84fc7219096\"},\"headline\":\"C\u00f3mo aplicar correctamente tu protector solar para una protecci\u00f3n eficaz\",\"datePublished\":\"2026-06-05T08:49:45+00:00\",\"dateModified\":\"2026-08-31T18:49:59+00:00\",\"mainEntityOfPage\":{\"@id\":\"https:\\\/\\\/agradocosmetic.com\\\/como-aplicar-correctamente-tu-protector-solar-para-una-proteccion-eficaz\\\/\"},\"wordCount\":163,\"publisher\":{\"@id\":\"https:\\\/\\\/agradocosmetic.com\\\/#organization\"},\"image\":{\"@id\":\"https:\\\/\\\/agradocosmetic.com\\\/como-aplicar-correctamente-tu-protector-solar-para-una-proteccion-eficaz\\\/#primaryimage\"},\"thumbnailUrl\":\"https:\\\/\\\/agradocosmetic.com\\\/wp-content\\\/uploads\\\/2026\\\/08\\\/JUNIO-26-1.jpg\",\"keywords\":[\"c\u00f3mo aplicar protector solar\",\"como aplicar\",\"agrado sun care\",\"agrado\",\"protector solar\",\"spf\",\"verano\"],\"articleSection\":[\"Solar\"],\"inLanguage\":\"fr-FR\"},{\"@type\":\"WebPage\",\"@id\":\"https:\\\/\\\/agradocosmetic.com\\\/como-aplicar-correctamente-tu-protector-solar-para-una-proteccion-eficaz\\\/\",\"url\":\"https:\\\/\\\/agradocosmetic.com\\\/como-aplicar-correctamente-tu-protector-solar-para-una-proteccion-eficaz\\\/\",\"name\":\"C\u00f3mo aplicar correctamente tu protector solar para una protecci\u00f3n eficaz - Agrado\",\"isPartOf\":{\"@id\":\"https:\\\/\\\/agradocosmetic.com\\\/#website\"},\"primaryImageOfPage\":{\"@id\":\"https:\\\/\\\/agradocosmetic.com\\\/como-aplicar-correctamente-tu-protector-solar-para-una-proteccion-eficaz\\\/#primaryimage\"},\"image\":{\"@id\":\"https:\\\/\\\/agradocosmetic.com\\\/como-aplicar-correctamente-tu-protector-solar-para-una-proteccion-eficaz\\\/#primaryimage\"},\"thumbnailUrl\":\"https:\\\/\\\/agradocosmetic.com\\\/wp-content\\\/uploads\\\/2026\\\/08\\\/JUNIO-26-1.jpg\",\"datePublished\":\"2026-06-05T08:49:45+00:00\",\"dateModified\":\"2026-08-31T18:49:59+00:00\",\"description\":\"Usar protector solar es imprescindible. Pero usarlo bien es lo que realmente marca la diferencia. \u00a1Desc\u00fabrelo!\",\"breadcrumb\":{\"@id\":\"https:\\\/\\\/agradocosmetic.com\\\/como-aplicar-correctamente-tu-protector-solar-para-una-proteccion-eficaz\\\/#breadcrumb\"},\"inLanguage\":\"fr-FR\",\"potentialAction\":[{\"@type\":\"ReadAction\",\"target\":[\"https:\\\/\\\/agradocosmetic.com\\\/como-aplicar-correctamente-tu-protector-solar-para-una-proteccion-eficaz\\\/\"]}]},{\"@type\":\"ImageObject\",\"inLanguage\":\"fr-FR\",\"@id\":\"https:\\\/\\\/agradocosmetic.com\\\/como-aplicar-correctamente-tu-protector-solar-para-una-proteccion-eficaz\\\/#primaryimage\",\"url\":\"https:\\\/\\\/agradocosmetic.com\\\/wp-content\\\/uploads\\\/2026\\\/08\\\/JUNIO-26-1.jpg\",\"contentUrl\":\"https:\\\/\\\/agradocosmetic.com\\\/wp-content\\\/uploads\\\/2026\\\/08\\\/JUNIO-26-1.jpg\",\"width\":1140,\"height\":600,\"caption\":\"c\u00f3mo aplicar protector solar\"},{\"@type\":\"BreadcrumbList\",\"@id\":\"https:\\\/\\\/agradocosmetic.com\\\/como-aplicar-correctamente-tu-protector-solar-para-una-proteccion-eficaz\\\/#breadcrumb\",\"itemListElement\":[{\"@type\":\"ListItem\",\"position\":1,\"name\":\"Portada\",\"item\":\"https:\\\/\\\/agradocosmetic.com\\\/\"},{\"@type\":\"ListItem\",\"position\":2,\"name\":\"C\u00f3mo aplicar correctamente tu protector solar para una protecci\u00f3n eficaz\"}]},{\"@type\":\"WebSite\",\"@id\":\"https:\\\/\\\/agradocosmetic.com\\\/#website\",\"url\":\"https:\\\/\\\/agradocosmetic.com\\\/\",\"name\":\"Agrado\",\"description\":\"Cosmetic\",\"publisher\":{\"@id\":\"https:\\\/\\\/agradocosmetic.com\\\/#organization\"},\"potentialAction\":[{\"@type\":\"SearchAction\",\"target\":{\"@type\":\"EntryPoint\",\"urlTemplate\":\"https:\\\/\\\/agradocosmetic.com\\\/?s={search_term_string}\"},\"query-input\":{\"@type\":\"PropertyValueSpecification\",\"valueRequired\":true,\"valueName\":\"search_term_string\"}}],\"inLanguage\":\"fr-FR\"},{\"@type\":\"Organization\",\"@id\":\"https:\\\/\\\/agradocosmetic.com\\\/#organization\",\"name\":\"Agrado\",\"url\":\"https:\\\/\\\/agradocosmetic.com\\\/\",\"logo\":{\"@type\":\"ImageObject\",\"inLanguage\":\"fr-FR\",\"@id\":\"https:\\\/\\\/agradocosmetic.com\\\/#\\\/schema\\\/logo\\\/image\\\/\",\"url\":\"https:\\\/\\\/agradocosmetic.com\\\/wp-content\\\/uploads\\\/2023\\\/07\\\/LOGO-AGRADO-WEB-01.png\",\"contentUrl\":\"https:\\\/\\\/agradocosmetic.com\\\/wp-content\\\/uploads\\\/2023\\\/07\\\/LOGO-AGRADO-WEB-01.png\",\"width\":1632,\"height\":300,\"caption\":\"Agrado\"},\"image\":{\"@id\":\"https:\\\/\\\/agradocosmetic.com\\\/#\\\/schema\\\/logo\\\/image\\\/\"}},{\"@type\":\"Person\",\"@id\":\"https:\\\/\\\/agradocosmetic.com\\\/#\\\/schema\\\/person\\\/59124921013b50f80959d84fc7219096\",\"name\":\"carmen\",\"image\":{\"@type\":\"ImageObject\",\"inLanguage\":\"fr-FR\",\"@id\":\"https:\\\/\\\/secure.gravatar.com\\\/avatar\\\/2036bf58c019bb0a3f94937a2ed7cab76ae6ebe239f705f7c62ea5c48f93531f?s=96&d=mm&r=g\",\"url\":\"https:\\\/\\\/secure.gravatar.com\\\/avatar\\\/2036bf58c019bb0a3f94937a2ed7cab76ae6ebe239f705f7c62ea5c48f93531f?s=96&d=mm&r=g\",\"contentUrl\":\"https:\\\/\\\/secure.gravatar.com\\\/avatar\\\/2036bf58c019bb0a3f94937a2ed7cab76ae6ebe239f705f7c62ea5c48f93531f?s=96&d=mm&r=g\",\"caption\":\"carmen\"}}]}<\/script>\n<!-- \/ Yoast SEO plugin. -->","yoast_head_json":{"title":"C\u00f3mo aplicar correctamente tu protector solar para una protecci\u00f3n eficaz - Agrado","description":"Usar protector solar es imprescindible. Pero usarlo bien es lo que realmente marca la diferencia. \u00a1Desc\u00fabrelo!","robots":{"index":"index","follow":"follow","max-snippet":"max-snippet:-1","max-image-preview":"max-image-preview:large","max-video-preview":"max-video-preview:-1"},"canonical":"https:\/\/agradocosmetic.com\/fr\/como-aplicar-correctamente-tu-protector-solar-para-una-proteccion-eficaz\/","og_locale":"fr_FR","og_type":"article","og_title":"C\u00f3mo aplicar correctamente tu protector solar para una protecci\u00f3n eficaz - Agrado","og_description":"Usar protector solar es imprescindible. Pero usarlo bien es lo que realmente marca la diferencia. \u00a1Desc\u00fabrelo!","og_url":"https:\/\/agradocosmetic.com\/fr\/como-aplicar-correctamente-tu-protector-solar-para-una-proteccion-eficaz\/","og_site_name":"Agrado","article_published_time":"2026-06-05T08:49:45+00:00","article_modified_time":"2026-08-31T18:49:59+00:00","og_image":[{"width":1140,"height":600,"url":"https:\/\/agradocosmetic.com\/wp-content\/uploads\/2026\/08\/JUNIO-26-1.jpg","type":"image\/jpeg"}],"author":"carmen","twitter_card":"summary_large_image","twitter_misc":{"\u00c9crit par":"carmen","Dur\u00e9e de lecture estim\u00e9e":"1 minute"},"schema":{"@context":"https:\/\/schema.org","@graph":[{"@type":"Article","@id":"https:\/\/agradocosmetic.com\/como-aplicar-correctamente-tu-protector-solar-para-una-proteccion-eficaz\/#article","isPartOf":{"@id":"https:\/\/agradocosmetic.com\/como-aplicar-correctamente-tu-protector-solar-para-una-proteccion-eficaz\/"},"author":{"name":"carmen","@id":"https:\/\/agradocosmetic.com\/#\/schema\/person\/59124921013b50f80959d84fc7219096"},"headline":"C\u00f3mo aplicar correctamente tu protector solar para una protecci\u00f3n eficaz","datePublished":"2026-06-05T08:49:45+00:00","dateModified":"2026-08-31T18:49:59+00:00","mainEntityOfPage":{"@id":"https:\/\/agradocosmetic.com\/como-aplicar-correctamente-tu-protector-solar-para-una-proteccion-eficaz\/"},"wordCount":163,"publisher":{"@id":"https:\/\/agradocosmetic.com\/#organization"},"image":{"@id":"https:\/\/agradocosmetic.com\/como-aplicar-correctamente-tu-protector-solar-para-una-proteccion-eficaz\/#primaryimage"},"thumbnailUrl":"https:\/\/agradocosmetic.com\/wp-content\/uploads\/2026\/08\/JUNIO-26-1.jpg","keywords":["c\u00f3mo aplicar protector solar","como aplicar","agrado sun care","agrado","protector solar","spf","verano"],"articleSection":["Solar"],"inLanguage":"fr-FR"},{"@type":"WebPage","@id":"https:\/\/agradocosmetic.com\/como-aplicar-correctamente-tu-protector-solar-para-una-proteccion-eficaz\/","url":"https:\/\/agradocosmetic.com\/como-aplicar-correctamente-tu-protector-solar-para-una-proteccion-eficaz\/","name":"C\u00f3mo aplicar correctamente tu protector solar para una protecci\u00f3n eficaz - Agrado","isPartOf":{"@id":"https:\/\/agradocosmetic.com\/#website"},"primaryImageOfPage":{"@id":"https:\/\/agradocosmetic.com\/como-aplicar-correctamente-tu-protector-solar-para-una-proteccion-eficaz\/#primaryimage"},"image":{"@id":"https:\/\/agradocosmetic.com\/como-aplicar-correctamente-tu-protector-solar-para-una-proteccion-eficaz\/#primaryimage"},"thumbnailUrl":"https:\/\/agradocosmetic.com\/wp-content\/uploads\/2026\/08\/JUNIO-26-1.jpg","datePublished":"2026-06-05T08:49:45+00:00","dateModified":"2026-08-31T18:49:59+00:00","description":"Usar protector solar es imprescindible. Pero usarlo bien es lo que realmente marca la diferencia. \u00a1Desc\u00fabrelo!","breadcrumb":{"@id":"https:\/\/agradocosmetic.com\/como-aplicar-correctamente-tu-protector-solar-para-una-proteccion-eficaz\/#breadcrumb"},"inLanguage":"fr-FR","potentialAction":[{"@type":"ReadAction","target":["https:\/\/agradocosmetic.com\/como-aplicar-correctamente-tu-protector-solar-para-una-proteccion-eficaz\/"]}]},{"@type":"ImageObject","inLanguage":"fr-FR","@id":"https:\/\/agradocosmetic.com\/como-aplicar-correctamente-tu-protector-solar-para-una-proteccion-eficaz\/#primaryimage","url":"https:\/\/agradocosmetic.com\/wp-content\/uploads\/2026\/08\/JUNIO-26-1.jpg","contentUrl":"https:\/\/agradocosmetic.com\/wp-content\/uploads\/2026\/08\/JUNIO-26-1.jpg","width":1140,"height":600,"caption":"c\u00f3mo aplicar protector solar"},{"@type":"BreadcrumbList","@id":"https:\/\/agradocosmetic.com\/como-aplicar-correctamente-tu-protector-solar-para-una-proteccion-eficaz\/#breadcrumb","itemListElement":[{"@type":"ListItem","position":1,"name":"Portada","item":"https:\/\/agradocosmetic.com\/"},{"@type":"ListItem","position":2,"name":"C\u00f3mo aplicar correctamente tu protector solar para una protecci\u00f3n eficaz"}]},{"@type":"WebSite","@id":"https:\/\/agradocosmetic.com\/#website","url":"https:\/\/agradocosmetic.com\/","name":"Aimer","description":"cosm\u00e9tique","publisher":{"@id":"https:\/\/agradocosmetic.com\/#organization"},"potentialAction":[{"@type":"SearchAction","target":{"@type":"EntryPoint","urlTemplate":"https:\/\/agradocosmetic.com\/?s={search_term_string}"},"query-input":{"@type":"PropertyValueSpecification","valueRequired":true,"valueName":"search_term_string"}}],"inLanguage":"fr-FR"},{"@type":"Organization","@id":"https:\/\/agradocosmetic.com\/#organization","name":"Aimer","url":"https:\/\/agradocosmetic.com\/","logo":{"@type":"ImageObject","inLanguage":"fr-FR","@id":"https:\/\/agradocosmetic.com\/#\/schema\/logo\/image\/","url":"https:\/\/agradocosmetic.com\/wp-content\/uploads\/2023\/07\/LOGO-AGRADO-WEB-01.png","contentUrl":"https:\/\/agradocosmetic.com\/wp-content\/uploads\/2023\/07\/LOGO-AGRADO-WEB-01.png","width":1632,"height":300,"caption":"Agrado"},"image":{"@id":"https:\/\/agradocosmetic.com\/#\/schema\/logo\/image\/"}},{"@type":"Person","@id":"https:\/\/agradocosmetic.com\/#\/schema\/person\/59124921013b50f80959d84fc7219096","name":"Carmen","image":{"@type":"ImageObject","inLanguage":"fr-FR","@id":"https:\/\/secure.gravatar.com\/avatar\/2036bf58c019bb0a3f94937a2ed7cab76ae6ebe239f705f7c62ea5c48f93531f?s=96&d=mm&r=g","url":"https:\/\/secure.gravatar.com\/avatar\/2036bf58c019bb0a3f94937a2ed7cab76ae6ebe239f705f7c62ea5c48f93531f?s=96&d=mm&r=g","contentUrl":"https:\/\/secure.gravatar.com\/avatar\/2036bf58c019bb0a3f94937a2ed7cab76ae6ebe239f705f7c62ea5c48f93531f?s=96&d=mm&r=g","caption":"carmen"}}]}},"_links":{"self":[{"href":"https:\/\/agradocosmetic.com\/fr\/wp-json\/wp\/v2\/posts\/36026","targetHints":{"allow":["GET"]}}],"collection":[{"href":"https:\/\/agradocosmetic.com\/fr\/wp-json\/wp\/v2\/posts"}],"about":[{"href":"https:\/\/agradocosmetic.com\/fr\/wp-json\/wp\/v2\/types\/post"}],"author":[{"embeddable":true,"href":"https:\/\/agradocosmetic.com\/fr\/wp-json\/wp\/v2\/users\/11"}],"replies":[{"embeddable":true,"href":"https:\/\/agradocosmetic.com\/fr\/wp-json\/wp\/v2\/comments?post=36026"}],"version-history":[{"count":1,"href":"https:\/\/agradocosmetic.com\/fr\/wp-json\/wp\/v2\/posts\/36026\/revisions"}],"predecessor-version":[{"id":36027,"href":"https:\/\/agradocosmetic.com\/fr\/wp-json\/wp\/v2\/posts\/36026\/revisions\/36027"}],"wp:featuredmedia":[{"embeddable":true,"href":"https:\/\/agradocosmetic.com\/fr\/wp-json\/wp\/v2\/media\/36014"}],"wp:attachment":[{"href":"https:\/\/agradocosmetic.com\/fr\/wp-json\/wp\/v2\/media?parent=36026"}],"wp:term":[{"taxonomy":"category","embeddable":true,"href":"https:\/\/agradocosmetic.com\/fr\/wp-json\/wp\/v2\/categories?post=36026"},{"taxonomy":"post_tag","embeddable":true,"href":"https:\/\/agradocosmetic.com\/fr\/wp-json\/wp\/v2\/tags?post=36026"}],"curies":[{"name":"wp","href":"https:\/\/api.w.org\/{rel}","templated":true}]}}