{"id":36028,"date":"2026-06-20T14:00:15","date_gmt":"2026-06-20T13:00:15","guid":{"rendered":"https:\/\/agradocosmetic.com\/?p=36028"},"modified":"2026-08-31T19:51:55","modified_gmt":"2026-08-31T18:51:55","slug":"proteccion-solar-para-toda-la-familia-consejos-clave-para-cuidar-la-piel-en-verano","status":"publish","type":"post","link":"https:\/\/agradocosmetic.com\/fr\/proteccion-solar-para-toda-la-familia-consejos-clave-para-cuidar-la-piel-en-verano\/","title":{"rendered":"Protecci\u00f3n solar para toda la familia: consejos clave para cuidar la piel en verano"},"content":{"rendered":"<p><span style=\"font-weight: 400\">El verano es para disfrutarlo\u2026 pero siempre con protecci\u00f3n. Y cuando hablamos de familia, cuidar la piel de todos es fundamental.<\/span><\/p>\n<p><span style=\"font-weight: 400\">Los m\u00e1s peque\u00f1os, por ejemplo, necesitan f\u00f3rmulas espec\u00edficas. Agrado cuenta con opciones como el <a href=\"https:\/\/agradocosmetic.com\/fr\/agrado-sun-care\/\" target=\"_blank\" rel=\"noopener\">protector solar infantil<\/a> SPF 50, dise\u00f1ado para pieles sensibles, f\u00e1cil de aplicar y resistente al agua. Perfecto para acompa\u00f1arles en cada aventura bajo el sol .<\/span><\/p>\n<p><span style=\"font-weight: 400\">Para adultos, lo ideal es elegir productos adaptados al estilo de vida: texturas ligeras para el d\u00eda a d\u00eda o f\u00f3rmulas m\u00e1s resistentes para playa y deporte.<\/span><\/p>\n<p><span style=\"font-weight: 400\">La clave est\u00e1 en crear una rutina sencilla: aplicar antes de salir, reaplicar con frecuencia y complementar con gorra, gafas y sombra.<\/span><\/p>\n<p><span style=\"font-weight: 400\">Porque cuidar la piel hoy es proteger su salud ma\u00f1ana.<\/span><\/p>\n<p><span style=\"font-weight: 400\">Este verano, que lo \u00fanico que se te pegue sea el buen recuerdo\u2026 nunca el da\u00f1o solar.<\/span><\/p>","protected":false},"excerpt":{"rendered":"<p>El verano es para disfrutarlo\u2026 pero siempre con protecci\u00f3n. Y cuando hablamos de familia, cuidar la piel de todos es fundamental. Los m\u00e1s peque\u00f1os, por ejemplo, necesitan f\u00f3rmulas espec\u00edficas. Agrado cuenta con opciones como el protector solar infantil SPF 50, dise\u00f1ado para pieles sensibles, f\u00e1cil de aplicar y resistente al agua. Perfecto para acompa\u00f1arles en [&hellip;]<\/p>\n","protected":false},"author":11,"featured_media":36015,"comment_status":"closed","ping_status":"closed","sticky":false,"template":"","format":"standard","meta":{"footnotes":"","_wp_rev_ctl_limit":""},"categories":[531],"tags":[965,966,967,740,126,314,230,321],"class_list":["post-36028","post","type-post","status-publish","format-standard","has-post-thumbnail","hentry","category-solar-en","tag-proteccion-solar-familiar","tag-familia","tag-proteccion-solar-infantil","tag-agrado-sun-care","tag-agrado","tag-piel-sensible","tag-spf","tag-verano"],"yoast_head":"<!-- This site is optimized with the Yoast SEO plugin v28.3 - https:\/\/yoast.com\/product\/yoast-seo-wordpress\/ -->\n<title>Protecci\u00f3n solar para toda la familia: consejos clave para cuidar la piel en verano - Agrado<\/title>\n<meta name=\"description\" content=\"El verano es para disfrutarlo\u2026 pero siempre con protecci\u00f3n. Y cuando hablamos de familia, cuidar la piel de todos es fundamental.\" \/>\n<meta name=\"robots\" content=\"index, follow, max-snippet:-1, max-image-preview:large, max-video-preview:-1\" \/>\n<link rel=\"canonical\" href=\"https:\/\/agradocosmetic.com\/fr\/proteccion-solar-para-toda-la-familia-consejos-clave-para-cuidar-la-piel-en-verano\/\" \/>\n<meta property=\"og:locale\" content=\"fr_FR\" \/>\n<meta property=\"og:type\" content=\"article\" \/>\n<meta property=\"og:title\" content=\"Protecci\u00f3n solar para toda la familia: consejos clave para cuidar la piel en verano - Agrado\" \/>\n<meta property=\"og:description\" content=\"El verano es para disfrutarlo\u2026 pero siempre con protecci\u00f3n. Y cuando hablamos de familia, cuidar la piel de todos es fundamental.\" \/>\n<meta property=\"og:url\" content=\"https:\/\/agradocosmetic.com\/fr\/proteccion-solar-para-toda-la-familia-consejos-clave-para-cuidar-la-piel-en-verano\/\" \/>\n<meta property=\"og:site_name\" content=\"Agrado\" \/>\n<meta property=\"article:published_time\" content=\"2026-06-20T13:00:15+00:00\" \/>\n<meta property=\"article:modified_time\" content=\"2026-08-31T18:51:55+00:00\" \/>\n<meta property=\"og:image\" content=\"https:\/\/agradocosmetic.com\/wp-content\/uploads\/2026\/08\/JUNIO-26-2.jpg\" \/>\n\t<meta property=\"og:image:width\" content=\"1140\" \/>\n\t<meta property=\"og:image:height\" content=\"600\" \/>\n\t<meta property=\"og:image:type\" content=\"image\/jpeg\" \/>\n<meta name=\"author\" content=\"carmen\" \/>\n<meta name=\"twitter:card\" content=\"summary_large_image\" \/>\n<meta name=\"twitter:label1\" content=\"\u00c9crit par\" \/>\n\t<meta name=\"twitter:data1\" content=\"carmen\" \/>\n\t<meta name=\"twitter:label2\" content=\"Dur\u00e9e de lecture estim\u00e9e\" \/>\n\t<meta name=\"twitter:data2\" content=\"1 minute\" \/>\n<script type=\"application\/ld+json\" class=\"yoast-schema-graph\">{\"@context\":\"https:\\\/\\\/schema.org\",\"@graph\":[{\"@type\":\"Article\",\"@id\":\"https:\\\/\\\/agradocosmetic.com\\\/proteccion-solar-para-toda-la-familia-consejos-clave-para-cuidar-la-piel-en-verano\\\/#article\",\"isPartOf\":{\"@id\":\"https:\\\/\\\/agradocosmetic.com\\\/proteccion-solar-para-toda-la-familia-consejos-clave-para-cuidar-la-piel-en-verano\\\/\"},\"author\":{\"name\":\"carmen\",\"@id\":\"https:\\\/\\\/agradocosmetic.com\\\/#\\\/schema\\\/person\\\/59124921013b50f80959d84fc7219096\"},\"headline\":\"Protecci\u00f3n solar para toda la familia: consejos clave para cuidar la piel en verano\",\"datePublished\":\"2026-06-20T13:00:15+00:00\",\"dateModified\":\"2026-08-31T18:51:55+00:00\",\"mainEntityOfPage\":{\"@id\":\"https:\\\/\\\/agradocosmetic.com\\\/proteccion-solar-para-toda-la-familia-consejos-clave-para-cuidar-la-piel-en-verano\\\/\"},\"wordCount\":164,\"publisher\":{\"@id\":\"https:\\\/\\\/agradocosmetic.com\\\/#organization\"},\"image\":{\"@id\":\"https:\\\/\\\/agradocosmetic.com\\\/proteccion-solar-para-toda-la-familia-consejos-clave-para-cuidar-la-piel-en-verano\\\/#primaryimage\"},\"thumbnailUrl\":\"https:\\\/\\\/agradocosmetic.com\\\/wp-content\\\/uploads\\\/2026\\\/08\\\/JUNIO-26-2.jpg\",\"keywords\":[\"protecci\u00f3n solar familiar\",\"familia\",\"proteccion solar infantil\",\"agrado sun care\",\"agrado\",\"piel sensible\",\"spf\",\"verano\"],\"articleSection\":[\"Solar\"],\"inLanguage\":\"fr-FR\"},{\"@type\":\"WebPage\",\"@id\":\"https:\\\/\\\/agradocosmetic.com\\\/proteccion-solar-para-toda-la-familia-consejos-clave-para-cuidar-la-piel-en-verano\\\/\",\"url\":\"https:\\\/\\\/agradocosmetic.com\\\/proteccion-solar-para-toda-la-familia-consejos-clave-para-cuidar-la-piel-en-verano\\\/\",\"name\":\"Protecci\u00f3n solar para toda la familia: consejos clave para cuidar la piel en verano - Agrado\",\"isPartOf\":{\"@id\":\"https:\\\/\\\/agradocosmetic.com\\\/#website\"},\"primaryImageOfPage\":{\"@id\":\"https:\\\/\\\/agradocosmetic.com\\\/proteccion-solar-para-toda-la-familia-consejos-clave-para-cuidar-la-piel-en-verano\\\/#primaryimage\"},\"image\":{\"@id\":\"https:\\\/\\\/agradocosmetic.com\\\/proteccion-solar-para-toda-la-familia-consejos-clave-para-cuidar-la-piel-en-verano\\\/#primaryimage\"},\"thumbnailUrl\":\"https:\\\/\\\/agradocosmetic.com\\\/wp-content\\\/uploads\\\/2026\\\/08\\\/JUNIO-26-2.jpg\",\"datePublished\":\"2026-06-20T13:00:15+00:00\",\"dateModified\":\"2026-08-31T18:51:55+00:00\",\"description\":\"El verano es para disfrutarlo\u2026 pero siempre con protecci\u00f3n. Y cuando hablamos de familia, cuidar la piel de todos es fundamental.\",\"breadcrumb\":{\"@id\":\"https:\\\/\\\/agradocosmetic.com\\\/proteccion-solar-para-toda-la-familia-consejos-clave-para-cuidar-la-piel-en-verano\\\/#breadcrumb\"},\"inLanguage\":\"fr-FR\",\"potentialAction\":[{\"@type\":\"ReadAction\",\"target\":[\"https:\\\/\\\/agradocosmetic.com\\\/proteccion-solar-para-toda-la-familia-consejos-clave-para-cuidar-la-piel-en-verano\\\/\"]}]},{\"@type\":\"ImageObject\",\"inLanguage\":\"fr-FR\",\"@id\":\"https:\\\/\\\/agradocosmetic.com\\\/proteccion-solar-para-toda-la-familia-consejos-clave-para-cuidar-la-piel-en-verano\\\/#primaryimage\",\"url\":\"https:\\\/\\\/agradocosmetic.com\\\/wp-content\\\/uploads\\\/2026\\\/08\\\/JUNIO-26-2.jpg\",\"contentUrl\":\"https:\\\/\\\/agradocosmetic.com\\\/wp-content\\\/uploads\\\/2026\\\/08\\\/JUNIO-26-2.jpg\",\"width\":1140,\"height\":600,\"caption\":\"protecci\u00f3n solar familiar\"},{\"@type\":\"BreadcrumbList\",\"@id\":\"https:\\\/\\\/agradocosmetic.com\\\/proteccion-solar-para-toda-la-familia-consejos-clave-para-cuidar-la-piel-en-verano\\\/#breadcrumb\",\"itemListElement\":[{\"@type\":\"ListItem\",\"position\":1,\"name\":\"Portada\",\"item\":\"https:\\\/\\\/agradocosmetic.com\\\/\"},{\"@type\":\"ListItem\",\"position\":2,\"name\":\"Protecci\u00f3n solar para toda la familia: consejos clave para cuidar la piel en verano\"}]},{\"@type\":\"WebSite\",\"@id\":\"https:\\\/\\\/agradocosmetic.com\\\/#website\",\"url\":\"https:\\\/\\\/agradocosmetic.com\\\/\",\"name\":\"Agrado\",\"description\":\"Cosmetic\",\"publisher\":{\"@id\":\"https:\\\/\\\/agradocosmetic.com\\\/#organization\"},\"potentialAction\":[{\"@type\":\"SearchAction\",\"target\":{\"@type\":\"EntryPoint\",\"urlTemplate\":\"https:\\\/\\\/agradocosmetic.com\\\/?s={search_term_string}\"},\"query-input\":{\"@type\":\"PropertyValueSpecification\",\"valueRequired\":true,\"valueName\":\"search_term_string\"}}],\"inLanguage\":\"fr-FR\"},{\"@type\":\"Organization\",\"@id\":\"https:\\\/\\\/agradocosmetic.com\\\/#organization\",\"name\":\"Agrado\",\"url\":\"https:\\\/\\\/agradocosmetic.com\\\/\",\"logo\":{\"@type\":\"ImageObject\",\"inLanguage\":\"fr-FR\",\"@id\":\"https:\\\/\\\/agradocosmetic.com\\\/#\\\/schema\\\/logo\\\/image\\\/\",\"url\":\"https:\\\/\\\/agradocosmetic.com\\\/wp-content\\\/uploads\\\/2023\\\/07\\\/LOGO-AGRADO-WEB-01.png\",\"contentUrl\":\"https:\\\/\\\/agradocosmetic.com\\\/wp-content\\\/uploads\\\/2023\\\/07\\\/LOGO-AGRADO-WEB-01.png\",\"width\":1632,\"height\":300,\"caption\":\"Agrado\"},\"image\":{\"@id\":\"https:\\\/\\\/agradocosmetic.com\\\/#\\\/schema\\\/logo\\\/image\\\/\"}},{\"@type\":\"Person\",\"@id\":\"https:\\\/\\\/agradocosmetic.com\\\/#\\\/schema\\\/person\\\/59124921013b50f80959d84fc7219096\",\"name\":\"carmen\",\"image\":{\"@type\":\"ImageObject\",\"inLanguage\":\"fr-FR\",\"@id\":\"https:\\\/\\\/secure.gravatar.com\\\/avatar\\\/2036bf58c019bb0a3f94937a2ed7cab76ae6ebe239f705f7c62ea5c48f93531f?s=96&d=mm&r=g\",\"url\":\"https:\\\/\\\/secure.gravatar.com\\\/avatar\\\/2036bf58c019bb0a3f94937a2ed7cab76ae6ebe239f705f7c62ea5c48f93531f?s=96&d=mm&r=g\",\"contentUrl\":\"https:\\\/\\\/secure.gravatar.com\\\/avatar\\\/2036bf58c019bb0a3f94937a2ed7cab76ae6ebe239f705f7c62ea5c48f93531f?s=96&d=mm&r=g\",\"caption\":\"carmen\"}}]}<\/script>\n<!-- \/ Yoast SEO plugin. -->","yoast_head_json":{"title":"Protecci\u00f3n solar para toda la familia: consejos clave para cuidar la piel en verano - Agrado","description":"El verano es para disfrutarlo\u2026 pero siempre con protecci\u00f3n. Y cuando hablamos de familia, cuidar la piel de todos es fundamental.","robots":{"index":"index","follow":"follow","max-snippet":"max-snippet:-1","max-image-preview":"max-image-preview:large","max-video-preview":"max-video-preview:-1"},"canonical":"https:\/\/agradocosmetic.com\/fr\/proteccion-solar-para-toda-la-familia-consejos-clave-para-cuidar-la-piel-en-verano\/","og_locale":"fr_FR","og_type":"article","og_title":"Protecci\u00f3n solar para toda la familia: consejos clave para cuidar la piel en verano - Agrado","og_description":"El verano es para disfrutarlo\u2026 pero siempre con protecci\u00f3n. Y cuando hablamos de familia, cuidar la piel de todos es fundamental.","og_url":"https:\/\/agradocosmetic.com\/fr\/proteccion-solar-para-toda-la-familia-consejos-clave-para-cuidar-la-piel-en-verano\/","og_site_name":"Agrado","article_published_time":"2026-06-20T13:00:15+00:00","article_modified_time":"2026-08-31T18:51:55+00:00","og_image":[{"width":1140,"height":600,"url":"https:\/\/agradocosmetic.com\/wp-content\/uploads\/2026\/08\/JUNIO-26-2.jpg","type":"image\/jpeg"}],"author":"carmen","twitter_card":"summary_large_image","twitter_misc":{"\u00c9crit par":"carmen","Dur\u00e9e de lecture estim\u00e9e":"1 minute"},"schema":{"@context":"https:\/\/schema.org","@graph":[{"@type":"Article","@id":"https:\/\/agradocosmetic.com\/proteccion-solar-para-toda-la-familia-consejos-clave-para-cuidar-la-piel-en-verano\/#article","isPartOf":{"@id":"https:\/\/agradocosmetic.com\/proteccion-solar-para-toda-la-familia-consejos-clave-para-cuidar-la-piel-en-verano\/"},"author":{"name":"carmen","@id":"https:\/\/agradocosmetic.com\/#\/schema\/person\/59124921013b50f80959d84fc7219096"},"headline":"Protecci\u00f3n solar para toda la familia: consejos clave para cuidar la piel en verano","datePublished":"2026-06-20T13:00:15+00:00","dateModified":"2026-08-31T18:51:55+00:00","mainEntityOfPage":{"@id":"https:\/\/agradocosmetic.com\/proteccion-solar-para-toda-la-familia-consejos-clave-para-cuidar-la-piel-en-verano\/"},"wordCount":164,"publisher":{"@id":"https:\/\/agradocosmetic.com\/#organization"},"image":{"@id":"https:\/\/agradocosmetic.com\/proteccion-solar-para-toda-la-familia-consejos-clave-para-cuidar-la-piel-en-verano\/#primaryimage"},"thumbnailUrl":"https:\/\/agradocosmetic.com\/wp-content\/uploads\/2026\/08\/JUNIO-26-2.jpg","keywords":["protecci\u00f3n solar familiar","familia","proteccion solar infantil","agrado sun care","agrado","piel sensible","spf","verano"],"articleSection":["Solar"],"inLanguage":"fr-FR"},{"@type":"WebPage","@id":"https:\/\/agradocosmetic.com\/proteccion-solar-para-toda-la-familia-consejos-clave-para-cuidar-la-piel-en-verano\/","url":"https:\/\/agradocosmetic.com\/proteccion-solar-para-toda-la-familia-consejos-clave-para-cuidar-la-piel-en-verano\/","name":"Protecci\u00f3n solar para toda la familia: consejos clave para cuidar la piel en verano - Agrado","isPartOf":{"@id":"https:\/\/agradocosmetic.com\/#website"},"primaryImageOfPage":{"@id":"https:\/\/agradocosmetic.com\/proteccion-solar-para-toda-la-familia-consejos-clave-para-cuidar-la-piel-en-verano\/#primaryimage"},"image":{"@id":"https:\/\/agradocosmetic.com\/proteccion-solar-para-toda-la-familia-consejos-clave-para-cuidar-la-piel-en-verano\/#primaryimage"},"thumbnailUrl":"https:\/\/agradocosmetic.com\/wp-content\/uploads\/2026\/08\/JUNIO-26-2.jpg","datePublished":"2026-06-20T13:00:15+00:00","dateModified":"2026-08-31T18:51:55+00:00","description":"El verano es para disfrutarlo\u2026 pero siempre con protecci\u00f3n. Y cuando hablamos de familia, cuidar la piel de todos es fundamental.","breadcrumb":{"@id":"https:\/\/agradocosmetic.com\/proteccion-solar-para-toda-la-familia-consejos-clave-para-cuidar-la-piel-en-verano\/#breadcrumb"},"inLanguage":"fr-FR","potentialAction":[{"@type":"ReadAction","target":["https:\/\/agradocosmetic.com\/proteccion-solar-para-toda-la-familia-consejos-clave-para-cuidar-la-piel-en-verano\/"]}]},{"@type":"ImageObject","inLanguage":"fr-FR","@id":"https:\/\/agradocosmetic.com\/proteccion-solar-para-toda-la-familia-consejos-clave-para-cuidar-la-piel-en-verano\/#primaryimage","url":"https:\/\/agradocosmetic.com\/wp-content\/uploads\/2026\/08\/JUNIO-26-2.jpg","contentUrl":"https:\/\/agradocosmetic.com\/wp-content\/uploads\/2026\/08\/JUNIO-26-2.jpg","width":1140,"height":600,"caption":"protecci\u00f3n solar familiar"},{"@type":"BreadcrumbList","@id":"https:\/\/agradocosmetic.com\/proteccion-solar-para-toda-la-familia-consejos-clave-para-cuidar-la-piel-en-verano\/#breadcrumb","itemListElement":[{"@type":"ListItem","position":1,"name":"Portada","item":"https:\/\/agradocosmetic.com\/"},{"@type":"ListItem","position":2,"name":"Protecci\u00f3n solar para toda la familia: consejos clave para cuidar la piel en verano"}]},{"@type":"WebSite","@id":"https:\/\/agradocosmetic.com\/#website","url":"https:\/\/agradocosmetic.com\/","name":"Aimer","description":"cosm\u00e9tique","publisher":{"@id":"https:\/\/agradocosmetic.com\/#organization"},"potentialAction":[{"@type":"SearchAction","target":{"@type":"EntryPoint","urlTemplate":"https:\/\/agradocosmetic.com\/?s={search_term_string}"},"query-input":{"@type":"PropertyValueSpecification","valueRequired":true,"valueName":"search_term_string"}}],"inLanguage":"fr-FR"},{"@type":"Organization","@id":"https:\/\/agradocosmetic.com\/#organization","name":"Aimer","url":"https:\/\/agradocosmetic.com\/","logo":{"@type":"ImageObject","inLanguage":"fr-FR","@id":"https:\/\/agradocosmetic.com\/#\/schema\/logo\/image\/","url":"https:\/\/agradocosmetic.com\/wp-content\/uploads\/2023\/07\/LOGO-AGRADO-WEB-01.png","contentUrl":"https:\/\/agradocosmetic.com\/wp-content\/uploads\/2023\/07\/LOGO-AGRADO-WEB-01.png","width":1632,"height":300,"caption":"Agrado"},"image":{"@id":"https:\/\/agradocosmetic.com\/#\/schema\/logo\/image\/"}},{"@type":"Person","@id":"https:\/\/agradocosmetic.com\/#\/schema\/person\/59124921013b50f80959d84fc7219096","name":"Carmen","image":{"@type":"ImageObject","inLanguage":"fr-FR","@id":"https:\/\/secure.gravatar.com\/avatar\/2036bf58c019bb0a3f94937a2ed7cab76ae6ebe239f705f7c62ea5c48f93531f?s=96&d=mm&r=g","url":"https:\/\/secure.gravatar.com\/avatar\/2036bf58c019bb0a3f94937a2ed7cab76ae6ebe239f705f7c62ea5c48f93531f?s=96&d=mm&r=g","contentUrl":"https:\/\/secure.gravatar.com\/avatar\/2036bf58c019bb0a3f94937a2ed7cab76ae6ebe239f705f7c62ea5c48f93531f?s=96&d=mm&r=g","caption":"carmen"}}]}},"_links":{"self":[{"href":"https:\/\/agradocosmetic.com\/fr\/wp-json\/wp\/v2\/posts\/36028","targetHints":{"allow":["GET"]}}],"collection":[{"href":"https:\/\/agradocosmetic.com\/fr\/wp-json\/wp\/v2\/posts"}],"about":[{"href":"https:\/\/agradocosmetic.com\/fr\/wp-json\/wp\/v2\/types\/post"}],"author":[{"embeddable":true,"href":"https:\/\/agradocosmetic.com\/fr\/wp-json\/wp\/v2\/users\/11"}],"replies":[{"embeddable":true,"href":"https:\/\/agradocosmetic.com\/fr\/wp-json\/wp\/v2\/comments?post=36028"}],"version-history":[{"count":2,"href":"https:\/\/agradocosmetic.com\/fr\/wp-json\/wp\/v2\/posts\/36028\/revisions"}],"predecessor-version":[{"id":36030,"href":"https:\/\/agradocosmetic.com\/fr\/wp-json\/wp\/v2\/posts\/36028\/revisions\/36030"}],"wp:featuredmedia":[{"embeddable":true,"href":"https:\/\/agradocosmetic.com\/fr\/wp-json\/wp\/v2\/media\/36015"}],"wp:attachment":[{"href":"https:\/\/agradocosmetic.com\/fr\/wp-json\/wp\/v2\/media?parent=36028"}],"wp:term":[{"taxonomy":"category","embeddable":true,"href":"https:\/\/agradocosmetic.com\/fr\/wp-json\/wp\/v2\/categories?post=36028"},{"taxonomy":"post_tag","embeddable":true,"href":"https:\/\/agradocosmetic.com\/fr\/wp-json\/wp\/v2\/tags?post=36028"}],"curies":[{"name":"wp","href":"https:\/\/api.w.org\/{rel}","templated":true}]}}