{"id":4216,"date":"2019-07-01T08:24:35","date_gmt":"2019-07-01T07:24:35","guid":{"rendered":"https:\/\/www.agradocosmetic.com\/?p=4216"},"modified":"2023-11-18T16:58:55","modified_gmt":"2023-11-18T16:58:55","slug":"bronceador-solar","status":"publish","type":"post","link":"https:\/\/agradocosmetic.com\/fr\/bronceador-solar\/","title":{"rendered":"3 conseils pour utiliser une lotion solaire"},"content":{"rendered":"<p>Choisir une cr\u00e8me solaire peut \u00eatre une bonne id\u00e9e pour obtenir le bronzage que vous d\u00e9sirez tant. De plus, un bon acc\u00e9l\u00e9rateur de bronzage peut vous aider \u00e0 obtenir un bon tonus plus rapidement, mais aussi \u00e0 maintenir la <em>peu de couleur<\/em> que vous aviez d\u00e9j\u00e0 r\u00e9alis\u00e9.<\/p>\r\n\r\n\r\n\r\n<p>De plus, en plus de prot\u00e9ger votre peau des rayons du soleil, il est \u00e9galement id\u00e9al pour ses actifs hydratants.<\/p>\r\n\r\n\r\n\r\n<p>Mais vous avez peut-\u00eatre des doutes sur les acc\u00e9l\u00e9rateurs de bronzage solaire, nous vous donnons donc quelques recommandations. Continue de lire!<\/p>\r\n\r\n\r\n\r\n<h4 class=\"wp-block-heading\">Recommandations pour appliquer votre cr\u00e8me solaire<\/h4>\r\n\r\n\r\n\r\n<p><strong>1.Cr\u00e8me, gel, brume, mousse, huile... Quelle est la diff\u00e9rence ?<\/strong><\/p>\r\n\r\n\r\n\r\n<p>La v\u00e9rit\u00e9 est que, quelle que soit la texture de votre produit solaire, ses b\u00e9n\u00e9fices sont g\u00e9n\u00e9ralement tr\u00e8s similaires, puisque son fonctionnement et sa protection ne varient pas. <strong>Une huile, une cr\u00e8me ou un gel vous prot\u00e9geront de la m\u00eame mani\u00e8re s\u2019ils ont le m\u00eame SPF.<\/strong> Les recommandations sont donc les m\u00eames : il faut l&#039;appliquer environ 20 minutes avant l&#039;exposition au soleil et apr\u00e8s chaque bain ou s\u00e9chage.<\/p>\r\n\r\n\r\n\r\n<p><strong>2. Est-ce que \u00e7a dure pareil ?<\/strong><\/p>\r\n\r\n\r\n\r\n<p>Comme il s\u2019agit d\u2019huile, vous n\u2019avez pas besoin d\u2019appliquer le produit plusieurs fois, vous devez suivre les m\u00eames recommandations concernant la r\u00e9p\u00e9tition de l\u2019application que pour tout autre produit solaire ayant le m\u00eame FPS.<\/p>\r\n\r\n\r\n\r\n<p><strong>3. Pourquoi choisir une cr\u00e8me solaire ?<\/strong><\/p>\r\n\r\n\r\n\r\n<p>Si vous aimez ressentir la sensation de fini et d&#039;hydratation que laisse une texture huileuse lorsque vous utilisez des produits pour le corps, c&#039;est la meilleure option dans le choix d&#039;un autobronzant.<\/p>\r\n\r\n\r\n\r\n<p>Ce fini soyeux sur la peau que laissent les huiles est unique et nous comprenons que certains d\u2019entre vous l\u2019adorent ! De plus, ses qualit\u00e9s pour favoriser le bronzage en font un produit tr\u00e8s complet. Vous pouvez m\u00eame l&#039;utiliser en huile compl\u00e9mentaire avec d&#039;autres protecteurs avec un SPF plus \u00e9lev\u00e9 ou des textures diff\u00e9rentes.<\/p>\r\n\r\n\r\n\r\n<h4 class=\"wp-block-heading\">Nos huiles de bronzage<\/h4>\r\n\r\n\r\n\r\n<p>\u00cates-vous pr\u00eat \u00e0 choisir votre poudre bronzante ? \u00c0 Agrado, nous vous pr\u00e9sentons notre <a href=\"\/fr\/?p=3567\">Huile solaire<\/a>, Quoi <strong>aide \u00e0 maintenir et intensifier le bronzage gr\u00e2ce \u00e0 ses actifs hydratants et ses acc\u00e9l\u00e9rateurs de bronzage<\/strong>. Il est r\u00e9sistant \u00e0 l&#039;eau et fabriqu\u00e9 avec <strong>huile de th\u00e9 et extrait de carotte<\/strong>, deux ingr\u00e9dients tr\u00e8s utiles pour garder votre bronzage et votre peau hydrat\u00e9e. Tu veux savoir pourquoi? Continuer la lecture!<\/p>\r\n\r\n\r\n\r\n<p>Il <strong>huile de th\u00e9<\/strong> C&#039;est un excellent compl\u00e9ment pour sublimer votre bronzage gr\u00e2ce \u00e0 ses propri\u00e9t\u00e9s. Tout comme les carottes, qui sont non seulement bonnes pour notre vue, mais aussi pour notre peau. Sa teneur \u00e9lev\u00e9e en vitamine A contribue \u00e0 acc\u00e9l\u00e9rer le bronzage afin que notre peau obtienne une couleur uniforme, plus intense, dor\u00e9e et beaucoup plus durable.<\/p>\r\n\r\n\r\n\r\n<h4 class=\"wp-block-heading\">Les lots pour les filles intelligentes d&#039;Agrado<\/h4>\r\n\r\n\r\n\r\n<p>La <a href=\"\/fr\/?page_id=3481\">Gamme de cr\u00e8mes solaires Agrado<\/a> Il est con\u00e7u pour prot\u00e9ger votre peau du rayonnement solaire d\u00e8s le premier jour d\u2019exposition. Nos produits solaires sont pr\u00e9par\u00e9s pour prot\u00e9ger votre peau du soleil avec une large gamme de produits. Du p\u00e9trole <a href=\"\/fr\/?p=3567\">Cr\u00e8me solaire 8SPF, 10SPF et 20SPF.<\/a><\/p>\r\n\r\n\r\n\r\n<p>Du 15SPF, 30SPF ou 50SPF, aux formules les plus r\u00e9centes pour prot\u00e9ger votre visage telles que <a href=\"\/fr\/?p=3560\">Mousse pour le visage<\/a> vague <a href=\"\/fr\/?p=3558\">Brume pour le visage<\/a>. En revanche, si ce que vous recherchez est d&#039;hydrater et de r\u00e9cup\u00e9rer votre peau apr\u00e8s un bain de soleil, vous ne pouvez pas manquer l&#039;offre <a href=\"\/fr\/?p=1837\">Lotion Hydro Calmante Apr\u00e8s-Soleil A\u00e9rosol<\/a> et <a href=\"\/fr\/?p=3570\">l\u2019aloe vera<\/a>.<\/p>\r\n\r\n\r\n\r\n<p>Chez Agrado nous avons aussi pens\u00e9 aux plus petits et pour eux vous trouverez \u00e9galement le protecteur <a href=\"\/fr\/?p=3578\">Brume Solaire S\u00e8che 50+SPF pour peaux sensibles. <\/a><\/p>\r\n\r\n\r\n\r\n<p>De plus, les cr\u00e8mes solaires Agrado poss\u00e8dent une formule de protection sp\u00e9cifique \u00e0 large spectre, prot\u00e9geant votre peau des rayons UVA mais \u00e9galement des rayons UVB, les plus nocifs pour la peau.\u00a0<\/p>\r\n\r\n\r\n\r\n<p>Cet \u00e9t\u00e9, l\u00e2chez vos cheveux, ne vous souciez de rien sauf de votre peau. Suivez tous nos conseils sur #solaresparachicaslistas.\u00a0<\/p>\r\n\r\n\r\n\r\n<p>Entre en <a href=\"\/fr\/?page_id=3481\">www.solaresparachicaslistas.com<\/a>, d\u00e9couvrez notre gamme de parcelles 2019 et d\u00e9couvrez les nombreuses surprises que nous vous avons pr\u00e9par\u00e9es.\u00a0<\/p>","protected":false},"excerpt":{"rendered":"<p>Escoger un bronceador solar puede ser una buena idea para conseguir ese bronceado que tanto deseas. Es m\u00e1s, un buen acelerador del bronceado puede ayudarte a conseguir un buen tono m\u00e1s r\u00e1pido, pero tambi\u00e9n a mantener el colorcito que ya hab\u00edas conseguido. Adem\u00e1s, aparte de proteger tu piel de los rayos del sol tambi\u00e9n es [&hellip;]<\/p>\n","protected":false},"author":9,"featured_media":21410,"comment_status":"open","ping_status":"closed","sticky":false,"template":"","format":"standard","meta":{"footnotes":"","_wp_rev_ctl_limit":""},"categories":[116,1],"tags":[],"class_list":["post-4216","post","type-post","status-publish","format-standard","has-post-thumbnail","hentry","category-solar","category-todos"],"yoast_head":"<!-- This site is optimized with the Yoast SEO plugin v27.4 - https:\/\/yoast.com\/product\/yoast-seo-wordpress\/ -->\n<title>3 recomendaciones a la hora de usar bronceador solar | Agrado Cosmetic<\/title>\n<meta name=\"description\" content=\"Si no te decides a la hora de escoger un bronceador solar, aqu\u00ed te damos algunos consejos cuando tengas que decidirte por uno este verano.\" \/>\n<meta name=\"robots\" content=\"index, follow, max-snippet:-1, max-image-preview:large, max-video-preview:-1\" \/>\n<link rel=\"canonical\" href=\"https:\/\/agradocosmetic.com\/fr\/bronceador-solar\/\" \/>\n<meta property=\"og:locale\" content=\"fr_FR\" \/>\n<meta property=\"og:type\" content=\"article\" \/>\n<meta property=\"og:title\" content=\"3 recomendaciones a la hora de usar bronceador solar | Agrado Cosmetic\" \/>\n<meta property=\"og:description\" content=\"Si no te decides a la hora de escoger un bronceador solar, aqu\u00ed te damos algunos consejos cuando tengas que decidirte por uno este verano.\" \/>\n<meta property=\"og:url\" content=\"https:\/\/agradocosmetic.com\/fr\/bronceador-solar\/\" \/>\n<meta property=\"og:site_name\" content=\"Agrado\" \/>\n<meta property=\"article:published_time\" content=\"2019-07-01T07:24:35+00:00\" \/>\n<meta property=\"article:modified_time\" content=\"2023-11-18T16:58:55+00:00\" \/>\n<meta property=\"og:image\" content=\"https:\/\/agradocosmetic.com\/wp-content\/uploads\/2019\/07\/consejos-bronceador-solar-agrado.jpg\" \/>\n\t<meta property=\"og:image:width\" content=\"1200\" \/>\n\t<meta property=\"og:image:height\" content=\"800\" \/>\n\t<meta property=\"og:image:type\" content=\"image\/jpeg\" \/>\n<meta name=\"author\" content=\"agradocosmetic\" \/>\n<meta name=\"twitter:card\" content=\"summary_large_image\" \/>\n<meta name=\"twitter:label1\" content=\"\u00c9crit par\" \/>\n\t<meta name=\"twitter:data1\" content=\"agradocosmetic\" \/>\n\t<meta name=\"twitter:label2\" content=\"Dur\u00e9e de lecture estim\u00e9e\" \/>\n\t<meta name=\"twitter:data2\" content=\"3 minutes\" \/>\n<script type=\"application\/ld+json\" class=\"yoast-schema-graph\">{\"@context\":\"https:\\\/\\\/schema.org\",\"@graph\":[{\"@type\":\"Article\",\"@id\":\"https:\\\/\\\/agradocosmetic.com\\\/bronceador-solar\\\/#article\",\"isPartOf\":{\"@id\":\"https:\\\/\\\/agradocosmetic.com\\\/bronceador-solar\\\/\"},\"author\":{\"name\":\"agradocosmetic\",\"@id\":\"https:\\\/\\\/agradocosmetic.com\\\/#\\\/schema\\\/person\\\/732e8d396022e25f9340196f83d6789d\"},\"headline\":\"3 consejos a la hora de usar un bronceador solar\",\"datePublished\":\"2019-07-01T07:24:35+00:00\",\"dateModified\":\"2023-11-18T16:58:55+00:00\",\"mainEntityOfPage\":{\"@id\":\"https:\\\/\\\/agradocosmetic.com\\\/bronceador-solar\\\/\"},\"wordCount\":671,\"commentCount\":0,\"publisher\":{\"@id\":\"https:\\\/\\\/agradocosmetic.com\\\/#organization\"},\"image\":{\"@id\":\"https:\\\/\\\/agradocosmetic.com\\\/bronceador-solar\\\/#primaryimage\"},\"thumbnailUrl\":\"https:\\\/\\\/agradocosmetic.com\\\/wp-content\\\/uploads\\\/2019\\\/07\\\/consejos-bronceador-solar-agrado.jpg\",\"articleSection\":[\"Solar\",\"Todos\"],\"inLanguage\":\"fr-FR\",\"potentialAction\":[{\"@type\":\"CommentAction\",\"name\":\"Comment\",\"target\":[\"https:\\\/\\\/agradocosmetic.com\\\/bronceador-solar\\\/#respond\"]}]},{\"@type\":\"WebPage\",\"@id\":\"https:\\\/\\\/agradocosmetic.com\\\/bronceador-solar\\\/\",\"url\":\"https:\\\/\\\/agradocosmetic.com\\\/bronceador-solar\\\/\",\"name\":\"3 recomendaciones a la hora de usar bronceador solar | Agrado Cosmetic\",\"isPartOf\":{\"@id\":\"https:\\\/\\\/agradocosmetic.com\\\/#website\"},\"primaryImageOfPage\":{\"@id\":\"https:\\\/\\\/agradocosmetic.com\\\/bronceador-solar\\\/#primaryimage\"},\"image\":{\"@id\":\"https:\\\/\\\/agradocosmetic.com\\\/bronceador-solar\\\/#primaryimage\"},\"thumbnailUrl\":\"https:\\\/\\\/agradocosmetic.com\\\/wp-content\\\/uploads\\\/2019\\\/07\\\/consejos-bronceador-solar-agrado.jpg\",\"datePublished\":\"2019-07-01T07:24:35+00:00\",\"dateModified\":\"2023-11-18T16:58:55+00:00\",\"description\":\"Si no te decides a la hora de escoger un bronceador solar, aqu\u00ed te damos algunos consejos cuando tengas que decidirte por uno este verano.\",\"breadcrumb\":{\"@id\":\"https:\\\/\\\/agradocosmetic.com\\\/bronceador-solar\\\/#breadcrumb\"},\"inLanguage\":\"fr-FR\",\"potentialAction\":[{\"@type\":\"ReadAction\",\"target\":[\"https:\\\/\\\/agradocosmetic.com\\\/bronceador-solar\\\/\"]}]},{\"@type\":\"ImageObject\",\"inLanguage\":\"fr-FR\",\"@id\":\"https:\\\/\\\/agradocosmetic.com\\\/bronceador-solar\\\/#primaryimage\",\"url\":\"https:\\\/\\\/agradocosmetic.com\\\/wp-content\\\/uploads\\\/2019\\\/07\\\/consejos-bronceador-solar-agrado.jpg\",\"contentUrl\":\"https:\\\/\\\/agradocosmetic.com\\\/wp-content\\\/uploads\\\/2019\\\/07\\\/consejos-bronceador-solar-agrado.jpg\",\"width\":1200,\"height\":800},{\"@type\":\"BreadcrumbList\",\"@id\":\"https:\\\/\\\/agradocosmetic.com\\\/bronceador-solar\\\/#breadcrumb\",\"itemListElement\":[{\"@type\":\"ListItem\",\"position\":1,\"name\":\"Portada\",\"item\":\"https:\\\/\\\/agradocosmetic.com\\\/\"},{\"@type\":\"ListItem\",\"position\":2,\"name\":\"3 consejos a la hora de usar un bronceador solar\"}]},{\"@type\":\"WebSite\",\"@id\":\"https:\\\/\\\/agradocosmetic.com\\\/#website\",\"url\":\"https:\\\/\\\/agradocosmetic.com\\\/\",\"name\":\"Agrado\",\"description\":\"Cosmetic\",\"publisher\":{\"@id\":\"https:\\\/\\\/agradocosmetic.com\\\/#organization\"},\"potentialAction\":[{\"@type\":\"SearchAction\",\"target\":{\"@type\":\"EntryPoint\",\"urlTemplate\":\"https:\\\/\\\/agradocosmetic.com\\\/?s={search_term_string}\"},\"query-input\":{\"@type\":\"PropertyValueSpecification\",\"valueRequired\":true,\"valueName\":\"search_term_string\"}}],\"inLanguage\":\"fr-FR\"},{\"@type\":\"Organization\",\"@id\":\"https:\\\/\\\/agradocosmetic.com\\\/#organization\",\"name\":\"Agrado\",\"url\":\"https:\\\/\\\/agradocosmetic.com\\\/\",\"logo\":{\"@type\":\"ImageObject\",\"inLanguage\":\"fr-FR\",\"@id\":\"https:\\\/\\\/agradocosmetic.com\\\/#\\\/schema\\\/logo\\\/image\\\/\",\"url\":\"https:\\\/\\\/agradocosmetic.com\\\/wp-content\\\/uploads\\\/2023\\\/07\\\/LOGO-AGRADO-WEB-01.png\",\"contentUrl\":\"https:\\\/\\\/agradocosmetic.com\\\/wp-content\\\/uploads\\\/2023\\\/07\\\/LOGO-AGRADO-WEB-01.png\",\"width\":1632,\"height\":300,\"caption\":\"Agrado\"},\"image\":{\"@id\":\"https:\\\/\\\/agradocosmetic.com\\\/#\\\/schema\\\/logo\\\/image\\\/\"}},{\"@type\":\"Person\",\"@id\":\"https:\\\/\\\/agradocosmetic.com\\\/#\\\/schema\\\/person\\\/732e8d396022e25f9340196f83d6789d\",\"name\":\"agradocosmetic\",\"image\":{\"@type\":\"ImageObject\",\"inLanguage\":\"fr-FR\",\"@id\":\"https:\\\/\\\/secure.gravatar.com\\\/avatar\\\/c6003e45301182b7e125463fcbec403b1980909c12edf09098526b9a15e779c0?s=96&d=mm&r=g\",\"url\":\"https:\\\/\\\/secure.gravatar.com\\\/avatar\\\/c6003e45301182b7e125463fcbec403b1980909c12edf09098526b9a15e779c0?s=96&d=mm&r=g\",\"contentUrl\":\"https:\\\/\\\/secure.gravatar.com\\\/avatar\\\/c6003e45301182b7e125463fcbec403b1980909c12edf09098526b9a15e779c0?s=96&d=mm&r=g\",\"caption\":\"agradocosmetic\"}}]}<\/script>\n<!-- \/ Yoast SEO plugin. -->","yoast_head_json":{"title":"3 recomendaciones a la hora de usar bronceador solar | Agrado Cosmetic","description":"Si no te decides a la hora de escoger un bronceador solar, aqu\u00ed te damos algunos consejos cuando tengas que decidirte por uno este verano.","robots":{"index":"index","follow":"follow","max-snippet":"max-snippet:-1","max-image-preview":"max-image-preview:large","max-video-preview":"max-video-preview:-1"},"canonical":"https:\/\/agradocosmetic.com\/fr\/bronceador-solar\/","og_locale":"fr_FR","og_type":"article","og_title":"3 recomendaciones a la hora de usar bronceador solar | Agrado Cosmetic","og_description":"Si no te decides a la hora de escoger un bronceador solar, aqu\u00ed te damos algunos consejos cuando tengas que decidirte por uno este verano.","og_url":"https:\/\/agradocosmetic.com\/fr\/bronceador-solar\/","og_site_name":"Agrado","article_published_time":"2019-07-01T07:24:35+00:00","article_modified_time":"2023-11-18T16:58:55+00:00","og_image":[{"width":1200,"height":800,"url":"https:\/\/agradocosmetic.com\/wp-content\/uploads\/2019\/07\/consejos-bronceador-solar-agrado.jpg","type":"image\/jpeg"}],"author":"agradocosmetic","twitter_card":"summary_large_image","twitter_misc":{"\u00c9crit par":"agradocosmetic","Dur\u00e9e de lecture estim\u00e9e":"3 minutes"},"schema":{"@context":"https:\/\/schema.org","@graph":[{"@type":"Article","@id":"https:\/\/agradocosmetic.com\/bronceador-solar\/#article","isPartOf":{"@id":"https:\/\/agradocosmetic.com\/bronceador-solar\/"},"author":{"name":"agradocosmetic","@id":"https:\/\/agradocosmetic.com\/#\/schema\/person\/732e8d396022e25f9340196f83d6789d"},"headline":"3 consejos a la hora de usar un bronceador solar","datePublished":"2019-07-01T07:24:35+00:00","dateModified":"2023-11-18T16:58:55+00:00","mainEntityOfPage":{"@id":"https:\/\/agradocosmetic.com\/bronceador-solar\/"},"wordCount":671,"commentCount":0,"publisher":{"@id":"https:\/\/agradocosmetic.com\/#organization"},"image":{"@id":"https:\/\/agradocosmetic.com\/bronceador-solar\/#primaryimage"},"thumbnailUrl":"https:\/\/agradocosmetic.com\/wp-content\/uploads\/2019\/07\/consejos-bronceador-solar-agrado.jpg","articleSection":["Solar","Todos"],"inLanguage":"fr-FR","potentialAction":[{"@type":"CommentAction","name":"Comment","target":["https:\/\/agradocosmetic.com\/bronceador-solar\/#respond"]}]},{"@type":"WebPage","@id":"https:\/\/agradocosmetic.com\/bronceador-solar\/","url":"https:\/\/agradocosmetic.com\/bronceador-solar\/","name":"3 recomendaciones a la hora de usar bronceador solar | Agrado Cosmetic","isPartOf":{"@id":"https:\/\/agradocosmetic.com\/#website"},"primaryImageOfPage":{"@id":"https:\/\/agradocosmetic.com\/bronceador-solar\/#primaryimage"},"image":{"@id":"https:\/\/agradocosmetic.com\/bronceador-solar\/#primaryimage"},"thumbnailUrl":"https:\/\/agradocosmetic.com\/wp-content\/uploads\/2019\/07\/consejos-bronceador-solar-agrado.jpg","datePublished":"2019-07-01T07:24:35+00:00","dateModified":"2023-11-18T16:58:55+00:00","description":"Si no te decides a la hora de escoger un bronceador solar, aqu\u00ed te damos algunos consejos cuando tengas que decidirte por uno este verano.","breadcrumb":{"@id":"https:\/\/agradocosmetic.com\/bronceador-solar\/#breadcrumb"},"inLanguage":"fr-FR","potentialAction":[{"@type":"ReadAction","target":["https:\/\/agradocosmetic.com\/bronceador-solar\/"]}]},{"@type":"ImageObject","inLanguage":"fr-FR","@id":"https:\/\/agradocosmetic.com\/bronceador-solar\/#primaryimage","url":"https:\/\/agradocosmetic.com\/wp-content\/uploads\/2019\/07\/consejos-bronceador-solar-agrado.jpg","contentUrl":"https:\/\/agradocosmetic.com\/wp-content\/uploads\/2019\/07\/consejos-bronceador-solar-agrado.jpg","width":1200,"height":800},{"@type":"BreadcrumbList","@id":"https:\/\/agradocosmetic.com\/bronceador-solar\/#breadcrumb","itemListElement":[{"@type":"ListItem","position":1,"name":"Portada","item":"https:\/\/agradocosmetic.com\/"},{"@type":"ListItem","position":2,"name":"3 consejos a la hora de usar un bronceador solar"}]},{"@type":"WebSite","@id":"https:\/\/agradocosmetic.com\/#website","url":"https:\/\/agradocosmetic.com\/","name":"Aimer","description":"cosm\u00e9tique","publisher":{"@id":"https:\/\/agradocosmetic.com\/#organization"},"potentialAction":[{"@type":"SearchAction","target":{"@type":"EntryPoint","urlTemplate":"https:\/\/agradocosmetic.com\/?s={search_term_string}"},"query-input":{"@type":"PropertyValueSpecification","valueRequired":true,"valueName":"search_term_string"}}],"inLanguage":"fr-FR"},{"@type":"Organization","@id":"https:\/\/agradocosmetic.com\/#organization","name":"Aimer","url":"https:\/\/agradocosmetic.com\/","logo":{"@type":"ImageObject","inLanguage":"fr-FR","@id":"https:\/\/agradocosmetic.com\/#\/schema\/logo\/image\/","url":"https:\/\/agradocosmetic.com\/wp-content\/uploads\/2023\/07\/LOGO-AGRADO-WEB-01.png","contentUrl":"https:\/\/agradocosmetic.com\/wp-content\/uploads\/2023\/07\/LOGO-AGRADO-WEB-01.png","width":1632,"height":300,"caption":"Agrado"},"image":{"@id":"https:\/\/agradocosmetic.com\/#\/schema\/logo\/image\/"}},{"@type":"Person","@id":"https:\/\/agradocosmetic.com\/#\/schema\/person\/732e8d396022e25f9340196f83d6789d","name":"agradocosm\u00e9tique","image":{"@type":"ImageObject","inLanguage":"fr-FR","@id":"https:\/\/secure.gravatar.com\/avatar\/c6003e45301182b7e125463fcbec403b1980909c12edf09098526b9a15e779c0?s=96&d=mm&r=g","url":"https:\/\/secure.gravatar.com\/avatar\/c6003e45301182b7e125463fcbec403b1980909c12edf09098526b9a15e779c0?s=96&d=mm&r=g","contentUrl":"https:\/\/secure.gravatar.com\/avatar\/c6003e45301182b7e125463fcbec403b1980909c12edf09098526b9a15e779c0?s=96&d=mm&r=g","caption":"agradocosmetic"}}]}},"_links":{"self":[{"href":"https:\/\/agradocosmetic.com\/fr\/wp-json\/wp\/v2\/posts\/4216","targetHints":{"allow":["GET"]}}],"collection":[{"href":"https:\/\/agradocosmetic.com\/fr\/wp-json\/wp\/v2\/posts"}],"about":[{"href":"https:\/\/agradocosmetic.com\/fr\/wp-json\/wp\/v2\/types\/post"}],"author":[{"embeddable":true,"href":"https:\/\/agradocosmetic.com\/fr\/wp-json\/wp\/v2\/users\/9"}],"replies":[{"embeddable":true,"href":"https:\/\/agradocosmetic.com\/fr\/wp-json\/wp\/v2\/comments?post=4216"}],"version-history":[{"count":1,"href":"https:\/\/agradocosmetic.com\/fr\/wp-json\/wp\/v2\/posts\/4216\/revisions"}],"predecessor-version":[{"id":21411,"href":"https:\/\/agradocosmetic.com\/fr\/wp-json\/wp\/v2\/posts\/4216\/revisions\/21411"}],"wp:featuredmedia":[{"embeddable":true,"href":"https:\/\/agradocosmetic.com\/fr\/wp-json\/wp\/v2\/media\/21410"}],"wp:attachment":[{"href":"https:\/\/agradocosmetic.com\/fr\/wp-json\/wp\/v2\/media?parent=4216"}],"wp:term":[{"taxonomy":"category","embeddable":true,"href":"https:\/\/agradocosmetic.com\/fr\/wp-json\/wp\/v2\/categories?post=4216"},{"taxonomy":"post_tag","embeddable":true,"href":"https:\/\/agradocosmetic.com\/fr\/wp-json\/wp\/v2\/tags?post=4216"}],"curies":[{"name":"wp","href":"https:\/\/api.w.org\/{rel}","templated":true}]}}