{"id":4461,"date":"2019-09-24T09:24:01","date_gmt":"2019-09-24T08:24:01","guid":{"rendered":"https:\/\/www.agradocosmetic.com\/?p=4461"},"modified":"2023-11-18T16:58:55","modified_gmt":"2023-11-18T16:58:55","slug":"productos-de-keratina-de-agrado","status":"publish","type":"post","link":"https:\/\/agradocosmetic.com\/fr\/productos-de-keratina-de-agrado\/","title":{"rendered":"Hydratez vos cheveux cet automne avec la gamme de produits \u00e0 la k\u00e9ratine d&#039;Agrado"},"content":{"rendered":"<p>Le mois de septembre est arriv\u00e9. Fini le temps de la plage, de la piscine et des couchers de soleil avec le sable aux chevilles. Le moment est venu de revenir aux routines professionnelles mais aussi aux soins personnels. Les cheveux sont l&#039;une des parties du corps qui souffre le plus des exc\u00e8s du soleil, alors pourquoi ne pas leur consacrer un peu de temps chaque jour avec la ligne de soins capillaires K\u00e9ratine d&#039;Agrado Cosmetic ?<\/p>\r\n\r\n\r\n\r\n<figure class=\"wp-block-image\"><img decoding=\"async\" class=\"wp-image-4605\" src=\"https:\/\/www.agradocosmetic.com\/wp-content\/uploads\/2019\/08\/BLOG-Keratina_peq.png\" alt=\"\" \/><\/figure>\r\n\r\n\r\n\r\n<h3 class=\"wp-block-heading\">La gamme de produits capillaires \u00e0 la k\u00e9ratine d&#039;Agrado redonne force et brillance \u00e0 vos cheveux.<\/h3>\r\n\r\n\r\n\r\n<p>Il existe de nombreux facteurs qui d\u00e9t\u00e9riorent la qualit\u00e9 de nos cheveux pendant l&#039;\u00e9t\u00e9, comme le soleil, le chlore dans les piscines ou l&#039;utilisation abusive d&#039;un lisseur ou d&#039;un s\u00e8che-linge pour que l&#039;humidit\u00e9 ne fasse pas de ravages. Une fois l\u2019\u00e9t\u00e9 termin\u00e9, les cheveux souffrent et il faut se mettre au travail pour retrouver force et brillance.<\/p>\r\n\r\n\r\n\r\n<p>La k\u00e9ratine est une prot\u00e9ine riche en soufre qui contribue au durcissement de la couche superficielle de la peau et des cheveux, en la nourrissant, en la r\u00e9parant et en pr\u00e9venant les dommages. <em>frisottis<\/em> soit <em>frisottis<\/em> cela nous d\u00e9range parfois beaucoup.<\/p>\r\n\r\n\r\n\r\n<p>Chez Agrado Cosmetic, nous avons d\u00e9velopp\u00e9 une ligne de produits formul\u00e9s pour tirer le meilleur parti de cet ingr\u00e9dient actif, qui jouit \u00e9galement de tr\u00e8s bonnes opinions aupr\u00e8s de ses consommateurs.<\/p>\r\n\r\n\r\n\r\n<p>La gamme K\u00e9ratine est compos\u00e9e d&#039;un <a href=\"\/fr\/?p=616\">Shampoing professionnel \u00e0 la k\u00e9ratine<\/a> pour nourrir les cheveux des racines aux pointes et retrouver leur force \u00e0 chaque lavage. Pour lui donner de la douceur, privil\u00e9giez le brossage et \u00e9vitez <em>frisottis<\/em> nous avons d\u00e9velopp\u00e9 le <a href=\"\/fr\/?p=698\">Cr\u00e8me Lissante Revitalisante \u00e0 la K\u00e9ratine<\/a>. Si vous avez les cheveux tr\u00e8s cr\u00e9pus et peu de corps, le <a href=\"\/fr\/?p=707\">Masque capillaire \u00e0 la k\u00e9ratine<\/a> peut \u00eatre votre parfait alli\u00e9. Appliquez-le sur cheveux lav\u00e9s et humides et laissez-le agir 2-3 minutes. Vous remarquerez comment les cheveux sont nourris, gagnent en brillance et sont r\u00e9par\u00e9s \u00e0 chaque lavage.<\/p>\r\n\r\n\r\n\r\n<p>Avec la <a href=\"\/fr\/?p=728\">K\u00e9ratine Liquide <\/a>vous parvenez \u00e0 combattre le <em>frisottis <\/em>quotidiennement, car c&#039;est le compl\u00e9ment parfait \u00e0 chaque lavage. La k\u00e9ratine vous permet de traiter vos cheveux quotidiennement de mani\u00e8re rapide et confortable. Il est important de l&#039;appliquer sur cheveux lav\u00e9s et l\u00e9g\u00e8rement humides. Avant le brossage, offrez-vous un l\u00e9ger massage relaxant sur votre cuir chevelu. Vous le m\u00e9ritez aussi !<\/p>\r\n\r\n\r\n\r\n<p>Enfin et surtout, avec quel produit coiffez-vous vos cheveux ? \u00c0 Agrado, nous avons d\u00e9velopp\u00e9 un <a href=\"\/fr\/?p=749\">Fixateur Extra Fort \u00e0 la K\u00e9ratine<\/a> et un <a href=\"\/fr\/?p=758\">Fixateur extr\u00eame \u00e0 la k\u00e9ratine<\/a> vous pourrez ainsi accentuer vos coiffures au quotidien sans fragiliser vos cheveux.<\/p>\r\n\r\n\r\n\r\n<p>Commencez le retour \u00e0 votre routine et affrontez l&#039;arriv\u00e9e de l&#039;automne avec des cheveux forts, sains, hydrat\u00e9s et coiff\u00e9s comme vous le souhaitez. Tout ce dont vous avez besoin se trouve \u00e0 Agrado.<\/p>","protected":false},"excerpt":{"rendered":"<p>Ha llegado el mes de septiembre. Atr\u00e1s quedan los d\u00edas de playa, piscina y atardeceres con la arena en los tobillos. Ha llegado el momento de volver a las rutinas profesionales y tambi\u00e9n de cuidado personal. El cabello es una de las partes del cuerpo que m\u00e1s sufren los excesos del sol, as\u00ed que \u00bfpor [&hellip;]<\/p>\n","protected":false},"author":9,"featured_media":21402,"comment_status":"open","ping_status":"closed","sticky":false,"template":"","format":"standard","meta":{"footnotes":"","_wp_rev_ctl_limit":""},"categories":[128,1],"tags":[126,137,279,280],"class_list":["post-4461","post","type-post","status-publish","format-standard","has-post-thumbnail","hentry","category-capilar","category-todos","tag-agrado","tag-agradocosmetic","tag-cuidado-del-cabello","tag-linea-keratina"],"yoast_head":"<!-- This site is optimized with the Yoast SEO plugin v27.4 - https:\/\/yoast.com\/product\/yoast-seo-wordpress\/ -->\n<title>Productos de keratina de Agrado para cuidar tu cabello - Agrado<\/title>\n<meta name=\"description\" content=\"Hidrata tu cabello con los productos de Keratina de Agrado Cosmetic: champ\u00fa, suavizante, mascarilla, gel fijador y keratina l\u00edquida.\" \/>\n<meta name=\"robots\" content=\"index, follow, max-snippet:-1, max-image-preview:large, max-video-preview:-1\" \/>\n<link rel=\"canonical\" href=\"https:\/\/agradocosmetic.com\/fr\/productos-de-keratina-de-agrado\/\" \/>\n<meta property=\"og:locale\" content=\"fr_FR\" \/>\n<meta property=\"og:type\" content=\"article\" \/>\n<meta property=\"og:title\" content=\"Productos de keratina de Agrado para cuidar tu cabello - Agrado\" \/>\n<meta property=\"og:description\" content=\"Hidrata tu cabello con los productos de Keratina de Agrado Cosmetic: champ\u00fa, suavizante, mascarilla, gel fijador y keratina l\u00edquida.\" \/>\n<meta property=\"og:url\" content=\"https:\/\/agradocosmetic.com\/fr\/productos-de-keratina-de-agrado\/\" \/>\n<meta property=\"og:site_name\" content=\"Agrado\" \/>\n<meta property=\"article:published_time\" content=\"2019-09-24T08:24:01+00:00\" \/>\n<meta property=\"article:modified_time\" content=\"2023-11-18T16:58:55+00:00\" \/>\n<meta property=\"og:image\" content=\"https:\/\/agradocosmetic.com\/wp-content\/uploads\/2019\/09\/cabello-karatina-agrado.jpg\" \/>\n\t<meta property=\"og:image:width\" content=\"1200\" \/>\n\t<meta property=\"og:image:height\" content=\"800\" \/>\n\t<meta property=\"og:image:type\" content=\"image\/jpeg\" \/>\n<meta name=\"author\" content=\"agradocosmetic\" \/>\n<meta name=\"twitter:card\" content=\"summary_large_image\" \/>\n<meta name=\"twitter:label1\" content=\"\u00c9crit par\" \/>\n\t<meta name=\"twitter:data1\" content=\"agradocosmetic\" \/>\n\t<meta name=\"twitter:label2\" content=\"Dur\u00e9e de lecture estim\u00e9e\" \/>\n\t<meta name=\"twitter:data2\" content=\"2 minutes\" \/>\n<script type=\"application\/ld+json\" class=\"yoast-schema-graph\">{\"@context\":\"https:\\\/\\\/schema.org\",\"@graph\":[{\"@type\":\"Article\",\"@id\":\"https:\\\/\\\/agradocosmetic.com\\\/productos-de-keratina-de-agrado\\\/#article\",\"isPartOf\":{\"@id\":\"https:\\\/\\\/agradocosmetic.com\\\/productos-de-keratina-de-agrado\\\/\"},\"author\":{\"name\":\"agradocosmetic\",\"@id\":\"https:\\\/\\\/agradocosmetic.com\\\/#\\\/schema\\\/person\\\/732e8d396022e25f9340196f83d6789d\"},\"headline\":\"Hidrata tu cabello este oto\u00f1o con la l\u00ednea de productos de keratina de Agrado\",\"datePublished\":\"2019-09-24T08:24:01+00:00\",\"dateModified\":\"2023-11-18T16:58:55+00:00\",\"mainEntityOfPage\":{\"@id\":\"https:\\\/\\\/agradocosmetic.com\\\/productos-de-keratina-de-agrado\\\/\"},\"wordCount\":479,\"commentCount\":0,\"publisher\":{\"@id\":\"https:\\\/\\\/agradocosmetic.com\\\/#organization\"},\"image\":{\"@id\":\"https:\\\/\\\/agradocosmetic.com\\\/productos-de-keratina-de-agrado\\\/#primaryimage\"},\"thumbnailUrl\":\"https:\\\/\\\/agradocosmetic.com\\\/wp-content\\\/uploads\\\/2019\\\/09\\\/cabello-karatina-agrado.jpg\",\"keywords\":[\"agrado\",\"agradocosmetic\",\"cuidado del cabello\",\"l\u00ednea keratina\"],\"articleSection\":[\"Capilar\",\"Todos\"],\"inLanguage\":\"fr-FR\",\"potentialAction\":[{\"@type\":\"CommentAction\",\"name\":\"Comment\",\"target\":[\"https:\\\/\\\/agradocosmetic.com\\\/productos-de-keratina-de-agrado\\\/#respond\"]}]},{\"@type\":\"WebPage\",\"@id\":\"https:\\\/\\\/agradocosmetic.com\\\/productos-de-keratina-de-agrado\\\/\",\"url\":\"https:\\\/\\\/agradocosmetic.com\\\/productos-de-keratina-de-agrado\\\/\",\"name\":\"Productos de keratina de Agrado para cuidar tu cabello - Agrado\",\"isPartOf\":{\"@id\":\"https:\\\/\\\/agradocosmetic.com\\\/#website\"},\"primaryImageOfPage\":{\"@id\":\"https:\\\/\\\/agradocosmetic.com\\\/productos-de-keratina-de-agrado\\\/#primaryimage\"},\"image\":{\"@id\":\"https:\\\/\\\/agradocosmetic.com\\\/productos-de-keratina-de-agrado\\\/#primaryimage\"},\"thumbnailUrl\":\"https:\\\/\\\/agradocosmetic.com\\\/wp-content\\\/uploads\\\/2019\\\/09\\\/cabello-karatina-agrado.jpg\",\"datePublished\":\"2019-09-24T08:24:01+00:00\",\"dateModified\":\"2023-11-18T16:58:55+00:00\",\"description\":\"Hidrata tu cabello con los productos de Keratina de Agrado Cosmetic: champ\u00fa, suavizante, mascarilla, gel fijador y keratina l\u00edquida.\",\"breadcrumb\":{\"@id\":\"https:\\\/\\\/agradocosmetic.com\\\/productos-de-keratina-de-agrado\\\/#breadcrumb\"},\"inLanguage\":\"fr-FR\",\"potentialAction\":[{\"@type\":\"ReadAction\",\"target\":[\"https:\\\/\\\/agradocosmetic.com\\\/productos-de-keratina-de-agrado\\\/\"]}]},{\"@type\":\"ImageObject\",\"inLanguage\":\"fr-FR\",\"@id\":\"https:\\\/\\\/agradocosmetic.com\\\/productos-de-keratina-de-agrado\\\/#primaryimage\",\"url\":\"https:\\\/\\\/agradocosmetic.com\\\/wp-content\\\/uploads\\\/2019\\\/09\\\/cabello-karatina-agrado.jpg\",\"contentUrl\":\"https:\\\/\\\/agradocosmetic.com\\\/wp-content\\\/uploads\\\/2019\\\/09\\\/cabello-karatina-agrado.jpg\",\"width\":1200,\"height\":800},{\"@type\":\"BreadcrumbList\",\"@id\":\"https:\\\/\\\/agradocosmetic.com\\\/productos-de-keratina-de-agrado\\\/#breadcrumb\",\"itemListElement\":[{\"@type\":\"ListItem\",\"position\":1,\"name\":\"Portada\",\"item\":\"https:\\\/\\\/agradocosmetic.com\\\/\"},{\"@type\":\"ListItem\",\"position\":2,\"name\":\"Hidrata tu cabello este oto\u00f1o con la l\u00ednea de productos de keratina de Agrado\"}]},{\"@type\":\"WebSite\",\"@id\":\"https:\\\/\\\/agradocosmetic.com\\\/#website\",\"url\":\"https:\\\/\\\/agradocosmetic.com\\\/\",\"name\":\"Agrado\",\"description\":\"Cosmetic\",\"publisher\":{\"@id\":\"https:\\\/\\\/agradocosmetic.com\\\/#organization\"},\"potentialAction\":[{\"@type\":\"SearchAction\",\"target\":{\"@type\":\"EntryPoint\",\"urlTemplate\":\"https:\\\/\\\/agradocosmetic.com\\\/?s={search_term_string}\"},\"query-input\":{\"@type\":\"PropertyValueSpecification\",\"valueRequired\":true,\"valueName\":\"search_term_string\"}}],\"inLanguage\":\"fr-FR\"},{\"@type\":\"Organization\",\"@id\":\"https:\\\/\\\/agradocosmetic.com\\\/#organization\",\"name\":\"Agrado\",\"url\":\"https:\\\/\\\/agradocosmetic.com\\\/\",\"logo\":{\"@type\":\"ImageObject\",\"inLanguage\":\"fr-FR\",\"@id\":\"https:\\\/\\\/agradocosmetic.com\\\/#\\\/schema\\\/logo\\\/image\\\/\",\"url\":\"https:\\\/\\\/agradocosmetic.com\\\/wp-content\\\/uploads\\\/2023\\\/07\\\/LOGO-AGRADO-WEB-01.png\",\"contentUrl\":\"https:\\\/\\\/agradocosmetic.com\\\/wp-content\\\/uploads\\\/2023\\\/07\\\/LOGO-AGRADO-WEB-01.png\",\"width\":1632,\"height\":300,\"caption\":\"Agrado\"},\"image\":{\"@id\":\"https:\\\/\\\/agradocosmetic.com\\\/#\\\/schema\\\/logo\\\/image\\\/\"}},{\"@type\":\"Person\",\"@id\":\"https:\\\/\\\/agradocosmetic.com\\\/#\\\/schema\\\/person\\\/732e8d396022e25f9340196f83d6789d\",\"name\":\"agradocosmetic\",\"image\":{\"@type\":\"ImageObject\",\"inLanguage\":\"fr-FR\",\"@id\":\"https:\\\/\\\/secure.gravatar.com\\\/avatar\\\/c6003e45301182b7e125463fcbec403b1980909c12edf09098526b9a15e779c0?s=96&d=mm&r=g\",\"url\":\"https:\\\/\\\/secure.gravatar.com\\\/avatar\\\/c6003e45301182b7e125463fcbec403b1980909c12edf09098526b9a15e779c0?s=96&d=mm&r=g\",\"contentUrl\":\"https:\\\/\\\/secure.gravatar.com\\\/avatar\\\/c6003e45301182b7e125463fcbec403b1980909c12edf09098526b9a15e779c0?s=96&d=mm&r=g\",\"caption\":\"agradocosmetic\"}}]}<\/script>\n<!-- \/ Yoast SEO plugin. -->","yoast_head_json":{"title":"Productos de keratina de Agrado para cuidar tu cabello - Agrado","description":"Hidrata tu cabello con los productos de Keratina de Agrado Cosmetic: champ\u00fa, suavizante, mascarilla, gel fijador y keratina l\u00edquida.","robots":{"index":"index","follow":"follow","max-snippet":"max-snippet:-1","max-image-preview":"max-image-preview:large","max-video-preview":"max-video-preview:-1"},"canonical":"https:\/\/agradocosmetic.com\/fr\/productos-de-keratina-de-agrado\/","og_locale":"fr_FR","og_type":"article","og_title":"Productos de keratina de Agrado para cuidar tu cabello - Agrado","og_description":"Hidrata tu cabello con los productos de Keratina de Agrado Cosmetic: champ\u00fa, suavizante, mascarilla, gel fijador y keratina l\u00edquida.","og_url":"https:\/\/agradocosmetic.com\/fr\/productos-de-keratina-de-agrado\/","og_site_name":"Agrado","article_published_time":"2019-09-24T08:24:01+00:00","article_modified_time":"2023-11-18T16:58:55+00:00","og_image":[{"width":1200,"height":800,"url":"https:\/\/agradocosmetic.com\/wp-content\/uploads\/2019\/09\/cabello-karatina-agrado.jpg","type":"image\/jpeg"}],"author":"agradocosmetic","twitter_card":"summary_large_image","twitter_misc":{"\u00c9crit par":"agradocosmetic","Dur\u00e9e de lecture estim\u00e9e":"2 minutes"},"schema":{"@context":"https:\/\/schema.org","@graph":[{"@type":"Article","@id":"https:\/\/agradocosmetic.com\/productos-de-keratina-de-agrado\/#article","isPartOf":{"@id":"https:\/\/agradocosmetic.com\/productos-de-keratina-de-agrado\/"},"author":{"name":"agradocosmetic","@id":"https:\/\/agradocosmetic.com\/#\/schema\/person\/732e8d396022e25f9340196f83d6789d"},"headline":"Hidrata tu cabello este oto\u00f1o con la l\u00ednea de productos de keratina de Agrado","datePublished":"2019-09-24T08:24:01+00:00","dateModified":"2023-11-18T16:58:55+00:00","mainEntityOfPage":{"@id":"https:\/\/agradocosmetic.com\/productos-de-keratina-de-agrado\/"},"wordCount":479,"commentCount":0,"publisher":{"@id":"https:\/\/agradocosmetic.com\/#organization"},"image":{"@id":"https:\/\/agradocosmetic.com\/productos-de-keratina-de-agrado\/#primaryimage"},"thumbnailUrl":"https:\/\/agradocosmetic.com\/wp-content\/uploads\/2019\/09\/cabello-karatina-agrado.jpg","keywords":["agrado","agradocosmetic","cuidado del cabello","l\u00ednea keratina"],"articleSection":["Capilar","Todos"],"inLanguage":"fr-FR","potentialAction":[{"@type":"CommentAction","name":"Comment","target":["https:\/\/agradocosmetic.com\/productos-de-keratina-de-agrado\/#respond"]}]},{"@type":"WebPage","@id":"https:\/\/agradocosmetic.com\/productos-de-keratina-de-agrado\/","url":"https:\/\/agradocosmetic.com\/productos-de-keratina-de-agrado\/","name":"Productos de keratina de Agrado para cuidar tu cabello - Agrado","isPartOf":{"@id":"https:\/\/agradocosmetic.com\/#website"},"primaryImageOfPage":{"@id":"https:\/\/agradocosmetic.com\/productos-de-keratina-de-agrado\/#primaryimage"},"image":{"@id":"https:\/\/agradocosmetic.com\/productos-de-keratina-de-agrado\/#primaryimage"},"thumbnailUrl":"https:\/\/agradocosmetic.com\/wp-content\/uploads\/2019\/09\/cabello-karatina-agrado.jpg","datePublished":"2019-09-24T08:24:01+00:00","dateModified":"2023-11-18T16:58:55+00:00","description":"Hidrata tu cabello con los productos de Keratina de Agrado Cosmetic: champ\u00fa, suavizante, mascarilla, gel fijador y keratina l\u00edquida.","breadcrumb":{"@id":"https:\/\/agradocosmetic.com\/productos-de-keratina-de-agrado\/#breadcrumb"},"inLanguage":"fr-FR","potentialAction":[{"@type":"ReadAction","target":["https:\/\/agradocosmetic.com\/productos-de-keratina-de-agrado\/"]}]},{"@type":"ImageObject","inLanguage":"fr-FR","@id":"https:\/\/agradocosmetic.com\/productos-de-keratina-de-agrado\/#primaryimage","url":"https:\/\/agradocosmetic.com\/wp-content\/uploads\/2019\/09\/cabello-karatina-agrado.jpg","contentUrl":"https:\/\/agradocosmetic.com\/wp-content\/uploads\/2019\/09\/cabello-karatina-agrado.jpg","width":1200,"height":800},{"@type":"BreadcrumbList","@id":"https:\/\/agradocosmetic.com\/productos-de-keratina-de-agrado\/#breadcrumb","itemListElement":[{"@type":"ListItem","position":1,"name":"Portada","item":"https:\/\/agradocosmetic.com\/"},{"@type":"ListItem","position":2,"name":"Hidrata tu cabello este oto\u00f1o con la l\u00ednea de productos de keratina de Agrado"}]},{"@type":"WebSite","@id":"https:\/\/agradocosmetic.com\/#website","url":"https:\/\/agradocosmetic.com\/","name":"Aimer","description":"cosm\u00e9tique","publisher":{"@id":"https:\/\/agradocosmetic.com\/#organization"},"potentialAction":[{"@type":"SearchAction","target":{"@type":"EntryPoint","urlTemplate":"https:\/\/agradocosmetic.com\/?s={search_term_string}"},"query-input":{"@type":"PropertyValueSpecification","valueRequired":true,"valueName":"search_term_string"}}],"inLanguage":"fr-FR"},{"@type":"Organization","@id":"https:\/\/agradocosmetic.com\/#organization","name":"Aimer","url":"https:\/\/agradocosmetic.com\/","logo":{"@type":"ImageObject","inLanguage":"fr-FR","@id":"https:\/\/agradocosmetic.com\/#\/schema\/logo\/image\/","url":"https:\/\/agradocosmetic.com\/wp-content\/uploads\/2023\/07\/LOGO-AGRADO-WEB-01.png","contentUrl":"https:\/\/agradocosmetic.com\/wp-content\/uploads\/2023\/07\/LOGO-AGRADO-WEB-01.png","width":1632,"height":300,"caption":"Agrado"},"image":{"@id":"https:\/\/agradocosmetic.com\/#\/schema\/logo\/image\/"}},{"@type":"Person","@id":"https:\/\/agradocosmetic.com\/#\/schema\/person\/732e8d396022e25f9340196f83d6789d","name":"agradocosm\u00e9tique","image":{"@type":"ImageObject","inLanguage":"fr-FR","@id":"https:\/\/secure.gravatar.com\/avatar\/c6003e45301182b7e125463fcbec403b1980909c12edf09098526b9a15e779c0?s=96&d=mm&r=g","url":"https:\/\/secure.gravatar.com\/avatar\/c6003e45301182b7e125463fcbec403b1980909c12edf09098526b9a15e779c0?s=96&d=mm&r=g","contentUrl":"https:\/\/secure.gravatar.com\/avatar\/c6003e45301182b7e125463fcbec403b1980909c12edf09098526b9a15e779c0?s=96&d=mm&r=g","caption":"agradocosmetic"}}]}},"_links":{"self":[{"href":"https:\/\/agradocosmetic.com\/fr\/wp-json\/wp\/v2\/posts\/4461","targetHints":{"allow":["GET"]}}],"collection":[{"href":"https:\/\/agradocosmetic.com\/fr\/wp-json\/wp\/v2\/posts"}],"about":[{"href":"https:\/\/agradocosmetic.com\/fr\/wp-json\/wp\/v2\/types\/post"}],"author":[{"embeddable":true,"href":"https:\/\/agradocosmetic.com\/fr\/wp-json\/wp\/v2\/users\/9"}],"replies":[{"embeddable":true,"href":"https:\/\/agradocosmetic.com\/fr\/wp-json\/wp\/v2\/comments?post=4461"}],"version-history":[{"count":1,"href":"https:\/\/agradocosmetic.com\/fr\/wp-json\/wp\/v2\/posts\/4461\/revisions"}],"predecessor-version":[{"id":21403,"href":"https:\/\/agradocosmetic.com\/fr\/wp-json\/wp\/v2\/posts\/4461\/revisions\/21403"}],"wp:featuredmedia":[{"embeddable":true,"href":"https:\/\/agradocosmetic.com\/fr\/wp-json\/wp\/v2\/media\/21402"}],"wp:attachment":[{"href":"https:\/\/agradocosmetic.com\/fr\/wp-json\/wp\/v2\/media?parent=4461"}],"wp:term":[{"taxonomy":"category","embeddable":true,"href":"https:\/\/agradocosmetic.com\/fr\/wp-json\/wp\/v2\/categories?post=4461"},{"taxonomy":"post_tag","embeddable":true,"href":"https:\/\/agradocosmetic.com\/fr\/wp-json\/wp\/v2\/tags?post=4461"}],"curies":[{"name":"wp","href":"https:\/\/api.w.org\/{rel}","templated":true}]}}