{"id":4479,"date":"2019-09-25T10:32:12","date_gmt":"2019-09-25T09:32:12","guid":{"rendered":"https:\/\/www.agradocosmetic.com\/?p=4479"},"modified":"2023-11-18T16:58:55","modified_gmt":"2023-11-18T16:58:55","slug":"como-cuidar-tu-pelo","status":"publish","type":"post","link":"https:\/\/agradocosmetic.com\/fr\/como-cuidar-tu-pelo\/","title":{"rendered":"5 conseils pour redonner sant\u00e9 \u00e0 vos cheveux cet automne"},"content":{"rendered":"<p>Avoir des cheveux brillants et visiblement nourris fait partie des d\u00e9sirs beaut\u00e9 de nombreuses femmes et hommes ! Mais comment prendre soin de ses cheveux pour obtenir ce r\u00e9sultat ?<\/p>\r\n\r\n\r\n\r\n<p>L\u2019automne est une p\u00e9riode cruciale pour d\u00e9marrer une routine qui r\u00e9pare vos cheveux et leur donne un aspect brillant. Les effets de l&#039;\u00e9t\u00e9, dus \u00e0 l&#039;air salin, au chlore des piscines et au port des cheveux relev\u00e9s lorsqu&#039;ils sont encore mouill\u00e9s, fragilisent vos cheveux.<\/p>\r\n\r\n\r\n\r\n<p>Pendant les mois d&#039;automne, le corps se r\u00e9g\u00e9n\u00e8re en pr\u00e9paration pour l&#039;hiver et il est normal de voir les cheveux tomber plus intens\u00e9ment qu&#039;\u00e0 d&#039;autres moments de l&#039;ann\u00e9e, alors ne vous inqui\u00e9tez pas si vous voyez plus de cheveux sur votre brosse apr\u00e8s la douche.<\/p>\r\n\r\n\r\n\r\n<blockquote class=\"wp-block-quote is-layout-flow wp-block-quote-is-layout-flow\">\r\n<p>Chez Agrado Cosmetic, nous avons deux gammes de produits capillaires parfaits pour cette p\u00e9riode de l&#039;ann\u00e9e : <a href=\"\/fr\/?linea=colorterapia\">Ligne de chromoth\u00e9rapie con\u00e7ue pour prot\u00e9ger les cheveux teints ou m\u00e9ch\u00e9s <\/a>et la <a href=\"\/fr\/?linea=keratina\">Ligne \u00e0 la k\u00e9ratine pour lutter contre les frisottis et nourrir les cheveux<\/a>.<\/p>\r\n<\/blockquote>\r\n\r\n\r\n\r\n<p>&nbsp;<\/p>\r\n\r\n\r\n\r\n<p>Que vous choisissiez la ligne Colorth\u00e9rapie ou la ligne K\u00e9ratine, prenez note de ces conseils que nous vous donnons, de la part de nos experts, pour savoir comment prendre soin de vos cheveux apr\u00e8s l&#039;\u00e9t\u00e9.<\/p>\r\n\r\n\r\n\r\n<h3 class=\"wp-block-heading\">Comment prendre soin de ses cheveux apr\u00e8s l&#039;\u00e9t\u00e9 ?<\/h3>\r\n\r\n\r\n\r\n<h4 class=\"wp-block-heading\">1. Choisissez des produits capillaires de qualit\u00e9.<\/h4>\r\n\r\n\r\n\r\n<p>Afin d\u2019avoir des cheveux sains, brillants et forts, il est important de savoir choisir les produits dont vous avez besoin. Lorsque vous choisissez quelle gamme de produits capillaires est la bonne pour prendre soin de vos cheveux, tenez toujours compte de la qualit\u00e9 et du prix ! Il n\u2019est pas n\u00e9cessaire de d\u00e9penser beaucoup d\u2019argent pour utiliser des produits de qualit\u00e9.<\/p>\r\n\r\n\r\n\r\n<p>Chez Agrado Cosmetic, nous avons plus de 50 ans d&#039;exp\u00e9rience dans la fabrication et la distribution de produits de haute qualit\u00e9 en mati\u00e8re d&#039;hygi\u00e8ne, de parfumerie et de cosm\u00e9tique. Vous pouvez retrouver nos produits dans plus de 70 pays \u00e0 travers le monde \u00e0 des prix tr\u00e8s abordables pour tous les budgets,<\/p>\r\n\r\n\r\n\r\n<p>Donc, si vous n&#039;avez pas encore essay\u00e9 la gamme Keratin ou Colortherapy, cet automne sera peut-\u00eatre le moment. Vous nous parlez d\u00e9j\u00e0 de l&#039;exp\u00e9rience !<\/p>\r\n\r\n\r\n\r\n<h4 class=\"wp-block-heading\">2. Ne frottez pas trop fort le cuir chevelu.<\/h4>\r\n\r\n\r\n\r\n<p>La sueur accumul\u00e9e, la pollution et les restes de produits capillaires tels que les laques ou les laques pour cheveux sont les ennemis des cheveux sains, brillants et forts. Lorsque vous vous lavez les cheveux, il est n\u00e9cessaire de prendre soin du cuir chevelu, car avec le temps s&#039;accumule la salet\u00e9 qu&#039;il faut \u00e9liminer pour \u00e9viter les infections. Mais ne le faites pas trop fort ! Le but est de nettoyer le cuir chevelu pour avoir des cheveux plus sains, pas les irriter.<\/p>\r\n\r\n\r\n\r\n<p>Massez doucement la zone <strong>avec le shampoing professionnel \u00e0 la K\u00e9ratine d&#039;Agrado Cosmetic<\/strong> et vous remarquerez d\u00e8s le premier lavage comment vos cheveux sont propres, l\u00e2ches et hydrat\u00e9s.<\/p>\r\n\r\n\r\n\r\n<h4 class=\"wp-block-heading\">3. Brossez-vous les cheveux avant de vous coucher<\/h4>\r\n\r\n\r\n\r\n<p>En raison de notre mode de vie, nos cheveux souffrent \u00e9galement et sont affect\u00e9s par le stress, la fatigue, une mauvaise alimentation et les changements climatiques. et bien souvent, nous n&#039;accordons pas au brossage des cheveux l&#039;importance qu&#039;il a r\u00e9ellement, car saviez-vous que lorsque vous vous brossez les cheveux, vous activez la circulation du cuir chevelu et prot\u00e9gez la fibre capillaire ?<\/p>\r\n\r\n\r\n\r\n<p>Il est conseill\u00e9 de se brosser les cheveux quotidiennement au moins deux fois par jour, matin et soir. Si vous pouvez le faire avant la douche, c&#039;est encore mieux. Ce brossage vous aidera \u00e0 \u00e9liminer les peaux mortes et facilitera l\u2019absorption des nutriments.<\/p>\r\n\r\n\r\n\r\n<p>Le brossage doit \u00eatre effectu\u00e9 de la nuque jusqu\u2019au front puis acc\u00e9der aux c\u00f4t\u00e9s. Il est recommand\u00e9 que la brosse ait des poils aux pointes arrondies pour garantir un massage du cuir chevelu sans l&#039;irriter ni l&#039;ab\u00eemer. C&#039;est \u00e9galement une bonne id\u00e9e de nettoyer la brosse chaque semaine avec de l&#039;eau et du savon.<\/p>\r\n\r\n\r\n\r\n<p>Si vous suivez ces \u00e9tapes, vous allez vous amuser\u00a0!<\/p>\r\n\r\n\r\n\r\n<h4 class=\"wp-block-heading\">4. \u00c9vitez les sources de chaleur trop \u00e9lev\u00e9es<\/h4>\r\n\r\n\r\n\r\n<p>Les temp\u00e9ratures \u00e9lev\u00e9es que peuvent atteindre un s\u00e8che-linge ou un fer \u00e0 friser sont incompatibles avec des cheveux vigoureux et brillants. Nous vous recommandons de laver vos cheveux \u00e0 l&#039;eau froide ou ti\u00e8de chaque fois que vous le pouvez et d&#039;utiliser un spray Liquid Keratin pour leur apporter protection et force.<\/p>\r\n\r\n\r\n\r\n<p>N&#039;abusez pas du s\u00e8che-linge et du fer \u00e0 repasser, autant que possible !<\/p>\r\n\r\n\r\n\r\n<h4 class=\"wp-block-heading\">5. Ayez une alimentation \u00e9quilibr\u00e9e<\/h4>\r\n\r\n\r\n\r\n<p>Comme tout dans la vie. Avoir une alimentation saine et \u00e9quilibr\u00e9e est le d\u00e9but et la constante n\u00e9cessaire pour avoir des cheveux sains, brillants et soign\u00e9s.<\/p>\r\n\r\n\r\n\r\n<p>De quels aliments vos cheveux ont-ils besoin ?<\/p>\r\n\r\n\r\n\r\n<ol class=\"wp-block-list\">\r\n<li>Aliments riches en vitamine A comme les \u0153ufs, les l\u00e9gumes, le foie et les huiles d&#039;olive et de tournesol.<\/li>\r\n<li>Aliments riches en vitamine B comme le poisson, le b\u0153uf, le porc et le poulet, les l\u00e9gumineuses et les noix.<\/li>\r\n<li>Des aliments riches en Vitamine C comme l&#039;orange, le kiwi, le pamplemousse, mais aussi les \u00e9pinards et le brocoli.<\/li>\r\n<li>N&#039;oubliez pas le fer apport\u00e9 par la viande rouge ou les l\u00e9gumineuses et l&#039;acide folique issu des c\u00e9r\u00e9ales.<\/li>\r\n<\/ol>\r\n\r\n\r\n\r\n<p>Quel que soit le r\u00e9gime que vous suivez, essayez toujours de fournir \u00e0 vos cheveux tous les nutriments et vitamines n\u00e9cessaires.<\/p>\r\n\r\n\r\n\r\n<p>Nous sommes convaincus que si vous suivez ces \u00e9tapes, vous apprendrez \u00e0 prendre soin de vos cheveux non seulement apr\u00e8s l&#039;\u00e9t\u00e9... mais toute l&#039;ann\u00e9e !<\/p>","protected":false},"excerpt":{"rendered":"<p>Tener el pelo brillante y visiblemente nutrido es uno de los deseos de belleza de muchas mujeres y \u00a1hombres! \u00bfPero c\u00f3mo cuidar tu pelo para conseguir este resultado? La temporada de oto\u00f1o es un momento crucial para iniciar una rutina reparadora del cabello y que luzca brillante. Los efectos del verano a consecuencia del salitre, [&hellip;]<\/p>\n","protected":false},"author":9,"featured_media":21400,"comment_status":"open","ping_status":"closed","sticky":false,"template":"","format":"standard","meta":{"footnotes":"","_wp_rev_ctl_limit":""},"categories":[128,1],"tags":[137,281,280],"class_list":["post-4479","post","type-post","status-publish","format-standard","has-post-thumbnail","hentry","category-capilar","category-todos","tag-agradocosmetic","tag-linea-colorterapia","tag-linea-keratina"],"yoast_head":"<!-- This site is optimized with the Yoast SEO plugin v27.4 - https:\/\/yoast.com\/product\/yoast-seo-wordpress\/ -->\n<title>C\u00f3mo cuidar tu pelo despu\u00e9s del verano - Keratina - Agrado<\/title>\n<meta name=\"description\" content=\"Toma nota de estos 5 consejos para saber c\u00f3mo cuidar el pelo despu\u00e9s de unas merecidas vacaciones. \u00a1Recupera el brillo, fuerza y densidad que ten\u00edas!\" \/>\n<meta name=\"robots\" content=\"index, follow, max-snippet:-1, max-image-preview:large, max-video-preview:-1\" \/>\n<link rel=\"canonical\" href=\"https:\/\/agradocosmetic.com\/fr\/como-cuidar-tu-pelo\/\" \/>\n<meta property=\"og:locale\" content=\"fr_FR\" \/>\n<meta property=\"og:type\" content=\"article\" \/>\n<meta property=\"og:title\" content=\"C\u00f3mo cuidar tu pelo despu\u00e9s del verano - Keratina - Agrado\" \/>\n<meta property=\"og:description\" content=\"Toma nota de estos 5 consejos para saber c\u00f3mo cuidar el pelo despu\u00e9s de unas merecidas vacaciones. \u00a1Recupera el brillo, fuerza y densidad que ten\u00edas!\" \/>\n<meta property=\"og:url\" content=\"https:\/\/agradocosmetic.com\/fr\/como-cuidar-tu-pelo\/\" \/>\n<meta property=\"og:site_name\" content=\"Agrado\" \/>\n<meta property=\"article:published_time\" content=\"2019-09-25T09:32:12+00:00\" \/>\n<meta property=\"article:modified_time\" content=\"2023-11-18T16:58:55+00:00\" \/>\n<meta property=\"og:image\" content=\"https:\/\/agradocosmetic.com\/wp-content\/uploads\/2019\/09\/salud-cabello-otono-agrado.jpg\" \/>\n\t<meta property=\"og:image:width\" content=\"1200\" \/>\n\t<meta property=\"og:image:height\" content=\"800\" \/>\n\t<meta property=\"og:image:type\" content=\"image\/jpeg\" \/>\n<meta name=\"author\" content=\"agradocosmetic\" \/>\n<meta name=\"twitter:card\" content=\"summary_large_image\" \/>\n<meta name=\"twitter:label1\" content=\"\u00c9crit par\" \/>\n\t<meta name=\"twitter:data1\" content=\"agradocosmetic\" \/>\n\t<meta name=\"twitter:label2\" content=\"Dur\u00e9e de lecture estim\u00e9e\" \/>\n\t<meta name=\"twitter:data2\" content=\"4 minutes\" \/>\n<script type=\"application\/ld+json\" class=\"yoast-schema-graph\">{\"@context\":\"https:\\\/\\\/schema.org\",\"@graph\":[{\"@type\":\"Article\",\"@id\":\"https:\\\/\\\/agradocosmetic.com\\\/como-cuidar-tu-pelo\\\/#article\",\"isPartOf\":{\"@id\":\"https:\\\/\\\/agradocosmetic.com\\\/como-cuidar-tu-pelo\\\/\"},\"author\":{\"name\":\"agradocosmetic\",\"@id\":\"https:\\\/\\\/agradocosmetic.com\\\/#\\\/schema\\\/person\\\/732e8d396022e25f9340196f83d6789d\"},\"headline\":\"5 consejos para devolverle la salud a tu cabello este oto\u00f1o\",\"datePublished\":\"2019-09-25T09:32:12+00:00\",\"dateModified\":\"2023-11-18T16:58:55+00:00\",\"mainEntityOfPage\":{\"@id\":\"https:\\\/\\\/agradocosmetic.com\\\/como-cuidar-tu-pelo\\\/\"},\"wordCount\":891,\"commentCount\":0,\"publisher\":{\"@id\":\"https:\\\/\\\/agradocosmetic.com\\\/#organization\"},\"image\":{\"@id\":\"https:\\\/\\\/agradocosmetic.com\\\/como-cuidar-tu-pelo\\\/#primaryimage\"},\"thumbnailUrl\":\"https:\\\/\\\/agradocosmetic.com\\\/wp-content\\\/uploads\\\/2019\\\/09\\\/salud-cabello-otono-agrado.jpg\",\"keywords\":[\"agradocosmetic\",\"linea colorterapia\",\"l\u00ednea keratina\"],\"articleSection\":[\"Capilar\",\"Todos\"],\"inLanguage\":\"fr-FR\",\"potentialAction\":[{\"@type\":\"CommentAction\",\"name\":\"Comment\",\"target\":[\"https:\\\/\\\/agradocosmetic.com\\\/como-cuidar-tu-pelo\\\/#respond\"]}]},{\"@type\":\"WebPage\",\"@id\":\"https:\\\/\\\/agradocosmetic.com\\\/como-cuidar-tu-pelo\\\/\",\"url\":\"https:\\\/\\\/agradocosmetic.com\\\/como-cuidar-tu-pelo\\\/\",\"name\":\"C\u00f3mo cuidar tu pelo despu\u00e9s del verano - Keratina - Agrado\",\"isPartOf\":{\"@id\":\"https:\\\/\\\/agradocosmetic.com\\\/#website\"},\"primaryImageOfPage\":{\"@id\":\"https:\\\/\\\/agradocosmetic.com\\\/como-cuidar-tu-pelo\\\/#primaryimage\"},\"image\":{\"@id\":\"https:\\\/\\\/agradocosmetic.com\\\/como-cuidar-tu-pelo\\\/#primaryimage\"},\"thumbnailUrl\":\"https:\\\/\\\/agradocosmetic.com\\\/wp-content\\\/uploads\\\/2019\\\/09\\\/salud-cabello-otono-agrado.jpg\",\"datePublished\":\"2019-09-25T09:32:12+00:00\",\"dateModified\":\"2023-11-18T16:58:55+00:00\",\"description\":\"Toma nota de estos 5 consejos para saber c\u00f3mo cuidar el pelo despu\u00e9s de unas merecidas vacaciones. \u00a1Recupera el brillo, fuerza y densidad que ten\u00edas!\",\"breadcrumb\":{\"@id\":\"https:\\\/\\\/agradocosmetic.com\\\/como-cuidar-tu-pelo\\\/#breadcrumb\"},\"inLanguage\":\"fr-FR\",\"potentialAction\":[{\"@type\":\"ReadAction\",\"target\":[\"https:\\\/\\\/agradocosmetic.com\\\/como-cuidar-tu-pelo\\\/\"]}]},{\"@type\":\"ImageObject\",\"inLanguage\":\"fr-FR\",\"@id\":\"https:\\\/\\\/agradocosmetic.com\\\/como-cuidar-tu-pelo\\\/#primaryimage\",\"url\":\"https:\\\/\\\/agradocosmetic.com\\\/wp-content\\\/uploads\\\/2019\\\/09\\\/salud-cabello-otono-agrado.jpg\",\"contentUrl\":\"https:\\\/\\\/agradocosmetic.com\\\/wp-content\\\/uploads\\\/2019\\\/09\\\/salud-cabello-otono-agrado.jpg\",\"width\":1200,\"height\":800},{\"@type\":\"BreadcrumbList\",\"@id\":\"https:\\\/\\\/agradocosmetic.com\\\/como-cuidar-tu-pelo\\\/#breadcrumb\",\"itemListElement\":[{\"@type\":\"ListItem\",\"position\":1,\"name\":\"Portada\",\"item\":\"https:\\\/\\\/agradocosmetic.com\\\/\"},{\"@type\":\"ListItem\",\"position\":2,\"name\":\"5 consejos para devolverle la salud a tu cabello este oto\u00f1o\"}]},{\"@type\":\"WebSite\",\"@id\":\"https:\\\/\\\/agradocosmetic.com\\\/#website\",\"url\":\"https:\\\/\\\/agradocosmetic.com\\\/\",\"name\":\"Agrado\",\"description\":\"Cosmetic\",\"publisher\":{\"@id\":\"https:\\\/\\\/agradocosmetic.com\\\/#organization\"},\"potentialAction\":[{\"@type\":\"SearchAction\",\"target\":{\"@type\":\"EntryPoint\",\"urlTemplate\":\"https:\\\/\\\/agradocosmetic.com\\\/?s={search_term_string}\"},\"query-input\":{\"@type\":\"PropertyValueSpecification\",\"valueRequired\":true,\"valueName\":\"search_term_string\"}}],\"inLanguage\":\"fr-FR\"},{\"@type\":\"Organization\",\"@id\":\"https:\\\/\\\/agradocosmetic.com\\\/#organization\",\"name\":\"Agrado\",\"url\":\"https:\\\/\\\/agradocosmetic.com\\\/\",\"logo\":{\"@type\":\"ImageObject\",\"inLanguage\":\"fr-FR\",\"@id\":\"https:\\\/\\\/agradocosmetic.com\\\/#\\\/schema\\\/logo\\\/image\\\/\",\"url\":\"https:\\\/\\\/agradocosmetic.com\\\/wp-content\\\/uploads\\\/2023\\\/07\\\/LOGO-AGRADO-WEB-01.png\",\"contentUrl\":\"https:\\\/\\\/agradocosmetic.com\\\/wp-content\\\/uploads\\\/2023\\\/07\\\/LOGO-AGRADO-WEB-01.png\",\"width\":1632,\"height\":300,\"caption\":\"Agrado\"},\"image\":{\"@id\":\"https:\\\/\\\/agradocosmetic.com\\\/#\\\/schema\\\/logo\\\/image\\\/\"}},{\"@type\":\"Person\",\"@id\":\"https:\\\/\\\/agradocosmetic.com\\\/#\\\/schema\\\/person\\\/732e8d396022e25f9340196f83d6789d\",\"name\":\"agradocosmetic\",\"image\":{\"@type\":\"ImageObject\",\"inLanguage\":\"fr-FR\",\"@id\":\"https:\\\/\\\/secure.gravatar.com\\\/avatar\\\/c6003e45301182b7e125463fcbec403b1980909c12edf09098526b9a15e779c0?s=96&d=mm&r=g\",\"url\":\"https:\\\/\\\/secure.gravatar.com\\\/avatar\\\/c6003e45301182b7e125463fcbec403b1980909c12edf09098526b9a15e779c0?s=96&d=mm&r=g\",\"contentUrl\":\"https:\\\/\\\/secure.gravatar.com\\\/avatar\\\/c6003e45301182b7e125463fcbec403b1980909c12edf09098526b9a15e779c0?s=96&d=mm&r=g\",\"caption\":\"agradocosmetic\"}}]}<\/script>\n<!-- \/ Yoast SEO plugin. -->","yoast_head_json":{"title":"C\u00f3mo cuidar tu pelo despu\u00e9s del verano - Keratina - Agrado","description":"Toma nota de estos 5 consejos para saber c\u00f3mo cuidar el pelo despu\u00e9s de unas merecidas vacaciones. \u00a1Recupera el brillo, fuerza y densidad que ten\u00edas!","robots":{"index":"index","follow":"follow","max-snippet":"max-snippet:-1","max-image-preview":"max-image-preview:large","max-video-preview":"max-video-preview:-1"},"canonical":"https:\/\/agradocosmetic.com\/fr\/como-cuidar-tu-pelo\/","og_locale":"fr_FR","og_type":"article","og_title":"C\u00f3mo cuidar tu pelo despu\u00e9s del verano - Keratina - Agrado","og_description":"Toma nota de estos 5 consejos para saber c\u00f3mo cuidar el pelo despu\u00e9s de unas merecidas vacaciones. \u00a1Recupera el brillo, fuerza y densidad que ten\u00edas!","og_url":"https:\/\/agradocosmetic.com\/fr\/como-cuidar-tu-pelo\/","og_site_name":"Agrado","article_published_time":"2019-09-25T09:32:12+00:00","article_modified_time":"2023-11-18T16:58:55+00:00","og_image":[{"width":1200,"height":800,"url":"https:\/\/agradocosmetic.com\/wp-content\/uploads\/2019\/09\/salud-cabello-otono-agrado.jpg","type":"image\/jpeg"}],"author":"agradocosmetic","twitter_card":"summary_large_image","twitter_misc":{"\u00c9crit par":"agradocosmetic","Dur\u00e9e de lecture estim\u00e9e":"4 minutes"},"schema":{"@context":"https:\/\/schema.org","@graph":[{"@type":"Article","@id":"https:\/\/agradocosmetic.com\/como-cuidar-tu-pelo\/#article","isPartOf":{"@id":"https:\/\/agradocosmetic.com\/como-cuidar-tu-pelo\/"},"author":{"name":"agradocosmetic","@id":"https:\/\/agradocosmetic.com\/#\/schema\/person\/732e8d396022e25f9340196f83d6789d"},"headline":"5 consejos para devolverle la salud a tu cabello este oto\u00f1o","datePublished":"2019-09-25T09:32:12+00:00","dateModified":"2023-11-18T16:58:55+00:00","mainEntityOfPage":{"@id":"https:\/\/agradocosmetic.com\/como-cuidar-tu-pelo\/"},"wordCount":891,"commentCount":0,"publisher":{"@id":"https:\/\/agradocosmetic.com\/#organization"},"image":{"@id":"https:\/\/agradocosmetic.com\/como-cuidar-tu-pelo\/#primaryimage"},"thumbnailUrl":"https:\/\/agradocosmetic.com\/wp-content\/uploads\/2019\/09\/salud-cabello-otono-agrado.jpg","keywords":["agradocosmetic","linea colorterapia","l\u00ednea keratina"],"articleSection":["Capilar","Todos"],"inLanguage":"fr-FR","potentialAction":[{"@type":"CommentAction","name":"Comment","target":["https:\/\/agradocosmetic.com\/como-cuidar-tu-pelo\/#respond"]}]},{"@type":"WebPage","@id":"https:\/\/agradocosmetic.com\/como-cuidar-tu-pelo\/","url":"https:\/\/agradocosmetic.com\/como-cuidar-tu-pelo\/","name":"C\u00f3mo cuidar tu pelo despu\u00e9s del verano - Keratina - Agrado","isPartOf":{"@id":"https:\/\/agradocosmetic.com\/#website"},"primaryImageOfPage":{"@id":"https:\/\/agradocosmetic.com\/como-cuidar-tu-pelo\/#primaryimage"},"image":{"@id":"https:\/\/agradocosmetic.com\/como-cuidar-tu-pelo\/#primaryimage"},"thumbnailUrl":"https:\/\/agradocosmetic.com\/wp-content\/uploads\/2019\/09\/salud-cabello-otono-agrado.jpg","datePublished":"2019-09-25T09:32:12+00:00","dateModified":"2023-11-18T16:58:55+00:00","description":"Toma nota de estos 5 consejos para saber c\u00f3mo cuidar el pelo despu\u00e9s de unas merecidas vacaciones. \u00a1Recupera el brillo, fuerza y densidad que ten\u00edas!","breadcrumb":{"@id":"https:\/\/agradocosmetic.com\/como-cuidar-tu-pelo\/#breadcrumb"},"inLanguage":"fr-FR","potentialAction":[{"@type":"ReadAction","target":["https:\/\/agradocosmetic.com\/como-cuidar-tu-pelo\/"]}]},{"@type":"ImageObject","inLanguage":"fr-FR","@id":"https:\/\/agradocosmetic.com\/como-cuidar-tu-pelo\/#primaryimage","url":"https:\/\/agradocosmetic.com\/wp-content\/uploads\/2019\/09\/salud-cabello-otono-agrado.jpg","contentUrl":"https:\/\/agradocosmetic.com\/wp-content\/uploads\/2019\/09\/salud-cabello-otono-agrado.jpg","width":1200,"height":800},{"@type":"BreadcrumbList","@id":"https:\/\/agradocosmetic.com\/como-cuidar-tu-pelo\/#breadcrumb","itemListElement":[{"@type":"ListItem","position":1,"name":"Portada","item":"https:\/\/agradocosmetic.com\/"},{"@type":"ListItem","position":2,"name":"5 consejos para devolverle la salud a tu cabello este oto\u00f1o"}]},{"@type":"WebSite","@id":"https:\/\/agradocosmetic.com\/#website","url":"https:\/\/agradocosmetic.com\/","name":"Aimer","description":"cosm\u00e9tique","publisher":{"@id":"https:\/\/agradocosmetic.com\/#organization"},"potentialAction":[{"@type":"SearchAction","target":{"@type":"EntryPoint","urlTemplate":"https:\/\/agradocosmetic.com\/?s={search_term_string}"},"query-input":{"@type":"PropertyValueSpecification","valueRequired":true,"valueName":"search_term_string"}}],"inLanguage":"fr-FR"},{"@type":"Organization","@id":"https:\/\/agradocosmetic.com\/#organization","name":"Aimer","url":"https:\/\/agradocosmetic.com\/","logo":{"@type":"ImageObject","inLanguage":"fr-FR","@id":"https:\/\/agradocosmetic.com\/#\/schema\/logo\/image\/","url":"https:\/\/agradocosmetic.com\/wp-content\/uploads\/2023\/07\/LOGO-AGRADO-WEB-01.png","contentUrl":"https:\/\/agradocosmetic.com\/wp-content\/uploads\/2023\/07\/LOGO-AGRADO-WEB-01.png","width":1632,"height":300,"caption":"Agrado"},"image":{"@id":"https:\/\/agradocosmetic.com\/#\/schema\/logo\/image\/"}},{"@type":"Person","@id":"https:\/\/agradocosmetic.com\/#\/schema\/person\/732e8d396022e25f9340196f83d6789d","name":"agradocosm\u00e9tique","image":{"@type":"ImageObject","inLanguage":"fr-FR","@id":"https:\/\/secure.gravatar.com\/avatar\/c6003e45301182b7e125463fcbec403b1980909c12edf09098526b9a15e779c0?s=96&d=mm&r=g","url":"https:\/\/secure.gravatar.com\/avatar\/c6003e45301182b7e125463fcbec403b1980909c12edf09098526b9a15e779c0?s=96&d=mm&r=g","contentUrl":"https:\/\/secure.gravatar.com\/avatar\/c6003e45301182b7e125463fcbec403b1980909c12edf09098526b9a15e779c0?s=96&d=mm&r=g","caption":"agradocosmetic"}}]}},"_links":{"self":[{"href":"https:\/\/agradocosmetic.com\/fr\/wp-json\/wp\/v2\/posts\/4479","targetHints":{"allow":["GET"]}}],"collection":[{"href":"https:\/\/agradocosmetic.com\/fr\/wp-json\/wp\/v2\/posts"}],"about":[{"href":"https:\/\/agradocosmetic.com\/fr\/wp-json\/wp\/v2\/types\/post"}],"author":[{"embeddable":true,"href":"https:\/\/agradocosmetic.com\/fr\/wp-json\/wp\/v2\/users\/9"}],"replies":[{"embeddable":true,"href":"https:\/\/agradocosmetic.com\/fr\/wp-json\/wp\/v2\/comments?post=4479"}],"version-history":[{"count":1,"href":"https:\/\/agradocosmetic.com\/fr\/wp-json\/wp\/v2\/posts\/4479\/revisions"}],"predecessor-version":[{"id":21401,"href":"https:\/\/agradocosmetic.com\/fr\/wp-json\/wp\/v2\/posts\/4479\/revisions\/21401"}],"wp:featuredmedia":[{"embeddable":true,"href":"https:\/\/agradocosmetic.com\/fr\/wp-json\/wp\/v2\/media\/21400"}],"wp:attachment":[{"href":"https:\/\/agradocosmetic.com\/fr\/wp-json\/wp\/v2\/media?parent=4479"}],"wp:term":[{"taxonomy":"category","embeddable":true,"href":"https:\/\/agradocosmetic.com\/fr\/wp-json\/wp\/v2\/categories?post=4479"},{"taxonomy":"post_tag","embeddable":true,"href":"https:\/\/agradocosmetic.com\/fr\/wp-json\/wp\/v2\/tags?post=4479"}],"curies":[{"name":"wp","href":"https:\/\/api.w.org\/{rel}","templated":true}]}}