{"id":4539,"date":"2019-08-02T12:58:37","date_gmt":"2019-08-02T11:58:37","guid":{"rendered":"https:\/\/www.agradocosmetic.com\/?p=4539"},"modified":"2023-11-18T16:58:55","modified_gmt":"2023-11-18T16:58:55","slug":"14-cosas-que-puedes-hacer-para-proteger-la-piel-del-sol","status":"publish","type":"post","link":"https:\/\/agradocosmetic.com\/fr\/14-cosas-que-puedes-hacer-para-proteger-la-piel-del-sol\/","title":{"rendered":"14 choses que vous pouvez faire pour prot\u00e9ger votre peau du soleil"},"content":{"rendered":"<p>Prot\u00e9ger la peau du soleil est une t\u00e2che qui peut s&#039;av\u00e9rer assez fastidieuse et il est possible qu&#039;avec l&#039;agitation et les distractions de la vie quotidienne, nous n\u00e9gligeions certaines pr\u00e9cautions.\u00a0<\/p>\r\n\r\n\r\n\r\n<p>C&#039;est pourquoi nous vous pr\u00e9sentons un\u00a0<em>liste de contr\u00f4le<\/em><em>\u00a0<\/em>de 15 choses \u00e0 faire et \u00e0 \u00e9viter pour garder votre peau saine et sauve. \u00cates-vous pr\u00eat \u00e0 tester vos connaissances ? Allez!\u00a0<\/p>\r\n\r\n\r\n\r\n<h3 class=\"wp-block-heading\"><em>Liste de contr\u00f4le<\/em> pour prot\u00e9ger la peau du soleil<\/h3>\r\n\r\n\r\n\r\n<h4 class=\"wp-block-heading\">1. \u00c9vitez de bronzer aux heures de pointe<\/h4>\r\n\r\n\r\n\r\n<p>Ann\u00e9e apr\u00e8s ann\u00e9e, les m\u00e9dias nous bombardent sur le danger de bronzer entre midi et 16 heures. En effet, pendant ces heures, le rayonnement est trop fort pour que l\u2019on puisse consid\u00e9rer qu\u2019il est s\u00e9curitaire de bronzer sans se br\u00fbler. Organisez donc votre journ\u00e9e de mani\u00e8re \u00e0 \u00e9viter de vous exposer directement au soleil pendant ces heures.\u00a0<\/p>\r\n\r\n\r\n\r\n<h4 class=\"wp-block-heading\">2. Le soleil traque aussi l\u2019ombre\u00a0<\/h4>\r\n\r\n\r\n\r\n<p>Savez-vous que l\u2019on peut aussi se br\u00fbler \u00e0 l\u2019ombre ? C&#039;est comme ca! Bien que les rayons ultraviolets ne soient prot\u00e9g\u00e9s que contre le 50%, ces rayons sont toujours capables de br\u00fbler votre peau.<\/p>\r\n\r\n\r\n\r\n<h4 class=\"wp-block-heading\">3. Soyez proactif\u00a0!\u00a0\u00a0<\/h4>\r\n\r\n\r\n\r\n<p>N&#039;oubliez pas qu&#039;avant de vous exposer au soleil, vous devez avoir appliqu\u00e9 votre cr\u00e8me solaire une demi-heure \u00e0 l&#039;avance pour qu&#039;elle fasse effet et vous prot\u00e8ge ad\u00e9quatement.\u00a0<\/p>\r\n\r\n\r\n\r\n<p>De plus, vous devez \u00e9galement contr\u00f4ler le temps que vous passez au soleil : il est recommand\u00e9 d\u2019appliquer de la cr\u00e8me solaire toutes les deux heures. Alors gardez un \u0153il sur l\u2019heure !\u00a0<\/p>\r\n\r\n\r\n\r\n<h4 class=\"wp-block-heading\">4. Facteur solaire ad\u00e9quat<\/h4>\r\n\r\n\r\n\r\n<p>Chaque personne est diff\u00e9rente, sa peau aussi. De la m\u00eame mani\u00e8re qu\u2019il faut tenir compte du temps d\u2019exposition, il faut savoir quel est le meilleur produit pour votre peau. Vous n&#039;\u00eates pas clair ? Dans la poste\u00a0<a href=\"\/fr\/?p=3494\" target=\"_blank\" rel=\"noreferrer noopener\">\u00ab\u00a0Qu&#039;est-ce que le SPF et de quoi votre peau a-t-elle besoin\u00a0?\u00a0\u00bb<\/a>\u00a0On vous l&#039;explique.\u00a0\u00a0<\/p>\r\n\r\n\r\n\r\n<h4 class=\"wp-block-heading\">5. L&#039;avez-vous appliqu\u00e9 correctement ?<\/h4>\r\n\r\n\r\n\r\n<p>L\u2019une des erreurs que nous commettons habituellement est de ne pas appliquer suffisamment de cr\u00e8me. La quantit\u00e9 id\u00e9ale est de 35 grammes pour l\u2019ensemble du corps, soit environ 6 cuill\u00e8res \u00e0 caf\u00e9 de caf\u00e9.<\/p>\r\n\r\n\r\n\r\n<h4 class=\"wp-block-heading\">6. La cr\u00e8me solaire expire !<\/h4>\r\n\r\n\r\n\r\n<p>Ou du moins, il perd de son efficacit\u00e9 et, par cons\u00e9quent, son indice de protection diminue d&#039;une ann\u00e9e sur l&#039;autre. Cela se produit \u00e0 cause de l&#039;oxydation, donc si vous remarquez que votre cr\u00e8me a chang\u00e9 de couleur, d&#039;odeur ou de texture, il est temps d&#039;en acheter une nouvelle.\u00a0\u00a0<\/p>\r\n\r\n\r\n\r\n<h4 class=\"wp-block-heading\">7. Si vous avez \u00e9t\u00e9 br\u00fbl\u00e9, il est temps de vous reposer !<\/h4>\r\n\r\n\r\n\r\n<p>C&#039;est vrai, si vous avez trop \u00e9t\u00e9 expos\u00e9 au soleil, les experts recommandent de ne pas s&#039;exposer au soleil jusqu&#039;\u00e0 ce que nos br\u00fblures soient gu\u00e9ries.\u00a0<\/p>\r\n\r\n\r\n\r\n<h4 class=\"wp-block-heading\">8. Obtenez un bronzage naturel<\/h4>\r\n\r\n\r\n\r\n<p>N&#039;oubliez pas de vous d\u00e9maquiller et de ne pas vous parfumer lorsque vous allez bronzer, car vous pourriez vous retrouver avec des taches sur votre peau.\u00a0<\/p>\r\n\r\n\r\n\r\n<h4 class=\"wp-block-heading\">9. Une peau saine est une peau qui bronze mieux<\/h4>\r\n\r\n\r\n\r\n<p>Gardez votre peau hydrat\u00e9e avant m\u00eame de vous exposer au soleil.\u00a0<\/p>\r\n\r\n\r\n\r\n<h4 class=\"wp-block-heading\">10. Prot\u00e9gez-vous de l\u2019int\u00e9rieur<\/h4>\r\n\r\n\r\n\r\n<p>Prot\u00e9ger la peau n\u2019est pas seulement une question de cr\u00e8mes, c\u2019est aussi une question de nutrition. Pour que votre peau soit saine, les experts recommandent de manger des fruits, des l\u00e9gumes et des c\u00e9r\u00e9ales frais, car ce sont des aliments riches en fibres et en antioxydants.\u00a0\u00a0<\/p>\r\n\r\n\r\n\r\n<h4 class=\"wp-block-heading\">11. Les v\u00eatements prot\u00e8gent aussi !<\/h4>\r\n\r\n\r\n\r\n<p>Mais attention, tous les tissus ne sont pas aussi efficaces pour prot\u00e9ger des rayons du soleil. Le polyester et la rayonne sont des tissus adapt\u00e9s, car ils ne laissent pas passer autant de rayons que d&#039;autres tissus comme la soie ou le coton. De plus, il faut \u00e9galement prendre en compte la couleur, la densit\u00e9 des fibres et l\u2019\u00e9paisseur.\u00a0\u00a0<\/p>\r\n\r\n\r\n\r\n<h4 class=\"wp-block-heading\">12. Et la t\u00eate ?<\/h4>\r\n\r\n\r\n\r\n<p>On oublie souvent que le cuir chevelu est aussi de la peau. Nous devons donc nous prot\u00e9ger en nous couvrant la t\u00eate avec un chapeau ou une casquette.\u00a0\u00a0<\/p>\r\n\r\n\r\n\r\n<h4 class=\"wp-block-heading\">13. Chaque partie avec sa cr\u00e8me<\/h4>\r\n\r\n\r\n\r\n<p>Toute la peau de notre corps n\u2019est pas la m\u00eame. La peau du visage par exemple est plus fine et plus poreuse, donc plus sensible. C&#039;est pourquoi il faut le prot\u00e9ger avec des cr\u00e8mes sp\u00e9cialement cr\u00e9\u00e9es \u00e0 cet effet. La m\u00eame chose se produit avec les l\u00e8vres, le cou, le d\u00e9collet\u00e9 et les oreilles. Ne les n\u00e9gligez pas !\u00a0<\/p>\r\n\r\n\r\n\r\n<h4 class=\"wp-block-heading\">14. Ajoutez des lunettes de soleil \u00e0 votre <em>tenue<\/em>\u00a0<\/h4>\r\n\r\n\r\n\r\n<p>Les dommages \u00e0 la corn\u00e9e et \u00e0 la r\u00e9tine se multiplient avec l\u2019arriv\u00e9e de l\u2019\u00e9t\u00e9, et nous passons plus de temps dehors \u00e0 profiter du beau temps et du soleil. Procurez-vous des lunettes de soleil\u00a0! Assurez-vous qu&#039;ils sont approuv\u00e9s et bloquent entre 99 et 100% du rayonnement ultraviolet.\u00a0\u00a0<\/p>\r\n\r\n\r\n\r\n<h4 class=\"wp-block-heading\"><strong>Les lots pour les filles intelligentes d&#039;Agrado<\/strong>\u202f\u00a0<\/h4>\r\n\r\n\r\n\r\n<p>La gamme de <a href=\"\/fr\/?page_id=3481\">Cr\u00e8mes solaires Agrado<\/a> Il est con\u00e7u pour prot\u00e9ger votre peau du rayonnement solaire d\u00e8s le premier jour d\u2019exposition. Nos cr\u00e8mes solaires sont pr\u00e9par\u00e9es pour prot\u00e9ger votre peau du soleil avec un <strong>large gamme de produits<\/strong>. Depuis le <a href=\"\/fr\/?p=3567\">Huile de protection solaire 8SPF, 10SPF et 20SPF<\/a>, que nous vous recommandons de compl\u00e9ter avec la gamme de protections <a href=\"\/fr\/?p=1814\">Brume S\u00e8che Solaire 15SPF, 30SPF ou 50SPF<\/a>, aux derni\u00e8res formules pour prot\u00e9ger votre visage telles que <a href=\"\/fr\/?p=3558\">Mousse pour le visage ou brume pour le visage<\/a>. En revanche, si ce que vous recherchez est d&#039;hydrater et de r\u00e9cup\u00e9rer votre peau apr\u00e8s un bain de soleil, vous ne pouvez pas manquer l&#039;offre <a href=\"\/fr\/?p=1837\">Apr\u00e8s Soleil Hydrocalmant et Aloe Vera<\/a>.\u00a0<\/p>\r\n\r\n\r\n\r\n<p>Chez Agrado nous avons aussi pens\u00e9 aux plus petits et pour eux vous trouverez \u00e9galement le protecteur <a href=\"\/fr\/?p=3578\">Brume S\u00e8che Solaire 50SPF et 50+SPF<\/a> pour les peaux sensibles.\u00a0<\/p>\r\n\r\n\r\n\r\n<p>De plus, les cr\u00e8mes solaires Agrado poss\u00e8dent une formule de protection sp\u00e9cifique \u00e0 large spectre, prot\u00e9geant votre peau des rayons UVA mais \u00e9galement des rayons UVB, les plus nocifs pour la peau.\u00a0<\/p>\r\n\r\n\r\n\r\n<p>Cet \u00e9t\u00e9, l\u00e2chez vos cheveux, ne vous souciez de rien sauf de votre peau. Suivez tous nos conseils sur #solaresparachicaslistas.\u00a0<\/p>\r\n\r\n\r\n\r\n<p>Entre en <a href=\"https:\/\/agradocosmetic.com\/fr\/\">www.solaresparachicaslistas.com<\/a>, d\u00e9couvrez notre gamme de parcelles 2019 et d\u00e9couvrez les nombreuses surprises que nous vous avons pr\u00e9par\u00e9es.\u00a0<\/p>","protected":false},"excerpt":{"rendered":"<p>Proteger la piel del sol es una tarea que puede llegar a ser bastante tediosa, y puede que, con las prisas y los despistes del d\u00eda a d\u00eda, se nos pase por alto alguna precauci\u00f3n.\u00a0 Por eso\u00a0te presentamos un\u00a0checklist\u00a0de\u00a015\u00a0cosas a hacer y a evitar para mantener tu piel sana y salva. \u00bfEst\u00e1s preparada para poner [&hellip;]<\/p>\n","protected":false},"author":9,"featured_media":21406,"comment_status":"open","ping_status":"closed","sticky":false,"template":"","format":"standard","meta":{"footnotes":"","_wp_rev_ctl_limit":""},"categories":[116,1],"tags":[126,137,276,277],"class_list":["post-4539","post","type-post","status-publish","format-standard","has-post-thumbnail","hentry","category-solar","category-todos","tag-agrado","tag-agradocosmetic","tag-protectores-solares","tag-solaresparachicaslistas"],"yoast_head":"<!-- This site is optimized with the Yoast SEO plugin v27.4 - https:\/\/yoast.com\/product\/yoast-seo-wordpress\/ -->\n<title>14 cosas que puedes hacer para proteger la piel del sol - Agrado<\/title>\n<meta name=\"robots\" content=\"index, follow, max-snippet:-1, max-image-preview:large, max-video-preview:-1\" \/>\n<link rel=\"canonical\" href=\"https:\/\/agradocosmetic.com\/fr\/14-cosas-que-puedes-hacer-para-proteger-la-piel-del-sol\/\" \/>\n<meta property=\"og:locale\" content=\"fr_FR\" \/>\n<meta property=\"og:type\" content=\"article\" \/>\n<meta property=\"og:title\" content=\"14 cosas que puedes hacer para proteger la piel del sol - Agrado\" \/>\n<meta property=\"og:description\" content=\"Proteger la piel del sol es una tarea que puede llegar a ser bastante tediosa, y puede que, con las prisas y los despistes del d\u00eda a d\u00eda, se nos pase por alto alguna precauci\u00f3n.\u00a0 Por eso\u00a0te presentamos un\u00a0checklist\u00a0de\u00a015\u00a0cosas a hacer y a evitar para mantener tu piel sana y salva. \u00bfEst\u00e1s preparada para poner [&hellip;]\" \/>\n<meta property=\"og:url\" content=\"https:\/\/agradocosmetic.com\/fr\/14-cosas-que-puedes-hacer-para-proteger-la-piel-del-sol\/\" \/>\n<meta property=\"og:site_name\" content=\"Agrado\" \/>\n<meta property=\"article:published_time\" content=\"2019-08-02T11:58:37+00:00\" \/>\n<meta property=\"article:modified_time\" content=\"2023-11-18T16:58:55+00:00\" \/>\n<meta property=\"og:image\" content=\"https:\/\/agradocosmetic.com\/wp-content\/uploads\/2019\/08\/proteger-piel-sol-agrado.jpg\" \/>\n\t<meta property=\"og:image:width\" content=\"1200\" \/>\n\t<meta property=\"og:image:height\" content=\"800\" \/>\n\t<meta property=\"og:image:type\" content=\"image\/jpeg\" \/>\n<meta name=\"author\" content=\"agradocosmetic\" \/>\n<meta name=\"twitter:card\" content=\"summary_large_image\" \/>\n<meta name=\"twitter:label1\" content=\"\u00c9crit par\" \/>\n\t<meta name=\"twitter:data1\" content=\"agradocosmetic\" \/>\n\t<meta name=\"twitter:label2\" content=\"Dur\u00e9e de lecture estim\u00e9e\" \/>\n\t<meta name=\"twitter:data2\" content=\"5 minutes\" \/>\n<script type=\"application\/ld+json\" class=\"yoast-schema-graph\">{\"@context\":\"https:\\\/\\\/schema.org\",\"@graph\":[{\"@type\":\"Article\",\"@id\":\"https:\\\/\\\/agradocosmetic.com\\\/14-cosas-que-puedes-hacer-para-proteger-la-piel-del-sol\\\/#article\",\"isPartOf\":{\"@id\":\"https:\\\/\\\/agradocosmetic.com\\\/14-cosas-que-puedes-hacer-para-proteger-la-piel-del-sol\\\/\"},\"author\":{\"name\":\"agradocosmetic\",\"@id\":\"https:\\\/\\\/agradocosmetic.com\\\/#\\\/schema\\\/person\\\/732e8d396022e25f9340196f83d6789d\"},\"headline\":\"14 cosas que puedes hacer para proteger la piel del sol\",\"datePublished\":\"2019-08-02T11:58:37+00:00\",\"dateModified\":\"2023-11-18T16:58:55+00:00\",\"mainEntityOfPage\":{\"@id\":\"https:\\\/\\\/agradocosmetic.com\\\/14-cosas-que-puedes-hacer-para-proteger-la-piel-del-sol\\\/\"},\"wordCount\":998,\"commentCount\":0,\"publisher\":{\"@id\":\"https:\\\/\\\/agradocosmetic.com\\\/#organization\"},\"image\":{\"@id\":\"https:\\\/\\\/agradocosmetic.com\\\/14-cosas-que-puedes-hacer-para-proteger-la-piel-del-sol\\\/#primaryimage\"},\"thumbnailUrl\":\"https:\\\/\\\/agradocosmetic.com\\\/wp-content\\\/uploads\\\/2019\\\/08\\\/proteger-piel-sol-agrado.jpg\",\"keywords\":[\"agrado\",\"agradocosmetic\",\"protectores solares\",\"solaresparachicaslistas\"],\"articleSection\":[\"Solar\",\"Todos\"],\"inLanguage\":\"fr-FR\",\"potentialAction\":[{\"@type\":\"CommentAction\",\"name\":\"Comment\",\"target\":[\"https:\\\/\\\/agradocosmetic.com\\\/14-cosas-que-puedes-hacer-para-proteger-la-piel-del-sol\\\/#respond\"]}]},{\"@type\":\"WebPage\",\"@id\":\"https:\\\/\\\/agradocosmetic.com\\\/14-cosas-que-puedes-hacer-para-proteger-la-piel-del-sol\\\/\",\"url\":\"https:\\\/\\\/agradocosmetic.com\\\/14-cosas-que-puedes-hacer-para-proteger-la-piel-del-sol\\\/\",\"name\":\"14 cosas que puedes hacer para proteger la piel del sol - Agrado\",\"isPartOf\":{\"@id\":\"https:\\\/\\\/agradocosmetic.com\\\/#website\"},\"primaryImageOfPage\":{\"@id\":\"https:\\\/\\\/agradocosmetic.com\\\/14-cosas-que-puedes-hacer-para-proteger-la-piel-del-sol\\\/#primaryimage\"},\"image\":{\"@id\":\"https:\\\/\\\/agradocosmetic.com\\\/14-cosas-que-puedes-hacer-para-proteger-la-piel-del-sol\\\/#primaryimage\"},\"thumbnailUrl\":\"https:\\\/\\\/agradocosmetic.com\\\/wp-content\\\/uploads\\\/2019\\\/08\\\/proteger-piel-sol-agrado.jpg\",\"datePublished\":\"2019-08-02T11:58:37+00:00\",\"dateModified\":\"2023-11-18T16:58:55+00:00\",\"breadcrumb\":{\"@id\":\"https:\\\/\\\/agradocosmetic.com\\\/14-cosas-que-puedes-hacer-para-proteger-la-piel-del-sol\\\/#breadcrumb\"},\"inLanguage\":\"fr-FR\",\"potentialAction\":[{\"@type\":\"ReadAction\",\"target\":[\"https:\\\/\\\/agradocosmetic.com\\\/14-cosas-que-puedes-hacer-para-proteger-la-piel-del-sol\\\/\"]}]},{\"@type\":\"ImageObject\",\"inLanguage\":\"fr-FR\",\"@id\":\"https:\\\/\\\/agradocosmetic.com\\\/14-cosas-que-puedes-hacer-para-proteger-la-piel-del-sol\\\/#primaryimage\",\"url\":\"https:\\\/\\\/agradocosmetic.com\\\/wp-content\\\/uploads\\\/2019\\\/08\\\/proteger-piel-sol-agrado.jpg\",\"contentUrl\":\"https:\\\/\\\/agradocosmetic.com\\\/wp-content\\\/uploads\\\/2019\\\/08\\\/proteger-piel-sol-agrado.jpg\",\"width\":1200,\"height\":800},{\"@type\":\"BreadcrumbList\",\"@id\":\"https:\\\/\\\/agradocosmetic.com\\\/14-cosas-que-puedes-hacer-para-proteger-la-piel-del-sol\\\/#breadcrumb\",\"itemListElement\":[{\"@type\":\"ListItem\",\"position\":1,\"name\":\"Portada\",\"item\":\"https:\\\/\\\/agradocosmetic.com\\\/\"},{\"@type\":\"ListItem\",\"position\":2,\"name\":\"14 cosas que puedes hacer para proteger la piel del sol\"}]},{\"@type\":\"WebSite\",\"@id\":\"https:\\\/\\\/agradocosmetic.com\\\/#website\",\"url\":\"https:\\\/\\\/agradocosmetic.com\\\/\",\"name\":\"Agrado\",\"description\":\"Cosmetic\",\"publisher\":{\"@id\":\"https:\\\/\\\/agradocosmetic.com\\\/#organization\"},\"potentialAction\":[{\"@type\":\"SearchAction\",\"target\":{\"@type\":\"EntryPoint\",\"urlTemplate\":\"https:\\\/\\\/agradocosmetic.com\\\/?s={search_term_string}\"},\"query-input\":{\"@type\":\"PropertyValueSpecification\",\"valueRequired\":true,\"valueName\":\"search_term_string\"}}],\"inLanguage\":\"fr-FR\"},{\"@type\":\"Organization\",\"@id\":\"https:\\\/\\\/agradocosmetic.com\\\/#organization\",\"name\":\"Agrado\",\"url\":\"https:\\\/\\\/agradocosmetic.com\\\/\",\"logo\":{\"@type\":\"ImageObject\",\"inLanguage\":\"fr-FR\",\"@id\":\"https:\\\/\\\/agradocosmetic.com\\\/#\\\/schema\\\/logo\\\/image\\\/\",\"url\":\"https:\\\/\\\/agradocosmetic.com\\\/wp-content\\\/uploads\\\/2023\\\/07\\\/LOGO-AGRADO-WEB-01.png\",\"contentUrl\":\"https:\\\/\\\/agradocosmetic.com\\\/wp-content\\\/uploads\\\/2023\\\/07\\\/LOGO-AGRADO-WEB-01.png\",\"width\":1632,\"height\":300,\"caption\":\"Agrado\"},\"image\":{\"@id\":\"https:\\\/\\\/agradocosmetic.com\\\/#\\\/schema\\\/logo\\\/image\\\/\"}},{\"@type\":\"Person\",\"@id\":\"https:\\\/\\\/agradocosmetic.com\\\/#\\\/schema\\\/person\\\/732e8d396022e25f9340196f83d6789d\",\"name\":\"agradocosmetic\",\"image\":{\"@type\":\"ImageObject\",\"inLanguage\":\"fr-FR\",\"@id\":\"https:\\\/\\\/secure.gravatar.com\\\/avatar\\\/c6003e45301182b7e125463fcbec403b1980909c12edf09098526b9a15e779c0?s=96&d=mm&r=g\",\"url\":\"https:\\\/\\\/secure.gravatar.com\\\/avatar\\\/c6003e45301182b7e125463fcbec403b1980909c12edf09098526b9a15e779c0?s=96&d=mm&r=g\",\"contentUrl\":\"https:\\\/\\\/secure.gravatar.com\\\/avatar\\\/c6003e45301182b7e125463fcbec403b1980909c12edf09098526b9a15e779c0?s=96&d=mm&r=g\",\"caption\":\"agradocosmetic\"}}]}<\/script>\n<!-- \/ Yoast SEO plugin. -->","yoast_head_json":{"title":"14 cosas que puedes hacer para proteger la piel del sol - Agrado","robots":{"index":"index","follow":"follow","max-snippet":"max-snippet:-1","max-image-preview":"max-image-preview:large","max-video-preview":"max-video-preview:-1"},"canonical":"https:\/\/agradocosmetic.com\/fr\/14-cosas-que-puedes-hacer-para-proteger-la-piel-del-sol\/","og_locale":"fr_FR","og_type":"article","og_title":"14 cosas que puedes hacer para proteger la piel del sol - Agrado","og_description":"Proteger la piel del sol es una tarea que puede llegar a ser bastante tediosa, y puede que, con las prisas y los despistes del d\u00eda a d\u00eda, se nos pase por alto alguna precauci\u00f3n.\u00a0 Por eso\u00a0te presentamos un\u00a0checklist\u00a0de\u00a015\u00a0cosas a hacer y a evitar para mantener tu piel sana y salva. \u00bfEst\u00e1s preparada para poner [&hellip;]","og_url":"https:\/\/agradocosmetic.com\/fr\/14-cosas-que-puedes-hacer-para-proteger-la-piel-del-sol\/","og_site_name":"Agrado","article_published_time":"2019-08-02T11:58:37+00:00","article_modified_time":"2023-11-18T16:58:55+00:00","og_image":[{"width":1200,"height":800,"url":"https:\/\/agradocosmetic.com\/wp-content\/uploads\/2019\/08\/proteger-piel-sol-agrado.jpg","type":"image\/jpeg"}],"author":"agradocosmetic","twitter_card":"summary_large_image","twitter_misc":{"\u00c9crit par":"agradocosmetic","Dur\u00e9e de lecture estim\u00e9e":"5 minutes"},"schema":{"@context":"https:\/\/schema.org","@graph":[{"@type":"Article","@id":"https:\/\/agradocosmetic.com\/14-cosas-que-puedes-hacer-para-proteger-la-piel-del-sol\/#article","isPartOf":{"@id":"https:\/\/agradocosmetic.com\/14-cosas-que-puedes-hacer-para-proteger-la-piel-del-sol\/"},"author":{"name":"agradocosmetic","@id":"https:\/\/agradocosmetic.com\/#\/schema\/person\/732e8d396022e25f9340196f83d6789d"},"headline":"14 cosas que puedes hacer para proteger la piel del sol","datePublished":"2019-08-02T11:58:37+00:00","dateModified":"2023-11-18T16:58:55+00:00","mainEntityOfPage":{"@id":"https:\/\/agradocosmetic.com\/14-cosas-que-puedes-hacer-para-proteger-la-piel-del-sol\/"},"wordCount":998,"commentCount":0,"publisher":{"@id":"https:\/\/agradocosmetic.com\/#organization"},"image":{"@id":"https:\/\/agradocosmetic.com\/14-cosas-que-puedes-hacer-para-proteger-la-piel-del-sol\/#primaryimage"},"thumbnailUrl":"https:\/\/agradocosmetic.com\/wp-content\/uploads\/2019\/08\/proteger-piel-sol-agrado.jpg","keywords":["agrado","agradocosmetic","protectores solares","solaresparachicaslistas"],"articleSection":["Solar","Todos"],"inLanguage":"fr-FR","potentialAction":[{"@type":"CommentAction","name":"Comment","target":["https:\/\/agradocosmetic.com\/14-cosas-que-puedes-hacer-para-proteger-la-piel-del-sol\/#respond"]}]},{"@type":"WebPage","@id":"https:\/\/agradocosmetic.com\/14-cosas-que-puedes-hacer-para-proteger-la-piel-del-sol\/","url":"https:\/\/agradocosmetic.com\/14-cosas-que-puedes-hacer-para-proteger-la-piel-del-sol\/","name":"14 cosas que puedes hacer para proteger la piel del sol - Agrado","isPartOf":{"@id":"https:\/\/agradocosmetic.com\/#website"},"primaryImageOfPage":{"@id":"https:\/\/agradocosmetic.com\/14-cosas-que-puedes-hacer-para-proteger-la-piel-del-sol\/#primaryimage"},"image":{"@id":"https:\/\/agradocosmetic.com\/14-cosas-que-puedes-hacer-para-proteger-la-piel-del-sol\/#primaryimage"},"thumbnailUrl":"https:\/\/agradocosmetic.com\/wp-content\/uploads\/2019\/08\/proteger-piel-sol-agrado.jpg","datePublished":"2019-08-02T11:58:37+00:00","dateModified":"2023-11-18T16:58:55+00:00","breadcrumb":{"@id":"https:\/\/agradocosmetic.com\/14-cosas-que-puedes-hacer-para-proteger-la-piel-del-sol\/#breadcrumb"},"inLanguage":"fr-FR","potentialAction":[{"@type":"ReadAction","target":["https:\/\/agradocosmetic.com\/14-cosas-que-puedes-hacer-para-proteger-la-piel-del-sol\/"]}]},{"@type":"ImageObject","inLanguage":"fr-FR","@id":"https:\/\/agradocosmetic.com\/14-cosas-que-puedes-hacer-para-proteger-la-piel-del-sol\/#primaryimage","url":"https:\/\/agradocosmetic.com\/wp-content\/uploads\/2019\/08\/proteger-piel-sol-agrado.jpg","contentUrl":"https:\/\/agradocosmetic.com\/wp-content\/uploads\/2019\/08\/proteger-piel-sol-agrado.jpg","width":1200,"height":800},{"@type":"BreadcrumbList","@id":"https:\/\/agradocosmetic.com\/14-cosas-que-puedes-hacer-para-proteger-la-piel-del-sol\/#breadcrumb","itemListElement":[{"@type":"ListItem","position":1,"name":"Portada","item":"https:\/\/agradocosmetic.com\/"},{"@type":"ListItem","position":2,"name":"14 cosas que puedes hacer para proteger la piel del sol"}]},{"@type":"WebSite","@id":"https:\/\/agradocosmetic.com\/#website","url":"https:\/\/agradocosmetic.com\/","name":"Aimer","description":"cosm\u00e9tique","publisher":{"@id":"https:\/\/agradocosmetic.com\/#organization"},"potentialAction":[{"@type":"SearchAction","target":{"@type":"EntryPoint","urlTemplate":"https:\/\/agradocosmetic.com\/?s={search_term_string}"},"query-input":{"@type":"PropertyValueSpecification","valueRequired":true,"valueName":"search_term_string"}}],"inLanguage":"fr-FR"},{"@type":"Organization","@id":"https:\/\/agradocosmetic.com\/#organization","name":"Aimer","url":"https:\/\/agradocosmetic.com\/","logo":{"@type":"ImageObject","inLanguage":"fr-FR","@id":"https:\/\/agradocosmetic.com\/#\/schema\/logo\/image\/","url":"https:\/\/agradocosmetic.com\/wp-content\/uploads\/2023\/07\/LOGO-AGRADO-WEB-01.png","contentUrl":"https:\/\/agradocosmetic.com\/wp-content\/uploads\/2023\/07\/LOGO-AGRADO-WEB-01.png","width":1632,"height":300,"caption":"Agrado"},"image":{"@id":"https:\/\/agradocosmetic.com\/#\/schema\/logo\/image\/"}},{"@type":"Person","@id":"https:\/\/agradocosmetic.com\/#\/schema\/person\/732e8d396022e25f9340196f83d6789d","name":"agradocosm\u00e9tique","image":{"@type":"ImageObject","inLanguage":"fr-FR","@id":"https:\/\/secure.gravatar.com\/avatar\/c6003e45301182b7e125463fcbec403b1980909c12edf09098526b9a15e779c0?s=96&d=mm&r=g","url":"https:\/\/secure.gravatar.com\/avatar\/c6003e45301182b7e125463fcbec403b1980909c12edf09098526b9a15e779c0?s=96&d=mm&r=g","contentUrl":"https:\/\/secure.gravatar.com\/avatar\/c6003e45301182b7e125463fcbec403b1980909c12edf09098526b9a15e779c0?s=96&d=mm&r=g","caption":"agradocosmetic"}}]}},"_links":{"self":[{"href":"https:\/\/agradocosmetic.com\/fr\/wp-json\/wp\/v2\/posts\/4539","targetHints":{"allow":["GET"]}}],"collection":[{"href":"https:\/\/agradocosmetic.com\/fr\/wp-json\/wp\/v2\/posts"}],"about":[{"href":"https:\/\/agradocosmetic.com\/fr\/wp-json\/wp\/v2\/types\/post"}],"author":[{"embeddable":true,"href":"https:\/\/agradocosmetic.com\/fr\/wp-json\/wp\/v2\/users\/9"}],"replies":[{"embeddable":true,"href":"https:\/\/agradocosmetic.com\/fr\/wp-json\/wp\/v2\/comments?post=4539"}],"version-history":[{"count":1,"href":"https:\/\/agradocosmetic.com\/fr\/wp-json\/wp\/v2\/posts\/4539\/revisions"}],"predecessor-version":[{"id":21407,"href":"https:\/\/agradocosmetic.com\/fr\/wp-json\/wp\/v2\/posts\/4539\/revisions\/21407"}],"wp:featuredmedia":[{"embeddable":true,"href":"https:\/\/agradocosmetic.com\/fr\/wp-json\/wp\/v2\/media\/21406"}],"wp:attachment":[{"href":"https:\/\/agradocosmetic.com\/fr\/wp-json\/wp\/v2\/media?parent=4539"}],"wp:term":[{"taxonomy":"category","embeddable":true,"href":"https:\/\/agradocosmetic.com\/fr\/wp-json\/wp\/v2\/categories?post=4539"},{"taxonomy":"post_tag","embeddable":true,"href":"https:\/\/agradocosmetic.com\/fr\/wp-json\/wp\/v2\/tags?post=4539"}],"curies":[{"name":"wp","href":"https:\/\/api.w.org\/{rel}","templated":true}]}}