{"id":5731,"date":"2019-11-20T09:14:33","date_gmt":"2019-11-20T08:14:33","guid":{"rendered":"https:\/\/www.agradocosmetic.com\/?p=5731"},"modified":"2023-11-18T16:58:55","modified_gmt":"2023-11-18T16:58:55","slug":"tienes-la-piel-atopica-tenemos-un-gel-micelar-para-ti","status":"publish","type":"post","link":"https:\/\/agradocosmetic.com\/fr\/tienes-la-piel-atopica-tenemos-un-gel-micelar-para-ti\/","title":{"rendered":"Vous avez une peau atopique ? Nous avons un gel micellaire pour vous"},"content":{"rendered":"<p>Il existe de nombreux types de peaux : grasses, s\u00e8ches ou mixtes. Mais il existe aussi des peaux qui souffrent de desquamation, d&#039;irritations et de d\u00e9mangeaisons. Ce type de peau est appel\u00e9 peau atopique. En g\u00e9n\u00e9ral, c&#039;est une peau s\u00e8che, qui contient peu d&#039;eau et d&#039;huile, et est donc plus facilement irrit\u00e9e.<\/p>\r\n\r\n\r\n\r\n<p><strong>Quelles sont les causes qui provoquent ce type de peau ?<\/strong><\/p>\r\n\r\n\r\n\r\n<p>De multiples facteurs tels que l&#039;environnement, les allergies, l&#039;alimentation et m\u00eame les v\u00eatements que nous portons ou les d\u00e9tergents avec lesquels nous nous lavons peuvent provoquer une peau atopique. Mais c\u2019est surtout une cause g\u00e9n\u00e9tique.<\/p>\r\n\r\n\r\n\r\n<p>Notre <strong>habitudes de vie<\/strong> Ils peuvent \u00eatre \u00e0 l\u2019origine de l\u2019apparition ou de l\u2019aggravation de cette affection : manque de sommeil et stress principalement.<\/p>\r\n\r\n\r\n\r\n<p>La dermatite atopique est une maladie qui touche les enfants et les adultes, m\u00eame s&#039;il est vrai qu&#039;elle touche davantage les b\u00e9b\u00e9s et les jeunes enfants. Vous pouvez le voir dans des zones telles que les coudes, les genoux, les poignets, les jambes, les fesses et m\u00eame le cuir chevelu.<\/p>\r\n\r\n\r\n\r\n<p><strong>Peut-on pr\u00e9venir la peau atopique ?<\/strong><\/p>\r\n\r\n\r\n\r\n<p>Puisqu\u2019il a une composante g\u00e9n\u00e9tique \u00e9lev\u00e9e, ce n\u2019est pas un trouble qui peut \u00eatre \u00e9vit\u00e9. En revanche, nous pouvons le contr\u00f4ler, le minimiser et soulager les sympt\u00f4mes.<\/p>\r\n\r\n\r\n\r\n<p>Chez Agrado Cosmetic nous avons \u00e0 votre disposition un <a href=\"\/fr\/?p=143\" target=\"_blank\" rel=\"noreferrer noopener\" aria-label=\" (ouvre dans un nouvel onglet)\">Savon Micellaire<\/a> Sp\u00e9cifique \u00e0 ce type de peau, il vous aidera s\u00fbrement \u00e0 soulager les sympt\u00f4mes.<\/p>\r\n\r\n\r\n\r\n<p>Une bonne hydratation et une eau pas trop chaude sous la douche sont de bonnes id\u00e9es pour prendre soin de ce type de peau. Sous la douche \u00e9galement, vous pouvez utiliser le savon micellaire Agrado pour nettoyer votre corps sans endommager votre peau.<\/p>\r\n\r\n\r\n\r\n<p>D\u2019autres choses que vous pouvez faire pour contr\u00f4ler votre dermatite atopique sont de contr\u00f4ler le stress, de faire du sport quotidiennement, de garder des moments de calme pour vous, etc.<\/p>\r\n\r\n\r\n\r\n<p>Prenez note de ces conseils de base\u00a0:<\/p>\r\n\r\n\r\n\r\n<ul class=\"wp-block-list\">\r\n<li>\u00c9vitez les temp\u00e9ratures extr\u00eames en \u00e9t\u00e9 comme en hiver.<\/li>\r\n<\/ul>\r\n\r\n\r\n\r\n<ul class=\"wp-block-list\">\r\n<li>Utilisez du coton et \u00e9vitez le nylon et la laine.<\/li>\r\n<\/ul>\r\n\r\n\r\n\r\n<ul class=\"wp-block-list\">\r\n<li>Essayez de laver les v\u00eatements neufs avant de les porter pour \u00e9viter d&#039;\u00e9ventuelles allergies.<\/li>\r\n<\/ul>\r\n\r\n\r\n\r\n<ul class=\"wp-block-list\">\r\n<li>\u00c9vitez de vous frotter la peau apr\u00e8s la douche.<\/li>\r\n<\/ul>\r\n\r\n\r\n\r\n<ul class=\"wp-block-list\">\r\n<li>Ayez une alimentation \u00e9quilibr\u00e9e, en \u00e9vitant les stimulants comme la caf\u00e9ine ou la th\u00e9ine.<\/li>\r\n<\/ul>\r\n\r\n\r\n\r\n<p>Chez Agrado Cosmetic, nous proposons des produits pour toute la famille, quel que soit votre type de peau. Posez-nous vos questions \u00e0 <a href=\"https:\/\/www.facebook.com\/agradocosmetic\" target=\"_blank\" rel=\"noreferrer noopener\" aria-label=\" (ouvre dans un nouvel onglet)\">r\u00e9seaux sociaux<\/a>, Nous serons heureux de pouvoir vous aider.<\/p>","protected":false},"excerpt":{"rendered":"<p>Existen muchos tipos de pieles: grasas, secas o mixtas. Pero tambi\u00e9n existen pieles que sufren escamaci\u00f3n, irritaci\u00f3n y picores. Este tipo de pieles, son las conocidas como pieles at\u00f3picas. En general se trata de un cutis seco que presenta poca agua y grasa, y por lo tanto se irrita con mayor facilidad. \u00bfCu\u00e1les son las [&hellip;]<\/p>\n","protected":false},"author":9,"featured_media":21394,"comment_status":"open","ping_status":"closed","sticky":false,"template":"","format":"standard","meta":{"footnotes":"","_wp_rev_ctl_limit":""},"categories":[149,1],"tags":[289,156,158,290],"class_list":["post-5731","post","type-post","status-publish","format-standard","has-post-thumbnail","hentry","category-corporal","category-todos","tag-cuidado-de-la-piel","tag-gel","tag-piel","tag-pieles-atopicas"],"yoast_head":"<!-- This site is optimized with the Yoast SEO plugin v27.4 - https:\/\/yoast.com\/product\/yoast-seo-wordpress\/ -->\n<title>\u00bfTienes la piel at\u00f3pica? Tenemos un gel micelar para ti - Agrado<\/title>\n<meta name=\"robots\" content=\"index, follow, max-snippet:-1, max-image-preview:large, max-video-preview:-1\" \/>\n<link rel=\"canonical\" href=\"https:\/\/agradocosmetic.com\/fr\/tienes-la-piel-atopica-tenemos-un-gel-micelar-para-ti\/\" \/>\n<meta property=\"og:locale\" content=\"fr_FR\" \/>\n<meta property=\"og:type\" content=\"article\" \/>\n<meta property=\"og:title\" content=\"\u00bfTienes la piel at\u00f3pica? Tenemos un gel micelar para ti - Agrado\" \/>\n<meta property=\"og:description\" content=\"Existen muchos tipos de pieles: grasas, secas o mixtas. Pero tambi\u00e9n existen pieles que sufren escamaci\u00f3n, irritaci\u00f3n y picores. Este tipo de pieles, son las conocidas como pieles at\u00f3picas. En general se trata de un cutis seco que presenta poca agua y grasa, y por lo tanto se irrita con mayor facilidad. \u00bfCu\u00e1les son las [&hellip;]\" \/>\n<meta property=\"og:url\" content=\"https:\/\/agradocosmetic.com\/fr\/tienes-la-piel-atopica-tenemos-un-gel-micelar-para-ti\/\" \/>\n<meta property=\"og:site_name\" content=\"Agrado\" \/>\n<meta property=\"article:published_time\" content=\"2019-11-20T08:14:33+00:00\" \/>\n<meta property=\"article:modified_time\" content=\"2023-11-18T16:58:55+00:00\" \/>\n<meta property=\"og:image\" content=\"https:\/\/agradocosmetic.com\/wp-content\/uploads\/2019\/11\/gel-micelar-agrado.jpg\" \/>\n\t<meta property=\"og:image:width\" content=\"1200\" \/>\n\t<meta property=\"og:image:height\" content=\"800\" \/>\n\t<meta property=\"og:image:type\" content=\"image\/jpeg\" \/>\n<meta name=\"author\" content=\"agradocosmetic\" \/>\n<meta name=\"twitter:card\" content=\"summary_large_image\" \/>\n<meta name=\"twitter:label1\" content=\"\u00c9crit par\" \/>\n\t<meta name=\"twitter:data1\" content=\"agradocosmetic\" \/>\n\t<meta name=\"twitter:label2\" content=\"Dur\u00e9e de lecture estim\u00e9e\" \/>\n\t<meta name=\"twitter:data2\" content=\"2 minutes\" \/>\n<script type=\"application\/ld+json\" class=\"yoast-schema-graph\">{\"@context\":\"https:\\\/\\\/schema.org\",\"@graph\":[{\"@type\":\"Article\",\"@id\":\"https:\\\/\\\/agradocosmetic.com\\\/tienes-la-piel-atopica-tenemos-un-gel-micelar-para-ti\\\/#article\",\"isPartOf\":{\"@id\":\"https:\\\/\\\/agradocosmetic.com\\\/tienes-la-piel-atopica-tenemos-un-gel-micelar-para-ti\\\/\"},\"author\":{\"name\":\"agradocosmetic\",\"@id\":\"https:\\\/\\\/agradocosmetic.com\\\/#\\\/schema\\\/person\\\/732e8d396022e25f9340196f83d6789d\"},\"headline\":\"\u00bfTienes la piel at\u00f3pica? Tenemos un gel micelar para ti\",\"datePublished\":\"2019-11-20T08:14:33+00:00\",\"dateModified\":\"2023-11-18T16:58:55+00:00\",\"mainEntityOfPage\":{\"@id\":\"https:\\\/\\\/agradocosmetic.com\\\/tienes-la-piel-atopica-tenemos-un-gel-micelar-para-ti\\\/\"},\"wordCount\":416,\"commentCount\":0,\"publisher\":{\"@id\":\"https:\\\/\\\/agradocosmetic.com\\\/#organization\"},\"image\":{\"@id\":\"https:\\\/\\\/agradocosmetic.com\\\/tienes-la-piel-atopica-tenemos-un-gel-micelar-para-ti\\\/#primaryimage\"},\"thumbnailUrl\":\"https:\\\/\\\/agradocosmetic.com\\\/wp-content\\\/uploads\\\/2019\\\/11\\\/gel-micelar-agrado.jpg\",\"keywords\":[\"cuidado de la piel\",\"gel\",\"piel\",\"pieles at\u00f3picas\"],\"articleSection\":[\"Corporal\",\"Todos\"],\"inLanguage\":\"fr-FR\",\"potentialAction\":[{\"@type\":\"CommentAction\",\"name\":\"Comment\",\"target\":[\"https:\\\/\\\/agradocosmetic.com\\\/tienes-la-piel-atopica-tenemos-un-gel-micelar-para-ti\\\/#respond\"]}]},{\"@type\":\"WebPage\",\"@id\":\"https:\\\/\\\/agradocosmetic.com\\\/tienes-la-piel-atopica-tenemos-un-gel-micelar-para-ti\\\/\",\"url\":\"https:\\\/\\\/agradocosmetic.com\\\/tienes-la-piel-atopica-tenemos-un-gel-micelar-para-ti\\\/\",\"name\":\"\u00bfTienes la piel at\u00f3pica? Tenemos un gel micelar para ti - Agrado\",\"isPartOf\":{\"@id\":\"https:\\\/\\\/agradocosmetic.com\\\/#website\"},\"primaryImageOfPage\":{\"@id\":\"https:\\\/\\\/agradocosmetic.com\\\/tienes-la-piel-atopica-tenemos-un-gel-micelar-para-ti\\\/#primaryimage\"},\"image\":{\"@id\":\"https:\\\/\\\/agradocosmetic.com\\\/tienes-la-piel-atopica-tenemos-un-gel-micelar-para-ti\\\/#primaryimage\"},\"thumbnailUrl\":\"https:\\\/\\\/agradocosmetic.com\\\/wp-content\\\/uploads\\\/2019\\\/11\\\/gel-micelar-agrado.jpg\",\"datePublished\":\"2019-11-20T08:14:33+00:00\",\"dateModified\":\"2023-11-18T16:58:55+00:00\",\"breadcrumb\":{\"@id\":\"https:\\\/\\\/agradocosmetic.com\\\/tienes-la-piel-atopica-tenemos-un-gel-micelar-para-ti\\\/#breadcrumb\"},\"inLanguage\":\"fr-FR\",\"potentialAction\":[{\"@type\":\"ReadAction\",\"target\":[\"https:\\\/\\\/agradocosmetic.com\\\/tienes-la-piel-atopica-tenemos-un-gel-micelar-para-ti\\\/\"]}]},{\"@type\":\"ImageObject\",\"inLanguage\":\"fr-FR\",\"@id\":\"https:\\\/\\\/agradocosmetic.com\\\/tienes-la-piel-atopica-tenemos-un-gel-micelar-para-ti\\\/#primaryimage\",\"url\":\"https:\\\/\\\/agradocosmetic.com\\\/wp-content\\\/uploads\\\/2019\\\/11\\\/gel-micelar-agrado.jpg\",\"contentUrl\":\"https:\\\/\\\/agradocosmetic.com\\\/wp-content\\\/uploads\\\/2019\\\/11\\\/gel-micelar-agrado.jpg\",\"width\":1200,\"height\":800},{\"@type\":\"BreadcrumbList\",\"@id\":\"https:\\\/\\\/agradocosmetic.com\\\/tienes-la-piel-atopica-tenemos-un-gel-micelar-para-ti\\\/#breadcrumb\",\"itemListElement\":[{\"@type\":\"ListItem\",\"position\":1,\"name\":\"Portada\",\"item\":\"https:\\\/\\\/agradocosmetic.com\\\/\"},{\"@type\":\"ListItem\",\"position\":2,\"name\":\"\u00bfTienes la piel at\u00f3pica? Tenemos un gel micelar para ti\"}]},{\"@type\":\"WebSite\",\"@id\":\"https:\\\/\\\/agradocosmetic.com\\\/#website\",\"url\":\"https:\\\/\\\/agradocosmetic.com\\\/\",\"name\":\"Agrado\",\"description\":\"Cosmetic\",\"publisher\":{\"@id\":\"https:\\\/\\\/agradocosmetic.com\\\/#organization\"},\"potentialAction\":[{\"@type\":\"SearchAction\",\"target\":{\"@type\":\"EntryPoint\",\"urlTemplate\":\"https:\\\/\\\/agradocosmetic.com\\\/?s={search_term_string}\"},\"query-input\":{\"@type\":\"PropertyValueSpecification\",\"valueRequired\":true,\"valueName\":\"search_term_string\"}}],\"inLanguage\":\"fr-FR\"},{\"@type\":\"Organization\",\"@id\":\"https:\\\/\\\/agradocosmetic.com\\\/#organization\",\"name\":\"Agrado\",\"url\":\"https:\\\/\\\/agradocosmetic.com\\\/\",\"logo\":{\"@type\":\"ImageObject\",\"inLanguage\":\"fr-FR\",\"@id\":\"https:\\\/\\\/agradocosmetic.com\\\/#\\\/schema\\\/logo\\\/image\\\/\",\"url\":\"https:\\\/\\\/agradocosmetic.com\\\/wp-content\\\/uploads\\\/2023\\\/07\\\/LOGO-AGRADO-WEB-01.png\",\"contentUrl\":\"https:\\\/\\\/agradocosmetic.com\\\/wp-content\\\/uploads\\\/2023\\\/07\\\/LOGO-AGRADO-WEB-01.png\",\"width\":1632,\"height\":300,\"caption\":\"Agrado\"},\"image\":{\"@id\":\"https:\\\/\\\/agradocosmetic.com\\\/#\\\/schema\\\/logo\\\/image\\\/\"}},{\"@type\":\"Person\",\"@id\":\"https:\\\/\\\/agradocosmetic.com\\\/#\\\/schema\\\/person\\\/732e8d396022e25f9340196f83d6789d\",\"name\":\"agradocosmetic\",\"image\":{\"@type\":\"ImageObject\",\"inLanguage\":\"fr-FR\",\"@id\":\"https:\\\/\\\/secure.gravatar.com\\\/avatar\\\/c6003e45301182b7e125463fcbec403b1980909c12edf09098526b9a15e779c0?s=96&d=mm&r=g\",\"url\":\"https:\\\/\\\/secure.gravatar.com\\\/avatar\\\/c6003e45301182b7e125463fcbec403b1980909c12edf09098526b9a15e779c0?s=96&d=mm&r=g\",\"contentUrl\":\"https:\\\/\\\/secure.gravatar.com\\\/avatar\\\/c6003e45301182b7e125463fcbec403b1980909c12edf09098526b9a15e779c0?s=96&d=mm&r=g\",\"caption\":\"agradocosmetic\"}}]}<\/script>\n<!-- \/ Yoast SEO plugin. -->","yoast_head_json":{"title":"\u00bfTienes la piel at\u00f3pica? Tenemos un gel micelar para ti - Agrado","robots":{"index":"index","follow":"follow","max-snippet":"max-snippet:-1","max-image-preview":"max-image-preview:large","max-video-preview":"max-video-preview:-1"},"canonical":"https:\/\/agradocosmetic.com\/fr\/tienes-la-piel-atopica-tenemos-un-gel-micelar-para-ti\/","og_locale":"fr_FR","og_type":"article","og_title":"\u00bfTienes la piel at\u00f3pica? Tenemos un gel micelar para ti - Agrado","og_description":"Existen muchos tipos de pieles: grasas, secas o mixtas. Pero tambi\u00e9n existen pieles que sufren escamaci\u00f3n, irritaci\u00f3n y picores. Este tipo de pieles, son las conocidas como pieles at\u00f3picas. En general se trata de un cutis seco que presenta poca agua y grasa, y por lo tanto se irrita con mayor facilidad. \u00bfCu\u00e1les son las [&hellip;]","og_url":"https:\/\/agradocosmetic.com\/fr\/tienes-la-piel-atopica-tenemos-un-gel-micelar-para-ti\/","og_site_name":"Agrado","article_published_time":"2019-11-20T08:14:33+00:00","article_modified_time":"2023-11-18T16:58:55+00:00","og_image":[{"width":1200,"height":800,"url":"https:\/\/agradocosmetic.com\/wp-content\/uploads\/2019\/11\/gel-micelar-agrado.jpg","type":"image\/jpeg"}],"author":"agradocosmetic","twitter_card":"summary_large_image","twitter_misc":{"\u00c9crit par":"agradocosmetic","Dur\u00e9e de lecture estim\u00e9e":"2 minutes"},"schema":{"@context":"https:\/\/schema.org","@graph":[{"@type":"Article","@id":"https:\/\/agradocosmetic.com\/tienes-la-piel-atopica-tenemos-un-gel-micelar-para-ti\/#article","isPartOf":{"@id":"https:\/\/agradocosmetic.com\/tienes-la-piel-atopica-tenemos-un-gel-micelar-para-ti\/"},"author":{"name":"agradocosmetic","@id":"https:\/\/agradocosmetic.com\/#\/schema\/person\/732e8d396022e25f9340196f83d6789d"},"headline":"\u00bfTienes la piel at\u00f3pica? Tenemos un gel micelar para ti","datePublished":"2019-11-20T08:14:33+00:00","dateModified":"2023-11-18T16:58:55+00:00","mainEntityOfPage":{"@id":"https:\/\/agradocosmetic.com\/tienes-la-piel-atopica-tenemos-un-gel-micelar-para-ti\/"},"wordCount":416,"commentCount":0,"publisher":{"@id":"https:\/\/agradocosmetic.com\/#organization"},"image":{"@id":"https:\/\/agradocosmetic.com\/tienes-la-piel-atopica-tenemos-un-gel-micelar-para-ti\/#primaryimage"},"thumbnailUrl":"https:\/\/agradocosmetic.com\/wp-content\/uploads\/2019\/11\/gel-micelar-agrado.jpg","keywords":["cuidado de la piel","gel","piel","pieles at\u00f3picas"],"articleSection":["Corporal","Todos"],"inLanguage":"fr-FR","potentialAction":[{"@type":"CommentAction","name":"Comment","target":["https:\/\/agradocosmetic.com\/tienes-la-piel-atopica-tenemos-un-gel-micelar-para-ti\/#respond"]}]},{"@type":"WebPage","@id":"https:\/\/agradocosmetic.com\/tienes-la-piel-atopica-tenemos-un-gel-micelar-para-ti\/","url":"https:\/\/agradocosmetic.com\/tienes-la-piel-atopica-tenemos-un-gel-micelar-para-ti\/","name":"\u00bfTienes la piel at\u00f3pica? Tenemos un gel micelar para ti - Agrado","isPartOf":{"@id":"https:\/\/agradocosmetic.com\/#website"},"primaryImageOfPage":{"@id":"https:\/\/agradocosmetic.com\/tienes-la-piel-atopica-tenemos-un-gel-micelar-para-ti\/#primaryimage"},"image":{"@id":"https:\/\/agradocosmetic.com\/tienes-la-piel-atopica-tenemos-un-gel-micelar-para-ti\/#primaryimage"},"thumbnailUrl":"https:\/\/agradocosmetic.com\/wp-content\/uploads\/2019\/11\/gel-micelar-agrado.jpg","datePublished":"2019-11-20T08:14:33+00:00","dateModified":"2023-11-18T16:58:55+00:00","breadcrumb":{"@id":"https:\/\/agradocosmetic.com\/tienes-la-piel-atopica-tenemos-un-gel-micelar-para-ti\/#breadcrumb"},"inLanguage":"fr-FR","potentialAction":[{"@type":"ReadAction","target":["https:\/\/agradocosmetic.com\/tienes-la-piel-atopica-tenemos-un-gel-micelar-para-ti\/"]}]},{"@type":"ImageObject","inLanguage":"fr-FR","@id":"https:\/\/agradocosmetic.com\/tienes-la-piel-atopica-tenemos-un-gel-micelar-para-ti\/#primaryimage","url":"https:\/\/agradocosmetic.com\/wp-content\/uploads\/2019\/11\/gel-micelar-agrado.jpg","contentUrl":"https:\/\/agradocosmetic.com\/wp-content\/uploads\/2019\/11\/gel-micelar-agrado.jpg","width":1200,"height":800},{"@type":"BreadcrumbList","@id":"https:\/\/agradocosmetic.com\/tienes-la-piel-atopica-tenemos-un-gel-micelar-para-ti\/#breadcrumb","itemListElement":[{"@type":"ListItem","position":1,"name":"Portada","item":"https:\/\/agradocosmetic.com\/"},{"@type":"ListItem","position":2,"name":"\u00bfTienes la piel at\u00f3pica? Tenemos un gel micelar para ti"}]},{"@type":"WebSite","@id":"https:\/\/agradocosmetic.com\/#website","url":"https:\/\/agradocosmetic.com\/","name":"Aimer","description":"cosm\u00e9tique","publisher":{"@id":"https:\/\/agradocosmetic.com\/#organization"},"potentialAction":[{"@type":"SearchAction","target":{"@type":"EntryPoint","urlTemplate":"https:\/\/agradocosmetic.com\/?s={search_term_string}"},"query-input":{"@type":"PropertyValueSpecification","valueRequired":true,"valueName":"search_term_string"}}],"inLanguage":"fr-FR"},{"@type":"Organization","@id":"https:\/\/agradocosmetic.com\/#organization","name":"Aimer","url":"https:\/\/agradocosmetic.com\/","logo":{"@type":"ImageObject","inLanguage":"fr-FR","@id":"https:\/\/agradocosmetic.com\/#\/schema\/logo\/image\/","url":"https:\/\/agradocosmetic.com\/wp-content\/uploads\/2023\/07\/LOGO-AGRADO-WEB-01.png","contentUrl":"https:\/\/agradocosmetic.com\/wp-content\/uploads\/2023\/07\/LOGO-AGRADO-WEB-01.png","width":1632,"height":300,"caption":"Agrado"},"image":{"@id":"https:\/\/agradocosmetic.com\/#\/schema\/logo\/image\/"}},{"@type":"Person","@id":"https:\/\/agradocosmetic.com\/#\/schema\/person\/732e8d396022e25f9340196f83d6789d","name":"agradocosm\u00e9tique","image":{"@type":"ImageObject","inLanguage":"fr-FR","@id":"https:\/\/secure.gravatar.com\/avatar\/c6003e45301182b7e125463fcbec403b1980909c12edf09098526b9a15e779c0?s=96&d=mm&r=g","url":"https:\/\/secure.gravatar.com\/avatar\/c6003e45301182b7e125463fcbec403b1980909c12edf09098526b9a15e779c0?s=96&d=mm&r=g","contentUrl":"https:\/\/secure.gravatar.com\/avatar\/c6003e45301182b7e125463fcbec403b1980909c12edf09098526b9a15e779c0?s=96&d=mm&r=g","caption":"agradocosmetic"}}]}},"_links":{"self":[{"href":"https:\/\/agradocosmetic.com\/fr\/wp-json\/wp\/v2\/posts\/5731","targetHints":{"allow":["GET"]}}],"collection":[{"href":"https:\/\/agradocosmetic.com\/fr\/wp-json\/wp\/v2\/posts"}],"about":[{"href":"https:\/\/agradocosmetic.com\/fr\/wp-json\/wp\/v2\/types\/post"}],"author":[{"embeddable":true,"href":"https:\/\/agradocosmetic.com\/fr\/wp-json\/wp\/v2\/users\/9"}],"replies":[{"embeddable":true,"href":"https:\/\/agradocosmetic.com\/fr\/wp-json\/wp\/v2\/comments?post=5731"}],"version-history":[{"count":1,"href":"https:\/\/agradocosmetic.com\/fr\/wp-json\/wp\/v2\/posts\/5731\/revisions"}],"predecessor-version":[{"id":21395,"href":"https:\/\/agradocosmetic.com\/fr\/wp-json\/wp\/v2\/posts\/5731\/revisions\/21395"}],"wp:featuredmedia":[{"embeddable":true,"href":"https:\/\/agradocosmetic.com\/fr\/wp-json\/wp\/v2\/media\/21394"}],"wp:attachment":[{"href":"https:\/\/agradocosmetic.com\/fr\/wp-json\/wp\/v2\/media?parent=5731"}],"wp:term":[{"taxonomy":"category","embeddable":true,"href":"https:\/\/agradocosmetic.com\/fr\/wp-json\/wp\/v2\/categories?post=5731"},{"taxonomy":"post_tag","embeddable":true,"href":"https:\/\/agradocosmetic.com\/fr\/wp-json\/wp\/v2\/tags?post=5731"}],"curies":[{"name":"wp","href":"https:\/\/api.w.org\/{rel}","templated":true}]}}