{"id":11291,"date":"2020-06-29T11:49:05","date_gmt":"2020-06-29T10:49:05","guid":{"rendered":"https:\/\/www.agradocosmetic.com\/?p=11291"},"modified":"2023-11-18T16:58:54","modified_gmt":"2023-11-18T16:58:54","slug":"5-tips-para-proteger-tu-piel-por-moderna-de-pueblo","status":"publish","type":"post","link":"https:\/\/agradocosmetic.com\/it\/5-tips-para-proteger-tu-piel-por-moderna-de-pueblo\/","title":{"rendered":"5 consigli per proteggere la tua pelle da Moderna de Pueblo"},"content":{"rendered":"<p>Sono ormai settimane che possiamo andare in spiaggia e in piscina e la nuova normalit\u00e0 \u00e8 molto migliore! Abbiamo tutto pronto per goderci il sole quest&#039;estate, con i nostri pannelli solari Agrado e il nostro super galleggiante! Che sai gi\u00e0 cosa puoi ottenere con i tuoi acquisti online. Abbiamo solo bisogno dei consigli di Moderna de Pueblo per proteggere la nostra pelle e dimenticare tutto in spiaggia o in piscina!<\/p>\r\n\r\n\r\n\r\n<ol class=\"wp-block-list\">\r\n<li>Presta attenzione alle macchie o ai nei. Se sono frequenti sulla pelle, visita ogni anno il tuo dermatologo per verificare che rimangano uguali e non crescano o acquisiscano forme strane. La prevenzione \u00e8 la chiave per evitare il melanoma!<\/li>\r\n<li>Scegli una crema solare impermeabile. Con il caldo che sta arrivando, meglio restare in ammollo tutto il giorno! Per non dover mettere in pausa i tuffi, il <a href=\"\/it\/?p=1829\">Nebbia solare secca SPF 30<\/a> L&#039;impermeabilit\u00e0 sar\u00e0 il tuo miglior alleato. Disponibile anche con SPF 15 e 50.<\/li>\r\n<li>Il doposole \u00e8 fondamentale per un&#039;abbronzatura bella ed uniforme. Idratare la pelle con un trattamento post-sole che calma e rinfresca la pelle \u00e8 essenziale. Ad Agrado li troverete in versione <a href=\"\/it\/?p=1837\">aerosol<\/a> O <a href=\"\/it\/?p=3570\">idrogel<\/a>. E come dice Moderna de Pueblo nelle sue vignette, non lasciare che i segni sul tuo bellissimo costume da bagno ti rendano la vita amara!<\/li>\r\n<li>I pi\u00f9 piccoli hanno bisogno di una protezione solare extra. \u00c8 fondamentale ripetere l&#039;applicazione per evitare scottature sulla pelle delicata, quindi scegli il <a href=\"\/it\/?p=3578\">Spray solare per bambini per pelli sensibili SPF50+<\/a> \u00c8 sempre un successo, grazie alla sua rapida applicazione tramite semplice spruzzatura, al rapido assorbimento e all&#039;efficacia contro i raggi UVA e UVB. In pi\u00f9 \u00e8 anche impermeabile!<\/li>\r\n<li>Scegli una crema solare per il viso con un SPF molto alto. 50 \u00e8 consigliato per mantenere il tuo bel viso privo di imperfezioni, irritazioni e prevenire le rughe. Ricorda che il miglior anti-et\u00e0 \u00e8 una buona protezione solare! Scegli tra il formato <a href=\"\/it\/?p=3560\">Mousse<\/a> O <a href=\"\/it\/?p=3558\">Foschia<\/a> di piacere.<\/li>\r\n<\/ol>\r\n\r\n\r\n\r\n<p>Adesso non resta che godersi l&#039;estate! Con cautela e responsabilit\u00e0, ma vivendo a pieno quelle piccole cose che ci rendono felici. E se non hai visto le vignette della Moderna de Pueblo che hanno regalato cos\u00ec tanti sorrisi, ti invitiamo a vederle! <a href=\"https:\/\/www.instagram.com\/p\/CBVP6fdg5VT\/\">QUI<\/a>!<\/p>","protected":false},"excerpt":{"rendered":"<p>Ya hace semanas que podemos ir a la playa y a las piscinas, \u00a1y es que la nueva normalidad as\u00ed se lleva much\u00edsimo mejor! Tenemos todo listo para disfrutar del sol este verano, \u00a1con nuestros solares Agrado y nuestro s\u00faper flotador! Que ya sab\u00e9is que pod\u00e9is conseguir con vuestras compras online. \u00a1Solo nos faltan los [&hellip;]<\/p>\n","protected":false},"author":9,"featured_media":21366,"comment_status":"open","ping_status":"closed","sticky":false,"template":"","format":"standard","meta":{"footnotes":"","_wp_rev_ctl_limit":""},"categories":[118,116,1],"tags":[289,316,317,229,219],"class_list":["post-11291","post","type-post","status-publish","format-standard","has-post-thumbnail","hentry","category-lifestyle","category-solar","category-todos","tag-cuidado-de-la-piel","tag-moderna-de-pueblo","tag-proteccion-solar","tag-solares","tag-tips"],"yoast_head":"<!-- This site is optimized with the Yoast SEO plugin v27.4 - https:\/\/yoast.com\/product\/yoast-seo-wordpress\/ -->\n<title>5 tips para proteger tu piel por Moderna de Pueblo - Agrado<\/title>\n<meta name=\"description\" content=\"Toma nota de los consejos de Moderna de Pueblo y Agrado para cuidar tu piel en verano y disfrutar del sol con responsabilidad.\" \/>\n<meta name=\"robots\" content=\"index, follow, max-snippet:-1, max-image-preview:large, max-video-preview:-1\" \/>\n<link rel=\"canonical\" href=\"https:\/\/agradocosmetic.com\/it\/5-tips-para-proteger-tu-piel-por-moderna-de-pueblo\/\" \/>\n<meta property=\"og:locale\" content=\"it_IT\" \/>\n<meta property=\"og:type\" content=\"article\" \/>\n<meta property=\"og:title\" content=\"5 tips para proteger tu piel por Moderna de Pueblo - Agrado\" \/>\n<meta property=\"og:description\" content=\"Toma nota de los consejos de Moderna de Pueblo y Agrado para cuidar tu piel en verano y disfrutar del sol con responsabilidad.\" \/>\n<meta property=\"og:url\" content=\"https:\/\/agradocosmetic.com\/it\/5-tips-para-proteger-tu-piel-por-moderna-de-pueblo\/\" \/>\n<meta property=\"og:site_name\" content=\"Agrado\" \/>\n<meta property=\"article:published_time\" content=\"2020-06-29T10:49:05+00:00\" \/>\n<meta property=\"article:modified_time\" content=\"2023-11-18T16:58:54+00:00\" \/>\n<meta property=\"og:image\" content=\"https:\/\/agradocosmetic.com\/wp-content\/uploads\/2020\/06\/tips-proteger-piel-agrado.jpg\" \/>\n\t<meta property=\"og:image:width\" content=\"1200\" \/>\n\t<meta property=\"og:image:height\" content=\"800\" \/>\n\t<meta property=\"og:image:type\" content=\"image\/jpeg\" \/>\n<meta name=\"author\" content=\"agradocosmetic\" \/>\n<meta name=\"twitter:card\" content=\"summary_large_image\" \/>\n<meta name=\"twitter:label1\" content=\"Scritto da\" \/>\n\t<meta name=\"twitter:data1\" content=\"agradocosmetic\" \/>\n\t<meta name=\"twitter:label2\" content=\"Tempo di lettura stimato\" \/>\n\t<meta name=\"twitter:data2\" content=\"2 minuti\" \/>\n<script type=\"application\/ld+json\" class=\"yoast-schema-graph\">{\"@context\":\"https:\\\/\\\/schema.org\",\"@graph\":[{\"@type\":\"Article\",\"@id\":\"https:\\\/\\\/agradocosmetic.com\\\/5-tips-para-proteger-tu-piel-por-moderna-de-pueblo\\\/#article\",\"isPartOf\":{\"@id\":\"https:\\\/\\\/agradocosmetic.com\\\/5-tips-para-proteger-tu-piel-por-moderna-de-pueblo\\\/\"},\"author\":{\"name\":\"agradocosmetic\",\"@id\":\"https:\\\/\\\/agradocosmetic.com\\\/#\\\/schema\\\/person\\\/732e8d396022e25f9340196f83d6789d\"},\"headline\":\"5 tips para proteger tu piel por Moderna de Pueblo\",\"datePublished\":\"2020-06-29T10:49:05+00:00\",\"dateModified\":\"2023-11-18T16:58:54+00:00\",\"mainEntityOfPage\":{\"@id\":\"https:\\\/\\\/agradocosmetic.com\\\/5-tips-para-proteger-tu-piel-por-moderna-de-pueblo\\\/\"},\"wordCount\":389,\"commentCount\":0,\"publisher\":{\"@id\":\"https:\\\/\\\/agradocosmetic.com\\\/#organization\"},\"image\":{\"@id\":\"https:\\\/\\\/agradocosmetic.com\\\/5-tips-para-proteger-tu-piel-por-moderna-de-pueblo\\\/#primaryimage\"},\"thumbnailUrl\":\"https:\\\/\\\/agradocosmetic.com\\\/wp-content\\\/uploads\\\/2020\\\/06\\\/tips-proteger-piel-agrado.jpg\",\"keywords\":[\"cuidado de la piel\",\"moderna de pueblo\",\"proteccion solar\",\"solares\",\"tips\"],\"articleSection\":[\"Lifestyle\",\"Solar\",\"Todos\"],\"inLanguage\":\"it-IT\",\"potentialAction\":[{\"@type\":\"CommentAction\",\"name\":\"Comment\",\"target\":[\"https:\\\/\\\/agradocosmetic.com\\\/5-tips-para-proteger-tu-piel-por-moderna-de-pueblo\\\/#respond\"]}]},{\"@type\":\"WebPage\",\"@id\":\"https:\\\/\\\/agradocosmetic.com\\\/5-tips-para-proteger-tu-piel-por-moderna-de-pueblo\\\/\",\"url\":\"https:\\\/\\\/agradocosmetic.com\\\/5-tips-para-proteger-tu-piel-por-moderna-de-pueblo\\\/\",\"name\":\"5 tips para proteger tu piel por Moderna de Pueblo - Agrado\",\"isPartOf\":{\"@id\":\"https:\\\/\\\/agradocosmetic.com\\\/#website\"},\"primaryImageOfPage\":{\"@id\":\"https:\\\/\\\/agradocosmetic.com\\\/5-tips-para-proteger-tu-piel-por-moderna-de-pueblo\\\/#primaryimage\"},\"image\":{\"@id\":\"https:\\\/\\\/agradocosmetic.com\\\/5-tips-para-proteger-tu-piel-por-moderna-de-pueblo\\\/#primaryimage\"},\"thumbnailUrl\":\"https:\\\/\\\/agradocosmetic.com\\\/wp-content\\\/uploads\\\/2020\\\/06\\\/tips-proteger-piel-agrado.jpg\",\"datePublished\":\"2020-06-29T10:49:05+00:00\",\"dateModified\":\"2023-11-18T16:58:54+00:00\",\"description\":\"Toma nota de los consejos de Moderna de Pueblo y Agrado para cuidar tu piel en verano y disfrutar del sol con responsabilidad.\",\"breadcrumb\":{\"@id\":\"https:\\\/\\\/agradocosmetic.com\\\/5-tips-para-proteger-tu-piel-por-moderna-de-pueblo\\\/#breadcrumb\"},\"inLanguage\":\"it-IT\",\"potentialAction\":[{\"@type\":\"ReadAction\",\"target\":[\"https:\\\/\\\/agradocosmetic.com\\\/5-tips-para-proteger-tu-piel-por-moderna-de-pueblo\\\/\"]}]},{\"@type\":\"ImageObject\",\"inLanguage\":\"it-IT\",\"@id\":\"https:\\\/\\\/agradocosmetic.com\\\/5-tips-para-proteger-tu-piel-por-moderna-de-pueblo\\\/#primaryimage\",\"url\":\"https:\\\/\\\/agradocosmetic.com\\\/wp-content\\\/uploads\\\/2020\\\/06\\\/tips-proteger-piel-agrado.jpg\",\"contentUrl\":\"https:\\\/\\\/agradocosmetic.com\\\/wp-content\\\/uploads\\\/2020\\\/06\\\/tips-proteger-piel-agrado.jpg\",\"width\":1200,\"height\":800},{\"@type\":\"BreadcrumbList\",\"@id\":\"https:\\\/\\\/agradocosmetic.com\\\/5-tips-para-proteger-tu-piel-por-moderna-de-pueblo\\\/#breadcrumb\",\"itemListElement\":[{\"@type\":\"ListItem\",\"position\":1,\"name\":\"Portada\",\"item\":\"https:\\\/\\\/agradocosmetic.com\\\/\"},{\"@type\":\"ListItem\",\"position\":2,\"name\":\"5 tips para proteger tu piel por Moderna de Pueblo\"}]},{\"@type\":\"WebSite\",\"@id\":\"https:\\\/\\\/agradocosmetic.com\\\/#website\",\"url\":\"https:\\\/\\\/agradocosmetic.com\\\/\",\"name\":\"Agrado\",\"description\":\"Cosmetic\",\"publisher\":{\"@id\":\"https:\\\/\\\/agradocosmetic.com\\\/#organization\"},\"potentialAction\":[{\"@type\":\"SearchAction\",\"target\":{\"@type\":\"EntryPoint\",\"urlTemplate\":\"https:\\\/\\\/agradocosmetic.com\\\/?s={search_term_string}\"},\"query-input\":{\"@type\":\"PropertyValueSpecification\",\"valueRequired\":true,\"valueName\":\"search_term_string\"}}],\"inLanguage\":\"it-IT\"},{\"@type\":\"Organization\",\"@id\":\"https:\\\/\\\/agradocosmetic.com\\\/#organization\",\"name\":\"Agrado\",\"url\":\"https:\\\/\\\/agradocosmetic.com\\\/\",\"logo\":{\"@type\":\"ImageObject\",\"inLanguage\":\"it-IT\",\"@id\":\"https:\\\/\\\/agradocosmetic.com\\\/#\\\/schema\\\/logo\\\/image\\\/\",\"url\":\"https:\\\/\\\/agradocosmetic.com\\\/wp-content\\\/uploads\\\/2023\\\/07\\\/LOGO-AGRADO-WEB-01.png\",\"contentUrl\":\"https:\\\/\\\/agradocosmetic.com\\\/wp-content\\\/uploads\\\/2023\\\/07\\\/LOGO-AGRADO-WEB-01.png\",\"width\":1632,\"height\":300,\"caption\":\"Agrado\"},\"image\":{\"@id\":\"https:\\\/\\\/agradocosmetic.com\\\/#\\\/schema\\\/logo\\\/image\\\/\"}},{\"@type\":\"Person\",\"@id\":\"https:\\\/\\\/agradocosmetic.com\\\/#\\\/schema\\\/person\\\/732e8d396022e25f9340196f83d6789d\",\"name\":\"agradocosmetic\",\"image\":{\"@type\":\"ImageObject\",\"inLanguage\":\"it-IT\",\"@id\":\"https:\\\/\\\/secure.gravatar.com\\\/avatar\\\/c6003e45301182b7e125463fcbec403b1980909c12edf09098526b9a15e779c0?s=96&d=mm&r=g\",\"url\":\"https:\\\/\\\/secure.gravatar.com\\\/avatar\\\/c6003e45301182b7e125463fcbec403b1980909c12edf09098526b9a15e779c0?s=96&d=mm&r=g\",\"contentUrl\":\"https:\\\/\\\/secure.gravatar.com\\\/avatar\\\/c6003e45301182b7e125463fcbec403b1980909c12edf09098526b9a15e779c0?s=96&d=mm&r=g\",\"caption\":\"agradocosmetic\"}}]}<\/script>\n<!-- \/ Yoast SEO plugin. -->","yoast_head_json":{"title":"5 tips para proteger tu piel por Moderna de Pueblo - Agrado","description":"Toma nota de los consejos de Moderna de Pueblo y Agrado para cuidar tu piel en verano y disfrutar del sol con responsabilidad.","robots":{"index":"index","follow":"follow","max-snippet":"max-snippet:-1","max-image-preview":"max-image-preview:large","max-video-preview":"max-video-preview:-1"},"canonical":"https:\/\/agradocosmetic.com\/it\/5-tips-para-proteger-tu-piel-por-moderna-de-pueblo\/","og_locale":"it_IT","og_type":"article","og_title":"5 tips para proteger tu piel por Moderna de Pueblo - Agrado","og_description":"Toma nota de los consejos de Moderna de Pueblo y Agrado para cuidar tu piel en verano y disfrutar del sol con responsabilidad.","og_url":"https:\/\/agradocosmetic.com\/it\/5-tips-para-proteger-tu-piel-por-moderna-de-pueblo\/","og_site_name":"Agrado","article_published_time":"2020-06-29T10:49:05+00:00","article_modified_time":"2023-11-18T16:58:54+00:00","og_image":[{"width":1200,"height":800,"url":"https:\/\/agradocosmetic.com\/wp-content\/uploads\/2020\/06\/tips-proteger-piel-agrado.jpg","type":"image\/jpeg"}],"author":"agradocosmetic","twitter_card":"summary_large_image","twitter_misc":{"Scritto da":"agradocosmetic","Tempo di lettura stimato":"2 minuti"},"schema":{"@context":"https:\/\/schema.org","@graph":[{"@type":"Article","@id":"https:\/\/agradocosmetic.com\/5-tips-para-proteger-tu-piel-por-moderna-de-pueblo\/#article","isPartOf":{"@id":"https:\/\/agradocosmetic.com\/5-tips-para-proteger-tu-piel-por-moderna-de-pueblo\/"},"author":{"name":"agradocosmetic","@id":"https:\/\/agradocosmetic.com\/#\/schema\/person\/732e8d396022e25f9340196f83d6789d"},"headline":"5 tips para proteger tu piel por Moderna de Pueblo","datePublished":"2020-06-29T10:49:05+00:00","dateModified":"2023-11-18T16:58:54+00:00","mainEntityOfPage":{"@id":"https:\/\/agradocosmetic.com\/5-tips-para-proteger-tu-piel-por-moderna-de-pueblo\/"},"wordCount":389,"commentCount":0,"publisher":{"@id":"https:\/\/agradocosmetic.com\/#organization"},"image":{"@id":"https:\/\/agradocosmetic.com\/5-tips-para-proteger-tu-piel-por-moderna-de-pueblo\/#primaryimage"},"thumbnailUrl":"https:\/\/agradocosmetic.com\/wp-content\/uploads\/2020\/06\/tips-proteger-piel-agrado.jpg","keywords":["cuidado de la piel","moderna de pueblo","proteccion solar","solares","tips"],"articleSection":["Lifestyle","Solar","Todos"],"inLanguage":"it-IT","potentialAction":[{"@type":"CommentAction","name":"Comment","target":["https:\/\/agradocosmetic.com\/5-tips-para-proteger-tu-piel-por-moderna-de-pueblo\/#respond"]}]},{"@type":"WebPage","@id":"https:\/\/agradocosmetic.com\/5-tips-para-proteger-tu-piel-por-moderna-de-pueblo\/","url":"https:\/\/agradocosmetic.com\/5-tips-para-proteger-tu-piel-por-moderna-de-pueblo\/","name":"5 tips para proteger tu piel por Moderna de Pueblo - Agrado","isPartOf":{"@id":"https:\/\/agradocosmetic.com\/#website"},"primaryImageOfPage":{"@id":"https:\/\/agradocosmetic.com\/5-tips-para-proteger-tu-piel-por-moderna-de-pueblo\/#primaryimage"},"image":{"@id":"https:\/\/agradocosmetic.com\/5-tips-para-proteger-tu-piel-por-moderna-de-pueblo\/#primaryimage"},"thumbnailUrl":"https:\/\/agradocosmetic.com\/wp-content\/uploads\/2020\/06\/tips-proteger-piel-agrado.jpg","datePublished":"2020-06-29T10:49:05+00:00","dateModified":"2023-11-18T16:58:54+00:00","description":"Toma nota de los consejos de Moderna de Pueblo y Agrado para cuidar tu piel en verano y disfrutar del sol con responsabilidad.","breadcrumb":{"@id":"https:\/\/agradocosmetic.com\/5-tips-para-proteger-tu-piel-por-moderna-de-pueblo\/#breadcrumb"},"inLanguage":"it-IT","potentialAction":[{"@type":"ReadAction","target":["https:\/\/agradocosmetic.com\/5-tips-para-proteger-tu-piel-por-moderna-de-pueblo\/"]}]},{"@type":"ImageObject","inLanguage":"it-IT","@id":"https:\/\/agradocosmetic.com\/5-tips-para-proteger-tu-piel-por-moderna-de-pueblo\/#primaryimage","url":"https:\/\/agradocosmetic.com\/wp-content\/uploads\/2020\/06\/tips-proteger-piel-agrado.jpg","contentUrl":"https:\/\/agradocosmetic.com\/wp-content\/uploads\/2020\/06\/tips-proteger-piel-agrado.jpg","width":1200,"height":800},{"@type":"BreadcrumbList","@id":"https:\/\/agradocosmetic.com\/5-tips-para-proteger-tu-piel-por-moderna-de-pueblo\/#breadcrumb","itemListElement":[{"@type":"ListItem","position":1,"name":"Portada","item":"https:\/\/agradocosmetic.com\/"},{"@type":"ListItem","position":2,"name":"5 tips para proteger tu piel por Moderna de Pueblo"}]},{"@type":"WebSite","@id":"https:\/\/agradocosmetic.com\/#website","url":"https:\/\/agradocosmetic.com\/","name":"Mi piace","description":"cosmetico","publisher":{"@id":"https:\/\/agradocosmetic.com\/#organization"},"potentialAction":[{"@type":"SearchAction","target":{"@type":"EntryPoint","urlTemplate":"https:\/\/agradocosmetic.com\/?s={search_term_string}"},"query-input":{"@type":"PropertyValueSpecification","valueRequired":true,"valueName":"search_term_string"}}],"inLanguage":"it-IT"},{"@type":"Organization","@id":"https:\/\/agradocosmetic.com\/#organization","name":"Mi piace","url":"https:\/\/agradocosmetic.com\/","logo":{"@type":"ImageObject","inLanguage":"it-IT","@id":"https:\/\/agradocosmetic.com\/#\/schema\/logo\/image\/","url":"https:\/\/agradocosmetic.com\/wp-content\/uploads\/2023\/07\/LOGO-AGRADO-WEB-01.png","contentUrl":"https:\/\/agradocosmetic.com\/wp-content\/uploads\/2023\/07\/LOGO-AGRADO-WEB-01.png","width":1632,"height":300,"caption":"Agrado"},"image":{"@id":"https:\/\/agradocosmetic.com\/#\/schema\/logo\/image\/"}},{"@type":"Person","@id":"https:\/\/agradocosmetic.com\/#\/schema\/person\/732e8d396022e25f9340196f83d6789d","name":"agradocosmetico","image":{"@type":"ImageObject","inLanguage":"it-IT","@id":"https:\/\/secure.gravatar.com\/avatar\/c6003e45301182b7e125463fcbec403b1980909c12edf09098526b9a15e779c0?s=96&d=mm&r=g","url":"https:\/\/secure.gravatar.com\/avatar\/c6003e45301182b7e125463fcbec403b1980909c12edf09098526b9a15e779c0?s=96&d=mm&r=g","contentUrl":"https:\/\/secure.gravatar.com\/avatar\/c6003e45301182b7e125463fcbec403b1980909c12edf09098526b9a15e779c0?s=96&d=mm&r=g","caption":"agradocosmetic"}}]}},"_links":{"self":[{"href":"https:\/\/agradocosmetic.com\/it\/wp-json\/wp\/v2\/posts\/11291","targetHints":{"allow":["GET"]}}],"collection":[{"href":"https:\/\/agradocosmetic.com\/it\/wp-json\/wp\/v2\/posts"}],"about":[{"href":"https:\/\/agradocosmetic.com\/it\/wp-json\/wp\/v2\/types\/post"}],"author":[{"embeddable":true,"href":"https:\/\/agradocosmetic.com\/it\/wp-json\/wp\/v2\/users\/9"}],"replies":[{"embeddable":true,"href":"https:\/\/agradocosmetic.com\/it\/wp-json\/wp\/v2\/comments?post=11291"}],"version-history":[{"count":1,"href":"https:\/\/agradocosmetic.com\/it\/wp-json\/wp\/v2\/posts\/11291\/revisions"}],"predecessor-version":[{"id":21367,"href":"https:\/\/agradocosmetic.com\/it\/wp-json\/wp\/v2\/posts\/11291\/revisions\/21367"}],"wp:featuredmedia":[{"embeddable":true,"href":"https:\/\/agradocosmetic.com\/it\/wp-json\/wp\/v2\/media\/21366"}],"wp:attachment":[{"href":"https:\/\/agradocosmetic.com\/it\/wp-json\/wp\/v2\/media?parent=11291"}],"wp:term":[{"taxonomy":"category","embeddable":true,"href":"https:\/\/agradocosmetic.com\/it\/wp-json\/wp\/v2\/categories?post=11291"},{"taxonomy":"post_tag","embeddable":true,"href":"https:\/\/agradocosmetic.com\/it\/wp-json\/wp\/v2\/tags?post=11291"}],"curies":[{"name":"parola chiave","href":"https:\/\/api.w.org\/{rel}","templated":true}]}}