{"id":11805,"date":"2020-07-16T08:21:34","date_gmt":"2020-07-16T07:21:34","guid":{"rendered":"https:\/\/www.agradocosmetic.com\/?p=11805"},"modified":"2023-11-18T16:58:54","modified_gmt":"2023-11-18T16:58:54","slug":"manifiesto-de-verano-tus-imprescindibles","status":"publish","type":"post","link":"https:\/\/agradocosmetic.com\/it\/manifiesto-de-verano-tus-imprescindibles\/","title":{"rendered":"Manifesto estivo, i tuoi essenziali!"},"content":{"rendered":"<p>Estate atipica, ma pur sempre estate! Quest\u2019anno abbiamo deciso di goderci le piccole cose che ci rendono felici e ci stiamo lavorando! Per rispettarlo scrupolosamente, abbiamo preparato la nostra lista dei \u201cmust\u201d, tutto quello che non potete perdervi! Un manifesto estivo con tanto amore e affetto per non farti perdere un sorriso. E ti assicuriamo che la maggior parte dei punti sono gratuiti. \ud83d\ude42<\/p>\r\n\r\n\r\n\r\n<ol class=\"wp-block-list\">\r\n<li><strong>I tuoi amici<\/strong>. Perch\u00e9 le videochiamate sono molto buone, ma anche con cautela, la crew #agradoc rimane in contatto! E un pomeriggio al bar sulla spiaggia (rispettando le misure di sicurezza) con gli amici vale pi\u00f9 di un viaggio ai Caraibi!<\/li>\r\n<li><strong>Goditi l&#039;acqua. <\/strong>Soprattutto se vivi in zone calde! Che si tratti di organizzare una giornata in spiaggia, in piscina o in una vasca idromassaggio. L\u2019importante qui \u00e8 rinfrescarsi e divertirsi! E se avrai anche tu il nostro galleggiante fenicottero glitterato, sarai la regina dei mari! \ud83d\ude09<\/li>\r\n<li><strong>Dimentica i complessi. <\/strong>E questo \u00e8 uno dei punti pi\u00f9 importanti del manifesto estivo! Perch\u00e9 in questo momento certe insicurezze e complessi tendono ad emergere con il nostro corpo, ma quando realizzerai che tutti i corpi sono belli e che il tuo \u00e8 un tempio che dovresti coccolare e rispettare, inizierai sicuramente ad apprezzarti e ad amarti di pi\u00f9!!<\/li>\r\n<li><strong>Prenditi cura del tuo corpo<\/strong>. Dentro ma anche fuori! Coccolati con il tuo gelato preferito, ma non perdere la testa neanche con gli eccessi. Questo ti far\u00e0 sentire gonfio e con la coscienza sporca. Non dimenticarti della tua pelle, che \u00e8 l&#039;unica cosa di cui dovresti preoccuparti in spiaggia. Proteggilo con <a href=\"\/it\/?linea=solares\" target=\"_blank\" rel=\"noreferrer noopener\" aria-label=\"non definito (si apre in una nuova scheda)\">solare Agrado<\/a> Qualunque ti piaccia di pi\u00f9 per apparire carina e abbronzata!<\/li>\r\n<li><strong>Prova un nuovo sport.<\/strong> Se non hai l&#039;abitudine di fare esercizio, \u00e8 tempo di scoprire qualcosa di nuovo! Tutto ci\u00f2 che implica muovere il corpo e far battere il cuore \u00e8 una buona opzione. E se riesci a innovare, bene! Paddle surf, kayak, immersioni, arrampicata, passeggiate nella natura... Le opzioni sono infinite!<\/li>\r\n<li><strong>Crea momenti indimenticabili!<\/strong> L&#039;ultimo e fondamentale. Sta a te rendere ogni giorno un momento speciale. Condividi con i tuoi cari, cucina il piatto preferito del tuo partner, sorprendi i tuoi amici con un programma originale, organizza una giornata nella natura con la famiglia, goditi un buon libro o rilassati con un lungo bagno. Sta a te rendere questa estate unica!<\/li>\r\n<\/ol>\r\n\r\n\r\n\r\n<p>Come potete vedere, siamo molto chiari al riguardo, nessuno potr\u00e0 toglierci il divertimento estivo! Ci auguriamo che questo manifesto estivo vi abbia fatto sorridere e vi abbia incoraggiato a godere delle piccole cose.<\/p>","protected":false},"excerpt":{"rendered":"<p>Verano at\u00edpico, \u00a1pero verano al fin y al cabo! Este a\u00f1o nos propusimos disfrutar de las peque\u00f1as cosas que nos hacen felices, \u00a1y en ello estamos! Para cumplirlo a rajatabla, hemos elaborado nuestra propia lista de \u00abmusts\u00bb, \u00a1todo lo que no te puede faltar! Un manifiesto de verano con mucho amor y cari\u00f1o para que [&hellip;]<\/p>\n","protected":false},"author":9,"featured_media":21362,"comment_status":"open","ping_status":"closed","sticky":false,"template":"","format":"standard","meta":{"footnotes":"","_wp_rev_ctl_limit":""},"categories":[118,116,1],"tags":[319,320,228,321],"class_list":["post-11805","post","type-post","status-publish","format-standard","has-post-thumbnail","hentry","category-lifestyle","category-solar","category-todos","tag-autoestimas","tag-manifiesto","tag-solar","tag-verano"],"yoast_head":"<!-- This site is optimized with the Yoast SEO plugin v27.4 - https:\/\/yoast.com\/product\/yoast-seo-wordpress\/ -->\n<title>Manifiesto de verano, \u00a1tus imprescindibles! - Agrado<\/title>\n<meta name=\"description\" content=\"Hemos elaborado el manifiesto de verano m\u00e1s disfrut\u00f3n de la temporada. \u00a1Porque nos hemos propuesto disfrutar de las peque\u00f1as cosas y lo vamos a cumplir!\" \/>\n<meta name=\"robots\" content=\"index, follow, max-snippet:-1, max-image-preview:large, max-video-preview:-1\" \/>\n<link rel=\"canonical\" href=\"https:\/\/agradocosmetic.com\/it\/manifiesto-de-verano-tus-imprescindibles\/\" \/>\n<meta property=\"og:locale\" content=\"it_IT\" \/>\n<meta property=\"og:type\" content=\"article\" \/>\n<meta property=\"og:title\" content=\"Manifiesto de verano, \u00a1tus imprescindibles! - Agrado\" \/>\n<meta property=\"og:description\" content=\"Hemos elaborado el manifiesto de verano m\u00e1s disfrut\u00f3n de la temporada. \u00a1Porque nos hemos propuesto disfrutar de las peque\u00f1as cosas y lo vamos a cumplir!\" \/>\n<meta property=\"og:url\" content=\"https:\/\/agradocosmetic.com\/it\/manifiesto-de-verano-tus-imprescindibles\/\" \/>\n<meta property=\"og:site_name\" content=\"Agrado\" \/>\n<meta property=\"article:published_time\" content=\"2020-07-16T07:21:34+00:00\" \/>\n<meta property=\"article:modified_time\" content=\"2023-11-18T16:58:54+00:00\" \/>\n<meta property=\"og:image\" content=\"https:\/\/agradocosmetic.com\/wp-content\/uploads\/2020\/07\/manifiesto-verano-agrado.jpg\" \/>\n\t<meta property=\"og:image:width\" content=\"1200\" \/>\n\t<meta property=\"og:image:height\" content=\"800\" \/>\n\t<meta property=\"og:image:type\" content=\"image\/jpeg\" \/>\n<meta name=\"author\" content=\"agradocosmetic\" \/>\n<meta name=\"twitter:card\" content=\"summary_large_image\" \/>\n<meta name=\"twitter:label1\" content=\"Scritto da\" \/>\n\t<meta name=\"twitter:data1\" content=\"agradocosmetic\" \/>\n\t<meta name=\"twitter:label2\" content=\"Tempo di lettura stimato\" \/>\n\t<meta name=\"twitter:data2\" content=\"2 minuti\" \/>\n<script type=\"application\/ld+json\" class=\"yoast-schema-graph\">{\"@context\":\"https:\\\/\\\/schema.org\",\"@graph\":[{\"@type\":\"Article\",\"@id\":\"https:\\\/\\\/agradocosmetic.com\\\/manifiesto-de-verano-tus-imprescindibles\\\/#article\",\"isPartOf\":{\"@id\":\"https:\\\/\\\/agradocosmetic.com\\\/manifiesto-de-verano-tus-imprescindibles\\\/\"},\"author\":{\"name\":\"agradocosmetic\",\"@id\":\"https:\\\/\\\/agradocosmetic.com\\\/#\\\/schema\\\/person\\\/732e8d396022e25f9340196f83d6789d\"},\"headline\":\"Manifiesto de verano, \u00a1tus imprescindibles!\",\"datePublished\":\"2020-07-16T07:21:34+00:00\",\"dateModified\":\"2023-11-18T16:58:54+00:00\",\"mainEntityOfPage\":{\"@id\":\"https:\\\/\\\/agradocosmetic.com\\\/manifiesto-de-verano-tus-imprescindibles\\\/\"},\"wordCount\":461,\"commentCount\":0,\"publisher\":{\"@id\":\"https:\\\/\\\/agradocosmetic.com\\\/#organization\"},\"image\":{\"@id\":\"https:\\\/\\\/agradocosmetic.com\\\/manifiesto-de-verano-tus-imprescindibles\\\/#primaryimage\"},\"thumbnailUrl\":\"https:\\\/\\\/agradocosmetic.com\\\/wp-content\\\/uploads\\\/2020\\\/07\\\/manifiesto-verano-agrado.jpg\",\"keywords\":[\"autoestimas\",\"manifiesto\",\"solar\",\"verano\"],\"articleSection\":[\"Lifestyle\",\"Solar\",\"Todos\"],\"inLanguage\":\"it-IT\",\"potentialAction\":[{\"@type\":\"CommentAction\",\"name\":\"Comment\",\"target\":[\"https:\\\/\\\/agradocosmetic.com\\\/manifiesto-de-verano-tus-imprescindibles\\\/#respond\"]}]},{\"@type\":\"WebPage\",\"@id\":\"https:\\\/\\\/agradocosmetic.com\\\/manifiesto-de-verano-tus-imprescindibles\\\/\",\"url\":\"https:\\\/\\\/agradocosmetic.com\\\/manifiesto-de-verano-tus-imprescindibles\\\/\",\"name\":\"Manifiesto de verano, \u00a1tus imprescindibles! - Agrado\",\"isPartOf\":{\"@id\":\"https:\\\/\\\/agradocosmetic.com\\\/#website\"},\"primaryImageOfPage\":{\"@id\":\"https:\\\/\\\/agradocosmetic.com\\\/manifiesto-de-verano-tus-imprescindibles\\\/#primaryimage\"},\"image\":{\"@id\":\"https:\\\/\\\/agradocosmetic.com\\\/manifiesto-de-verano-tus-imprescindibles\\\/#primaryimage\"},\"thumbnailUrl\":\"https:\\\/\\\/agradocosmetic.com\\\/wp-content\\\/uploads\\\/2020\\\/07\\\/manifiesto-verano-agrado.jpg\",\"datePublished\":\"2020-07-16T07:21:34+00:00\",\"dateModified\":\"2023-11-18T16:58:54+00:00\",\"description\":\"Hemos elaborado el manifiesto de verano m\u00e1s disfrut\u00f3n de la temporada. \u00a1Porque nos hemos propuesto disfrutar de las peque\u00f1as cosas y lo vamos a cumplir!\",\"breadcrumb\":{\"@id\":\"https:\\\/\\\/agradocosmetic.com\\\/manifiesto-de-verano-tus-imprescindibles\\\/#breadcrumb\"},\"inLanguage\":\"it-IT\",\"potentialAction\":[{\"@type\":\"ReadAction\",\"target\":[\"https:\\\/\\\/agradocosmetic.com\\\/manifiesto-de-verano-tus-imprescindibles\\\/\"]}]},{\"@type\":\"ImageObject\",\"inLanguage\":\"it-IT\",\"@id\":\"https:\\\/\\\/agradocosmetic.com\\\/manifiesto-de-verano-tus-imprescindibles\\\/#primaryimage\",\"url\":\"https:\\\/\\\/agradocosmetic.com\\\/wp-content\\\/uploads\\\/2020\\\/07\\\/manifiesto-verano-agrado.jpg\",\"contentUrl\":\"https:\\\/\\\/agradocosmetic.com\\\/wp-content\\\/uploads\\\/2020\\\/07\\\/manifiesto-verano-agrado.jpg\",\"width\":1200,\"height\":800},{\"@type\":\"BreadcrumbList\",\"@id\":\"https:\\\/\\\/agradocosmetic.com\\\/manifiesto-de-verano-tus-imprescindibles\\\/#breadcrumb\",\"itemListElement\":[{\"@type\":\"ListItem\",\"position\":1,\"name\":\"Portada\",\"item\":\"https:\\\/\\\/agradocosmetic.com\\\/\"},{\"@type\":\"ListItem\",\"position\":2,\"name\":\"Manifiesto de verano, \u00a1tus imprescindibles!\"}]},{\"@type\":\"WebSite\",\"@id\":\"https:\\\/\\\/agradocosmetic.com\\\/#website\",\"url\":\"https:\\\/\\\/agradocosmetic.com\\\/\",\"name\":\"Agrado\",\"description\":\"Cosmetic\",\"publisher\":{\"@id\":\"https:\\\/\\\/agradocosmetic.com\\\/#organization\"},\"potentialAction\":[{\"@type\":\"SearchAction\",\"target\":{\"@type\":\"EntryPoint\",\"urlTemplate\":\"https:\\\/\\\/agradocosmetic.com\\\/?s={search_term_string}\"},\"query-input\":{\"@type\":\"PropertyValueSpecification\",\"valueRequired\":true,\"valueName\":\"search_term_string\"}}],\"inLanguage\":\"it-IT\"},{\"@type\":\"Organization\",\"@id\":\"https:\\\/\\\/agradocosmetic.com\\\/#organization\",\"name\":\"Agrado\",\"url\":\"https:\\\/\\\/agradocosmetic.com\\\/\",\"logo\":{\"@type\":\"ImageObject\",\"inLanguage\":\"it-IT\",\"@id\":\"https:\\\/\\\/agradocosmetic.com\\\/#\\\/schema\\\/logo\\\/image\\\/\",\"url\":\"https:\\\/\\\/agradocosmetic.com\\\/wp-content\\\/uploads\\\/2023\\\/07\\\/LOGO-AGRADO-WEB-01.png\",\"contentUrl\":\"https:\\\/\\\/agradocosmetic.com\\\/wp-content\\\/uploads\\\/2023\\\/07\\\/LOGO-AGRADO-WEB-01.png\",\"width\":1632,\"height\":300,\"caption\":\"Agrado\"},\"image\":{\"@id\":\"https:\\\/\\\/agradocosmetic.com\\\/#\\\/schema\\\/logo\\\/image\\\/\"}},{\"@type\":\"Person\",\"@id\":\"https:\\\/\\\/agradocosmetic.com\\\/#\\\/schema\\\/person\\\/732e8d396022e25f9340196f83d6789d\",\"name\":\"agradocosmetic\",\"image\":{\"@type\":\"ImageObject\",\"inLanguage\":\"it-IT\",\"@id\":\"https:\\\/\\\/secure.gravatar.com\\\/avatar\\\/c6003e45301182b7e125463fcbec403b1980909c12edf09098526b9a15e779c0?s=96&d=mm&r=g\",\"url\":\"https:\\\/\\\/secure.gravatar.com\\\/avatar\\\/c6003e45301182b7e125463fcbec403b1980909c12edf09098526b9a15e779c0?s=96&d=mm&r=g\",\"contentUrl\":\"https:\\\/\\\/secure.gravatar.com\\\/avatar\\\/c6003e45301182b7e125463fcbec403b1980909c12edf09098526b9a15e779c0?s=96&d=mm&r=g\",\"caption\":\"agradocosmetic\"}}]}<\/script>\n<!-- \/ Yoast SEO plugin. -->","yoast_head_json":{"title":"Manifiesto de verano, \u00a1tus imprescindibles! - Agrado","description":"Hemos elaborado el manifiesto de verano m\u00e1s disfrut\u00f3n de la temporada. \u00a1Porque nos hemos propuesto disfrutar de las peque\u00f1as cosas y lo vamos a cumplir!","robots":{"index":"index","follow":"follow","max-snippet":"max-snippet:-1","max-image-preview":"max-image-preview:large","max-video-preview":"max-video-preview:-1"},"canonical":"https:\/\/agradocosmetic.com\/it\/manifiesto-de-verano-tus-imprescindibles\/","og_locale":"it_IT","og_type":"article","og_title":"Manifiesto de verano, \u00a1tus imprescindibles! - Agrado","og_description":"Hemos elaborado el manifiesto de verano m\u00e1s disfrut\u00f3n de la temporada. \u00a1Porque nos hemos propuesto disfrutar de las peque\u00f1as cosas y lo vamos a cumplir!","og_url":"https:\/\/agradocosmetic.com\/it\/manifiesto-de-verano-tus-imprescindibles\/","og_site_name":"Agrado","article_published_time":"2020-07-16T07:21:34+00:00","article_modified_time":"2023-11-18T16:58:54+00:00","og_image":[{"width":1200,"height":800,"url":"https:\/\/agradocosmetic.com\/wp-content\/uploads\/2020\/07\/manifiesto-verano-agrado.jpg","type":"image\/jpeg"}],"author":"agradocosmetic","twitter_card":"summary_large_image","twitter_misc":{"Scritto da":"agradocosmetic","Tempo di lettura stimato":"2 minuti"},"schema":{"@context":"https:\/\/schema.org","@graph":[{"@type":"Article","@id":"https:\/\/agradocosmetic.com\/manifiesto-de-verano-tus-imprescindibles\/#article","isPartOf":{"@id":"https:\/\/agradocosmetic.com\/manifiesto-de-verano-tus-imprescindibles\/"},"author":{"name":"agradocosmetic","@id":"https:\/\/agradocosmetic.com\/#\/schema\/person\/732e8d396022e25f9340196f83d6789d"},"headline":"Manifiesto de verano, \u00a1tus imprescindibles!","datePublished":"2020-07-16T07:21:34+00:00","dateModified":"2023-11-18T16:58:54+00:00","mainEntityOfPage":{"@id":"https:\/\/agradocosmetic.com\/manifiesto-de-verano-tus-imprescindibles\/"},"wordCount":461,"commentCount":0,"publisher":{"@id":"https:\/\/agradocosmetic.com\/#organization"},"image":{"@id":"https:\/\/agradocosmetic.com\/manifiesto-de-verano-tus-imprescindibles\/#primaryimage"},"thumbnailUrl":"https:\/\/agradocosmetic.com\/wp-content\/uploads\/2020\/07\/manifiesto-verano-agrado.jpg","keywords":["autoestimas","manifiesto","solar","verano"],"articleSection":["Lifestyle","Solar","Todos"],"inLanguage":"it-IT","potentialAction":[{"@type":"CommentAction","name":"Comment","target":["https:\/\/agradocosmetic.com\/manifiesto-de-verano-tus-imprescindibles\/#respond"]}]},{"@type":"WebPage","@id":"https:\/\/agradocosmetic.com\/manifiesto-de-verano-tus-imprescindibles\/","url":"https:\/\/agradocosmetic.com\/manifiesto-de-verano-tus-imprescindibles\/","name":"Manifiesto de verano, \u00a1tus imprescindibles! - Agrado","isPartOf":{"@id":"https:\/\/agradocosmetic.com\/#website"},"primaryImageOfPage":{"@id":"https:\/\/agradocosmetic.com\/manifiesto-de-verano-tus-imprescindibles\/#primaryimage"},"image":{"@id":"https:\/\/agradocosmetic.com\/manifiesto-de-verano-tus-imprescindibles\/#primaryimage"},"thumbnailUrl":"https:\/\/agradocosmetic.com\/wp-content\/uploads\/2020\/07\/manifiesto-verano-agrado.jpg","datePublished":"2020-07-16T07:21:34+00:00","dateModified":"2023-11-18T16:58:54+00:00","description":"Hemos elaborado el manifiesto de verano m\u00e1s disfrut\u00f3n de la temporada. \u00a1Porque nos hemos propuesto disfrutar de las peque\u00f1as cosas y lo vamos a cumplir!","breadcrumb":{"@id":"https:\/\/agradocosmetic.com\/manifiesto-de-verano-tus-imprescindibles\/#breadcrumb"},"inLanguage":"it-IT","potentialAction":[{"@type":"ReadAction","target":["https:\/\/agradocosmetic.com\/manifiesto-de-verano-tus-imprescindibles\/"]}]},{"@type":"ImageObject","inLanguage":"it-IT","@id":"https:\/\/agradocosmetic.com\/manifiesto-de-verano-tus-imprescindibles\/#primaryimage","url":"https:\/\/agradocosmetic.com\/wp-content\/uploads\/2020\/07\/manifiesto-verano-agrado.jpg","contentUrl":"https:\/\/agradocosmetic.com\/wp-content\/uploads\/2020\/07\/manifiesto-verano-agrado.jpg","width":1200,"height":800},{"@type":"BreadcrumbList","@id":"https:\/\/agradocosmetic.com\/manifiesto-de-verano-tus-imprescindibles\/#breadcrumb","itemListElement":[{"@type":"ListItem","position":1,"name":"Portada","item":"https:\/\/agradocosmetic.com\/"},{"@type":"ListItem","position":2,"name":"Manifiesto de verano, \u00a1tus imprescindibles!"}]},{"@type":"WebSite","@id":"https:\/\/agradocosmetic.com\/#website","url":"https:\/\/agradocosmetic.com\/","name":"Mi piace","description":"cosmetico","publisher":{"@id":"https:\/\/agradocosmetic.com\/#organization"},"potentialAction":[{"@type":"SearchAction","target":{"@type":"EntryPoint","urlTemplate":"https:\/\/agradocosmetic.com\/?s={search_term_string}"},"query-input":{"@type":"PropertyValueSpecification","valueRequired":true,"valueName":"search_term_string"}}],"inLanguage":"it-IT"},{"@type":"Organization","@id":"https:\/\/agradocosmetic.com\/#organization","name":"Mi piace","url":"https:\/\/agradocosmetic.com\/","logo":{"@type":"ImageObject","inLanguage":"it-IT","@id":"https:\/\/agradocosmetic.com\/#\/schema\/logo\/image\/","url":"https:\/\/agradocosmetic.com\/wp-content\/uploads\/2023\/07\/LOGO-AGRADO-WEB-01.png","contentUrl":"https:\/\/agradocosmetic.com\/wp-content\/uploads\/2023\/07\/LOGO-AGRADO-WEB-01.png","width":1632,"height":300,"caption":"Agrado"},"image":{"@id":"https:\/\/agradocosmetic.com\/#\/schema\/logo\/image\/"}},{"@type":"Person","@id":"https:\/\/agradocosmetic.com\/#\/schema\/person\/732e8d396022e25f9340196f83d6789d","name":"agradocosmetico","image":{"@type":"ImageObject","inLanguage":"it-IT","@id":"https:\/\/secure.gravatar.com\/avatar\/c6003e45301182b7e125463fcbec403b1980909c12edf09098526b9a15e779c0?s=96&d=mm&r=g","url":"https:\/\/secure.gravatar.com\/avatar\/c6003e45301182b7e125463fcbec403b1980909c12edf09098526b9a15e779c0?s=96&d=mm&r=g","contentUrl":"https:\/\/secure.gravatar.com\/avatar\/c6003e45301182b7e125463fcbec403b1980909c12edf09098526b9a15e779c0?s=96&d=mm&r=g","caption":"agradocosmetic"}}]}},"_links":{"self":[{"href":"https:\/\/agradocosmetic.com\/it\/wp-json\/wp\/v2\/posts\/11805","targetHints":{"allow":["GET"]}}],"collection":[{"href":"https:\/\/agradocosmetic.com\/it\/wp-json\/wp\/v2\/posts"}],"about":[{"href":"https:\/\/agradocosmetic.com\/it\/wp-json\/wp\/v2\/types\/post"}],"author":[{"embeddable":true,"href":"https:\/\/agradocosmetic.com\/it\/wp-json\/wp\/v2\/users\/9"}],"replies":[{"embeddable":true,"href":"https:\/\/agradocosmetic.com\/it\/wp-json\/wp\/v2\/comments?post=11805"}],"version-history":[{"count":1,"href":"https:\/\/agradocosmetic.com\/it\/wp-json\/wp\/v2\/posts\/11805\/revisions"}],"predecessor-version":[{"id":21363,"href":"https:\/\/agradocosmetic.com\/it\/wp-json\/wp\/v2\/posts\/11805\/revisions\/21363"}],"wp:featuredmedia":[{"embeddable":true,"href":"https:\/\/agradocosmetic.com\/it\/wp-json\/wp\/v2\/media\/21362"}],"wp:attachment":[{"href":"https:\/\/agradocosmetic.com\/it\/wp-json\/wp\/v2\/media?parent=11805"}],"wp:term":[{"taxonomy":"category","embeddable":true,"href":"https:\/\/agradocosmetic.com\/it\/wp-json\/wp\/v2\/categories?post=11805"},{"taxonomy":"post_tag","embeddable":true,"href":"https:\/\/agradocosmetic.com\/it\/wp-json\/wp\/v2\/tags?post=11805"}],"curies":[{"name":"parola chiave","href":"https:\/\/api.w.org\/{rel}","templated":true}]}}