{"id":12543,"date":"2020-08-10T13:11:53","date_gmt":"2020-08-10T12:11:53","guid":{"rendered":"https:\/\/www.agradocosmetic.com\/?p=12543"},"modified":"2023-11-18T16:58:54","modified_gmt":"2023-11-18T16:58:54","slug":"hablan-de-nosotros-los-solares-agrado-en-prensa","status":"publish","type":"post","link":"https:\/\/agradocosmetic.com\/it\/hablan-de-nosotros-los-solares-agrado-en-prensa\/","title":{"rendered":"Parlano di noi! Le trame di Agrado sulla stampa"},"content":{"rendered":"<p>Quest&#039;estate il <a href=\"\/it\/?linea=solares\" target=\"_blank\" rel=\"noreferrer noopener\" aria-label=\"non definito (si apre in una nuova scheda)\">crema solare di Agrado Cosmetic<\/a> Hanno suscitato scalpore nella stampa e non potremmo essere pi\u00f9 grati. Le pi\u00f9 importanti pubblicazioni di bellezza e lifestyle hanno consigliato i nostri prodotti ai loro lettori, e ciascuna di queste menzioni \u00e8 il risultato dell&#039;averne comprovata l&#039;efficacia.<\/p>\r\n\r\n\r\n\r\n<p>Raccogliamo le apparizioni stampa pi\u00f9 importanti e ti invitiamo a dare un&#039;occhiata per scoprire l&#039;opinione dei pi\u00f9 importanti redattori di bellezza.<\/p>\r\n\r\n\r\n\r\n<p><strong>VOGA<\/strong><\/p>\r\n\r\n\r\n\r\n<p><a href=\"https:\/\/www.vogue.es\/belleza\/galerias\/brumas-proteccion-solar-bolso-fotoprotector\" target=\"_blank\" rel=\"noreferrer noopener\" aria-label=\"non definito (si apre in una nuova scheda)\">Spray di protezione solare che puoi portare in borsa<\/a><\/p>\r\n\r\n\r\n\r\n<p><a href=\"https:\/\/www.vogue.es\/belleza\/articulos\/cosmeticos-espanoles-virales-crema-maquillaje-champu-buenas-opiniones\" target=\"_blank\" rel=\"noreferrer noopener\" aria-label=\"non definito (si apre in una nuova scheda)\">10 cosmetici spagnoli che stanno diventando (MOLTO) virali<\/a><\/p>\r\n\r\n\r\n\r\n<p>\u2018&#039;\u2018<a href=\"https:\/\/www.vogue.es\/belleza\/articulos\/aftersun-crema-hidratante-corporal-diferencias-calmar-piel-quemaduras\" target=\"_blank\" rel=\"noreferrer noopener\" aria-label=\"non definito (si apre in una nuova scheda)\">Doposole o crema idratante: qual \u00e8 davvero la differenza? <\/a><\/p>\r\n\r\n\r\n\r\n<p><strong>TELVA<\/strong><\/p>\r\n\r\n\r\n\r\n<p><a href=\"https:\/\/www.telva.com\/belleza\/cremas\/album\/2020\/06\/09\/5edf9d8d01a2f14daf8b45ff_13.html\" target=\"_blank\" rel=\"noreferrer noopener\" aria-label=\"non definito (si apre in una nuova scheda)\">Queste sono le migliori creme solari per pelli sensibili e problematiche per evitare scottature<\/a><\/p>\r\n\r\n\r\n\r\n<p><strong>COSMOPOLITA<\/strong><\/p>\r\n\r\n\r\n\r\n<p><a href=\"https:\/\/www.cosmopolitan.com\/es\/belleza\/tratamientos-cara-cuerpo\/g22588625\/neceser-playa\/\" target=\"_blank\" rel=\"noreferrer noopener\" aria-label=\"non definito (si apre in una nuova scheda)\">Questo \u00e8 ci\u00f2 che non pu\u00f2 mancare nel tuo beauty bag per la spiaggia<\/a><\/p>\r\n\r\n\r\n\r\n<p><strong>ELLE<\/strong><\/p>\r\n\r\n\r\n\r\n<p><a href=\"https:\/\/www.elle.com\/es\/belleza\/cara-cuerpo\/a33297748\/proteccion-solar-mascarilla-agrado-cosmetics\/\" target=\"_blank\" rel=\"noreferrer noopener\" aria-label=\"non definito (si apre in una nuova scheda)\">La protezione solare ideale da utilizzare con la maschera<\/a><\/p>\r\n\r\n\r\n\r\n<p><strong>LA SALUTE DELLE DONNE<\/strong><\/p>\r\n\r\n\r\n\r\n<p><a href=\"https:\/\/www.womenshealthmag.com\/es\/moda-belleza\/g32890479\/25-protectores-solares-texturas-formatos\/?slide=3\" target=\"_blank\" rel=\"noreferrer noopener\" aria-label=\"non definito (si apre in una nuova scheda)\">20 filtri solari in diversi formati cos\u00ec puoi trovare il tuo<\/a><\/p>\r\n\r\n\r\n\r\n<p><strong>VANITATIS<\/strong><\/p>\r\n\r\n\r\n\r\n<p><a href=\"https:\/\/www.vanitatis.elconfidencial.com\/estilo\/belleza\/2020-06-20\/consejos-sol-bronceado-prevencion_1587024\/\" target=\"_blank\" rel=\"noreferrer noopener\" aria-label=\"non definito (si apre in una nuova scheda)\">I 7 consigli fondamentali affinch\u00e9 il sole sia il tuo miglior alleato (e non il tuo peggior nemico)<\/a><\/p>\r\n\r\n\r\n\r\n<p><strong>PAESE<\/strong><\/p>\r\n\r\n\r\n\r\n<p><a href=\"https:\/\/elpais.com\/elpais\/2020\/06\/23\/escaparate\/1592902564_715497.amp.html\" target=\"_blank\" rel=\"noreferrer noopener\" aria-label=\"non definito (si apre in una nuova scheda)\">Cinque spray spray perfetti per applicare la protezione solare sul viso e non macchiare la maschera<\/a><\/p>\r\n\r\n\r\n\r\n<p><strong>SOMMARIO ABC<\/strong><\/p>\r\n\r\n\r\n\r\n<p><a href=\"https:\/\/www.abc.es\/summum\/estilo\/moda\/abci-todo-debes-meter-maleta-vacaciones-para-mas-elegante-202007240917_noticia.html\" target=\"_blank\" rel=\"noreferrer noopener\" aria-label=\"non definito (si apre in una nuova scheda)\">Tutto quello che dovresti mettere nella valigia delle vacanze per essere il pi\u00f9 elegante<\/a><\/p>\r\n\r\n\r\n\r\n<p><strong>L&#039;UFFICIO POSTALE DELLA SPAGNA<\/strong><\/p>\r\n\r\n\r\n\r\n<p><a href=\"https:\/\/elcorreodeespana.com\/salud\/461778128\/Agrado-Cosmetic-la-crema-solar-mas-agradable-para-llevar-con-mascarilla.html\" target=\"_blank\" rel=\"noreferrer noopener\" aria-label=\"non definito (si apre in una nuova scheda)\">Agrado Cosmetic: la protezione solare pi\u00f9 piacevole da indossare con la maschera<\/a><\/p>\r\n\r\n\r\n\r\n<p>&nbsp;<\/p>\r\n\r\n\r\n\r\n<p>Ci\u00f2 che ci rende pi\u00f9 entusiasti \u00e8 che tu 100% sia d&#039;accordo, e quest&#039;estate i solari Agrado ti accompagneranno ovunque. L&#039;SPF50 Facial Sun Mist \u00e8 stato il grande protagonista da applicare e riapplicare per essere sempre protetti. Lo avete consigliato tantissimo anche sui social network!<\/p>\r\n\r\n\r\n\r\n<p>Grazie per aver confidato nella protezione della tua pelle nei nostri prodotti! Continuiamo a lavorare per offrirti il meglio ad un prezzo giusto. E grazie anche a tutta la stampa che ci sostiene con le sue segnalazioni.<\/p>","protected":false},"excerpt":{"rendered":"<p>Este verano los solares de Agrado Cosmetic han causado furor en prensa, y no podemos estar m\u00e1s agradecidos. Las cabeceras m\u00e1s importantes de belleza y estilo de vida han recomendado nuestros productos a sus lectoras, y cada una de esas menciones es resultado de haber probado su efectividad. Recopilamos las apariciones en prensa m\u00e1s destacadas [&hellip;]<\/p>\n","protected":false},"author":9,"featured_media":21360,"comment_status":"open","ping_status":"closed","sticky":false,"template":"","format":"standard","meta":{"footnotes":"","_wp_rev_ctl_limit":""},"categories":[116,1],"tags":[322,229],"class_list":["post-12543","post","type-post","status-publish","format-standard","has-post-thumbnail","hentry","category-solar","category-todos","tag-prensa","tag-solares"],"yoast_head":"<!-- This site is optimized with the Yoast SEO plugin v27.4 - https:\/\/yoast.com\/product\/yoast-seo-wordpress\/ -->\n<title>\u00a1Hablan de nosotros! Los solares Agrado en prensa - Agrado<\/title>\n<meta name=\"description\" content=\"La prensa recomienda nuestros solares por su efectividad y pr\u00e1ctico formato. \u00a1No os perd\u00e1is estas menciones! Seguro que est\u00e1is de acuerdo en todas.\" \/>\n<meta name=\"robots\" content=\"index, follow, max-snippet:-1, max-image-preview:large, max-video-preview:-1\" \/>\n<link rel=\"canonical\" href=\"https:\/\/agradocosmetic.com\/it\/hablan-de-nosotros-los-solares-agrado-en-prensa\/\" \/>\n<meta property=\"og:locale\" content=\"it_IT\" \/>\n<meta property=\"og:type\" content=\"article\" \/>\n<meta property=\"og:title\" content=\"\u00a1Hablan de nosotros! Los solares Agrado en prensa - Agrado\" \/>\n<meta property=\"og:description\" content=\"La prensa recomienda nuestros solares por su efectividad y pr\u00e1ctico formato. \u00a1No os perd\u00e1is estas menciones! Seguro que est\u00e1is de acuerdo en todas.\" \/>\n<meta property=\"og:url\" content=\"https:\/\/agradocosmetic.com\/it\/hablan-de-nosotros-los-solares-agrado-en-prensa\/\" \/>\n<meta property=\"og:site_name\" content=\"Agrado\" \/>\n<meta property=\"article:published_time\" content=\"2020-08-10T12:11:53+00:00\" \/>\n<meta property=\"article:modified_time\" content=\"2023-11-18T16:58:54+00:00\" \/>\n<meta property=\"og:image\" content=\"https:\/\/agradocosmetic.com\/wp-content\/uploads\/2020\/08\/prensa-solares-agrado.jpg\" \/>\n\t<meta property=\"og:image:width\" content=\"1200\" \/>\n\t<meta property=\"og:image:height\" content=\"800\" \/>\n\t<meta property=\"og:image:type\" content=\"image\/jpeg\" \/>\n<meta name=\"author\" content=\"agradocosmetic\" \/>\n<meta name=\"twitter:card\" content=\"summary_large_image\" \/>\n<meta name=\"twitter:label1\" content=\"Scritto da\" \/>\n\t<meta name=\"twitter:data1\" content=\"agradocosmetic\" \/>\n\t<meta name=\"twitter:label2\" content=\"Tempo di lettura stimato\" \/>\n\t<meta name=\"twitter:data2\" content=\"2 minuti\" \/>\n<script type=\"application\/ld+json\" class=\"yoast-schema-graph\">{\"@context\":\"https:\\\/\\\/schema.org\",\"@graph\":[{\"@type\":\"Article\",\"@id\":\"https:\\\/\\\/agradocosmetic.com\\\/hablan-de-nosotros-los-solares-agrado-en-prensa\\\/#article\",\"isPartOf\":{\"@id\":\"https:\\\/\\\/agradocosmetic.com\\\/hablan-de-nosotros-los-solares-agrado-en-prensa\\\/\"},\"author\":{\"name\":\"agradocosmetic\",\"@id\":\"https:\\\/\\\/agradocosmetic.com\\\/#\\\/schema\\\/person\\\/732e8d396022e25f9340196f83d6789d\"},\"headline\":\"\u00a1Hablan de nosotros! Los solares Agrado en prensa\",\"datePublished\":\"2020-08-10T12:11:53+00:00\",\"dateModified\":\"2023-11-18T16:58:54+00:00\",\"mainEntityOfPage\":{\"@id\":\"https:\\\/\\\/agradocosmetic.com\\\/hablan-de-nosotros-los-solares-agrado-en-prensa\\\/\"},\"wordCount\":345,\"commentCount\":0,\"publisher\":{\"@id\":\"https:\\\/\\\/agradocosmetic.com\\\/#organization\"},\"image\":{\"@id\":\"https:\\\/\\\/agradocosmetic.com\\\/hablan-de-nosotros-los-solares-agrado-en-prensa\\\/#primaryimage\"},\"thumbnailUrl\":\"https:\\\/\\\/agradocosmetic.com\\\/wp-content\\\/uploads\\\/2020\\\/08\\\/prensa-solares-agrado.jpg\",\"keywords\":[\"prensa\",\"solares\"],\"articleSection\":[\"Solar\",\"Todos\"],\"inLanguage\":\"it-IT\",\"potentialAction\":[{\"@type\":\"CommentAction\",\"name\":\"Comment\",\"target\":[\"https:\\\/\\\/agradocosmetic.com\\\/hablan-de-nosotros-los-solares-agrado-en-prensa\\\/#respond\"]}]},{\"@type\":\"WebPage\",\"@id\":\"https:\\\/\\\/agradocosmetic.com\\\/hablan-de-nosotros-los-solares-agrado-en-prensa\\\/\",\"url\":\"https:\\\/\\\/agradocosmetic.com\\\/hablan-de-nosotros-los-solares-agrado-en-prensa\\\/\",\"name\":\"\u00a1Hablan de nosotros! Los solares Agrado en prensa - Agrado\",\"isPartOf\":{\"@id\":\"https:\\\/\\\/agradocosmetic.com\\\/#website\"},\"primaryImageOfPage\":{\"@id\":\"https:\\\/\\\/agradocosmetic.com\\\/hablan-de-nosotros-los-solares-agrado-en-prensa\\\/#primaryimage\"},\"image\":{\"@id\":\"https:\\\/\\\/agradocosmetic.com\\\/hablan-de-nosotros-los-solares-agrado-en-prensa\\\/#primaryimage\"},\"thumbnailUrl\":\"https:\\\/\\\/agradocosmetic.com\\\/wp-content\\\/uploads\\\/2020\\\/08\\\/prensa-solares-agrado.jpg\",\"datePublished\":\"2020-08-10T12:11:53+00:00\",\"dateModified\":\"2023-11-18T16:58:54+00:00\",\"description\":\"La prensa recomienda nuestros solares por su efectividad y pr\u00e1ctico formato. \u00a1No os perd\u00e1is estas menciones! Seguro que est\u00e1is de acuerdo en todas.\",\"breadcrumb\":{\"@id\":\"https:\\\/\\\/agradocosmetic.com\\\/hablan-de-nosotros-los-solares-agrado-en-prensa\\\/#breadcrumb\"},\"inLanguage\":\"it-IT\",\"potentialAction\":[{\"@type\":\"ReadAction\",\"target\":[\"https:\\\/\\\/agradocosmetic.com\\\/hablan-de-nosotros-los-solares-agrado-en-prensa\\\/\"]}]},{\"@type\":\"ImageObject\",\"inLanguage\":\"it-IT\",\"@id\":\"https:\\\/\\\/agradocosmetic.com\\\/hablan-de-nosotros-los-solares-agrado-en-prensa\\\/#primaryimage\",\"url\":\"https:\\\/\\\/agradocosmetic.com\\\/wp-content\\\/uploads\\\/2020\\\/08\\\/prensa-solares-agrado.jpg\",\"contentUrl\":\"https:\\\/\\\/agradocosmetic.com\\\/wp-content\\\/uploads\\\/2020\\\/08\\\/prensa-solares-agrado.jpg\",\"width\":1200,\"height\":800},{\"@type\":\"BreadcrumbList\",\"@id\":\"https:\\\/\\\/agradocosmetic.com\\\/hablan-de-nosotros-los-solares-agrado-en-prensa\\\/#breadcrumb\",\"itemListElement\":[{\"@type\":\"ListItem\",\"position\":1,\"name\":\"Portada\",\"item\":\"https:\\\/\\\/agradocosmetic.com\\\/\"},{\"@type\":\"ListItem\",\"position\":2,\"name\":\"\u00a1Hablan de nosotros! Los solares Agrado en prensa\"}]},{\"@type\":\"WebSite\",\"@id\":\"https:\\\/\\\/agradocosmetic.com\\\/#website\",\"url\":\"https:\\\/\\\/agradocosmetic.com\\\/\",\"name\":\"Agrado\",\"description\":\"Cosmetic\",\"publisher\":{\"@id\":\"https:\\\/\\\/agradocosmetic.com\\\/#organization\"},\"potentialAction\":[{\"@type\":\"SearchAction\",\"target\":{\"@type\":\"EntryPoint\",\"urlTemplate\":\"https:\\\/\\\/agradocosmetic.com\\\/?s={search_term_string}\"},\"query-input\":{\"@type\":\"PropertyValueSpecification\",\"valueRequired\":true,\"valueName\":\"search_term_string\"}}],\"inLanguage\":\"it-IT\"},{\"@type\":\"Organization\",\"@id\":\"https:\\\/\\\/agradocosmetic.com\\\/#organization\",\"name\":\"Agrado\",\"url\":\"https:\\\/\\\/agradocosmetic.com\\\/\",\"logo\":{\"@type\":\"ImageObject\",\"inLanguage\":\"it-IT\",\"@id\":\"https:\\\/\\\/agradocosmetic.com\\\/#\\\/schema\\\/logo\\\/image\\\/\",\"url\":\"https:\\\/\\\/agradocosmetic.com\\\/wp-content\\\/uploads\\\/2023\\\/07\\\/LOGO-AGRADO-WEB-01.png\",\"contentUrl\":\"https:\\\/\\\/agradocosmetic.com\\\/wp-content\\\/uploads\\\/2023\\\/07\\\/LOGO-AGRADO-WEB-01.png\",\"width\":1632,\"height\":300,\"caption\":\"Agrado\"},\"image\":{\"@id\":\"https:\\\/\\\/agradocosmetic.com\\\/#\\\/schema\\\/logo\\\/image\\\/\"}},{\"@type\":\"Person\",\"@id\":\"https:\\\/\\\/agradocosmetic.com\\\/#\\\/schema\\\/person\\\/732e8d396022e25f9340196f83d6789d\",\"name\":\"agradocosmetic\",\"image\":{\"@type\":\"ImageObject\",\"inLanguage\":\"it-IT\",\"@id\":\"https:\\\/\\\/secure.gravatar.com\\\/avatar\\\/c6003e45301182b7e125463fcbec403b1980909c12edf09098526b9a15e779c0?s=96&d=mm&r=g\",\"url\":\"https:\\\/\\\/secure.gravatar.com\\\/avatar\\\/c6003e45301182b7e125463fcbec403b1980909c12edf09098526b9a15e779c0?s=96&d=mm&r=g\",\"contentUrl\":\"https:\\\/\\\/secure.gravatar.com\\\/avatar\\\/c6003e45301182b7e125463fcbec403b1980909c12edf09098526b9a15e779c0?s=96&d=mm&r=g\",\"caption\":\"agradocosmetic\"}}]}<\/script>\n<!-- \/ Yoast SEO plugin. -->","yoast_head_json":{"title":"\u00a1Hablan de nosotros! Los solares Agrado en prensa - Agrado","description":"La prensa recomienda nuestros solares por su efectividad y pr\u00e1ctico formato. \u00a1No os perd\u00e1is estas menciones! Seguro que est\u00e1is de acuerdo en todas.","robots":{"index":"index","follow":"follow","max-snippet":"max-snippet:-1","max-image-preview":"max-image-preview:large","max-video-preview":"max-video-preview:-1"},"canonical":"https:\/\/agradocosmetic.com\/it\/hablan-de-nosotros-los-solares-agrado-en-prensa\/","og_locale":"it_IT","og_type":"article","og_title":"\u00a1Hablan de nosotros! Los solares Agrado en prensa - Agrado","og_description":"La prensa recomienda nuestros solares por su efectividad y pr\u00e1ctico formato. \u00a1No os perd\u00e1is estas menciones! Seguro que est\u00e1is de acuerdo en todas.","og_url":"https:\/\/agradocosmetic.com\/it\/hablan-de-nosotros-los-solares-agrado-en-prensa\/","og_site_name":"Agrado","article_published_time":"2020-08-10T12:11:53+00:00","article_modified_time":"2023-11-18T16:58:54+00:00","og_image":[{"width":1200,"height":800,"url":"https:\/\/agradocosmetic.com\/wp-content\/uploads\/2020\/08\/prensa-solares-agrado.jpg","type":"image\/jpeg"}],"author":"agradocosmetic","twitter_card":"summary_large_image","twitter_misc":{"Scritto da":"agradocosmetic","Tempo di lettura stimato":"2 minuti"},"schema":{"@context":"https:\/\/schema.org","@graph":[{"@type":"Article","@id":"https:\/\/agradocosmetic.com\/hablan-de-nosotros-los-solares-agrado-en-prensa\/#article","isPartOf":{"@id":"https:\/\/agradocosmetic.com\/hablan-de-nosotros-los-solares-agrado-en-prensa\/"},"author":{"name":"agradocosmetic","@id":"https:\/\/agradocosmetic.com\/#\/schema\/person\/732e8d396022e25f9340196f83d6789d"},"headline":"\u00a1Hablan de nosotros! Los solares Agrado en prensa","datePublished":"2020-08-10T12:11:53+00:00","dateModified":"2023-11-18T16:58:54+00:00","mainEntityOfPage":{"@id":"https:\/\/agradocosmetic.com\/hablan-de-nosotros-los-solares-agrado-en-prensa\/"},"wordCount":345,"commentCount":0,"publisher":{"@id":"https:\/\/agradocosmetic.com\/#organization"},"image":{"@id":"https:\/\/agradocosmetic.com\/hablan-de-nosotros-los-solares-agrado-en-prensa\/#primaryimage"},"thumbnailUrl":"https:\/\/agradocosmetic.com\/wp-content\/uploads\/2020\/08\/prensa-solares-agrado.jpg","keywords":["prensa","solares"],"articleSection":["Solar","Todos"],"inLanguage":"it-IT","potentialAction":[{"@type":"CommentAction","name":"Comment","target":["https:\/\/agradocosmetic.com\/hablan-de-nosotros-los-solares-agrado-en-prensa\/#respond"]}]},{"@type":"WebPage","@id":"https:\/\/agradocosmetic.com\/hablan-de-nosotros-los-solares-agrado-en-prensa\/","url":"https:\/\/agradocosmetic.com\/hablan-de-nosotros-los-solares-agrado-en-prensa\/","name":"\u00a1Hablan de nosotros! Los solares Agrado en prensa - Agrado","isPartOf":{"@id":"https:\/\/agradocosmetic.com\/#website"},"primaryImageOfPage":{"@id":"https:\/\/agradocosmetic.com\/hablan-de-nosotros-los-solares-agrado-en-prensa\/#primaryimage"},"image":{"@id":"https:\/\/agradocosmetic.com\/hablan-de-nosotros-los-solares-agrado-en-prensa\/#primaryimage"},"thumbnailUrl":"https:\/\/agradocosmetic.com\/wp-content\/uploads\/2020\/08\/prensa-solares-agrado.jpg","datePublished":"2020-08-10T12:11:53+00:00","dateModified":"2023-11-18T16:58:54+00:00","description":"La prensa recomienda nuestros solares por su efectividad y pr\u00e1ctico formato. \u00a1No os perd\u00e1is estas menciones! Seguro que est\u00e1is de acuerdo en todas.","breadcrumb":{"@id":"https:\/\/agradocosmetic.com\/hablan-de-nosotros-los-solares-agrado-en-prensa\/#breadcrumb"},"inLanguage":"it-IT","potentialAction":[{"@type":"ReadAction","target":["https:\/\/agradocosmetic.com\/hablan-de-nosotros-los-solares-agrado-en-prensa\/"]}]},{"@type":"ImageObject","inLanguage":"it-IT","@id":"https:\/\/agradocosmetic.com\/hablan-de-nosotros-los-solares-agrado-en-prensa\/#primaryimage","url":"https:\/\/agradocosmetic.com\/wp-content\/uploads\/2020\/08\/prensa-solares-agrado.jpg","contentUrl":"https:\/\/agradocosmetic.com\/wp-content\/uploads\/2020\/08\/prensa-solares-agrado.jpg","width":1200,"height":800},{"@type":"BreadcrumbList","@id":"https:\/\/agradocosmetic.com\/hablan-de-nosotros-los-solares-agrado-en-prensa\/#breadcrumb","itemListElement":[{"@type":"ListItem","position":1,"name":"Portada","item":"https:\/\/agradocosmetic.com\/"},{"@type":"ListItem","position":2,"name":"\u00a1Hablan de nosotros! Los solares Agrado en prensa"}]},{"@type":"WebSite","@id":"https:\/\/agradocosmetic.com\/#website","url":"https:\/\/agradocosmetic.com\/","name":"Mi piace","description":"cosmetico","publisher":{"@id":"https:\/\/agradocosmetic.com\/#organization"},"potentialAction":[{"@type":"SearchAction","target":{"@type":"EntryPoint","urlTemplate":"https:\/\/agradocosmetic.com\/?s={search_term_string}"},"query-input":{"@type":"PropertyValueSpecification","valueRequired":true,"valueName":"search_term_string"}}],"inLanguage":"it-IT"},{"@type":"Organization","@id":"https:\/\/agradocosmetic.com\/#organization","name":"Mi piace","url":"https:\/\/agradocosmetic.com\/","logo":{"@type":"ImageObject","inLanguage":"it-IT","@id":"https:\/\/agradocosmetic.com\/#\/schema\/logo\/image\/","url":"https:\/\/agradocosmetic.com\/wp-content\/uploads\/2023\/07\/LOGO-AGRADO-WEB-01.png","contentUrl":"https:\/\/agradocosmetic.com\/wp-content\/uploads\/2023\/07\/LOGO-AGRADO-WEB-01.png","width":1632,"height":300,"caption":"Agrado"},"image":{"@id":"https:\/\/agradocosmetic.com\/#\/schema\/logo\/image\/"}},{"@type":"Person","@id":"https:\/\/agradocosmetic.com\/#\/schema\/person\/732e8d396022e25f9340196f83d6789d","name":"agradocosmetico","image":{"@type":"ImageObject","inLanguage":"it-IT","@id":"https:\/\/secure.gravatar.com\/avatar\/c6003e45301182b7e125463fcbec403b1980909c12edf09098526b9a15e779c0?s=96&d=mm&r=g","url":"https:\/\/secure.gravatar.com\/avatar\/c6003e45301182b7e125463fcbec403b1980909c12edf09098526b9a15e779c0?s=96&d=mm&r=g","contentUrl":"https:\/\/secure.gravatar.com\/avatar\/c6003e45301182b7e125463fcbec403b1980909c12edf09098526b9a15e779c0?s=96&d=mm&r=g","caption":"agradocosmetic"}}]}},"_links":{"self":[{"href":"https:\/\/agradocosmetic.com\/it\/wp-json\/wp\/v2\/posts\/12543","targetHints":{"allow":["GET"]}}],"collection":[{"href":"https:\/\/agradocosmetic.com\/it\/wp-json\/wp\/v2\/posts"}],"about":[{"href":"https:\/\/agradocosmetic.com\/it\/wp-json\/wp\/v2\/types\/post"}],"author":[{"embeddable":true,"href":"https:\/\/agradocosmetic.com\/it\/wp-json\/wp\/v2\/users\/9"}],"replies":[{"embeddable":true,"href":"https:\/\/agradocosmetic.com\/it\/wp-json\/wp\/v2\/comments?post=12543"}],"version-history":[{"count":1,"href":"https:\/\/agradocosmetic.com\/it\/wp-json\/wp\/v2\/posts\/12543\/revisions"}],"predecessor-version":[{"id":21361,"href":"https:\/\/agradocosmetic.com\/it\/wp-json\/wp\/v2\/posts\/12543\/revisions\/21361"}],"wp:featuredmedia":[{"embeddable":true,"href":"https:\/\/agradocosmetic.com\/it\/wp-json\/wp\/v2\/media\/21360"}],"wp:attachment":[{"href":"https:\/\/agradocosmetic.com\/it\/wp-json\/wp\/v2\/media?parent=12543"}],"wp:term":[{"taxonomy":"category","embeddable":true,"href":"https:\/\/agradocosmetic.com\/it\/wp-json\/wp\/v2\/categories?post=12543"},{"taxonomy":"post_tag","embeddable":true,"href":"https:\/\/agradocosmetic.com\/it\/wp-json\/wp\/v2\/tags?post=12543"}],"curies":[{"name":"parola chiave","href":"https:\/\/api.w.org\/{rel}","templated":true}]}}