{"id":13604,"date":"2020-09-07T10:54:23","date_gmt":"2020-09-07T09:54:23","guid":{"rendered":"https:\/\/www.agradocosmetic.com\/?p=13604"},"modified":"2023-11-18T16:58:54","modified_gmt":"2023-11-18T16:58:54","slug":"prolongar-tu-bronceado-es-posible","status":"publish","type":"post","link":"https:\/\/agradocosmetic.com\/it\/prolongar-tu-bronceado-es-posible\/","title":{"rendered":"Prolungare l&#039;abbronzatura \u00e8 possibile!"},"content":{"rendered":"<p>Sappiamo quanto sia difficile ottenere quel tono dorato sulla nostra pelle e quanto sia arrabbiato quando scompare cos\u00ec rapidamente. Oggi vi proponiamo 5 trucchi per prolungare l&#039;abbronzatura oltre settembre. Ti iscrivi? Promettiamo che funziona!<\/p>\r\n\r\n\r\n\r\n<ol class=\"wp-block-list\">\r\n<li>Idratazione extra<\/li>\r\n<\/ol>\r\n\r\n\r\n\r\n<p>L&#039;idratazione \u00e8 essenziale per prolungare l&#039;abbronzatura. E dopo qualche mese di sole, cloro, salsedine e altri fattori che tendono a seccare, \u00e8 normale che ti senta pi\u00f9 disidratato. Se a questo aggiungiamo il ritorno in citt\u00e0, l&#039;inquinamento e lo stress, il risultato \u00e8 una pelle spenta e senza vita. Idrata accuratamente la tua pelle ogni giorno con il tuo <a href=\"\/it\/?categoria-producto=corporal\/crema-y-locion\" target=\"_blank\" rel=\"noreferrer noopener\" aria-label=\"non definito (si apre in una nuova scheda)\">Il latte per il corpo \u00e8 piaciuto<\/a> preferito e sarai nutrito, carino, flessibile e abbronzato!<\/p>\r\n\r\n\r\n\r\n<p>2. Trattamento post-sole<\/p>\r\n\r\n\r\n\r\n<p>Coccolare la tua pelle dopo il sole \u00e8 pi\u00f9 importante di quanto pensi. Infatti, se utilizzerai il prodotto giusto, potrai prolungare l&#039;abbronzatura molto pi\u00f9 a lungo. Nostro <a href=\"\/it\/?p=3570\" target=\"_blank\" rel=\"noreferrer noopener\" aria-label=\"non definito (si apre in una nuova scheda)\">Doposole in gel di Aloe Vera<\/a>Oltre a calmare la pelle, prevenendone la desquamazione e riparando i danni cellulari, fa durare l&#039;abbronzatura molto pi\u00f9 a lungo.<\/p>\r\n\r\n\r\n\r\n<p>3. Nutre la tua abbronzatura<\/p>\r\n\r\n\r\n\r\n<p>Introduci nella tua dieta alimenti ricchi di vitamina C, betacarotene o licopene, che aiutano a preservare il colore. Come il melone, l&#039;anguria, il pomodoro o i frutti rossi. Anche quelle che promuovono la sintesi della melanina, come le proteine della carne magra o del pesce come il salmone. La tua pelle risulter\u00e0 pi\u00f9 luminosa e compatta.<\/p>\r\n\r\n\r\n\r\n<p>4. La migliore doccia fredda<\/p>\r\n\r\n\r\n\r\n<p>Dimentica i bagni caldi fino all&#039;arrivo dell&#039;autunno. L&#039;acqua fredda \u00e8 tonificante e rivitalizzante, che ti aiuter\u00e0 a evitare la disidratazione e quindi a prolungare l&#039;abbronzatura.<\/p>\r\n\r\n\r\n\r\n<p>5. Non dimenticare il sole!<\/p>\r\n\r\n\r\n\r\n<p>Sicuramente trovi ancora spazio e voglia di passare un po&#039; di tempo al sole con quel libro che non hai ancora finito. Rinfreschi l&#039;abbronzatura, stimoli la produzione di vitamina D e fai finta che l&#039;estate non sia ancora finita. Sar\u00e0 sicuramente una carica di energia!<\/p>\r\n\r\n\r\n\r\n<p>Questi semplici trucchi ti aiuteranno a prolungare l&#039;abbronzatura e ti ricorderanno anche quanto ti \u00e8 piaciuta l&#039;estate. Ricorda che un buon bronzer \u00e8 sempre un vantaggio per un bel viso abbronzato. \ud83d\ude09<\/p>\r\n\r\n\r\n\r\n<p>&nbsp;<\/p>","protected":false},"excerpt":{"rendered":"<p>Sabemos lo que cuesta conseguir ese tono doradito en nuestra piel, y la rabia que da cuando desaparece tan r\u00e1pido. Hoy te traemos 5 trucos para prolongar tu bronceado m\u00e1s all\u00e1 de septiembre. \u00bfTe apuntas? \u00a1Prometemos que funciona! Extra de hidrataci\u00f3n La hidrataci\u00f3n es b\u00e1sica para prolongar tu bronceado. Y es que despu\u00e9s de unos [&hellip;]<\/p>\n","protected":false},"author":9,"featured_media":21356,"comment_status":"open","ping_status":"closed","sticky":false,"template":"","format":"standard","meta":{"footnotes":"","_wp_rev_ctl_limit":""},"categories":[149,116,1],"tags":[323,289,219],"class_list":["post-13604","post","type-post","status-publish","format-standard","has-post-thumbnail","hentry","category-corporal","category-solar","category-todos","tag-bronceado","tag-cuidado-de-la-piel","tag-tips"],"yoast_head":"<!-- This site is optimized with the Yoast SEO plugin v27.4 - https:\/\/yoast.com\/product\/yoast-seo-wordpress\/ -->\n<title>\u00a1Prolongar tu bronceado es posible! - Agrado<\/title>\n<meta name=\"description\" content=\"Descubre c\u00f3mo prolongar tu bronceado durante m\u00e1s tiempo y disfruta de una piel morena y luminosa hasta oto\u00f1o. \u00a1Prometido!\" \/>\n<meta name=\"robots\" content=\"index, follow, max-snippet:-1, max-image-preview:large, max-video-preview:-1\" \/>\n<link rel=\"canonical\" href=\"https:\/\/agradocosmetic.com\/it\/prolongar-tu-bronceado-es-posible\/\" \/>\n<meta property=\"og:locale\" content=\"it_IT\" \/>\n<meta property=\"og:type\" content=\"article\" \/>\n<meta property=\"og:title\" content=\"\u00a1Prolongar tu bronceado es posible! - Agrado\" \/>\n<meta property=\"og:description\" content=\"Descubre c\u00f3mo prolongar tu bronceado durante m\u00e1s tiempo y disfruta de una piel morena y luminosa hasta oto\u00f1o. \u00a1Prometido!\" \/>\n<meta property=\"og:url\" content=\"https:\/\/agradocosmetic.com\/it\/prolongar-tu-bronceado-es-posible\/\" \/>\n<meta property=\"og:site_name\" content=\"Agrado\" \/>\n<meta property=\"article:published_time\" content=\"2020-09-07T09:54:23+00:00\" \/>\n<meta property=\"article:modified_time\" content=\"2023-11-18T16:58:54+00:00\" \/>\n<meta property=\"og:image\" content=\"https:\/\/agradocosmetic.com\/wp-content\/uploads\/2020\/09\/prolongar-bronceado-agrado.jpg\" \/>\n\t<meta property=\"og:image:width\" content=\"1200\" \/>\n\t<meta property=\"og:image:height\" content=\"800\" \/>\n\t<meta property=\"og:image:type\" content=\"image\/jpeg\" \/>\n<meta name=\"author\" content=\"agradocosmetic\" \/>\n<meta name=\"twitter:card\" content=\"summary_large_image\" \/>\n<meta name=\"twitter:label1\" content=\"Scritto da\" \/>\n\t<meta name=\"twitter:data1\" content=\"agradocosmetic\" \/>\n\t<meta name=\"twitter:label2\" content=\"Tempo di lettura stimato\" \/>\n\t<meta name=\"twitter:data2\" content=\"2 minuti\" \/>\n<script type=\"application\/ld+json\" class=\"yoast-schema-graph\">{\"@context\":\"https:\\\/\\\/schema.org\",\"@graph\":[{\"@type\":\"Article\",\"@id\":\"https:\\\/\\\/agradocosmetic.com\\\/prolongar-tu-bronceado-es-posible\\\/#article\",\"isPartOf\":{\"@id\":\"https:\\\/\\\/agradocosmetic.com\\\/prolongar-tu-bronceado-es-posible\\\/\"},\"author\":{\"name\":\"agradocosmetic\",\"@id\":\"https:\\\/\\\/agradocosmetic.com\\\/#\\\/schema\\\/person\\\/732e8d396022e25f9340196f83d6789d\"},\"headline\":\"\u00a1Prolongar tu bronceado es posible!\",\"datePublished\":\"2020-09-07T09:54:23+00:00\",\"dateModified\":\"2023-11-18T16:58:54+00:00\",\"mainEntityOfPage\":{\"@id\":\"https:\\\/\\\/agradocosmetic.com\\\/prolongar-tu-bronceado-es-posible\\\/\"},\"wordCount\":406,\"commentCount\":0,\"publisher\":{\"@id\":\"https:\\\/\\\/agradocosmetic.com\\\/#organization\"},\"image\":{\"@id\":\"https:\\\/\\\/agradocosmetic.com\\\/prolongar-tu-bronceado-es-posible\\\/#primaryimage\"},\"thumbnailUrl\":\"https:\\\/\\\/agradocosmetic.com\\\/wp-content\\\/uploads\\\/2020\\\/09\\\/prolongar-bronceado-agrado.jpg\",\"keywords\":[\"bronceado\",\"cuidado de la piel\",\"tips\"],\"articleSection\":[\"Corporal\",\"Solar\",\"Todos\"],\"inLanguage\":\"it-IT\",\"potentialAction\":[{\"@type\":\"CommentAction\",\"name\":\"Comment\",\"target\":[\"https:\\\/\\\/agradocosmetic.com\\\/prolongar-tu-bronceado-es-posible\\\/#respond\"]}]},{\"@type\":\"WebPage\",\"@id\":\"https:\\\/\\\/agradocosmetic.com\\\/prolongar-tu-bronceado-es-posible\\\/\",\"url\":\"https:\\\/\\\/agradocosmetic.com\\\/prolongar-tu-bronceado-es-posible\\\/\",\"name\":\"\u00a1Prolongar tu bronceado es posible! - Agrado\",\"isPartOf\":{\"@id\":\"https:\\\/\\\/agradocosmetic.com\\\/#website\"},\"primaryImageOfPage\":{\"@id\":\"https:\\\/\\\/agradocosmetic.com\\\/prolongar-tu-bronceado-es-posible\\\/#primaryimage\"},\"image\":{\"@id\":\"https:\\\/\\\/agradocosmetic.com\\\/prolongar-tu-bronceado-es-posible\\\/#primaryimage\"},\"thumbnailUrl\":\"https:\\\/\\\/agradocosmetic.com\\\/wp-content\\\/uploads\\\/2020\\\/09\\\/prolongar-bronceado-agrado.jpg\",\"datePublished\":\"2020-09-07T09:54:23+00:00\",\"dateModified\":\"2023-11-18T16:58:54+00:00\",\"description\":\"Descubre c\u00f3mo prolongar tu bronceado durante m\u00e1s tiempo y disfruta de una piel morena y luminosa hasta oto\u00f1o. \u00a1Prometido!\",\"breadcrumb\":{\"@id\":\"https:\\\/\\\/agradocosmetic.com\\\/prolongar-tu-bronceado-es-posible\\\/#breadcrumb\"},\"inLanguage\":\"it-IT\",\"potentialAction\":[{\"@type\":\"ReadAction\",\"target\":[\"https:\\\/\\\/agradocosmetic.com\\\/prolongar-tu-bronceado-es-posible\\\/\"]}]},{\"@type\":\"ImageObject\",\"inLanguage\":\"it-IT\",\"@id\":\"https:\\\/\\\/agradocosmetic.com\\\/prolongar-tu-bronceado-es-posible\\\/#primaryimage\",\"url\":\"https:\\\/\\\/agradocosmetic.com\\\/wp-content\\\/uploads\\\/2020\\\/09\\\/prolongar-bronceado-agrado.jpg\",\"contentUrl\":\"https:\\\/\\\/agradocosmetic.com\\\/wp-content\\\/uploads\\\/2020\\\/09\\\/prolongar-bronceado-agrado.jpg\",\"width\":1200,\"height\":800},{\"@type\":\"BreadcrumbList\",\"@id\":\"https:\\\/\\\/agradocosmetic.com\\\/prolongar-tu-bronceado-es-posible\\\/#breadcrumb\",\"itemListElement\":[{\"@type\":\"ListItem\",\"position\":1,\"name\":\"Portada\",\"item\":\"https:\\\/\\\/agradocosmetic.com\\\/\"},{\"@type\":\"ListItem\",\"position\":2,\"name\":\"\u00a1Prolongar tu bronceado es posible!\"}]},{\"@type\":\"WebSite\",\"@id\":\"https:\\\/\\\/agradocosmetic.com\\\/#website\",\"url\":\"https:\\\/\\\/agradocosmetic.com\\\/\",\"name\":\"Agrado\",\"description\":\"Cosmetic\",\"publisher\":{\"@id\":\"https:\\\/\\\/agradocosmetic.com\\\/#organization\"},\"potentialAction\":[{\"@type\":\"SearchAction\",\"target\":{\"@type\":\"EntryPoint\",\"urlTemplate\":\"https:\\\/\\\/agradocosmetic.com\\\/?s={search_term_string}\"},\"query-input\":{\"@type\":\"PropertyValueSpecification\",\"valueRequired\":true,\"valueName\":\"search_term_string\"}}],\"inLanguage\":\"it-IT\"},{\"@type\":\"Organization\",\"@id\":\"https:\\\/\\\/agradocosmetic.com\\\/#organization\",\"name\":\"Agrado\",\"url\":\"https:\\\/\\\/agradocosmetic.com\\\/\",\"logo\":{\"@type\":\"ImageObject\",\"inLanguage\":\"it-IT\",\"@id\":\"https:\\\/\\\/agradocosmetic.com\\\/#\\\/schema\\\/logo\\\/image\\\/\",\"url\":\"https:\\\/\\\/agradocosmetic.com\\\/wp-content\\\/uploads\\\/2023\\\/07\\\/LOGO-AGRADO-WEB-01.png\",\"contentUrl\":\"https:\\\/\\\/agradocosmetic.com\\\/wp-content\\\/uploads\\\/2023\\\/07\\\/LOGO-AGRADO-WEB-01.png\",\"width\":1632,\"height\":300,\"caption\":\"Agrado\"},\"image\":{\"@id\":\"https:\\\/\\\/agradocosmetic.com\\\/#\\\/schema\\\/logo\\\/image\\\/\"}},{\"@type\":\"Person\",\"@id\":\"https:\\\/\\\/agradocosmetic.com\\\/#\\\/schema\\\/person\\\/732e8d396022e25f9340196f83d6789d\",\"name\":\"agradocosmetic\",\"image\":{\"@type\":\"ImageObject\",\"inLanguage\":\"it-IT\",\"@id\":\"https:\\\/\\\/secure.gravatar.com\\\/avatar\\\/c6003e45301182b7e125463fcbec403b1980909c12edf09098526b9a15e779c0?s=96&d=mm&r=g\",\"url\":\"https:\\\/\\\/secure.gravatar.com\\\/avatar\\\/c6003e45301182b7e125463fcbec403b1980909c12edf09098526b9a15e779c0?s=96&d=mm&r=g\",\"contentUrl\":\"https:\\\/\\\/secure.gravatar.com\\\/avatar\\\/c6003e45301182b7e125463fcbec403b1980909c12edf09098526b9a15e779c0?s=96&d=mm&r=g\",\"caption\":\"agradocosmetic\"}}]}<\/script>\n<!-- \/ Yoast SEO plugin. -->","yoast_head_json":{"title":"\u00a1Prolongar tu bronceado es posible! - Agrado","description":"Descubre c\u00f3mo prolongar tu bronceado durante m\u00e1s tiempo y disfruta de una piel morena y luminosa hasta oto\u00f1o. \u00a1Prometido!","robots":{"index":"index","follow":"follow","max-snippet":"max-snippet:-1","max-image-preview":"max-image-preview:large","max-video-preview":"max-video-preview:-1"},"canonical":"https:\/\/agradocosmetic.com\/it\/prolongar-tu-bronceado-es-posible\/","og_locale":"it_IT","og_type":"article","og_title":"\u00a1Prolongar tu bronceado es posible! - Agrado","og_description":"Descubre c\u00f3mo prolongar tu bronceado durante m\u00e1s tiempo y disfruta de una piel morena y luminosa hasta oto\u00f1o. \u00a1Prometido!","og_url":"https:\/\/agradocosmetic.com\/it\/prolongar-tu-bronceado-es-posible\/","og_site_name":"Agrado","article_published_time":"2020-09-07T09:54:23+00:00","article_modified_time":"2023-11-18T16:58:54+00:00","og_image":[{"width":1200,"height":800,"url":"https:\/\/agradocosmetic.com\/wp-content\/uploads\/2020\/09\/prolongar-bronceado-agrado.jpg","type":"image\/jpeg"}],"author":"agradocosmetic","twitter_card":"summary_large_image","twitter_misc":{"Scritto da":"agradocosmetic","Tempo di lettura stimato":"2 minuti"},"schema":{"@context":"https:\/\/schema.org","@graph":[{"@type":"Article","@id":"https:\/\/agradocosmetic.com\/prolongar-tu-bronceado-es-posible\/#article","isPartOf":{"@id":"https:\/\/agradocosmetic.com\/prolongar-tu-bronceado-es-posible\/"},"author":{"name":"agradocosmetic","@id":"https:\/\/agradocosmetic.com\/#\/schema\/person\/732e8d396022e25f9340196f83d6789d"},"headline":"\u00a1Prolongar tu bronceado es posible!","datePublished":"2020-09-07T09:54:23+00:00","dateModified":"2023-11-18T16:58:54+00:00","mainEntityOfPage":{"@id":"https:\/\/agradocosmetic.com\/prolongar-tu-bronceado-es-posible\/"},"wordCount":406,"commentCount":0,"publisher":{"@id":"https:\/\/agradocosmetic.com\/#organization"},"image":{"@id":"https:\/\/agradocosmetic.com\/prolongar-tu-bronceado-es-posible\/#primaryimage"},"thumbnailUrl":"https:\/\/agradocosmetic.com\/wp-content\/uploads\/2020\/09\/prolongar-bronceado-agrado.jpg","keywords":["bronceado","cuidado de la piel","tips"],"articleSection":["Corporal","Solar","Todos"],"inLanguage":"it-IT","potentialAction":[{"@type":"CommentAction","name":"Comment","target":["https:\/\/agradocosmetic.com\/prolongar-tu-bronceado-es-posible\/#respond"]}]},{"@type":"WebPage","@id":"https:\/\/agradocosmetic.com\/prolongar-tu-bronceado-es-posible\/","url":"https:\/\/agradocosmetic.com\/prolongar-tu-bronceado-es-posible\/","name":"\u00a1Prolongar tu bronceado es posible! - Agrado","isPartOf":{"@id":"https:\/\/agradocosmetic.com\/#website"},"primaryImageOfPage":{"@id":"https:\/\/agradocosmetic.com\/prolongar-tu-bronceado-es-posible\/#primaryimage"},"image":{"@id":"https:\/\/agradocosmetic.com\/prolongar-tu-bronceado-es-posible\/#primaryimage"},"thumbnailUrl":"https:\/\/agradocosmetic.com\/wp-content\/uploads\/2020\/09\/prolongar-bronceado-agrado.jpg","datePublished":"2020-09-07T09:54:23+00:00","dateModified":"2023-11-18T16:58:54+00:00","description":"Descubre c\u00f3mo prolongar tu bronceado durante m\u00e1s tiempo y disfruta de una piel morena y luminosa hasta oto\u00f1o. \u00a1Prometido!","breadcrumb":{"@id":"https:\/\/agradocosmetic.com\/prolongar-tu-bronceado-es-posible\/#breadcrumb"},"inLanguage":"it-IT","potentialAction":[{"@type":"ReadAction","target":["https:\/\/agradocosmetic.com\/prolongar-tu-bronceado-es-posible\/"]}]},{"@type":"ImageObject","inLanguage":"it-IT","@id":"https:\/\/agradocosmetic.com\/prolongar-tu-bronceado-es-posible\/#primaryimage","url":"https:\/\/agradocosmetic.com\/wp-content\/uploads\/2020\/09\/prolongar-bronceado-agrado.jpg","contentUrl":"https:\/\/agradocosmetic.com\/wp-content\/uploads\/2020\/09\/prolongar-bronceado-agrado.jpg","width":1200,"height":800},{"@type":"BreadcrumbList","@id":"https:\/\/agradocosmetic.com\/prolongar-tu-bronceado-es-posible\/#breadcrumb","itemListElement":[{"@type":"ListItem","position":1,"name":"Portada","item":"https:\/\/agradocosmetic.com\/"},{"@type":"ListItem","position":2,"name":"\u00a1Prolongar tu bronceado es posible!"}]},{"@type":"WebSite","@id":"https:\/\/agradocosmetic.com\/#website","url":"https:\/\/agradocosmetic.com\/","name":"Mi piace","description":"cosmetico","publisher":{"@id":"https:\/\/agradocosmetic.com\/#organization"},"potentialAction":[{"@type":"SearchAction","target":{"@type":"EntryPoint","urlTemplate":"https:\/\/agradocosmetic.com\/?s={search_term_string}"},"query-input":{"@type":"PropertyValueSpecification","valueRequired":true,"valueName":"search_term_string"}}],"inLanguage":"it-IT"},{"@type":"Organization","@id":"https:\/\/agradocosmetic.com\/#organization","name":"Mi piace","url":"https:\/\/agradocosmetic.com\/","logo":{"@type":"ImageObject","inLanguage":"it-IT","@id":"https:\/\/agradocosmetic.com\/#\/schema\/logo\/image\/","url":"https:\/\/agradocosmetic.com\/wp-content\/uploads\/2023\/07\/LOGO-AGRADO-WEB-01.png","contentUrl":"https:\/\/agradocosmetic.com\/wp-content\/uploads\/2023\/07\/LOGO-AGRADO-WEB-01.png","width":1632,"height":300,"caption":"Agrado"},"image":{"@id":"https:\/\/agradocosmetic.com\/#\/schema\/logo\/image\/"}},{"@type":"Person","@id":"https:\/\/agradocosmetic.com\/#\/schema\/person\/732e8d396022e25f9340196f83d6789d","name":"agradocosmetico","image":{"@type":"ImageObject","inLanguage":"it-IT","@id":"https:\/\/secure.gravatar.com\/avatar\/c6003e45301182b7e125463fcbec403b1980909c12edf09098526b9a15e779c0?s=96&d=mm&r=g","url":"https:\/\/secure.gravatar.com\/avatar\/c6003e45301182b7e125463fcbec403b1980909c12edf09098526b9a15e779c0?s=96&d=mm&r=g","contentUrl":"https:\/\/secure.gravatar.com\/avatar\/c6003e45301182b7e125463fcbec403b1980909c12edf09098526b9a15e779c0?s=96&d=mm&r=g","caption":"agradocosmetic"}}]}},"_links":{"self":[{"href":"https:\/\/agradocosmetic.com\/it\/wp-json\/wp\/v2\/posts\/13604","targetHints":{"allow":["GET"]}}],"collection":[{"href":"https:\/\/agradocosmetic.com\/it\/wp-json\/wp\/v2\/posts"}],"about":[{"href":"https:\/\/agradocosmetic.com\/it\/wp-json\/wp\/v2\/types\/post"}],"author":[{"embeddable":true,"href":"https:\/\/agradocosmetic.com\/it\/wp-json\/wp\/v2\/users\/9"}],"replies":[{"embeddable":true,"href":"https:\/\/agradocosmetic.com\/it\/wp-json\/wp\/v2\/comments?post=13604"}],"version-history":[{"count":1,"href":"https:\/\/agradocosmetic.com\/it\/wp-json\/wp\/v2\/posts\/13604\/revisions"}],"predecessor-version":[{"id":21357,"href":"https:\/\/agradocosmetic.com\/it\/wp-json\/wp\/v2\/posts\/13604\/revisions\/21357"}],"wp:featuredmedia":[{"embeddable":true,"href":"https:\/\/agradocosmetic.com\/it\/wp-json\/wp\/v2\/media\/21356"}],"wp:attachment":[{"href":"https:\/\/agradocosmetic.com\/it\/wp-json\/wp\/v2\/media?parent=13604"}],"wp:term":[{"taxonomy":"category","embeddable":true,"href":"https:\/\/agradocosmetic.com\/it\/wp-json\/wp\/v2\/categories?post=13604"},{"taxonomy":"post_tag","embeddable":true,"href":"https:\/\/agradocosmetic.com\/it\/wp-json\/wp\/v2\/tags?post=13604"}],"curies":[{"name":"parola chiave","href":"https:\/\/api.w.org\/{rel}","templated":true}]}}