{"id":14009,"date":"2020-09-22T14:59:37","date_gmt":"2020-09-22T13:59:37","guid":{"rendered":"https:\/\/www.agradocosmetic.com\/?p=14009"},"modified":"2023-11-18T16:58:54","modified_gmt":"2023-11-18T16:58:54","slug":"prevenir-caida-capilar","status":"publish","type":"post","link":"https:\/\/agradocosmetic.com\/it\/prevenir-caida-capilar\/","title":{"rendered":"Come prevenire la caduta dei capelli"},"content":{"rendered":"<p>Lo stress, una cattiva alimentazione o i cambiamenti ormonali possono causare la caduta dei capelli. Ecco perch\u00e9, anche se i cicli dei capelli sono uguali per tutti, la caduta dei capelli dipende dalle caratteristiche di ogni persona e dalle sue circostanze. Ad esempio, i capelli grassi tendono a cadere maggiormente perch\u00e9 i follicoli si indeboliscono. L&#039;autunno \u00e8 solitamente anche un periodo autunnale, quindi \u00e8 importante iniziare a prevenire ora. Presta attenzione a questi 5 consigli per prevenire la caduta dei capelli!<\/p>\r\n\r\n\r\n\r\n<ol class=\"wp-block-list\">\r\n<li>Mantenere una corretta igiene. Scegliere <a href=\"\/it\/?categoria-producto=capilar\/champu-uso-frecuente\" target=\"_blank\" rel=\"noreferrer noopener\" aria-label=\"non definito (si apre in una nuova scheda)\">shampoo adatti<\/a> a seconda del tipo di capelli. Evita il concetto di &quot;anticaduta&quot; e opta per shampoo riparatori o nutrienti che ti donano forza e lucentezza.<\/li>\r\n<li>Districa i capelli prima di lavarli a secco, poich\u00e9 sono pi\u00f9 deboli quando sono bagnati e possono rompersi o cadere pi\u00f9 facilmente.<\/li>\r\n<li>Lavare delicatamente la zona del cuoio capelluto con i palmi delle mani e massaggiare delicatamente le punte, senza sfregare. Anche se pensi che in questo modo pulisci meglio i tuoi capelli, li stai danneggiando.<\/li>\r\n<li>Risciacquare con acqua fredda, anzich\u00e9 tiepida, per non indebolire i capelli. Evitare sempre l&#039;acqua molto calda.<\/li>\r\n<li>Scegli una dieta equilibrata, ricca di proteine, vitamine, sali minerali e acqua affinch\u00e9 il tuo cuoio capelluto sia in condizioni ottimali. Diete molto aggressive e disturbi alimentari sono solitamente le principali cause di caduta dei capelli.<\/li>\r\n<\/ol>\r\n\r\n\r\n\r\n<p>Come diciamo sempre, &quot;prevenire \u00e8 meglio che curare&quot;, e se senti che i tuoi capelli iniziano a indebolirsi, coccolali subito e previeni la caduta dei capelli! Ci sono molti miti che circondano questo argomento e molti prodotti che promettono miracoli. &quot;Non usare il phon, non usare prodotti fissativi,...&quot; Affermazioni senza alcun fondamento scientifico che ci distraggono solo da ci\u00f2 che \u00e8 veramente importante, mantenere i nostri capelli puliti e nutriti. Scegli il <a href=\"\/it\/?categoria-producto=capilar\" target=\"_blank\" rel=\"noreferrer noopener\" aria-label=\"non definito (si apre in una nuova scheda)\">prodotti per capelli<\/a> Come il pi\u00f9 adatto a te! Puoi consultarci sui nostri Social Network, <a href=\"https:\/\/www.facebook.com\/agradocosmetic\" target=\"_blank\" rel=\"noreferrer noopener\" aria-label=\"non definito (si apre in una nuova scheda)\">Facebook<\/a> E <a href=\"https:\/\/www.instagram.com\/agradocosmetic\/?hl=es\" target=\"_blank\" rel=\"noreferrer noopener\" aria-label=\"non definito (si apre in una nuova scheda)\">instagram<\/a>. Saremo lieti di consigliarvi personalmente!<\/p>\r\n\r\n\r\n\r\n<p>&nbsp;<\/p>","protected":false},"excerpt":{"rendered":"<p>El estr\u00e9s, una mala alimentaci\u00f3n o los cambios hormonales, pueden provocar la ca\u00edda capilar. Es por eso que, aunque los ciclos capilares sean iguales para todo, la ca\u00edda depende de las caracter\u00edsticas de cada uno y sus circunstancias. Por ejemplo, los cabellos grasos tienden a caerse m\u00e1s porque los fol\u00edculos se debilitan. Oto\u00f1o tambi\u00e9n suele [&hellip;]<\/p>\n","protected":false},"author":9,"featured_media":21354,"comment_status":"open","ping_status":"closed","sticky":false,"template":"","format":"standard","meta":{"footnotes":"","_wp_rev_ctl_limit":""},"categories":[128,1],"tags":[324,306,176,325,279,326,182],"class_list":["post-14009","post","type-post","status-publish","format-standard","has-post-thumbnail","hentry","category-capilar","category-todos","tag-cabello-debil","tag-cabello-graso","tag-cabellos","tag-caida-capilar","tag-cuidado-del-cabello","tag-melena","tag-pelo"],"yoast_head":"<!-- This site is optimized with the Yoast SEO plugin v27.4 - https:\/\/yoast.com\/product\/yoast-seo-wordpress\/ -->\n<title>C\u00f3mo prevenir la ca\u00edda capilar - Agrado<\/title>\n<meta name=\"description\" content=\"Prevenir la ca\u00edda capilar es fundamental para mantener nuestro cabello fuerte y brillante. No te pierdas nuestros tips y recuerda, \u00a1m\u00e1s vale prevenir!\" \/>\n<meta name=\"robots\" content=\"index, follow, max-snippet:-1, max-image-preview:large, max-video-preview:-1\" \/>\n<link rel=\"canonical\" href=\"https:\/\/agradocosmetic.com\/it\/prevenir-caida-capilar\/\" \/>\n<meta property=\"og:locale\" content=\"it_IT\" \/>\n<meta property=\"og:type\" content=\"article\" \/>\n<meta property=\"og:title\" content=\"C\u00f3mo prevenir la ca\u00edda capilar - Agrado\" \/>\n<meta property=\"og:description\" content=\"Prevenir la ca\u00edda capilar es fundamental para mantener nuestro cabello fuerte y brillante. No te pierdas nuestros tips y recuerda, \u00a1m\u00e1s vale prevenir!\" \/>\n<meta property=\"og:url\" content=\"https:\/\/agradocosmetic.com\/it\/prevenir-caida-capilar\/\" \/>\n<meta property=\"og:site_name\" content=\"Agrado\" \/>\n<meta property=\"article:published_time\" content=\"2020-09-22T13:59:37+00:00\" \/>\n<meta property=\"article:modified_time\" content=\"2023-11-18T16:58:54+00:00\" \/>\n<meta property=\"og:image\" content=\"https:\/\/agradocosmetic.com\/wp-content\/uploads\/2020\/09\/prevenir-caida-capilar-agrado.jpg\" \/>\n\t<meta property=\"og:image:width\" content=\"1200\" \/>\n\t<meta property=\"og:image:height\" content=\"800\" \/>\n\t<meta property=\"og:image:type\" content=\"image\/jpeg\" \/>\n<meta name=\"author\" content=\"agradocosmetic\" \/>\n<meta name=\"twitter:card\" content=\"summary_large_image\" \/>\n<meta name=\"twitter:label1\" content=\"Scritto da\" \/>\n\t<meta name=\"twitter:data1\" content=\"agradocosmetic\" \/>\n\t<meta name=\"twitter:label2\" content=\"Tempo di lettura stimato\" \/>\n\t<meta name=\"twitter:data2\" content=\"2 minuti\" \/>\n<script type=\"application\/ld+json\" class=\"yoast-schema-graph\">{\"@context\":\"https:\\\/\\\/schema.org\",\"@graph\":[{\"@type\":\"Article\",\"@id\":\"https:\\\/\\\/agradocosmetic.com\\\/prevenir-caida-capilar\\\/#article\",\"isPartOf\":{\"@id\":\"https:\\\/\\\/agradocosmetic.com\\\/prevenir-caida-capilar\\\/\"},\"author\":{\"name\":\"agradocosmetic\",\"@id\":\"https:\\\/\\\/agradocosmetic.com\\\/#\\\/schema\\\/person\\\/732e8d396022e25f9340196f83d6789d\"},\"headline\":\"C\u00f3mo prevenir la ca\u00edda capilar\",\"datePublished\":\"2020-09-22T13:59:37+00:00\",\"dateModified\":\"2023-11-18T16:58:54+00:00\",\"mainEntityOfPage\":{\"@id\":\"https:\\\/\\\/agradocosmetic.com\\\/prevenir-caida-capilar\\\/\"},\"wordCount\":343,\"commentCount\":0,\"publisher\":{\"@id\":\"https:\\\/\\\/agradocosmetic.com\\\/#organization\"},\"image\":{\"@id\":\"https:\\\/\\\/agradocosmetic.com\\\/prevenir-caida-capilar\\\/#primaryimage\"},\"thumbnailUrl\":\"https:\\\/\\\/agradocosmetic.com\\\/wp-content\\\/uploads\\\/2020\\\/09\\\/prevenir-caida-capilar-agrado.jpg\",\"keywords\":[\"cabello d\u00e9bil\",\"cabello graso\",\"cabellos\",\"ca\u00edda capilar\",\"cuidado del cabello\",\"melena\",\"pelo\"],\"articleSection\":[\"Capilar\",\"Todos\"],\"inLanguage\":\"it-IT\",\"potentialAction\":[{\"@type\":\"CommentAction\",\"name\":\"Comment\",\"target\":[\"https:\\\/\\\/agradocosmetic.com\\\/prevenir-caida-capilar\\\/#respond\"]}]},{\"@type\":\"WebPage\",\"@id\":\"https:\\\/\\\/agradocosmetic.com\\\/prevenir-caida-capilar\\\/\",\"url\":\"https:\\\/\\\/agradocosmetic.com\\\/prevenir-caida-capilar\\\/\",\"name\":\"C\u00f3mo prevenir la ca\u00edda capilar - Agrado\",\"isPartOf\":{\"@id\":\"https:\\\/\\\/agradocosmetic.com\\\/#website\"},\"primaryImageOfPage\":{\"@id\":\"https:\\\/\\\/agradocosmetic.com\\\/prevenir-caida-capilar\\\/#primaryimage\"},\"image\":{\"@id\":\"https:\\\/\\\/agradocosmetic.com\\\/prevenir-caida-capilar\\\/#primaryimage\"},\"thumbnailUrl\":\"https:\\\/\\\/agradocosmetic.com\\\/wp-content\\\/uploads\\\/2020\\\/09\\\/prevenir-caida-capilar-agrado.jpg\",\"datePublished\":\"2020-09-22T13:59:37+00:00\",\"dateModified\":\"2023-11-18T16:58:54+00:00\",\"description\":\"Prevenir la ca\u00edda capilar es fundamental para mantener nuestro cabello fuerte y brillante. No te pierdas nuestros tips y recuerda, \u00a1m\u00e1s vale prevenir!\",\"breadcrumb\":{\"@id\":\"https:\\\/\\\/agradocosmetic.com\\\/prevenir-caida-capilar\\\/#breadcrumb\"},\"inLanguage\":\"it-IT\",\"potentialAction\":[{\"@type\":\"ReadAction\",\"target\":[\"https:\\\/\\\/agradocosmetic.com\\\/prevenir-caida-capilar\\\/\"]}]},{\"@type\":\"ImageObject\",\"inLanguage\":\"it-IT\",\"@id\":\"https:\\\/\\\/agradocosmetic.com\\\/prevenir-caida-capilar\\\/#primaryimage\",\"url\":\"https:\\\/\\\/agradocosmetic.com\\\/wp-content\\\/uploads\\\/2020\\\/09\\\/prevenir-caida-capilar-agrado.jpg\",\"contentUrl\":\"https:\\\/\\\/agradocosmetic.com\\\/wp-content\\\/uploads\\\/2020\\\/09\\\/prevenir-caida-capilar-agrado.jpg\",\"width\":1200,\"height\":800},{\"@type\":\"BreadcrumbList\",\"@id\":\"https:\\\/\\\/agradocosmetic.com\\\/prevenir-caida-capilar\\\/#breadcrumb\",\"itemListElement\":[{\"@type\":\"ListItem\",\"position\":1,\"name\":\"Portada\",\"item\":\"https:\\\/\\\/agradocosmetic.com\\\/\"},{\"@type\":\"ListItem\",\"position\":2,\"name\":\"C\u00f3mo prevenir la ca\u00edda capilar\"}]},{\"@type\":\"WebSite\",\"@id\":\"https:\\\/\\\/agradocosmetic.com\\\/#website\",\"url\":\"https:\\\/\\\/agradocosmetic.com\\\/\",\"name\":\"Agrado\",\"description\":\"Cosmetic\",\"publisher\":{\"@id\":\"https:\\\/\\\/agradocosmetic.com\\\/#organization\"},\"potentialAction\":[{\"@type\":\"SearchAction\",\"target\":{\"@type\":\"EntryPoint\",\"urlTemplate\":\"https:\\\/\\\/agradocosmetic.com\\\/?s={search_term_string}\"},\"query-input\":{\"@type\":\"PropertyValueSpecification\",\"valueRequired\":true,\"valueName\":\"search_term_string\"}}],\"inLanguage\":\"it-IT\"},{\"@type\":\"Organization\",\"@id\":\"https:\\\/\\\/agradocosmetic.com\\\/#organization\",\"name\":\"Agrado\",\"url\":\"https:\\\/\\\/agradocosmetic.com\\\/\",\"logo\":{\"@type\":\"ImageObject\",\"inLanguage\":\"it-IT\",\"@id\":\"https:\\\/\\\/agradocosmetic.com\\\/#\\\/schema\\\/logo\\\/image\\\/\",\"url\":\"https:\\\/\\\/agradocosmetic.com\\\/wp-content\\\/uploads\\\/2023\\\/07\\\/LOGO-AGRADO-WEB-01.png\",\"contentUrl\":\"https:\\\/\\\/agradocosmetic.com\\\/wp-content\\\/uploads\\\/2023\\\/07\\\/LOGO-AGRADO-WEB-01.png\",\"width\":1632,\"height\":300,\"caption\":\"Agrado\"},\"image\":{\"@id\":\"https:\\\/\\\/agradocosmetic.com\\\/#\\\/schema\\\/logo\\\/image\\\/\"}},{\"@type\":\"Person\",\"@id\":\"https:\\\/\\\/agradocosmetic.com\\\/#\\\/schema\\\/person\\\/732e8d396022e25f9340196f83d6789d\",\"name\":\"agradocosmetic\",\"image\":{\"@type\":\"ImageObject\",\"inLanguage\":\"it-IT\",\"@id\":\"https:\\\/\\\/secure.gravatar.com\\\/avatar\\\/c6003e45301182b7e125463fcbec403b1980909c12edf09098526b9a15e779c0?s=96&d=mm&r=g\",\"url\":\"https:\\\/\\\/secure.gravatar.com\\\/avatar\\\/c6003e45301182b7e125463fcbec403b1980909c12edf09098526b9a15e779c0?s=96&d=mm&r=g\",\"contentUrl\":\"https:\\\/\\\/secure.gravatar.com\\\/avatar\\\/c6003e45301182b7e125463fcbec403b1980909c12edf09098526b9a15e779c0?s=96&d=mm&r=g\",\"caption\":\"agradocosmetic\"}}]}<\/script>\n<!-- \/ Yoast SEO plugin. -->","yoast_head_json":{"title":"C\u00f3mo prevenir la ca\u00edda capilar - Agrado","description":"Prevenir la ca\u00edda capilar es fundamental para mantener nuestro cabello fuerte y brillante. No te pierdas nuestros tips y recuerda, \u00a1m\u00e1s vale prevenir!","robots":{"index":"index","follow":"follow","max-snippet":"max-snippet:-1","max-image-preview":"max-image-preview:large","max-video-preview":"max-video-preview:-1"},"canonical":"https:\/\/agradocosmetic.com\/it\/prevenir-caida-capilar\/","og_locale":"it_IT","og_type":"article","og_title":"C\u00f3mo prevenir la ca\u00edda capilar - Agrado","og_description":"Prevenir la ca\u00edda capilar es fundamental para mantener nuestro cabello fuerte y brillante. No te pierdas nuestros tips y recuerda, \u00a1m\u00e1s vale prevenir!","og_url":"https:\/\/agradocosmetic.com\/it\/prevenir-caida-capilar\/","og_site_name":"Agrado","article_published_time":"2020-09-22T13:59:37+00:00","article_modified_time":"2023-11-18T16:58:54+00:00","og_image":[{"width":1200,"height":800,"url":"https:\/\/agradocosmetic.com\/wp-content\/uploads\/2020\/09\/prevenir-caida-capilar-agrado.jpg","type":"image\/jpeg"}],"author":"agradocosmetic","twitter_card":"summary_large_image","twitter_misc":{"Scritto da":"agradocosmetic","Tempo di lettura stimato":"2 minuti"},"schema":{"@context":"https:\/\/schema.org","@graph":[{"@type":"Article","@id":"https:\/\/agradocosmetic.com\/prevenir-caida-capilar\/#article","isPartOf":{"@id":"https:\/\/agradocosmetic.com\/prevenir-caida-capilar\/"},"author":{"name":"agradocosmetic","@id":"https:\/\/agradocosmetic.com\/#\/schema\/person\/732e8d396022e25f9340196f83d6789d"},"headline":"C\u00f3mo prevenir la ca\u00edda capilar","datePublished":"2020-09-22T13:59:37+00:00","dateModified":"2023-11-18T16:58:54+00:00","mainEntityOfPage":{"@id":"https:\/\/agradocosmetic.com\/prevenir-caida-capilar\/"},"wordCount":343,"commentCount":0,"publisher":{"@id":"https:\/\/agradocosmetic.com\/#organization"},"image":{"@id":"https:\/\/agradocosmetic.com\/prevenir-caida-capilar\/#primaryimage"},"thumbnailUrl":"https:\/\/agradocosmetic.com\/wp-content\/uploads\/2020\/09\/prevenir-caida-capilar-agrado.jpg","keywords":["cabello d\u00e9bil","cabello graso","cabellos","ca\u00edda capilar","cuidado del cabello","melena","pelo"],"articleSection":["Capilar","Todos"],"inLanguage":"it-IT","potentialAction":[{"@type":"CommentAction","name":"Comment","target":["https:\/\/agradocosmetic.com\/prevenir-caida-capilar\/#respond"]}]},{"@type":"WebPage","@id":"https:\/\/agradocosmetic.com\/prevenir-caida-capilar\/","url":"https:\/\/agradocosmetic.com\/prevenir-caida-capilar\/","name":"C\u00f3mo prevenir la ca\u00edda capilar - Agrado","isPartOf":{"@id":"https:\/\/agradocosmetic.com\/#website"},"primaryImageOfPage":{"@id":"https:\/\/agradocosmetic.com\/prevenir-caida-capilar\/#primaryimage"},"image":{"@id":"https:\/\/agradocosmetic.com\/prevenir-caida-capilar\/#primaryimage"},"thumbnailUrl":"https:\/\/agradocosmetic.com\/wp-content\/uploads\/2020\/09\/prevenir-caida-capilar-agrado.jpg","datePublished":"2020-09-22T13:59:37+00:00","dateModified":"2023-11-18T16:58:54+00:00","description":"Prevenir la ca\u00edda capilar es fundamental para mantener nuestro cabello fuerte y brillante. No te pierdas nuestros tips y recuerda, \u00a1m\u00e1s vale prevenir!","breadcrumb":{"@id":"https:\/\/agradocosmetic.com\/prevenir-caida-capilar\/#breadcrumb"},"inLanguage":"it-IT","potentialAction":[{"@type":"ReadAction","target":["https:\/\/agradocosmetic.com\/prevenir-caida-capilar\/"]}]},{"@type":"ImageObject","inLanguage":"it-IT","@id":"https:\/\/agradocosmetic.com\/prevenir-caida-capilar\/#primaryimage","url":"https:\/\/agradocosmetic.com\/wp-content\/uploads\/2020\/09\/prevenir-caida-capilar-agrado.jpg","contentUrl":"https:\/\/agradocosmetic.com\/wp-content\/uploads\/2020\/09\/prevenir-caida-capilar-agrado.jpg","width":1200,"height":800},{"@type":"BreadcrumbList","@id":"https:\/\/agradocosmetic.com\/prevenir-caida-capilar\/#breadcrumb","itemListElement":[{"@type":"ListItem","position":1,"name":"Portada","item":"https:\/\/agradocosmetic.com\/"},{"@type":"ListItem","position":2,"name":"C\u00f3mo prevenir la ca\u00edda capilar"}]},{"@type":"WebSite","@id":"https:\/\/agradocosmetic.com\/#website","url":"https:\/\/agradocosmetic.com\/","name":"Mi piace","description":"cosmetico","publisher":{"@id":"https:\/\/agradocosmetic.com\/#organization"},"potentialAction":[{"@type":"SearchAction","target":{"@type":"EntryPoint","urlTemplate":"https:\/\/agradocosmetic.com\/?s={search_term_string}"},"query-input":{"@type":"PropertyValueSpecification","valueRequired":true,"valueName":"search_term_string"}}],"inLanguage":"it-IT"},{"@type":"Organization","@id":"https:\/\/agradocosmetic.com\/#organization","name":"Mi piace","url":"https:\/\/agradocosmetic.com\/","logo":{"@type":"ImageObject","inLanguage":"it-IT","@id":"https:\/\/agradocosmetic.com\/#\/schema\/logo\/image\/","url":"https:\/\/agradocosmetic.com\/wp-content\/uploads\/2023\/07\/LOGO-AGRADO-WEB-01.png","contentUrl":"https:\/\/agradocosmetic.com\/wp-content\/uploads\/2023\/07\/LOGO-AGRADO-WEB-01.png","width":1632,"height":300,"caption":"Agrado"},"image":{"@id":"https:\/\/agradocosmetic.com\/#\/schema\/logo\/image\/"}},{"@type":"Person","@id":"https:\/\/agradocosmetic.com\/#\/schema\/person\/732e8d396022e25f9340196f83d6789d","name":"agradocosmetico","image":{"@type":"ImageObject","inLanguage":"it-IT","@id":"https:\/\/secure.gravatar.com\/avatar\/c6003e45301182b7e125463fcbec403b1980909c12edf09098526b9a15e779c0?s=96&d=mm&r=g","url":"https:\/\/secure.gravatar.com\/avatar\/c6003e45301182b7e125463fcbec403b1980909c12edf09098526b9a15e779c0?s=96&d=mm&r=g","contentUrl":"https:\/\/secure.gravatar.com\/avatar\/c6003e45301182b7e125463fcbec403b1980909c12edf09098526b9a15e779c0?s=96&d=mm&r=g","caption":"agradocosmetic"}}]}},"_links":{"self":[{"href":"https:\/\/agradocosmetic.com\/it\/wp-json\/wp\/v2\/posts\/14009","targetHints":{"allow":["GET"]}}],"collection":[{"href":"https:\/\/agradocosmetic.com\/it\/wp-json\/wp\/v2\/posts"}],"about":[{"href":"https:\/\/agradocosmetic.com\/it\/wp-json\/wp\/v2\/types\/post"}],"author":[{"embeddable":true,"href":"https:\/\/agradocosmetic.com\/it\/wp-json\/wp\/v2\/users\/9"}],"replies":[{"embeddable":true,"href":"https:\/\/agradocosmetic.com\/it\/wp-json\/wp\/v2\/comments?post=14009"}],"version-history":[{"count":1,"href":"https:\/\/agradocosmetic.com\/it\/wp-json\/wp\/v2\/posts\/14009\/revisions"}],"predecessor-version":[{"id":21355,"href":"https:\/\/agradocosmetic.com\/it\/wp-json\/wp\/v2\/posts\/14009\/revisions\/21355"}],"wp:featuredmedia":[{"embeddable":true,"href":"https:\/\/agradocosmetic.com\/it\/wp-json\/wp\/v2\/media\/21354"}],"wp:attachment":[{"href":"https:\/\/agradocosmetic.com\/it\/wp-json\/wp\/v2\/media?parent=14009"}],"wp:term":[{"taxonomy":"category","embeddable":true,"href":"https:\/\/agradocosmetic.com\/it\/wp-json\/wp\/v2\/categories?post=14009"},{"taxonomy":"post_tag","embeddable":true,"href":"https:\/\/agradocosmetic.com\/it\/wp-json\/wp\/v2\/tags?post=14009"}],"curies":[{"name":"parola chiave","href":"https:\/\/api.w.org\/{rel}","templated":true}]}}