{"id":14284,"date":"2020-10-21T09:21:31","date_gmt":"2020-10-21T08:21:31","guid":{"rendered":"https:\/\/www.agradocosmetic.com\/?p=14284"},"modified":"2023-11-18T16:58:53","modified_gmt":"2023-11-18T16:58:53","slug":"como-combatir-el-maskne","status":"publish","type":"post","link":"https:\/\/agradocosmetic.com\/it\/como-combatir-el-maskne\/","title":{"rendered":"Come combattere la maschera"},"content":{"rendered":"<p>Maskn\u00e9 \u00e8 entrato nelle nostre vite. Ci\u00f2 di cui avevamo bisogno! Ora i brufoli sono pi\u00f9 difficili da controllare, perch\u00e9 con la maschera i pori si ostruiscono e si accumula pi\u00f9 olio nella zona del mento e intorno alla bocca. Condizioni ottimali per la comparsa di punti neri e brufoli, un bluff totale! Dato che le cose richiederanno molto tempo, abbiamo deciso di resistere! Ti diamo alcuni consigli per combattere il maskn\u00e9 e condividi con i tuoi amici quanto sia fenomenale la tua pelle. \ud83d\ude09 Prendi nota!<\/p>\r\n\r\n\r\n\r\n<ol class=\"wp-block-list\">\r\n<li>Cambia frequentemente la tua maschera, anche se sembra ovvio! Molti batteri si accumulano e, sfregando contro la pelle, causerai nuovi brufoli. Se non usate quelli chirurgici, optate per tessuti di cotone morbidi e rispettosi della vostra pelle.<\/li>\r\n<li>Pulisci il viso con <a href=\"\/it\/?p=4132\" target=\"_blank\" rel=\"noreferrer noopener\" aria-label=\"non definito (si apre in una nuova scheda)\">Acqua Micellare Ipoallergenica<\/a> ogni volta che torni a casa. \u00c8 importante essere sempre molto severi con l\u2019igiene del viso, ma soprattutto adesso, soprattutto nella zona della maschera.<\/li>\r\n<li>Esfolia e purifica. Una maschera o un trattamento di pulizia pi\u00f9 profondo una volta alla settimana aiuter\u00e0 a mantenere la pelle priva di olio e residui. Ci sono molte opzioni nelle profumerie, inoltre <a href=\"https:\/\/www.enfemenino.com\/tratamientos\/mascarillas-caseras-para-una-piel-perfecta-s1927239.html#af_intertitre_19\" target=\"_blank\" rel=\"noreferrer noopener\" aria-label=\"non definito (si apre in una nuova scheda)\">trucchi casalinghi molto economici e semplici<\/a>.<\/li>\r\n<li>Evitare il trucco per evitare di ostruire i pori. Immagina cosa succede alla tua pelle con il trucco e il calore localizzato. \u00c8 l&#039;occasione perfetta per far riposare la pelle prevenendo la maschera.<\/li>\r\n<li>Esalta il tuo sguardo, punta tutto sui tuoi occhi! \u00c8 ora di esercitarsi con l&#039;eyeliner e applicare diversi strati di mascara. Se \u00e8 l&#039;unica cosa che indossiamo, la indossiamo bene! \ud83d\ude01<\/li>\r\n<\/ol>\r\n\r\n\r\n\r\n<p>Come puoi vedere, combattere la maschera non \u00e8 cos\u00ec complicato, devi solo massimizzare l\u2019igiene e prendere alcune precauzioni. Speriamo di dimenticare presto la maschera, ma nel frattempo coccoliamo la nostra pelle! Se anche voi avete qualche trucchetto per combattere i brufoli, non vediamo l\u2019ora di leggerli!<\/p>\r\n\r\n\r\n\r\n<p>&nbsp;<\/p>","protected":false},"excerpt":{"rendered":"<p>El maskn\u00e9 ha llegado a nuestras vida. \u00a1Lo que nos faltaba! Ahora los granitos son m\u00e1s dif\u00edciles de controlar, y es que con la mascarilla los poros se obstruyen y se acumula m\u00e1s grasa en la zona de la barbilla y alrededor de la boca. Unas condiciones \u00f3ptimas para la aparici\u00f3n de puntos negros y [&hellip;]<\/p>\n","protected":false},"author":9,"featured_media":21350,"comment_status":"open","ping_status":"closed","sticky":false,"template":"","format":"standard","meta":{"footnotes":"","_wp_rev_ctl_limit":""},"categories":[149,1],"tags":[],"class_list":["post-14284","post","type-post","status-publish","format-standard","has-post-thumbnail","hentry","category-corporal","category-todos"],"yoast_head":"<!-- This site is optimized with the Yoast SEO plugin v27.4 - https:\/\/yoast.com\/product\/yoast-seo-wordpress\/ -->\n<title>C\u00f3mo combatir el maskn\u00e9 - Agrado Cosmetic Blog<\/title>\n<meta name=\"description\" content=\"La aparici\u00f3n de granitos en la zona de la mascarilla es una nueva afecci\u00f3n de la piel muy frecuente. \u00a1Te ense\u00f1amos c\u00f3mo combartir el maskn\u00e9!\" \/>\n<meta name=\"robots\" content=\"index, follow, max-snippet:-1, max-image-preview:large, max-video-preview:-1\" \/>\n<link rel=\"canonical\" href=\"https:\/\/agradocosmetic.com\/it\/como-combatir-el-maskne\/\" \/>\n<meta property=\"og:locale\" content=\"it_IT\" \/>\n<meta property=\"og:type\" content=\"article\" \/>\n<meta property=\"og:title\" content=\"C\u00f3mo combatir el maskn\u00e9 - Agrado Cosmetic Blog\" \/>\n<meta property=\"og:description\" content=\"La aparici\u00f3n de granitos en la zona de la mascarilla es una nueva afecci\u00f3n de la piel muy frecuente. \u00a1Te ense\u00f1amos c\u00f3mo combartir el maskn\u00e9!\" \/>\n<meta property=\"og:url\" content=\"https:\/\/agradocosmetic.com\/it\/como-combatir-el-maskne\/\" \/>\n<meta property=\"og:site_name\" content=\"Agrado\" \/>\n<meta property=\"article:published_time\" content=\"2020-10-21T08:21:31+00:00\" \/>\n<meta property=\"article:modified_time\" content=\"2023-11-18T16:58:53+00:00\" \/>\n<meta property=\"og:image\" content=\"https:\/\/agradocosmetic.com\/wp-content\/uploads\/2020\/10\/como-combatir-el-maskne-agrado.jpg\" \/>\n\t<meta property=\"og:image:width\" content=\"1200\" \/>\n\t<meta property=\"og:image:height\" content=\"800\" \/>\n\t<meta property=\"og:image:type\" content=\"image\/jpeg\" \/>\n<meta name=\"author\" content=\"agradocosmetic\" \/>\n<meta name=\"twitter:card\" content=\"summary_large_image\" \/>\n<meta name=\"twitter:label1\" content=\"Scritto da\" \/>\n\t<meta name=\"twitter:data1\" content=\"agradocosmetic\" \/>\n\t<meta name=\"twitter:label2\" content=\"Tempo di lettura stimato\" \/>\n\t<meta name=\"twitter:data2\" content=\"2 minuti\" \/>\n<script type=\"application\/ld+json\" class=\"yoast-schema-graph\">{\"@context\":\"https:\\\/\\\/schema.org\",\"@graph\":[{\"@type\":\"Article\",\"@id\":\"https:\\\/\\\/agradocosmetic.com\\\/como-combatir-el-maskne\\\/#article\",\"isPartOf\":{\"@id\":\"https:\\\/\\\/agradocosmetic.com\\\/como-combatir-el-maskne\\\/\"},\"author\":{\"name\":\"agradocosmetic\",\"@id\":\"https:\\\/\\\/agradocosmetic.com\\\/#\\\/schema\\\/person\\\/732e8d396022e25f9340196f83d6789d\"},\"headline\":\"C\u00f3mo combatir el maskn\u00e9\",\"datePublished\":\"2020-10-21T08:21:31+00:00\",\"dateModified\":\"2023-11-18T16:58:53+00:00\",\"mainEntityOfPage\":{\"@id\":\"https:\\\/\\\/agradocosmetic.com\\\/como-combatir-el-maskne\\\/\"},\"wordCount\":342,\"commentCount\":0,\"publisher\":{\"@id\":\"https:\\\/\\\/agradocosmetic.com\\\/#organization\"},\"image\":{\"@id\":\"https:\\\/\\\/agradocosmetic.com\\\/como-combatir-el-maskne\\\/#primaryimage\"},\"thumbnailUrl\":\"https:\\\/\\\/agradocosmetic.com\\\/wp-content\\\/uploads\\\/2020\\\/10\\\/como-combatir-el-maskne-agrado.jpg\",\"articleSection\":[\"Corporal\",\"Todos\"],\"inLanguage\":\"it-IT\",\"potentialAction\":[{\"@type\":\"CommentAction\",\"name\":\"Comment\",\"target\":[\"https:\\\/\\\/agradocosmetic.com\\\/como-combatir-el-maskne\\\/#respond\"]}]},{\"@type\":\"WebPage\",\"@id\":\"https:\\\/\\\/agradocosmetic.com\\\/como-combatir-el-maskne\\\/\",\"url\":\"https:\\\/\\\/agradocosmetic.com\\\/como-combatir-el-maskne\\\/\",\"name\":\"C\u00f3mo combatir el maskn\u00e9 - Agrado Cosmetic Blog\",\"isPartOf\":{\"@id\":\"https:\\\/\\\/agradocosmetic.com\\\/#website\"},\"primaryImageOfPage\":{\"@id\":\"https:\\\/\\\/agradocosmetic.com\\\/como-combatir-el-maskne\\\/#primaryimage\"},\"image\":{\"@id\":\"https:\\\/\\\/agradocosmetic.com\\\/como-combatir-el-maskne\\\/#primaryimage\"},\"thumbnailUrl\":\"https:\\\/\\\/agradocosmetic.com\\\/wp-content\\\/uploads\\\/2020\\\/10\\\/como-combatir-el-maskne-agrado.jpg\",\"datePublished\":\"2020-10-21T08:21:31+00:00\",\"dateModified\":\"2023-11-18T16:58:53+00:00\",\"description\":\"La aparici\u00f3n de granitos en la zona de la mascarilla es una nueva afecci\u00f3n de la piel muy frecuente. \u00a1Te ense\u00f1amos c\u00f3mo combartir el maskn\u00e9!\",\"breadcrumb\":{\"@id\":\"https:\\\/\\\/agradocosmetic.com\\\/como-combatir-el-maskne\\\/#breadcrumb\"},\"inLanguage\":\"it-IT\",\"potentialAction\":[{\"@type\":\"ReadAction\",\"target\":[\"https:\\\/\\\/agradocosmetic.com\\\/como-combatir-el-maskne\\\/\"]}]},{\"@type\":\"ImageObject\",\"inLanguage\":\"it-IT\",\"@id\":\"https:\\\/\\\/agradocosmetic.com\\\/como-combatir-el-maskne\\\/#primaryimage\",\"url\":\"https:\\\/\\\/agradocosmetic.com\\\/wp-content\\\/uploads\\\/2020\\\/10\\\/como-combatir-el-maskne-agrado.jpg\",\"contentUrl\":\"https:\\\/\\\/agradocosmetic.com\\\/wp-content\\\/uploads\\\/2020\\\/10\\\/como-combatir-el-maskne-agrado.jpg\",\"width\":1200,\"height\":800},{\"@type\":\"BreadcrumbList\",\"@id\":\"https:\\\/\\\/agradocosmetic.com\\\/como-combatir-el-maskne\\\/#breadcrumb\",\"itemListElement\":[{\"@type\":\"ListItem\",\"position\":1,\"name\":\"Portada\",\"item\":\"https:\\\/\\\/agradocosmetic.com\\\/\"},{\"@type\":\"ListItem\",\"position\":2,\"name\":\"C\u00f3mo combatir el maskn\u00e9\"}]},{\"@type\":\"WebSite\",\"@id\":\"https:\\\/\\\/agradocosmetic.com\\\/#website\",\"url\":\"https:\\\/\\\/agradocosmetic.com\\\/\",\"name\":\"Agrado\",\"description\":\"Cosmetic\",\"publisher\":{\"@id\":\"https:\\\/\\\/agradocosmetic.com\\\/#organization\"},\"potentialAction\":[{\"@type\":\"SearchAction\",\"target\":{\"@type\":\"EntryPoint\",\"urlTemplate\":\"https:\\\/\\\/agradocosmetic.com\\\/?s={search_term_string}\"},\"query-input\":{\"@type\":\"PropertyValueSpecification\",\"valueRequired\":true,\"valueName\":\"search_term_string\"}}],\"inLanguage\":\"it-IT\"},{\"@type\":\"Organization\",\"@id\":\"https:\\\/\\\/agradocosmetic.com\\\/#organization\",\"name\":\"Agrado\",\"url\":\"https:\\\/\\\/agradocosmetic.com\\\/\",\"logo\":{\"@type\":\"ImageObject\",\"inLanguage\":\"it-IT\",\"@id\":\"https:\\\/\\\/agradocosmetic.com\\\/#\\\/schema\\\/logo\\\/image\\\/\",\"url\":\"https:\\\/\\\/agradocosmetic.com\\\/wp-content\\\/uploads\\\/2023\\\/07\\\/LOGO-AGRADO-WEB-01.png\",\"contentUrl\":\"https:\\\/\\\/agradocosmetic.com\\\/wp-content\\\/uploads\\\/2023\\\/07\\\/LOGO-AGRADO-WEB-01.png\",\"width\":1632,\"height\":300,\"caption\":\"Agrado\"},\"image\":{\"@id\":\"https:\\\/\\\/agradocosmetic.com\\\/#\\\/schema\\\/logo\\\/image\\\/\"}},{\"@type\":\"Person\",\"@id\":\"https:\\\/\\\/agradocosmetic.com\\\/#\\\/schema\\\/person\\\/732e8d396022e25f9340196f83d6789d\",\"name\":\"agradocosmetic\",\"image\":{\"@type\":\"ImageObject\",\"inLanguage\":\"it-IT\",\"@id\":\"https:\\\/\\\/secure.gravatar.com\\\/avatar\\\/c6003e45301182b7e125463fcbec403b1980909c12edf09098526b9a15e779c0?s=96&d=mm&r=g\",\"url\":\"https:\\\/\\\/secure.gravatar.com\\\/avatar\\\/c6003e45301182b7e125463fcbec403b1980909c12edf09098526b9a15e779c0?s=96&d=mm&r=g\",\"contentUrl\":\"https:\\\/\\\/secure.gravatar.com\\\/avatar\\\/c6003e45301182b7e125463fcbec403b1980909c12edf09098526b9a15e779c0?s=96&d=mm&r=g\",\"caption\":\"agradocosmetic\"}}]}<\/script>\n<!-- \/ Yoast SEO plugin. -->","yoast_head_json":{"title":"C\u00f3mo combatir el maskn\u00e9 - Agrado Cosmetic Blog","description":"La aparici\u00f3n de granitos en la zona de la mascarilla es una nueva afecci\u00f3n de la piel muy frecuente. \u00a1Te ense\u00f1amos c\u00f3mo combartir el maskn\u00e9!","robots":{"index":"index","follow":"follow","max-snippet":"max-snippet:-1","max-image-preview":"max-image-preview:large","max-video-preview":"max-video-preview:-1"},"canonical":"https:\/\/agradocosmetic.com\/it\/como-combatir-el-maskne\/","og_locale":"it_IT","og_type":"article","og_title":"C\u00f3mo combatir el maskn\u00e9 - Agrado Cosmetic Blog","og_description":"La aparici\u00f3n de granitos en la zona de la mascarilla es una nueva afecci\u00f3n de la piel muy frecuente. \u00a1Te ense\u00f1amos c\u00f3mo combartir el maskn\u00e9!","og_url":"https:\/\/agradocosmetic.com\/it\/como-combatir-el-maskne\/","og_site_name":"Agrado","article_published_time":"2020-10-21T08:21:31+00:00","article_modified_time":"2023-11-18T16:58:53+00:00","og_image":[{"width":1200,"height":800,"url":"https:\/\/agradocosmetic.com\/wp-content\/uploads\/2020\/10\/como-combatir-el-maskne-agrado.jpg","type":"image\/jpeg"}],"author":"agradocosmetic","twitter_card":"summary_large_image","twitter_misc":{"Scritto da":"agradocosmetic","Tempo di lettura stimato":"2 minuti"},"schema":{"@context":"https:\/\/schema.org","@graph":[{"@type":"Article","@id":"https:\/\/agradocosmetic.com\/como-combatir-el-maskne\/#article","isPartOf":{"@id":"https:\/\/agradocosmetic.com\/como-combatir-el-maskne\/"},"author":{"name":"agradocosmetic","@id":"https:\/\/agradocosmetic.com\/#\/schema\/person\/732e8d396022e25f9340196f83d6789d"},"headline":"C\u00f3mo combatir el maskn\u00e9","datePublished":"2020-10-21T08:21:31+00:00","dateModified":"2023-11-18T16:58:53+00:00","mainEntityOfPage":{"@id":"https:\/\/agradocosmetic.com\/como-combatir-el-maskne\/"},"wordCount":342,"commentCount":0,"publisher":{"@id":"https:\/\/agradocosmetic.com\/#organization"},"image":{"@id":"https:\/\/agradocosmetic.com\/como-combatir-el-maskne\/#primaryimage"},"thumbnailUrl":"https:\/\/agradocosmetic.com\/wp-content\/uploads\/2020\/10\/como-combatir-el-maskne-agrado.jpg","articleSection":["Corporal","Todos"],"inLanguage":"it-IT","potentialAction":[{"@type":"CommentAction","name":"Comment","target":["https:\/\/agradocosmetic.com\/como-combatir-el-maskne\/#respond"]}]},{"@type":"WebPage","@id":"https:\/\/agradocosmetic.com\/como-combatir-el-maskne\/","url":"https:\/\/agradocosmetic.com\/como-combatir-el-maskne\/","name":"C\u00f3mo combatir el maskn\u00e9 - Agrado Cosmetic Blog","isPartOf":{"@id":"https:\/\/agradocosmetic.com\/#website"},"primaryImageOfPage":{"@id":"https:\/\/agradocosmetic.com\/como-combatir-el-maskne\/#primaryimage"},"image":{"@id":"https:\/\/agradocosmetic.com\/como-combatir-el-maskne\/#primaryimage"},"thumbnailUrl":"https:\/\/agradocosmetic.com\/wp-content\/uploads\/2020\/10\/como-combatir-el-maskne-agrado.jpg","datePublished":"2020-10-21T08:21:31+00:00","dateModified":"2023-11-18T16:58:53+00:00","description":"La aparici\u00f3n de granitos en la zona de la mascarilla es una nueva afecci\u00f3n de la piel muy frecuente. \u00a1Te ense\u00f1amos c\u00f3mo combartir el maskn\u00e9!","breadcrumb":{"@id":"https:\/\/agradocosmetic.com\/como-combatir-el-maskne\/#breadcrumb"},"inLanguage":"it-IT","potentialAction":[{"@type":"ReadAction","target":["https:\/\/agradocosmetic.com\/como-combatir-el-maskne\/"]}]},{"@type":"ImageObject","inLanguage":"it-IT","@id":"https:\/\/agradocosmetic.com\/como-combatir-el-maskne\/#primaryimage","url":"https:\/\/agradocosmetic.com\/wp-content\/uploads\/2020\/10\/como-combatir-el-maskne-agrado.jpg","contentUrl":"https:\/\/agradocosmetic.com\/wp-content\/uploads\/2020\/10\/como-combatir-el-maskne-agrado.jpg","width":1200,"height":800},{"@type":"BreadcrumbList","@id":"https:\/\/agradocosmetic.com\/como-combatir-el-maskne\/#breadcrumb","itemListElement":[{"@type":"ListItem","position":1,"name":"Portada","item":"https:\/\/agradocosmetic.com\/"},{"@type":"ListItem","position":2,"name":"C\u00f3mo combatir el maskn\u00e9"}]},{"@type":"WebSite","@id":"https:\/\/agradocosmetic.com\/#website","url":"https:\/\/agradocosmetic.com\/","name":"Mi piace","description":"cosmetico","publisher":{"@id":"https:\/\/agradocosmetic.com\/#organization"},"potentialAction":[{"@type":"SearchAction","target":{"@type":"EntryPoint","urlTemplate":"https:\/\/agradocosmetic.com\/?s={search_term_string}"},"query-input":{"@type":"PropertyValueSpecification","valueRequired":true,"valueName":"search_term_string"}}],"inLanguage":"it-IT"},{"@type":"Organization","@id":"https:\/\/agradocosmetic.com\/#organization","name":"Mi piace","url":"https:\/\/agradocosmetic.com\/","logo":{"@type":"ImageObject","inLanguage":"it-IT","@id":"https:\/\/agradocosmetic.com\/#\/schema\/logo\/image\/","url":"https:\/\/agradocosmetic.com\/wp-content\/uploads\/2023\/07\/LOGO-AGRADO-WEB-01.png","contentUrl":"https:\/\/agradocosmetic.com\/wp-content\/uploads\/2023\/07\/LOGO-AGRADO-WEB-01.png","width":1632,"height":300,"caption":"Agrado"},"image":{"@id":"https:\/\/agradocosmetic.com\/#\/schema\/logo\/image\/"}},{"@type":"Person","@id":"https:\/\/agradocosmetic.com\/#\/schema\/person\/732e8d396022e25f9340196f83d6789d","name":"agradocosmetico","image":{"@type":"ImageObject","inLanguage":"it-IT","@id":"https:\/\/secure.gravatar.com\/avatar\/c6003e45301182b7e125463fcbec403b1980909c12edf09098526b9a15e779c0?s=96&d=mm&r=g","url":"https:\/\/secure.gravatar.com\/avatar\/c6003e45301182b7e125463fcbec403b1980909c12edf09098526b9a15e779c0?s=96&d=mm&r=g","contentUrl":"https:\/\/secure.gravatar.com\/avatar\/c6003e45301182b7e125463fcbec403b1980909c12edf09098526b9a15e779c0?s=96&d=mm&r=g","caption":"agradocosmetic"}}]}},"_links":{"self":[{"href":"https:\/\/agradocosmetic.com\/it\/wp-json\/wp\/v2\/posts\/14284","targetHints":{"allow":["GET"]}}],"collection":[{"href":"https:\/\/agradocosmetic.com\/it\/wp-json\/wp\/v2\/posts"}],"about":[{"href":"https:\/\/agradocosmetic.com\/it\/wp-json\/wp\/v2\/types\/post"}],"author":[{"embeddable":true,"href":"https:\/\/agradocosmetic.com\/it\/wp-json\/wp\/v2\/users\/9"}],"replies":[{"embeddable":true,"href":"https:\/\/agradocosmetic.com\/it\/wp-json\/wp\/v2\/comments?post=14284"}],"version-history":[{"count":1,"href":"https:\/\/agradocosmetic.com\/it\/wp-json\/wp\/v2\/posts\/14284\/revisions"}],"predecessor-version":[{"id":21351,"href":"https:\/\/agradocosmetic.com\/it\/wp-json\/wp\/v2\/posts\/14284\/revisions\/21351"}],"wp:featuredmedia":[{"embeddable":true,"href":"https:\/\/agradocosmetic.com\/it\/wp-json\/wp\/v2\/media\/21350"}],"wp:attachment":[{"href":"https:\/\/agradocosmetic.com\/it\/wp-json\/wp\/v2\/media?parent=14284"}],"wp:term":[{"taxonomy":"category","embeddable":true,"href":"https:\/\/agradocosmetic.com\/it\/wp-json\/wp\/v2\/categories?post=14284"},{"taxonomy":"post_tag","embeddable":true,"href":"https:\/\/agradocosmetic.com\/it\/wp-json\/wp\/v2\/tags?post=14284"}],"curies":[{"name":"parola chiave","href":"https:\/\/api.w.org\/{rel}","templated":true}]}}