{"id":17507,"date":"2021-02-16T08:57:59","date_gmt":"2021-02-16T07:57:59","guid":{"rendered":"https:\/\/www.agradocosmetic.com\/?p=17507"},"modified":"2023-11-18T16:58:52","modified_gmt":"2023-11-18T16:58:52","slug":"como-proteger-tus-manos","status":"publish","type":"post","link":"https:\/\/agradocosmetic.com\/it\/como-proteger-tus-manos\/","title":{"rendered":"Come proteggere le tue mani"},"content":{"rendered":"<p>Le mani sono una delle zone del nostro corpo pi\u00f9 esposte a diversi tipi di aggressioni esterne, come freddo, batteri e germi. Nell\u2019ultimo anno sono diventate il fulcro della nostra igiene per prevenire le infezioni da Covid-19, ma sai come proteggere correttamente le tue mani?<\/p>\r\n\r\n\r\n\r\n<p>Autorit\u00e0 e professionisti attribuiscono grande importanza <strong>lavaggio delle mani<\/strong>, ed \u00e8 vero che \u00e8 il primo passo per proteggere le tue mani e avere <strong>una corretta igiene<\/strong>, ma \u00e8 necessario scegliere bene <a href=\"\/it\/?categoria-producto=jabon-de-manos\" target=\"_blank\" rel=\"noreferrer noopener\">sapone per le mani<\/a>. Quelli di Agrado hanno un pH neutro e hanno aromi deliziosi, anche per i pi\u00f9 piccoli di casa. Scegli il tuo preferito per la tua igiene quotidiana! E ricorda, se possibile, lavati sempre le mani con acqua tiepida e finisci con acqua fredda, per riattivare la circolazione. L&#039;acqua troppo calda pu\u00f2 danneggiare la nostra epidermide.<\/p>\r\n\r\n\r\n\r\n<p>D&#039;altra parte, il <strong>gel igienizzanti<\/strong> Fanno gi\u00e0 parte della nostra vita quotidiana ed \u00e8 per questo che hai sempre pi\u00f9 opzioni per proteggere le tue mani da virus e altri batteri in base alle tue preferenze. Ad Agrado abbiamo formulato una vasta gamma di <a href=\"\/it\/?categoria-producto=higienizante\" target=\"_blank\" rel=\"noreferrer noopener\">igienizzante<\/a>, in diversi formati, aromatizzati e neutri.<\/p>\r\n\r\n\r\n\r\n<p>Ma anche il lavaggio continuo delle mani e l\u2019uso di igienizzanti possono seccare molto le nostre mani, cos\u00ec come le basse temperature che ancora abbiamo in molte citt\u00e0. Ecco perch\u00e9 \u00e8 fondamentale applicarlo un paio di volte al giorno <strong>UN <a href=\"\/it\/?p=487\" target=\"_blank\" rel=\"noreferrer noopener\">Crema per le mani<\/a> Concentrato<\/strong>. Il nostro \u00e8 arricchito con Glicerina, che protegge e accelera il processo di riparazione della pelle, e contiene anche Burro di Karit\u00e8 che nutre intensamente. Perfetto da portare sempre con te!<\/p>\r\n\r\n\r\n\r\n<p>Ricordati che <strong>corretta alimentazione<\/strong> A base di frutta e verdura \u00e8 sempre fondamentale avere una pelle bella e sana, oltre a bere almeno due litri di acqua al giorno. Questi suggerimenti ti aiuteranno a proteggere le tue mani e a mantenerle in buone condizioni, senza irritazioni o lesioni. E non dimenticare di indossare i guanti, se le temperature sono molto basse, il <strong>guanti o muffole<\/strong> il tessuto traspirante ti aiuter\u00e0 a mantenere le mani calde e protette.<\/p>","protected":false},"excerpt":{"rendered":"<p>Las manos son una de las zonas m\u00e1s expuestas de nuestro cuerpo a diferentes tipos de agresiones externas, como el fr\u00edo, las bacterias y los g\u00e9rmenes. En el \u00faltimo a\u00f1o se han convertido en el foco de nuestra higiene para prevenir contagios por el Covid-19, pero, \u00bfsabes c\u00f3mo proteger tus manos correctamente? Las autoridades y [&hellip;]<\/p>\n","protected":false},"author":9,"featured_media":0,"comment_status":"open","ping_status":"closed","sticky":false,"template":"","format":"standard","meta":{"footnotes":"","_wp_rev_ctl_limit":""},"categories":[149,1],"tags":[289,341,205,288],"class_list":["post-17507","post","type-post","status-publish","format-standard","hentry","category-corporal","category-todos","tag-cuidado-de-la-piel","tag-cuidado-de-manos","tag-hidratacion","tag-manos"],"yoast_head":"<!-- This site is optimized with the Yoast SEO plugin v27.4 - https:\/\/yoast.com\/product\/yoast-seo-wordpress\/ -->\n<title>C\u00f3mo proteger tus manos - Agrado<\/title>\n<meta name=\"description\" content=\"Proteger tus manos de agresiones externas, como el fr\u00edo y las bacterias, es fundamental. \u00a1Sigue estos sencillos consejos!\" \/>\n<meta name=\"robots\" content=\"index, follow, max-snippet:-1, max-image-preview:large, max-video-preview:-1\" \/>\n<link rel=\"canonical\" href=\"https:\/\/agradocosmetic.com\/it\/como-proteger-tus-manos\/\" \/>\n<meta property=\"og:locale\" content=\"it_IT\" \/>\n<meta property=\"og:type\" content=\"article\" \/>\n<meta property=\"og:title\" content=\"C\u00f3mo proteger tus manos - Agrado\" \/>\n<meta property=\"og:description\" content=\"Proteger tus manos de agresiones externas, como el fr\u00edo y las bacterias, es fundamental. \u00a1Sigue estos sencillos consejos!\" \/>\n<meta property=\"og:url\" content=\"https:\/\/agradocosmetic.com\/it\/como-proteger-tus-manos\/\" \/>\n<meta property=\"og:site_name\" content=\"Agrado\" \/>\n<meta property=\"article:published_time\" content=\"2021-02-16T07:57:59+00:00\" \/>\n<meta property=\"article:modified_time\" content=\"2023-11-18T16:58:52+00:00\" \/>\n<meta property=\"og:image\" content=\"https:\/\/agradocosmetic.com\/wp-content\/uploads\/2021\/02\/proteger-manos-agrado.jpg\" \/>\n\t<meta property=\"og:image:width\" content=\"1200\" \/>\n\t<meta property=\"og:image:height\" content=\"800\" \/>\n\t<meta property=\"og:image:type\" content=\"image\/jpeg\" \/>\n<meta name=\"author\" content=\"agradocosmetic\" \/>\n<meta name=\"twitter:card\" content=\"summary_large_image\" \/>\n<meta name=\"twitter:label1\" content=\"Scritto da\" \/>\n\t<meta name=\"twitter:data1\" content=\"agradocosmetic\" \/>\n\t<meta name=\"twitter:label2\" content=\"Tempo di lettura stimato\" \/>\n\t<meta name=\"twitter:data2\" content=\"2 minuti\" \/>\n<script type=\"application\/ld+json\" class=\"yoast-schema-graph\">{\"@context\":\"https:\\\/\\\/schema.org\",\"@graph\":[{\"@type\":\"Article\",\"@id\":\"https:\\\/\\\/agradocosmetic.com\\\/como-proteger-tus-manos\\\/#article\",\"isPartOf\":{\"@id\":\"https:\\\/\\\/agradocosmetic.com\\\/como-proteger-tus-manos\\\/\"},\"author\":{\"name\":\"agradocosmetic\",\"@id\":\"https:\\\/\\\/agradocosmetic.com\\\/#\\\/schema\\\/person\\\/732e8d396022e25f9340196f83d6789d\"},\"headline\":\"C\u00f3mo proteger tus manos\",\"datePublished\":\"2021-02-16T07:57:59+00:00\",\"dateModified\":\"2023-11-18T16:58:52+00:00\",\"mainEntityOfPage\":{\"@id\":\"https:\\\/\\\/agradocosmetic.com\\\/como-proteger-tus-manos\\\/\"},\"wordCount\":381,\"commentCount\":0,\"publisher\":{\"@id\":\"https:\\\/\\\/agradocosmetic.com\\\/#organization\"},\"keywords\":[\"cuidado de la piel\",\"cuidado de manos\",\"hidrataci\u00f3n\",\"manos\"],\"articleSection\":[\"Corporal\",\"Todos\"],\"inLanguage\":\"it-IT\",\"potentialAction\":[{\"@type\":\"CommentAction\",\"name\":\"Comment\",\"target\":[\"https:\\\/\\\/agradocosmetic.com\\\/como-proteger-tus-manos\\\/#respond\"]}]},{\"@type\":\"WebPage\",\"@id\":\"https:\\\/\\\/agradocosmetic.com\\\/como-proteger-tus-manos\\\/\",\"url\":\"https:\\\/\\\/agradocosmetic.com\\\/como-proteger-tus-manos\\\/\",\"name\":\"C\u00f3mo proteger tus manos - Agrado\",\"isPartOf\":{\"@id\":\"https:\\\/\\\/agradocosmetic.com\\\/#website\"},\"datePublished\":\"2021-02-16T07:57:59+00:00\",\"dateModified\":\"2023-11-18T16:58:52+00:00\",\"description\":\"Proteger tus manos de agresiones externas, como el fr\u00edo y las bacterias, es fundamental. \u00a1Sigue estos sencillos consejos!\",\"breadcrumb\":{\"@id\":\"https:\\\/\\\/agradocosmetic.com\\\/como-proteger-tus-manos\\\/#breadcrumb\"},\"inLanguage\":\"it-IT\",\"potentialAction\":[{\"@type\":\"ReadAction\",\"target\":[\"https:\\\/\\\/agradocosmetic.com\\\/como-proteger-tus-manos\\\/\"]}]},{\"@type\":\"BreadcrumbList\",\"@id\":\"https:\\\/\\\/agradocosmetic.com\\\/como-proteger-tus-manos\\\/#breadcrumb\",\"itemListElement\":[{\"@type\":\"ListItem\",\"position\":1,\"name\":\"Portada\",\"item\":\"https:\\\/\\\/agradocosmetic.com\\\/\"},{\"@type\":\"ListItem\",\"position\":2,\"name\":\"C\u00f3mo proteger tus manos\"}]},{\"@type\":\"WebSite\",\"@id\":\"https:\\\/\\\/agradocosmetic.com\\\/#website\",\"url\":\"https:\\\/\\\/agradocosmetic.com\\\/\",\"name\":\"Agrado\",\"description\":\"Cosmetic\",\"publisher\":{\"@id\":\"https:\\\/\\\/agradocosmetic.com\\\/#organization\"},\"potentialAction\":[{\"@type\":\"SearchAction\",\"target\":{\"@type\":\"EntryPoint\",\"urlTemplate\":\"https:\\\/\\\/agradocosmetic.com\\\/?s={search_term_string}\"},\"query-input\":{\"@type\":\"PropertyValueSpecification\",\"valueRequired\":true,\"valueName\":\"search_term_string\"}}],\"inLanguage\":\"it-IT\"},{\"@type\":\"Organization\",\"@id\":\"https:\\\/\\\/agradocosmetic.com\\\/#organization\",\"name\":\"Agrado\",\"url\":\"https:\\\/\\\/agradocosmetic.com\\\/\",\"logo\":{\"@type\":\"ImageObject\",\"inLanguage\":\"it-IT\",\"@id\":\"https:\\\/\\\/agradocosmetic.com\\\/#\\\/schema\\\/logo\\\/image\\\/\",\"url\":\"https:\\\/\\\/agradocosmetic.com\\\/wp-content\\\/uploads\\\/2023\\\/07\\\/LOGO-AGRADO-WEB-01.png\",\"contentUrl\":\"https:\\\/\\\/agradocosmetic.com\\\/wp-content\\\/uploads\\\/2023\\\/07\\\/LOGO-AGRADO-WEB-01.png\",\"width\":1632,\"height\":300,\"caption\":\"Agrado\"},\"image\":{\"@id\":\"https:\\\/\\\/agradocosmetic.com\\\/#\\\/schema\\\/logo\\\/image\\\/\"}},{\"@type\":\"Person\",\"@id\":\"https:\\\/\\\/agradocosmetic.com\\\/#\\\/schema\\\/person\\\/732e8d396022e25f9340196f83d6789d\",\"name\":\"agradocosmetic\",\"image\":{\"@type\":\"ImageObject\",\"inLanguage\":\"it-IT\",\"@id\":\"https:\\\/\\\/secure.gravatar.com\\\/avatar\\\/c6003e45301182b7e125463fcbec403b1980909c12edf09098526b9a15e779c0?s=96&d=mm&r=g\",\"url\":\"https:\\\/\\\/secure.gravatar.com\\\/avatar\\\/c6003e45301182b7e125463fcbec403b1980909c12edf09098526b9a15e779c0?s=96&d=mm&r=g\",\"contentUrl\":\"https:\\\/\\\/secure.gravatar.com\\\/avatar\\\/c6003e45301182b7e125463fcbec403b1980909c12edf09098526b9a15e779c0?s=96&d=mm&r=g\",\"caption\":\"agradocosmetic\"}}]}<\/script>\n<!-- \/ Yoast SEO plugin. -->","yoast_head_json":{"title":"Come proteggere le mani - Agrado","description":"Proteggere le mani dagli agenti esterni, come freddo e batteri, \u00e8 fondamentale. Segui questi semplici consigli!","robots":{"index":"index","follow":"follow","max-snippet":"max-snippet:-1","max-image-preview":"max-image-preview:large","max-video-preview":"max-video-preview:-1"},"canonical":"https:\/\/agradocosmetic.com\/it\/como-proteger-tus-manos\/","og_locale":"it_IT","og_type":"article","og_title":"C\u00f3mo proteger tus manos - Agrado","og_description":"Proteger tus manos de agresiones externas, como el fr\u00edo y las bacterias, es fundamental. \u00a1Sigue estos sencillos consejos!","og_url":"https:\/\/agradocosmetic.com\/it\/como-proteger-tus-manos\/","og_site_name":"Agrado","article_published_time":"2021-02-16T07:57:59+00:00","article_modified_time":"2023-11-18T16:58:52+00:00","og_image":[{"width":1200,"height":800,"url":"https:\/\/agradocosmetic.com\/wp-content\/uploads\/2021\/02\/proteger-manos-agrado.jpg","type":"image\/jpeg"}],"author":"agradocosmetic","twitter_card":"summary_large_image","twitter_misc":{"Scritto da":"agradocosmetic","Tempo di lettura stimato":"2 minuti"},"schema":{"@context":"https:\/\/schema.org","@graph":[{"@type":"Article","@id":"https:\/\/agradocosmetic.com\/como-proteger-tus-manos\/#article","isPartOf":{"@id":"https:\/\/agradocosmetic.com\/como-proteger-tus-manos\/"},"author":{"name":"agradocosmetic","@id":"https:\/\/agradocosmetic.com\/#\/schema\/person\/732e8d396022e25f9340196f83d6789d"},"headline":"C\u00f3mo proteger tus manos","datePublished":"2021-02-16T07:57:59+00:00","dateModified":"2023-11-18T16:58:52+00:00","mainEntityOfPage":{"@id":"https:\/\/agradocosmetic.com\/como-proteger-tus-manos\/"},"wordCount":381,"commentCount":0,"publisher":{"@id":"https:\/\/agradocosmetic.com\/#organization"},"keywords":["cuidado de la piel","cuidado de manos","hidrataci\u00f3n","manos"],"articleSection":["Corporal","Todos"],"inLanguage":"it-IT","potentialAction":[{"@type":"CommentAction","name":"Comment","target":["https:\/\/agradocosmetic.com\/como-proteger-tus-manos\/#respond"]}]},{"@type":"WebPage","@id":"https:\/\/agradocosmetic.com\/como-proteger-tus-manos\/","url":"https:\/\/agradocosmetic.com\/como-proteger-tus-manos\/","name":"Come proteggere le mani - Agrado","isPartOf":{"@id":"https:\/\/agradocosmetic.com\/#website"},"datePublished":"2021-02-16T07:57:59+00:00","dateModified":"2023-11-18T16:58:52+00:00","description":"Proteggere le mani dagli agenti esterni, come freddo e batteri, \u00e8 fondamentale. Segui questi semplici consigli!","breadcrumb":{"@id":"https:\/\/agradocosmetic.com\/como-proteger-tus-manos\/#breadcrumb"},"inLanguage":"it-IT","potentialAction":[{"@type":"ReadAction","target":["https:\/\/agradocosmetic.com\/como-proteger-tus-manos\/"]}]},{"@type":"BreadcrumbList","@id":"https:\/\/agradocosmetic.com\/como-proteger-tus-manos\/#breadcrumb","itemListElement":[{"@type":"ListItem","position":1,"name":"Portada","item":"https:\/\/agradocosmetic.com\/"},{"@type":"ListItem","position":2,"name":"C\u00f3mo proteger tus manos"}]},{"@type":"WebSite","@id":"https:\/\/agradocosmetic.com\/#website","url":"https:\/\/agradocosmetic.com\/","name":"Mi piace","description":"cosmetico","publisher":{"@id":"https:\/\/agradocosmetic.com\/#organization"},"potentialAction":[{"@type":"SearchAction","target":{"@type":"EntryPoint","urlTemplate":"https:\/\/agradocosmetic.com\/?s={search_term_string}"},"query-input":{"@type":"PropertyValueSpecification","valueRequired":true,"valueName":"search_term_string"}}],"inLanguage":"it-IT"},{"@type":"Organization","@id":"https:\/\/agradocosmetic.com\/#organization","name":"Mi piace","url":"https:\/\/agradocosmetic.com\/","logo":{"@type":"ImageObject","inLanguage":"it-IT","@id":"https:\/\/agradocosmetic.com\/#\/schema\/logo\/image\/","url":"https:\/\/agradocosmetic.com\/wp-content\/uploads\/2023\/07\/LOGO-AGRADO-WEB-01.png","contentUrl":"https:\/\/agradocosmetic.com\/wp-content\/uploads\/2023\/07\/LOGO-AGRADO-WEB-01.png","width":1632,"height":300,"caption":"Agrado"},"image":{"@id":"https:\/\/agradocosmetic.com\/#\/schema\/logo\/image\/"}},{"@type":"Person","@id":"https:\/\/agradocosmetic.com\/#\/schema\/person\/732e8d396022e25f9340196f83d6789d","name":"agradocosmetico","image":{"@type":"ImageObject","inLanguage":"it-IT","@id":"https:\/\/secure.gravatar.com\/avatar\/c6003e45301182b7e125463fcbec403b1980909c12edf09098526b9a15e779c0?s=96&d=mm&r=g","url":"https:\/\/secure.gravatar.com\/avatar\/c6003e45301182b7e125463fcbec403b1980909c12edf09098526b9a15e779c0?s=96&d=mm&r=g","contentUrl":"https:\/\/secure.gravatar.com\/avatar\/c6003e45301182b7e125463fcbec403b1980909c12edf09098526b9a15e779c0?s=96&d=mm&r=g","caption":"agradocosmetic"}}]}},"_links":{"self":[{"href":"https:\/\/agradocosmetic.com\/it\/wp-json\/wp\/v2\/posts\/17507","targetHints":{"allow":["GET"]}}],"collection":[{"href":"https:\/\/agradocosmetic.com\/it\/wp-json\/wp\/v2\/posts"}],"about":[{"href":"https:\/\/agradocosmetic.com\/it\/wp-json\/wp\/v2\/types\/post"}],"author":[{"embeddable":true,"href":"https:\/\/agradocosmetic.com\/it\/wp-json\/wp\/v2\/users\/9"}],"replies":[{"embeddable":true,"href":"https:\/\/agradocosmetic.com\/it\/wp-json\/wp\/v2\/comments?post=17507"}],"version-history":[{"count":1,"href":"https:\/\/agradocosmetic.com\/it\/wp-json\/wp\/v2\/posts\/17507\/revisions"}],"predecessor-version":[{"id":21341,"href":"https:\/\/agradocosmetic.com\/it\/wp-json\/wp\/v2\/posts\/17507\/revisions\/21341"}],"wp:attachment":[{"href":"https:\/\/agradocosmetic.com\/it\/wp-json\/wp\/v2\/media?parent=17507"}],"wp:term":[{"taxonomy":"category","embeddable":true,"href":"https:\/\/agradocosmetic.com\/it\/wp-json\/wp\/v2\/categories?post=17507"},{"taxonomy":"post_tag","embeddable":true,"href":"https:\/\/agradocosmetic.com\/it\/wp-json\/wp\/v2\/tags?post=17507"}],"curies":[{"name":"parola chiave","href":"https:\/\/api.w.org\/{rel}","templated":true}]}}