{"id":18569,"date":"2021-07-22T16:11:27","date_gmt":"2021-07-22T15:11:27","guid":{"rendered":"https:\/\/www.agradocosmetic.com\/?p=18569"},"modified":"2023-11-18T16:58:52","modified_gmt":"2023-11-18T16:58:52","slug":"como-protegerte-del-sol-durante-el-embarazo","status":"publish","type":"post","link":"https:\/\/agradocosmetic.com\/it\/como-protegerte-del-sol-durante-el-embarazo\/","title":{"rendered":"Come proteggersi dal sole durante la gravidanza"},"content":{"rendered":"<p>Dato che una donna rimane incinta, le sue ricerche su Google e le consultazioni con altre mamme sono infinite, \u00e8 inevitabile essere desiderose di informazioni in questa fase, soprattutto se si tratta del tuo primo figlio. <strong>Come proteggersi dal sole durante la gravidanza <\/strong>\u00c8 uno dei pi\u00f9 cercati su Google. Il corpo subisce molti cambiamenti e processi che non comprendiamo appieno, motivo per cui \u00e8 importante informarsi bene e consultare professionisti ogni volta che \u00e8 necessario. La nostra pelle solitamente subisce cambiamenti ormonali durante questa fase emozionante, motivo per cui dobbiamo prenderci cura di lei e proteggerla pi\u00f9 che mai. Oggi rispondiamo alle domande pi\u00f9 comuni su sole e gravidanza e vi diamo qualche consiglio utile!<\/p>\r\n\r\n\r\n\r\n<p><strong>1. Goditi i benefici del sole con cautela. <\/strong>Durante la gravidanza, le donne hanno la pelle pi\u00f9 sensibile e, naturalmente, dobbiamo evitare lunghe esposizioni, ore di radiazioni pi\u00f9 forti e applicare e riapplicare. <a href=\"\/it\/?linea=solares\" target=\"_blank\" rel=\"noreferrer noopener\">protezione solare SPF 50+<\/a> ampio spettro. Ma \u00e8 anche interessante sapere che il sole aiuta a sintetizzare la vitamina D, e questa aiuta a rinforzare le ossa contribuendo al corretto assorbimento del calcio, e questo \u00e8 benefico sia per la mamma che per il bambino, nel processo di crescita e sviluppo.<\/p>\r\n\r\n\r\n\r\n<p><strong>2. Fai attenzione alle macchie! <\/strong>Proteggersi dal sole durante la gravidanza \u00e8 fondamentale per prevenire il cosiddetto cloasma, noto come &quot;la maschera della gravidanza&quot;, che pu\u00f2 comparire sul viso se non si utilizza un&#039;elevata protezione solare per il viso, non solo d&#039;estate, ma tutti i giorni. Il labbro superiore e la zona del collo sono solitamente i pi\u00f9 colpiti. Evitali con Facial Sun Mist SPF50+, che ti permette di riapplicarlo durante la giornata e portarlo sempre con te.<\/p>\r\n\r\n\r\n\r\n<p><strong>3. Il cappello sar\u00e0 il tuo grande alleato. <\/strong>Eviterete possibili colpi di sole e preverrete anche la comparsa di macchie. Un perfetto due in uno! Oltre a completare i tuoi look da gravidanza con un tocco elegante. Proteggersi dal sole in gravidanza con stile \u00e8 possibile!<\/p>\r\n\r\n\r\n\r\n<p><strong>4. Idratati dall&#039;interno.<\/strong> Porta sempre con te una bottiglia d\u2019acqua e mangia molta frutta e verdura. Con il sole e le alte temperature. Possiamo perdere liquidi e soffrire di disidratazione e pressione bassa. Equilibra il tuo corpo, prenditi cura della tua dieta e dell&#039;idratazione in estate pi\u00f9 che mai durante la gravidanza.<\/p>\r\n\r\n\r\n\r\n<p><strong>5. Idrata molto la pelle. Soprattutto dopo il sole. <\/strong>UN <a href=\"\/it\/?p=3570\" target=\"_blank\" rel=\"noreferrer noopener\">gel di aloe vera come quello di Agrado<\/a>, ti aiuter\u00e0 a calmare, lenire e fornire un&#039;idratazione extra alla tua pelle, con estratto di Aloe Vera 100% e glicerina.<\/p>\r\n\r\n\r\n\r\n<p>Come vi abbiamo detto, proteggersi dal sole durante la gravidanza \u00e8 fondamentale, ma \u00e8 molto semplice se si adottano questi accorgimenti. E goditi il tempo a pancia in gi\u00f9 e le pose estive!<\/p>\r\n\r\n\r\n\r\n<p>&nbsp;<\/p>","protected":false},"excerpt":{"rendered":"<p>Desde que una mujer se queda embarazada, sus b\u00fasquedas en Google y consultas con otras mamis son infinitas, es irremediable estar ansiosas de informaci\u00f3n en esta etapa, sobre todo si es tu primer beb\u00e9. C\u00f3mo protegerte del sol durante el embarazo es de las m\u00e1s googleadas. El cuerpo sufre muchos cambios y procesos que no [&hellip;]<\/p>\n","protected":false},"author":9,"featured_media":21320,"comment_status":"open","ping_status":"closed","sticky":false,"template":"","format":"standard","meta":{"footnotes":"","_wp_rev_ctl_limit":""},"categories":[116,1],"tags":[],"class_list":["post-18569","post","type-post","status-publish","format-standard","has-post-thumbnail","hentry","category-solar","category-todos"],"yoast_head":"<!-- This site is optimized with the Yoast SEO plugin v27.4 - https:\/\/yoast.com\/product\/yoast-seo-wordpress\/ -->\n<title>C\u00f3mo protegerte del sol durante el embarazo - Agrado<\/title>\n<meta name=\"description\" content=\"\u00a1Resolvemos las dudas m\u00e1s frecuentes sobre el sol y el embarazo! Aprende a protegerte del sol durante el embarazo y toma nota de estos tips.\" \/>\n<meta name=\"robots\" content=\"index, follow, max-snippet:-1, max-image-preview:large, max-video-preview:-1\" \/>\n<link rel=\"canonical\" href=\"https:\/\/agradocosmetic.com\/it\/como-protegerte-del-sol-durante-el-embarazo\/\" \/>\n<meta property=\"og:locale\" content=\"it_IT\" \/>\n<meta property=\"og:type\" content=\"article\" \/>\n<meta property=\"og:title\" content=\"C\u00f3mo protegerte del sol durante el embarazo - Agrado\" \/>\n<meta property=\"og:description\" content=\"\u00a1Resolvemos las dudas m\u00e1s frecuentes sobre el sol y el embarazo! Aprende a protegerte del sol durante el embarazo y toma nota de estos tips.\" \/>\n<meta property=\"og:url\" content=\"https:\/\/agradocosmetic.com\/it\/como-protegerte-del-sol-durante-el-embarazo\/\" \/>\n<meta property=\"og:site_name\" content=\"Agrado\" \/>\n<meta property=\"article:published_time\" content=\"2021-07-22T15:11:27+00:00\" \/>\n<meta property=\"article:modified_time\" content=\"2023-11-18T16:58:52+00:00\" \/>\n<meta property=\"og:image\" content=\"https:\/\/agradocosmetic.com\/wp-content\/uploads\/2021\/07\/protegerse-embarazo-sol-verano-agrado.jpg\" \/>\n\t<meta property=\"og:image:width\" content=\"1200\" \/>\n\t<meta property=\"og:image:height\" content=\"800\" \/>\n\t<meta property=\"og:image:type\" content=\"image\/jpeg\" \/>\n<meta name=\"author\" content=\"agradocosmetic\" \/>\n<meta name=\"twitter:card\" content=\"summary_large_image\" \/>\n<meta name=\"twitter:label1\" content=\"Scritto da\" \/>\n\t<meta name=\"twitter:data1\" content=\"agradocosmetic\" \/>\n\t<meta name=\"twitter:label2\" content=\"Tempo di lettura stimato\" \/>\n\t<meta name=\"twitter:data2\" content=\"2 minuti\" \/>\n<script type=\"application\/ld+json\" class=\"yoast-schema-graph\">{\"@context\":\"https:\\\/\\\/schema.org\",\"@graph\":[{\"@type\":\"Article\",\"@id\":\"https:\\\/\\\/agradocosmetic.com\\\/como-protegerte-del-sol-durante-el-embarazo\\\/#article\",\"isPartOf\":{\"@id\":\"https:\\\/\\\/agradocosmetic.com\\\/como-protegerte-del-sol-durante-el-embarazo\\\/\"},\"author\":{\"name\":\"agradocosmetic\",\"@id\":\"https:\\\/\\\/agradocosmetic.com\\\/#\\\/schema\\\/person\\\/732e8d396022e25f9340196f83d6789d\"},\"headline\":\"C\u00f3mo protegerte del sol durante el embarazo\",\"datePublished\":\"2021-07-22T15:11:27+00:00\",\"dateModified\":\"2023-11-18T16:58:52+00:00\",\"mainEntityOfPage\":{\"@id\":\"https:\\\/\\\/agradocosmetic.com\\\/como-protegerte-del-sol-durante-el-embarazo\\\/\"},\"wordCount\":476,\"commentCount\":0,\"publisher\":{\"@id\":\"https:\\\/\\\/agradocosmetic.com\\\/#organization\"},\"image\":{\"@id\":\"https:\\\/\\\/agradocosmetic.com\\\/como-protegerte-del-sol-durante-el-embarazo\\\/#primaryimage\"},\"thumbnailUrl\":\"https:\\\/\\\/agradocosmetic.com\\\/wp-content\\\/uploads\\\/2021\\\/07\\\/protegerse-embarazo-sol-verano-agrado.jpg\",\"articleSection\":[\"Solar\",\"Todos\"],\"inLanguage\":\"it-IT\",\"potentialAction\":[{\"@type\":\"CommentAction\",\"name\":\"Comment\",\"target\":[\"https:\\\/\\\/agradocosmetic.com\\\/como-protegerte-del-sol-durante-el-embarazo\\\/#respond\"]}]},{\"@type\":\"WebPage\",\"@id\":\"https:\\\/\\\/agradocosmetic.com\\\/como-protegerte-del-sol-durante-el-embarazo\\\/\",\"url\":\"https:\\\/\\\/agradocosmetic.com\\\/como-protegerte-del-sol-durante-el-embarazo\\\/\",\"name\":\"C\u00f3mo protegerte del sol durante el embarazo - Agrado\",\"isPartOf\":{\"@id\":\"https:\\\/\\\/agradocosmetic.com\\\/#website\"},\"primaryImageOfPage\":{\"@id\":\"https:\\\/\\\/agradocosmetic.com\\\/como-protegerte-del-sol-durante-el-embarazo\\\/#primaryimage\"},\"image\":{\"@id\":\"https:\\\/\\\/agradocosmetic.com\\\/como-protegerte-del-sol-durante-el-embarazo\\\/#primaryimage\"},\"thumbnailUrl\":\"https:\\\/\\\/agradocosmetic.com\\\/wp-content\\\/uploads\\\/2021\\\/07\\\/protegerse-embarazo-sol-verano-agrado.jpg\",\"datePublished\":\"2021-07-22T15:11:27+00:00\",\"dateModified\":\"2023-11-18T16:58:52+00:00\",\"description\":\"\u00a1Resolvemos las dudas m\u00e1s frecuentes sobre el sol y el embarazo! Aprende a protegerte del sol durante el embarazo y toma nota de estos tips.\",\"breadcrumb\":{\"@id\":\"https:\\\/\\\/agradocosmetic.com\\\/como-protegerte-del-sol-durante-el-embarazo\\\/#breadcrumb\"},\"inLanguage\":\"it-IT\",\"potentialAction\":[{\"@type\":\"ReadAction\",\"target\":[\"https:\\\/\\\/agradocosmetic.com\\\/como-protegerte-del-sol-durante-el-embarazo\\\/\"]}]},{\"@type\":\"ImageObject\",\"inLanguage\":\"it-IT\",\"@id\":\"https:\\\/\\\/agradocosmetic.com\\\/como-protegerte-del-sol-durante-el-embarazo\\\/#primaryimage\",\"url\":\"https:\\\/\\\/agradocosmetic.com\\\/wp-content\\\/uploads\\\/2021\\\/07\\\/protegerse-embarazo-sol-verano-agrado.jpg\",\"contentUrl\":\"https:\\\/\\\/agradocosmetic.com\\\/wp-content\\\/uploads\\\/2021\\\/07\\\/protegerse-embarazo-sol-verano-agrado.jpg\",\"width\":1200,\"height\":800},{\"@type\":\"BreadcrumbList\",\"@id\":\"https:\\\/\\\/agradocosmetic.com\\\/como-protegerte-del-sol-durante-el-embarazo\\\/#breadcrumb\",\"itemListElement\":[{\"@type\":\"ListItem\",\"position\":1,\"name\":\"Portada\",\"item\":\"https:\\\/\\\/agradocosmetic.com\\\/\"},{\"@type\":\"ListItem\",\"position\":2,\"name\":\"C\u00f3mo protegerte del sol durante el embarazo\"}]},{\"@type\":\"WebSite\",\"@id\":\"https:\\\/\\\/agradocosmetic.com\\\/#website\",\"url\":\"https:\\\/\\\/agradocosmetic.com\\\/\",\"name\":\"Agrado\",\"description\":\"Cosmetic\",\"publisher\":{\"@id\":\"https:\\\/\\\/agradocosmetic.com\\\/#organization\"},\"potentialAction\":[{\"@type\":\"SearchAction\",\"target\":{\"@type\":\"EntryPoint\",\"urlTemplate\":\"https:\\\/\\\/agradocosmetic.com\\\/?s={search_term_string}\"},\"query-input\":{\"@type\":\"PropertyValueSpecification\",\"valueRequired\":true,\"valueName\":\"search_term_string\"}}],\"inLanguage\":\"it-IT\"},{\"@type\":\"Organization\",\"@id\":\"https:\\\/\\\/agradocosmetic.com\\\/#organization\",\"name\":\"Agrado\",\"url\":\"https:\\\/\\\/agradocosmetic.com\\\/\",\"logo\":{\"@type\":\"ImageObject\",\"inLanguage\":\"it-IT\",\"@id\":\"https:\\\/\\\/agradocosmetic.com\\\/#\\\/schema\\\/logo\\\/image\\\/\",\"url\":\"https:\\\/\\\/agradocosmetic.com\\\/wp-content\\\/uploads\\\/2023\\\/07\\\/LOGO-AGRADO-WEB-01.png\",\"contentUrl\":\"https:\\\/\\\/agradocosmetic.com\\\/wp-content\\\/uploads\\\/2023\\\/07\\\/LOGO-AGRADO-WEB-01.png\",\"width\":1632,\"height\":300,\"caption\":\"Agrado\"},\"image\":{\"@id\":\"https:\\\/\\\/agradocosmetic.com\\\/#\\\/schema\\\/logo\\\/image\\\/\"}},{\"@type\":\"Person\",\"@id\":\"https:\\\/\\\/agradocosmetic.com\\\/#\\\/schema\\\/person\\\/732e8d396022e25f9340196f83d6789d\",\"name\":\"agradocosmetic\",\"image\":{\"@type\":\"ImageObject\",\"inLanguage\":\"it-IT\",\"@id\":\"https:\\\/\\\/secure.gravatar.com\\\/avatar\\\/c6003e45301182b7e125463fcbec403b1980909c12edf09098526b9a15e779c0?s=96&d=mm&r=g\",\"url\":\"https:\\\/\\\/secure.gravatar.com\\\/avatar\\\/c6003e45301182b7e125463fcbec403b1980909c12edf09098526b9a15e779c0?s=96&d=mm&r=g\",\"contentUrl\":\"https:\\\/\\\/secure.gravatar.com\\\/avatar\\\/c6003e45301182b7e125463fcbec403b1980909c12edf09098526b9a15e779c0?s=96&d=mm&r=g\",\"caption\":\"agradocosmetic\"}}]}<\/script>\n<!-- \/ Yoast SEO plugin. -->","yoast_head_json":{"title":"C\u00f3mo protegerte del sol durante el embarazo - Agrado","description":"\u00a1Resolvemos las dudas m\u00e1s frecuentes sobre el sol y el embarazo! Aprende a protegerte del sol durante el embarazo y toma nota de estos tips.","robots":{"index":"index","follow":"follow","max-snippet":"max-snippet:-1","max-image-preview":"max-image-preview:large","max-video-preview":"max-video-preview:-1"},"canonical":"https:\/\/agradocosmetic.com\/it\/como-protegerte-del-sol-durante-el-embarazo\/","og_locale":"it_IT","og_type":"article","og_title":"C\u00f3mo protegerte del sol durante el embarazo - Agrado","og_description":"\u00a1Resolvemos las dudas m\u00e1s frecuentes sobre el sol y el embarazo! Aprende a protegerte del sol durante el embarazo y toma nota de estos tips.","og_url":"https:\/\/agradocosmetic.com\/it\/como-protegerte-del-sol-durante-el-embarazo\/","og_site_name":"Agrado","article_published_time":"2021-07-22T15:11:27+00:00","article_modified_time":"2023-11-18T16:58:52+00:00","og_image":[{"width":1200,"height":800,"url":"https:\/\/agradocosmetic.com\/wp-content\/uploads\/2021\/07\/protegerse-embarazo-sol-verano-agrado.jpg","type":"image\/jpeg"}],"author":"agradocosmetic","twitter_card":"summary_large_image","twitter_misc":{"Scritto da":"agradocosmetic","Tempo di lettura stimato":"2 minuti"},"schema":{"@context":"https:\/\/schema.org","@graph":[{"@type":"Article","@id":"https:\/\/agradocosmetic.com\/como-protegerte-del-sol-durante-el-embarazo\/#article","isPartOf":{"@id":"https:\/\/agradocosmetic.com\/como-protegerte-del-sol-durante-el-embarazo\/"},"author":{"name":"agradocosmetic","@id":"https:\/\/agradocosmetic.com\/#\/schema\/person\/732e8d396022e25f9340196f83d6789d"},"headline":"C\u00f3mo protegerte del sol durante el embarazo","datePublished":"2021-07-22T15:11:27+00:00","dateModified":"2023-11-18T16:58:52+00:00","mainEntityOfPage":{"@id":"https:\/\/agradocosmetic.com\/como-protegerte-del-sol-durante-el-embarazo\/"},"wordCount":476,"commentCount":0,"publisher":{"@id":"https:\/\/agradocosmetic.com\/#organization"},"image":{"@id":"https:\/\/agradocosmetic.com\/como-protegerte-del-sol-durante-el-embarazo\/#primaryimage"},"thumbnailUrl":"https:\/\/agradocosmetic.com\/wp-content\/uploads\/2021\/07\/protegerse-embarazo-sol-verano-agrado.jpg","articleSection":["Solar","Todos"],"inLanguage":"it-IT","potentialAction":[{"@type":"CommentAction","name":"Comment","target":["https:\/\/agradocosmetic.com\/como-protegerte-del-sol-durante-el-embarazo\/#respond"]}]},{"@type":"WebPage","@id":"https:\/\/agradocosmetic.com\/como-protegerte-del-sol-durante-el-embarazo\/","url":"https:\/\/agradocosmetic.com\/como-protegerte-del-sol-durante-el-embarazo\/","name":"C\u00f3mo protegerte del sol durante el embarazo - Agrado","isPartOf":{"@id":"https:\/\/agradocosmetic.com\/#website"},"primaryImageOfPage":{"@id":"https:\/\/agradocosmetic.com\/como-protegerte-del-sol-durante-el-embarazo\/#primaryimage"},"image":{"@id":"https:\/\/agradocosmetic.com\/como-protegerte-del-sol-durante-el-embarazo\/#primaryimage"},"thumbnailUrl":"https:\/\/agradocosmetic.com\/wp-content\/uploads\/2021\/07\/protegerse-embarazo-sol-verano-agrado.jpg","datePublished":"2021-07-22T15:11:27+00:00","dateModified":"2023-11-18T16:58:52+00:00","description":"\u00a1Resolvemos las dudas m\u00e1s frecuentes sobre el sol y el embarazo! Aprende a protegerte del sol durante el embarazo y toma nota de estos tips.","breadcrumb":{"@id":"https:\/\/agradocosmetic.com\/como-protegerte-del-sol-durante-el-embarazo\/#breadcrumb"},"inLanguage":"it-IT","potentialAction":[{"@type":"ReadAction","target":["https:\/\/agradocosmetic.com\/como-protegerte-del-sol-durante-el-embarazo\/"]}]},{"@type":"ImageObject","inLanguage":"it-IT","@id":"https:\/\/agradocosmetic.com\/como-protegerte-del-sol-durante-el-embarazo\/#primaryimage","url":"https:\/\/agradocosmetic.com\/wp-content\/uploads\/2021\/07\/protegerse-embarazo-sol-verano-agrado.jpg","contentUrl":"https:\/\/agradocosmetic.com\/wp-content\/uploads\/2021\/07\/protegerse-embarazo-sol-verano-agrado.jpg","width":1200,"height":800},{"@type":"BreadcrumbList","@id":"https:\/\/agradocosmetic.com\/como-protegerte-del-sol-durante-el-embarazo\/#breadcrumb","itemListElement":[{"@type":"ListItem","position":1,"name":"Portada","item":"https:\/\/agradocosmetic.com\/"},{"@type":"ListItem","position":2,"name":"C\u00f3mo protegerte del sol durante el embarazo"}]},{"@type":"WebSite","@id":"https:\/\/agradocosmetic.com\/#website","url":"https:\/\/agradocosmetic.com\/","name":"Mi piace","description":"cosmetico","publisher":{"@id":"https:\/\/agradocosmetic.com\/#organization"},"potentialAction":[{"@type":"SearchAction","target":{"@type":"EntryPoint","urlTemplate":"https:\/\/agradocosmetic.com\/?s={search_term_string}"},"query-input":{"@type":"PropertyValueSpecification","valueRequired":true,"valueName":"search_term_string"}}],"inLanguage":"it-IT"},{"@type":"Organization","@id":"https:\/\/agradocosmetic.com\/#organization","name":"Mi piace","url":"https:\/\/agradocosmetic.com\/","logo":{"@type":"ImageObject","inLanguage":"it-IT","@id":"https:\/\/agradocosmetic.com\/#\/schema\/logo\/image\/","url":"https:\/\/agradocosmetic.com\/wp-content\/uploads\/2023\/07\/LOGO-AGRADO-WEB-01.png","contentUrl":"https:\/\/agradocosmetic.com\/wp-content\/uploads\/2023\/07\/LOGO-AGRADO-WEB-01.png","width":1632,"height":300,"caption":"Agrado"},"image":{"@id":"https:\/\/agradocosmetic.com\/#\/schema\/logo\/image\/"}},{"@type":"Person","@id":"https:\/\/agradocosmetic.com\/#\/schema\/person\/732e8d396022e25f9340196f83d6789d","name":"agradocosmetico","image":{"@type":"ImageObject","inLanguage":"it-IT","@id":"https:\/\/secure.gravatar.com\/avatar\/c6003e45301182b7e125463fcbec403b1980909c12edf09098526b9a15e779c0?s=96&d=mm&r=g","url":"https:\/\/secure.gravatar.com\/avatar\/c6003e45301182b7e125463fcbec403b1980909c12edf09098526b9a15e779c0?s=96&d=mm&r=g","contentUrl":"https:\/\/secure.gravatar.com\/avatar\/c6003e45301182b7e125463fcbec403b1980909c12edf09098526b9a15e779c0?s=96&d=mm&r=g","caption":"agradocosmetic"}}]}},"_links":{"self":[{"href":"https:\/\/agradocosmetic.com\/it\/wp-json\/wp\/v2\/posts\/18569","targetHints":{"allow":["GET"]}}],"collection":[{"href":"https:\/\/agradocosmetic.com\/it\/wp-json\/wp\/v2\/posts"}],"about":[{"href":"https:\/\/agradocosmetic.com\/it\/wp-json\/wp\/v2\/types\/post"}],"author":[{"embeddable":true,"href":"https:\/\/agradocosmetic.com\/it\/wp-json\/wp\/v2\/users\/9"}],"replies":[{"embeddable":true,"href":"https:\/\/agradocosmetic.com\/it\/wp-json\/wp\/v2\/comments?post=18569"}],"version-history":[{"count":1,"href":"https:\/\/agradocosmetic.com\/it\/wp-json\/wp\/v2\/posts\/18569\/revisions"}],"predecessor-version":[{"id":21321,"href":"https:\/\/agradocosmetic.com\/it\/wp-json\/wp\/v2\/posts\/18569\/revisions\/21321"}],"wp:featuredmedia":[{"embeddable":true,"href":"https:\/\/agradocosmetic.com\/it\/wp-json\/wp\/v2\/media\/21320"}],"wp:attachment":[{"href":"https:\/\/agradocosmetic.com\/it\/wp-json\/wp\/v2\/media?parent=18569"}],"wp:term":[{"taxonomy":"category","embeddable":true,"href":"https:\/\/agradocosmetic.com\/it\/wp-json\/wp\/v2\/categories?post=18569"},{"taxonomy":"post_tag","embeddable":true,"href":"https:\/\/agradocosmetic.com\/it\/wp-json\/wp\/v2\/tags?post=18569"}],"curies":[{"name":"parola chiave","href":"https:\/\/api.w.org\/{rel}","templated":true}]}}