{"id":18702,"date":"2021-07-05T15:23:05","date_gmt":"2021-07-05T14:23:05","guid":{"rendered":"https:\/\/www.agradocosmetic.com\/?p=18702"},"modified":"2023-11-18T16:58:52","modified_gmt":"2023-11-18T16:58:52","slug":"los-solares-agrado-cuidan-de-los-oceanos","status":"publish","type":"post","link":"https:\/\/agradocosmetic.com\/it\/los-solares-agrado-cuidan-de-los-oceanos\/","title":{"rendered":"Gli Agrado Solares si prendono cura degli oceani!"},"content":{"rendered":"<p>Lo sapevi che il nostro <a href=\"\/it\/?linea=solares\" target=\"_blank\" rel=\"noreferrer noopener\">solare<\/a> Sono conformi alla legge sulla protezione dei coralli SB2571 delle Hawaii? Ci\u00f2 significa che si prendono cura degli oceani, rispettando l\u2019ecosistema marino e proteggendo la barriera corallina.<\/p>\r\n\r\n\r\n\r\n<p>In Agrado Cosmetic sono molte le misure che abbiamo implementato negli ultimi anni per produrre in modo pi\u00f9 sostenibile e rispettoso del nostro ambiente, scommettendo su linee di origine naturale, come <a href=\"\/it\/?linea=agrado-nature\" target=\"_blank\" rel=\"noreferrer noopener\">Mi piace la Natura<\/a>, tra gli altri prodotti vegani della nostra linea, come <a href=\"\/it\/?categoria-producto=hidroalcoholico\" target=\"_blank\" rel=\"noreferrer noopener\">Gel idroalcolici<\/a>, tra gli altri. Ecco perch\u00e9 una delle nostre linee pi\u00f9 importanti doveva contribuire alla tutela di uno degli ecosistemi pi\u00f9 preziosi del pianeta. Restituendo cos\u00ec all\u2019oceano tutto ci\u00f2 che ci dona.<\/p>\r\n\r\n\r\n\r\n<p>Mantenere la biodiversit\u00e0 \u00e8 essenziale, poich\u00e9 negli ultimi anni sono andati perduti 50% dei coralli mondiali. Le cause principali sono la plastica scaricata in mare, il cambiamento climatico e i principi attivi chimici contenuti nelle creme solari. Ecco perch\u00e9 \u00e8 essenziale garantire che i nostri Solares si prendano cura degli oceani, rimuovendo i filtri UV ossibenzone (benzofenone-3) e ottinoxato (etilesilmetossicinnamato), sospettati di accelerare lo sbiancamento dei coralli.<\/p>\r\n\r\n\r\n\r\n<p>Questo progetto \u00e8 promosso dallo stato delle Hawaii da gennaio 2021, ma ad Agrado lavoriamo da molto tempo affinch\u00e9 i nostri filtri solari si prendano cura della nostra pelle con un impatto minimo sull&#039;ambiente. Scegliere terreni che si prendono cura dei nostri oceani significa fare la tua parte per proteggere la vita marina. Ed \u00e8 altrettanto importante proteggere la nostra pelle quanto il nostro ambiente. A poco a poco stiamo diventando pi\u00f9 consapevoli dell\u2019impatto delle nostre decisioni sui consumatori, e questa \u00e8 la strada per cambiare!<\/p>\r\n\r\n\r\n\r\n<p>Quest&#039;estate, scegli la gamma di filtri solari Agrado Cosmetic per proteggere la tua pelle, quella della tua famiglia e la biodiversit\u00e0 marina. Scegli i tuoi preferiti tra i diversi formati \u2013 spray, crema, olio o mousse \u2013 e i fattori di protezione solare, fino a SPF 50+.<\/p>","protected":false},"excerpt":{"rendered":"<p>Sapevi che i nostri lotti rispettano la legge SB2571 delle Hawaii sulla protezione dei coralli? Ci\u00f2 significa che si prendono cura degli oceani, rispettando l\u2019ecosistema marino e proteggendo la barriera corallina. Scommetti su appezzamenti responsabili e contribuisci al mantenimento della biodiversit\u00e0!<\/p>","protected":false},"author":9,"featured_media":21322,"comment_status":"open","ping_status":"closed","sticky":false,"template":"","format":"standard","meta":{"footnotes":"","_wp_rev_ctl_limit":""},"categories":[116,1],"tags":[350,317,351,229],"class_list":["post-18702","post","type-post","status-publish","format-standard","has-post-thumbnail","hentry","category-solar","category-todos","tag-arrecife-de-coral","tag-proteccion-solar","tag-responsables","tag-solares"],"yoast_head":"<!-- This site is optimized with the Yoast SEO plugin v27.4 - https:\/\/yoast.com\/product\/yoast-seo-wordpress\/ -->\n<title>\u00a1Los Solares Agrado cuidan de los oc\u00e9anos! - Agrado<\/title>\n<meta name=\"description\" content=\"Los solares Agrado cuidan de los oc\u00e9anos, protegiendo la biodiversidad marina, apuesta por solares responsables y protege el arrecife de coral\" \/>\n<meta name=\"robots\" content=\"index, follow, max-snippet:-1, max-image-preview:large, max-video-preview:-1\" \/>\n<link rel=\"canonical\" href=\"https:\/\/agradocosmetic.com\/it\/los-solares-agrado-cuidan-de-los-oceanos\/\" \/>\n<meta property=\"og:locale\" content=\"it_IT\" \/>\n<meta property=\"og:type\" content=\"article\" \/>\n<meta property=\"og:title\" content=\"\u00a1Los Solares Agrado cuidan de los oc\u00e9anos! - Agrado\" \/>\n<meta property=\"og:description\" content=\"Los solares Agrado cuidan de los oc\u00e9anos, protegiendo la biodiversidad marina, apuesta por solares responsables y protege el arrecife de coral\" \/>\n<meta property=\"og:url\" content=\"https:\/\/agradocosmetic.com\/it\/los-solares-agrado-cuidan-de-los-oceanos\/\" \/>\n<meta property=\"og:site_name\" content=\"Agrado\" \/>\n<meta property=\"article:published_time\" content=\"2021-07-05T14:23:05+00:00\" \/>\n<meta property=\"article:modified_time\" content=\"2023-11-18T16:58:52+00:00\" \/>\n<meta property=\"og:image\" content=\"https:\/\/agradocosmetic.com\/wp-content\/uploads\/2021\/07\/cuidado-oceanos-agrado.jpg\" \/>\n\t<meta property=\"og:image:width\" content=\"1200\" \/>\n\t<meta property=\"og:image:height\" content=\"800\" \/>\n\t<meta property=\"og:image:type\" content=\"image\/jpeg\" \/>\n<meta name=\"author\" content=\"agradocosmetic\" \/>\n<meta name=\"twitter:card\" content=\"summary_large_image\" \/>\n<meta name=\"twitter:label1\" content=\"Scritto da\" \/>\n\t<meta name=\"twitter:data1\" content=\"agradocosmetic\" \/>\n\t<meta name=\"twitter:label2\" content=\"Tempo di lettura stimato\" \/>\n\t<meta name=\"twitter:data2\" content=\"2 minuti\" \/>\n<script type=\"application\/ld+json\" class=\"yoast-schema-graph\">{\"@context\":\"https:\\\/\\\/schema.org\",\"@graph\":[{\"@type\":\"Article\",\"@id\":\"https:\\\/\\\/agradocosmetic.com\\\/los-solares-agrado-cuidan-de-los-oceanos\\\/#article\",\"isPartOf\":{\"@id\":\"https:\\\/\\\/agradocosmetic.com\\\/los-solares-agrado-cuidan-de-los-oceanos\\\/\"},\"author\":{\"name\":\"agradocosmetic\",\"@id\":\"https:\\\/\\\/agradocosmetic.com\\\/#\\\/schema\\\/person\\\/732e8d396022e25f9340196f83d6789d\"},\"headline\":\"\u00a1Los Solares Agrado cuidan de los oc\u00e9anos!\",\"datePublished\":\"2021-07-05T14:23:05+00:00\",\"dateModified\":\"2023-11-18T16:58:52+00:00\",\"mainEntityOfPage\":{\"@id\":\"https:\\\/\\\/agradocosmetic.com\\\/los-solares-agrado-cuidan-de-los-oceanos\\\/\"},\"wordCount\":353,\"commentCount\":0,\"publisher\":{\"@id\":\"https:\\\/\\\/agradocosmetic.com\\\/#organization\"},\"image\":{\"@id\":\"https:\\\/\\\/agradocosmetic.com\\\/los-solares-agrado-cuidan-de-los-oceanos\\\/#primaryimage\"},\"thumbnailUrl\":\"https:\\\/\\\/agradocosmetic.com\\\/wp-content\\\/uploads\\\/2021\\\/07\\\/cuidado-oceanos-agrado.jpg\",\"keywords\":[\"arrecife de coral\",\"proteccion solar\",\"responsables\",\"solares\"],\"articleSection\":[\"Solar\",\"Todos\"],\"inLanguage\":\"it-IT\",\"potentialAction\":[{\"@type\":\"CommentAction\",\"name\":\"Comment\",\"target\":[\"https:\\\/\\\/agradocosmetic.com\\\/los-solares-agrado-cuidan-de-los-oceanos\\\/#respond\"]}]},{\"@type\":\"WebPage\",\"@id\":\"https:\\\/\\\/agradocosmetic.com\\\/los-solares-agrado-cuidan-de-los-oceanos\\\/\",\"url\":\"https:\\\/\\\/agradocosmetic.com\\\/los-solares-agrado-cuidan-de-los-oceanos\\\/\",\"name\":\"\u00a1Los Solares Agrado cuidan de los oc\u00e9anos! - Agrado\",\"isPartOf\":{\"@id\":\"https:\\\/\\\/agradocosmetic.com\\\/#website\"},\"primaryImageOfPage\":{\"@id\":\"https:\\\/\\\/agradocosmetic.com\\\/los-solares-agrado-cuidan-de-los-oceanos\\\/#primaryimage\"},\"image\":{\"@id\":\"https:\\\/\\\/agradocosmetic.com\\\/los-solares-agrado-cuidan-de-los-oceanos\\\/#primaryimage\"},\"thumbnailUrl\":\"https:\\\/\\\/agradocosmetic.com\\\/wp-content\\\/uploads\\\/2021\\\/07\\\/cuidado-oceanos-agrado.jpg\",\"datePublished\":\"2021-07-05T14:23:05+00:00\",\"dateModified\":\"2023-11-18T16:58:52+00:00\",\"description\":\"Los solares Agrado cuidan de los oc\u00e9anos, protegiendo la biodiversidad marina, apuesta por solares responsables y protege el arrecife de coral\",\"breadcrumb\":{\"@id\":\"https:\\\/\\\/agradocosmetic.com\\\/los-solares-agrado-cuidan-de-los-oceanos\\\/#breadcrumb\"},\"inLanguage\":\"it-IT\",\"potentialAction\":[{\"@type\":\"ReadAction\",\"target\":[\"https:\\\/\\\/agradocosmetic.com\\\/los-solares-agrado-cuidan-de-los-oceanos\\\/\"]}]},{\"@type\":\"ImageObject\",\"inLanguage\":\"it-IT\",\"@id\":\"https:\\\/\\\/agradocosmetic.com\\\/los-solares-agrado-cuidan-de-los-oceanos\\\/#primaryimage\",\"url\":\"https:\\\/\\\/agradocosmetic.com\\\/wp-content\\\/uploads\\\/2021\\\/07\\\/cuidado-oceanos-agrado.jpg\",\"contentUrl\":\"https:\\\/\\\/agradocosmetic.com\\\/wp-content\\\/uploads\\\/2021\\\/07\\\/cuidado-oceanos-agrado.jpg\",\"width\":1200,\"height\":800},{\"@type\":\"BreadcrumbList\",\"@id\":\"https:\\\/\\\/agradocosmetic.com\\\/los-solares-agrado-cuidan-de-los-oceanos\\\/#breadcrumb\",\"itemListElement\":[{\"@type\":\"ListItem\",\"position\":1,\"name\":\"Portada\",\"item\":\"https:\\\/\\\/agradocosmetic.com\\\/\"},{\"@type\":\"ListItem\",\"position\":2,\"name\":\"\u00a1Los Solares Agrado cuidan de los oc\u00e9anos!\"}]},{\"@type\":\"WebSite\",\"@id\":\"https:\\\/\\\/agradocosmetic.com\\\/#website\",\"url\":\"https:\\\/\\\/agradocosmetic.com\\\/\",\"name\":\"Agrado\",\"description\":\"Cosmetic\",\"publisher\":{\"@id\":\"https:\\\/\\\/agradocosmetic.com\\\/#organization\"},\"potentialAction\":[{\"@type\":\"SearchAction\",\"target\":{\"@type\":\"EntryPoint\",\"urlTemplate\":\"https:\\\/\\\/agradocosmetic.com\\\/?s={search_term_string}\"},\"query-input\":{\"@type\":\"PropertyValueSpecification\",\"valueRequired\":true,\"valueName\":\"search_term_string\"}}],\"inLanguage\":\"it-IT\"},{\"@type\":\"Organization\",\"@id\":\"https:\\\/\\\/agradocosmetic.com\\\/#organization\",\"name\":\"Agrado\",\"url\":\"https:\\\/\\\/agradocosmetic.com\\\/\",\"logo\":{\"@type\":\"ImageObject\",\"inLanguage\":\"it-IT\",\"@id\":\"https:\\\/\\\/agradocosmetic.com\\\/#\\\/schema\\\/logo\\\/image\\\/\",\"url\":\"https:\\\/\\\/agradocosmetic.com\\\/wp-content\\\/uploads\\\/2023\\\/07\\\/LOGO-AGRADO-WEB-01.png\",\"contentUrl\":\"https:\\\/\\\/agradocosmetic.com\\\/wp-content\\\/uploads\\\/2023\\\/07\\\/LOGO-AGRADO-WEB-01.png\",\"width\":1632,\"height\":300,\"caption\":\"Agrado\"},\"image\":{\"@id\":\"https:\\\/\\\/agradocosmetic.com\\\/#\\\/schema\\\/logo\\\/image\\\/\"}},{\"@type\":\"Person\",\"@id\":\"https:\\\/\\\/agradocosmetic.com\\\/#\\\/schema\\\/person\\\/732e8d396022e25f9340196f83d6789d\",\"name\":\"agradocosmetic\",\"image\":{\"@type\":\"ImageObject\",\"inLanguage\":\"it-IT\",\"@id\":\"https:\\\/\\\/secure.gravatar.com\\\/avatar\\\/c6003e45301182b7e125463fcbec403b1980909c12edf09098526b9a15e779c0?s=96&d=mm&r=g\",\"url\":\"https:\\\/\\\/secure.gravatar.com\\\/avatar\\\/c6003e45301182b7e125463fcbec403b1980909c12edf09098526b9a15e779c0?s=96&d=mm&r=g\",\"contentUrl\":\"https:\\\/\\\/secure.gravatar.com\\\/avatar\\\/c6003e45301182b7e125463fcbec403b1980909c12edf09098526b9a15e779c0?s=96&d=mm&r=g\",\"caption\":\"agradocosmetic\"}}]}<\/script>\n<!-- \/ Yoast SEO plugin. -->","yoast_head_json":{"title":"La famiglia Agrado si prende cura degli oceani! - Agrado","description":"Le creme solari Agrado si prendono cura degli oceani, proteggendo la biodiversit\u00e0 marina, optando per creme solari responsabili e proteggendo la barriera corallina.","robots":{"index":"index","follow":"follow","max-snippet":"max-snippet:-1","max-image-preview":"max-image-preview:large","max-video-preview":"max-video-preview:-1"},"canonical":"https:\/\/agradocosmetic.com\/it\/los-solares-agrado-cuidan-de-los-oceanos\/","og_locale":"it_IT","og_type":"article","og_title":"\u00a1Los Solares Agrado cuidan de los oc\u00e9anos! - Agrado","og_description":"Los solares Agrado cuidan de los oc\u00e9anos, protegiendo la biodiversidad marina, apuesta por solares responsables y protege el arrecife de coral","og_url":"https:\/\/agradocosmetic.com\/it\/los-solares-agrado-cuidan-de-los-oceanos\/","og_site_name":"Agrado","article_published_time":"2021-07-05T14:23:05+00:00","article_modified_time":"2023-11-18T16:58:52+00:00","og_image":[{"width":1200,"height":800,"url":"https:\/\/agradocosmetic.com\/wp-content\/uploads\/2021\/07\/cuidado-oceanos-agrado.jpg","type":"image\/jpeg"}],"author":"agradocosmetic","twitter_card":"summary_large_image","twitter_misc":{"Scritto da":"agradocosmetic","Tempo di lettura stimato":"2 minuti"},"schema":{"@context":"https:\/\/schema.org","@graph":[{"@type":"Article","@id":"https:\/\/agradocosmetic.com\/los-solares-agrado-cuidan-de-los-oceanos\/#article","isPartOf":{"@id":"https:\/\/agradocosmetic.com\/los-solares-agrado-cuidan-de-los-oceanos\/"},"author":{"name":"agradocosmetic","@id":"https:\/\/agradocosmetic.com\/#\/schema\/person\/732e8d396022e25f9340196f83d6789d"},"headline":"\u00a1Los Solares Agrado cuidan de los oc\u00e9anos!","datePublished":"2021-07-05T14:23:05+00:00","dateModified":"2023-11-18T16:58:52+00:00","mainEntityOfPage":{"@id":"https:\/\/agradocosmetic.com\/los-solares-agrado-cuidan-de-los-oceanos\/"},"wordCount":353,"commentCount":0,"publisher":{"@id":"https:\/\/agradocosmetic.com\/#organization"},"image":{"@id":"https:\/\/agradocosmetic.com\/los-solares-agrado-cuidan-de-los-oceanos\/#primaryimage"},"thumbnailUrl":"https:\/\/agradocosmetic.com\/wp-content\/uploads\/2021\/07\/cuidado-oceanos-agrado.jpg","keywords":["arrecife de coral","proteccion solar","responsables","solares"],"articleSection":["Solar","Todos"],"inLanguage":"it-IT","potentialAction":[{"@type":"CommentAction","name":"Comment","target":["https:\/\/agradocosmetic.com\/los-solares-agrado-cuidan-de-los-oceanos\/#respond"]}]},{"@type":"WebPage","@id":"https:\/\/agradocosmetic.com\/los-solares-agrado-cuidan-de-los-oceanos\/","url":"https:\/\/agradocosmetic.com\/los-solares-agrado-cuidan-de-los-oceanos\/","name":"La famiglia Agrado si prende cura degli oceani! - Agrado","isPartOf":{"@id":"https:\/\/agradocosmetic.com\/#website"},"primaryImageOfPage":{"@id":"https:\/\/agradocosmetic.com\/los-solares-agrado-cuidan-de-los-oceanos\/#primaryimage"},"image":{"@id":"https:\/\/agradocosmetic.com\/los-solares-agrado-cuidan-de-los-oceanos\/#primaryimage"},"thumbnailUrl":"https:\/\/agradocosmetic.com\/wp-content\/uploads\/2021\/07\/cuidado-oceanos-agrado.jpg","datePublished":"2021-07-05T14:23:05+00:00","dateModified":"2023-11-18T16:58:52+00:00","description":"Le creme solari Agrado si prendono cura degli oceani, proteggendo la biodiversit\u00e0 marina, optando per creme solari responsabili e proteggendo la barriera corallina.","breadcrumb":{"@id":"https:\/\/agradocosmetic.com\/los-solares-agrado-cuidan-de-los-oceanos\/#breadcrumb"},"inLanguage":"it-IT","potentialAction":[{"@type":"ReadAction","target":["https:\/\/agradocosmetic.com\/los-solares-agrado-cuidan-de-los-oceanos\/"]}]},{"@type":"ImageObject","inLanguage":"it-IT","@id":"https:\/\/agradocosmetic.com\/los-solares-agrado-cuidan-de-los-oceanos\/#primaryimage","url":"https:\/\/agradocosmetic.com\/wp-content\/uploads\/2021\/07\/cuidado-oceanos-agrado.jpg","contentUrl":"https:\/\/agradocosmetic.com\/wp-content\/uploads\/2021\/07\/cuidado-oceanos-agrado.jpg","width":1200,"height":800},{"@type":"BreadcrumbList","@id":"https:\/\/agradocosmetic.com\/los-solares-agrado-cuidan-de-los-oceanos\/#breadcrumb","itemListElement":[{"@type":"ListItem","position":1,"name":"Portada","item":"https:\/\/agradocosmetic.com\/"},{"@type":"ListItem","position":2,"name":"\u00a1Los Solares Agrado cuidan de los oc\u00e9anos!"}]},{"@type":"WebSite","@id":"https:\/\/agradocosmetic.com\/#website","url":"https:\/\/agradocosmetic.com\/","name":"Mi piace","description":"cosmetico","publisher":{"@id":"https:\/\/agradocosmetic.com\/#organization"},"potentialAction":[{"@type":"SearchAction","target":{"@type":"EntryPoint","urlTemplate":"https:\/\/agradocosmetic.com\/?s={search_term_string}"},"query-input":{"@type":"PropertyValueSpecification","valueRequired":true,"valueName":"search_term_string"}}],"inLanguage":"it-IT"},{"@type":"Organization","@id":"https:\/\/agradocosmetic.com\/#organization","name":"Mi piace","url":"https:\/\/agradocosmetic.com\/","logo":{"@type":"ImageObject","inLanguage":"it-IT","@id":"https:\/\/agradocosmetic.com\/#\/schema\/logo\/image\/","url":"https:\/\/agradocosmetic.com\/wp-content\/uploads\/2023\/07\/LOGO-AGRADO-WEB-01.png","contentUrl":"https:\/\/agradocosmetic.com\/wp-content\/uploads\/2023\/07\/LOGO-AGRADO-WEB-01.png","width":1632,"height":300,"caption":"Agrado"},"image":{"@id":"https:\/\/agradocosmetic.com\/#\/schema\/logo\/image\/"}},{"@type":"Person","@id":"https:\/\/agradocosmetic.com\/#\/schema\/person\/732e8d396022e25f9340196f83d6789d","name":"agradocosmetico","image":{"@type":"ImageObject","inLanguage":"it-IT","@id":"https:\/\/secure.gravatar.com\/avatar\/c6003e45301182b7e125463fcbec403b1980909c12edf09098526b9a15e779c0?s=96&d=mm&r=g","url":"https:\/\/secure.gravatar.com\/avatar\/c6003e45301182b7e125463fcbec403b1980909c12edf09098526b9a15e779c0?s=96&d=mm&r=g","contentUrl":"https:\/\/secure.gravatar.com\/avatar\/c6003e45301182b7e125463fcbec403b1980909c12edf09098526b9a15e779c0?s=96&d=mm&r=g","caption":"agradocosmetic"}}]}},"_links":{"self":[{"href":"https:\/\/agradocosmetic.com\/it\/wp-json\/wp\/v2\/posts\/18702","targetHints":{"allow":["GET"]}}],"collection":[{"href":"https:\/\/agradocosmetic.com\/it\/wp-json\/wp\/v2\/posts"}],"about":[{"href":"https:\/\/agradocosmetic.com\/it\/wp-json\/wp\/v2\/types\/post"}],"author":[{"embeddable":true,"href":"https:\/\/agradocosmetic.com\/it\/wp-json\/wp\/v2\/users\/9"}],"replies":[{"embeddable":true,"href":"https:\/\/agradocosmetic.com\/it\/wp-json\/wp\/v2\/comments?post=18702"}],"version-history":[{"count":1,"href":"https:\/\/agradocosmetic.com\/it\/wp-json\/wp\/v2\/posts\/18702\/revisions"}],"predecessor-version":[{"id":21323,"href":"https:\/\/agradocosmetic.com\/it\/wp-json\/wp\/v2\/posts\/18702\/revisions\/21323"}],"wp:featuredmedia":[{"embeddable":true,"href":"https:\/\/agradocosmetic.com\/it\/wp-json\/wp\/v2\/media\/21322"}],"wp:attachment":[{"href":"https:\/\/agradocosmetic.com\/it\/wp-json\/wp\/v2\/media?parent=18702"}],"wp:term":[{"taxonomy":"category","embeddable":true,"href":"https:\/\/agradocosmetic.com\/it\/wp-json\/wp\/v2\/categories?post=18702"},{"taxonomy":"post_tag","embeddable":true,"href":"https:\/\/agradocosmetic.com\/it\/wp-json\/wp\/v2\/tags?post=18702"}],"curies":[{"name":"parola chiave","href":"https:\/\/api.w.org\/{rel}","templated":true}]}}