{"id":18789,"date":"2021-07-28T17:22:24","date_gmt":"2021-07-28T16:22:24","guid":{"rendered":"https:\/\/www.agradocosmetic.com\/?p=18789"},"modified":"2023-11-18T16:58:52","modified_gmt":"2023-11-18T16:58:52","slug":"como-cuidar-el-pelo-tenido-en-verano","status":"publish","type":"post","link":"https:\/\/agradocosmetic.com\/it\/como-cuidar-el-pelo-tenido-en-verano\/","title":{"rendered":"Come prendersi cura dei capelli tinti in estate"},"content":{"rendered":"<p>Sai come <strong>proteggi e prenditi cura dei tuoi capelli tinti in estate<\/strong>? Sappiamo che il sale, il cloro e il sole possono devastare i nostri capelli, ecco perch\u00e9 abbiamo compilato questi <strong>semplici trucchi per mantenere i capelli belli, sani e lucenti a settembre<\/strong>. Prendi nota e mettili in pratica adesso!<\/p>\r\n\r\n\r\n\r\n<ul class=\"wp-block-list\">\r\n<li>Proteggilo dal sole con a <strong>cappello o sciarpa<\/strong>. Un trucco super semplice ed elegante. Se riduciamo l\u2019impatto del sole, mantenere belli i capelli tinti in estate sar\u00e0 molto pi\u00f9 semplice. Procurati un cappello a tesa larga o una sciarpa stampata colorata per dare un tocco chic ai tuoi look da spiaggia.<\/li>\r\n<li><strong>Sciacquare sempre con acqua dolce<\/strong> dopo il bagno in piscina o in spiaggia, se possibile. Ci\u00f2 eviter\u00e0 che i residui rimangano a lungo sui capelli.<\/li>\r\n<li>Utilizza a <strong>protettore dei capelli <\/strong>per cloro, sole e sale. Applicarlo dopo il risciacquo in acqua dolce per una maggiore protezione.<\/li>\r\n<li>Utilizzo <strong>prodotti specifici per capelli tinti<\/strong>. La linea <a href=\"\/it\/?linea=colorterapia\" target=\"_blank\" rel=\"noreferrer noopener\">Cromoterapia<\/a> di Agrado Cosmetic \u00e8 il trattamento perfetto per prendersi cura dei capelli tinti in estate e durante tutto l&#039;anno. Shampoo, balsamo e maschera appositamente formulati per <strong>cura dei capelli tinti o con m\u00e8ches<\/strong>, contiene un filtro UV per proteggere il colore dal sole. Oltre alla Provitamina B5 (Pantenolo), che idrata e rinforza il follicolo pilifero, sigilla il capello e lo protegge dall&#039;umidit\u00e0 e dagli agenti naturali. Inoltre ora ha un nuovo formato e packaging da 900ml, se non hai ancora provato questa linea, non esitare! Ti piacer\u00e0.<\/li>\r\n<li><strong>Evitare asciugatrice e ferro<\/strong> per non seccarlo ulteriormente. Questo ti aiuter\u00e0 a mantenerne la lucentezza e la morbidezza, poich\u00e9 i capelli tinti o con m\u00e8ches sono solitamente pi\u00f9 secchi.<\/li>\r\n<\/ul>\r\n\r\n\r\n\r\n<p>Ci auguriamo che questi suggerimenti siano molto utili! \u00c8 importante adattare le nostre routine ai nostri capelli, e se vogliamo sfoggiare dei bellissimi capelli tinti in estate, \u00e8 importante coccolarli e prendersene cura secondo le loro esigenze.<\/p>\r\n\r\n\r\n\r\n<p>&nbsp;<\/p>\r\n\r\n\r\n\r\n<p>&nbsp;<\/p>\r\n\r\n\r\n\r\n<p>&nbsp;<\/p>","protected":false},"excerpt":{"rendered":"<p>\u00bfSabes c\u00f3mo proteger y cuidar tu pelo te\u00f1ido en verano? Sabemos que la sal, el cloro y el sol pueden causar estragos en nuestro cabello, por eso hemos recopilado estos sencillos trucos para que tu pelo en septiembre siga bonito, sano y brillante. \u00a1Toma nota y ponlos ya en pr\u00e1ctica! Prot\u00e9gelo del sol con un [&hellip;]<\/p>\n","protected":false},"author":9,"featured_media":21318,"comment_status":"open","ping_status":"closed","sticky":false,"template":"","format":"standard","meta":{"footnotes":"","_wp_rev_ctl_limit":""},"categories":[128,1],"tags":[],"class_list":["post-18789","post","type-post","status-publish","format-standard","has-post-thumbnail","hentry","category-capilar","category-todos"],"yoast_head":"<!-- This site is optimized with the Yoast SEO plugin v27.4 - https:\/\/yoast.com\/product\/yoast-seo-wordpress\/ -->\n<title>C\u00f3mo cuidar el pelo te\u00f1ido en verano - Agrado<\/title>\n<meta name=\"description\" content=\"\u00bfSabes c\u00f3mo proteger y cuidar tu pelo te\u00f1ido en verano? No te pierdas estos sencillos trucos para mantener tu pelo bonito, sano y brillante.\" \/>\n<meta name=\"robots\" content=\"index, follow, max-snippet:-1, max-image-preview:large, max-video-preview:-1\" \/>\n<link rel=\"canonical\" href=\"https:\/\/agradocosmetic.com\/it\/como-cuidar-el-pelo-tenido-en-verano\/\" \/>\n<meta property=\"og:locale\" content=\"it_IT\" \/>\n<meta property=\"og:type\" content=\"article\" \/>\n<meta property=\"og:title\" content=\"C\u00f3mo cuidar el pelo te\u00f1ido en verano - Agrado\" \/>\n<meta property=\"og:description\" content=\"\u00bfSabes c\u00f3mo proteger y cuidar tu pelo te\u00f1ido en verano? No te pierdas estos sencillos trucos para mantener tu pelo bonito, sano y brillante.\" \/>\n<meta property=\"og:url\" content=\"https:\/\/agradocosmetic.com\/it\/como-cuidar-el-pelo-tenido-en-verano\/\" \/>\n<meta property=\"og:site_name\" content=\"Agrado\" \/>\n<meta property=\"article:published_time\" content=\"2021-07-28T16:22:24+00:00\" \/>\n<meta property=\"article:modified_time\" content=\"2023-11-18T16:58:52+00:00\" \/>\n<meta property=\"og:image\" content=\"https:\/\/agradocosmetic.com\/wp-content\/uploads\/2021\/07\/cuidar-pelo-tenido-verano-agrado.jpg\" \/>\n\t<meta property=\"og:image:width\" content=\"1200\" \/>\n\t<meta property=\"og:image:height\" content=\"800\" \/>\n\t<meta property=\"og:image:type\" content=\"image\/jpeg\" \/>\n<meta name=\"author\" content=\"agradocosmetic\" \/>\n<meta name=\"twitter:card\" content=\"summary_large_image\" \/>\n<meta name=\"twitter:label1\" content=\"Scritto da\" \/>\n\t<meta name=\"twitter:data1\" content=\"agradocosmetic\" \/>\n\t<meta name=\"twitter:label2\" content=\"Tempo di lettura stimato\" \/>\n\t<meta name=\"twitter:data2\" content=\"2 minuti\" \/>\n<script type=\"application\/ld+json\" class=\"yoast-schema-graph\">{\"@context\":\"https:\\\/\\\/schema.org\",\"@graph\":[{\"@type\":\"Article\",\"@id\":\"https:\\\/\\\/agradocosmetic.com\\\/como-cuidar-el-pelo-tenido-en-verano\\\/#article\",\"isPartOf\":{\"@id\":\"https:\\\/\\\/agradocosmetic.com\\\/como-cuidar-el-pelo-tenido-en-verano\\\/\"},\"author\":{\"name\":\"agradocosmetic\",\"@id\":\"https:\\\/\\\/agradocosmetic.com\\\/#\\\/schema\\\/person\\\/732e8d396022e25f9340196f83d6789d\"},\"headline\":\"C\u00f3mo cuidar el pelo te\u00f1ido en verano\",\"datePublished\":\"2021-07-28T16:22:24+00:00\",\"dateModified\":\"2023-11-18T16:58:52+00:00\",\"mainEntityOfPage\":{\"@id\":\"https:\\\/\\\/agradocosmetic.com\\\/como-cuidar-el-pelo-tenido-en-verano\\\/\"},\"wordCount\":356,\"commentCount\":0,\"publisher\":{\"@id\":\"https:\\\/\\\/agradocosmetic.com\\\/#organization\"},\"image\":{\"@id\":\"https:\\\/\\\/agradocosmetic.com\\\/como-cuidar-el-pelo-tenido-en-verano\\\/#primaryimage\"},\"thumbnailUrl\":\"https:\\\/\\\/agradocosmetic.com\\\/wp-content\\\/uploads\\\/2021\\\/07\\\/cuidar-pelo-tenido-verano-agrado.jpg\",\"articleSection\":[\"Capilar\",\"Todos\"],\"inLanguage\":\"it-IT\",\"potentialAction\":[{\"@type\":\"CommentAction\",\"name\":\"Comment\",\"target\":[\"https:\\\/\\\/agradocosmetic.com\\\/como-cuidar-el-pelo-tenido-en-verano\\\/#respond\"]}]},{\"@type\":\"WebPage\",\"@id\":\"https:\\\/\\\/agradocosmetic.com\\\/como-cuidar-el-pelo-tenido-en-verano\\\/\",\"url\":\"https:\\\/\\\/agradocosmetic.com\\\/como-cuidar-el-pelo-tenido-en-verano\\\/\",\"name\":\"C\u00f3mo cuidar el pelo te\u00f1ido en verano - Agrado\",\"isPartOf\":{\"@id\":\"https:\\\/\\\/agradocosmetic.com\\\/#website\"},\"primaryImageOfPage\":{\"@id\":\"https:\\\/\\\/agradocosmetic.com\\\/como-cuidar-el-pelo-tenido-en-verano\\\/#primaryimage\"},\"image\":{\"@id\":\"https:\\\/\\\/agradocosmetic.com\\\/como-cuidar-el-pelo-tenido-en-verano\\\/#primaryimage\"},\"thumbnailUrl\":\"https:\\\/\\\/agradocosmetic.com\\\/wp-content\\\/uploads\\\/2021\\\/07\\\/cuidar-pelo-tenido-verano-agrado.jpg\",\"datePublished\":\"2021-07-28T16:22:24+00:00\",\"dateModified\":\"2023-11-18T16:58:52+00:00\",\"description\":\"\u00bfSabes c\u00f3mo proteger y cuidar tu pelo te\u00f1ido en verano? No te pierdas estos sencillos trucos para mantener tu pelo bonito, sano y brillante.\",\"breadcrumb\":{\"@id\":\"https:\\\/\\\/agradocosmetic.com\\\/como-cuidar-el-pelo-tenido-en-verano\\\/#breadcrumb\"},\"inLanguage\":\"it-IT\",\"potentialAction\":[{\"@type\":\"ReadAction\",\"target\":[\"https:\\\/\\\/agradocosmetic.com\\\/como-cuidar-el-pelo-tenido-en-verano\\\/\"]}]},{\"@type\":\"ImageObject\",\"inLanguage\":\"it-IT\",\"@id\":\"https:\\\/\\\/agradocosmetic.com\\\/como-cuidar-el-pelo-tenido-en-verano\\\/#primaryimage\",\"url\":\"https:\\\/\\\/agradocosmetic.com\\\/wp-content\\\/uploads\\\/2021\\\/07\\\/cuidar-pelo-tenido-verano-agrado.jpg\",\"contentUrl\":\"https:\\\/\\\/agradocosmetic.com\\\/wp-content\\\/uploads\\\/2021\\\/07\\\/cuidar-pelo-tenido-verano-agrado.jpg\",\"width\":1200,\"height\":800},{\"@type\":\"BreadcrumbList\",\"@id\":\"https:\\\/\\\/agradocosmetic.com\\\/como-cuidar-el-pelo-tenido-en-verano\\\/#breadcrumb\",\"itemListElement\":[{\"@type\":\"ListItem\",\"position\":1,\"name\":\"Portada\",\"item\":\"https:\\\/\\\/agradocosmetic.com\\\/\"},{\"@type\":\"ListItem\",\"position\":2,\"name\":\"C\u00f3mo cuidar el pelo te\u00f1ido en verano\"}]},{\"@type\":\"WebSite\",\"@id\":\"https:\\\/\\\/agradocosmetic.com\\\/#website\",\"url\":\"https:\\\/\\\/agradocosmetic.com\\\/\",\"name\":\"Agrado\",\"description\":\"Cosmetic\",\"publisher\":{\"@id\":\"https:\\\/\\\/agradocosmetic.com\\\/#organization\"},\"potentialAction\":[{\"@type\":\"SearchAction\",\"target\":{\"@type\":\"EntryPoint\",\"urlTemplate\":\"https:\\\/\\\/agradocosmetic.com\\\/?s={search_term_string}\"},\"query-input\":{\"@type\":\"PropertyValueSpecification\",\"valueRequired\":true,\"valueName\":\"search_term_string\"}}],\"inLanguage\":\"it-IT\"},{\"@type\":\"Organization\",\"@id\":\"https:\\\/\\\/agradocosmetic.com\\\/#organization\",\"name\":\"Agrado\",\"url\":\"https:\\\/\\\/agradocosmetic.com\\\/\",\"logo\":{\"@type\":\"ImageObject\",\"inLanguage\":\"it-IT\",\"@id\":\"https:\\\/\\\/agradocosmetic.com\\\/#\\\/schema\\\/logo\\\/image\\\/\",\"url\":\"https:\\\/\\\/agradocosmetic.com\\\/wp-content\\\/uploads\\\/2023\\\/07\\\/LOGO-AGRADO-WEB-01.png\",\"contentUrl\":\"https:\\\/\\\/agradocosmetic.com\\\/wp-content\\\/uploads\\\/2023\\\/07\\\/LOGO-AGRADO-WEB-01.png\",\"width\":1632,\"height\":300,\"caption\":\"Agrado\"},\"image\":{\"@id\":\"https:\\\/\\\/agradocosmetic.com\\\/#\\\/schema\\\/logo\\\/image\\\/\"}},{\"@type\":\"Person\",\"@id\":\"https:\\\/\\\/agradocosmetic.com\\\/#\\\/schema\\\/person\\\/732e8d396022e25f9340196f83d6789d\",\"name\":\"agradocosmetic\",\"image\":{\"@type\":\"ImageObject\",\"inLanguage\":\"it-IT\",\"@id\":\"https:\\\/\\\/secure.gravatar.com\\\/avatar\\\/c6003e45301182b7e125463fcbec403b1980909c12edf09098526b9a15e779c0?s=96&d=mm&r=g\",\"url\":\"https:\\\/\\\/secure.gravatar.com\\\/avatar\\\/c6003e45301182b7e125463fcbec403b1980909c12edf09098526b9a15e779c0?s=96&d=mm&r=g\",\"contentUrl\":\"https:\\\/\\\/secure.gravatar.com\\\/avatar\\\/c6003e45301182b7e125463fcbec403b1980909c12edf09098526b9a15e779c0?s=96&d=mm&r=g\",\"caption\":\"agradocosmetic\"}}]}<\/script>\n<!-- \/ Yoast SEO plugin. -->","yoast_head_json":{"title":"C\u00f3mo cuidar el pelo te\u00f1ido en verano - Agrado","description":"\u00bfSabes c\u00f3mo proteger y cuidar tu pelo te\u00f1ido en verano? No te pierdas estos sencillos trucos para mantener tu pelo bonito, sano y brillante.","robots":{"index":"index","follow":"follow","max-snippet":"max-snippet:-1","max-image-preview":"max-image-preview:large","max-video-preview":"max-video-preview:-1"},"canonical":"https:\/\/agradocosmetic.com\/it\/como-cuidar-el-pelo-tenido-en-verano\/","og_locale":"it_IT","og_type":"article","og_title":"C\u00f3mo cuidar el pelo te\u00f1ido en verano - Agrado","og_description":"\u00bfSabes c\u00f3mo proteger y cuidar tu pelo te\u00f1ido en verano? No te pierdas estos sencillos trucos para mantener tu pelo bonito, sano y brillante.","og_url":"https:\/\/agradocosmetic.com\/it\/como-cuidar-el-pelo-tenido-en-verano\/","og_site_name":"Agrado","article_published_time":"2021-07-28T16:22:24+00:00","article_modified_time":"2023-11-18T16:58:52+00:00","og_image":[{"width":1200,"height":800,"url":"https:\/\/agradocosmetic.com\/wp-content\/uploads\/2021\/07\/cuidar-pelo-tenido-verano-agrado.jpg","type":"image\/jpeg"}],"author":"agradocosmetic","twitter_card":"summary_large_image","twitter_misc":{"Scritto da":"agradocosmetic","Tempo di lettura stimato":"2 minuti"},"schema":{"@context":"https:\/\/schema.org","@graph":[{"@type":"Article","@id":"https:\/\/agradocosmetic.com\/como-cuidar-el-pelo-tenido-en-verano\/#article","isPartOf":{"@id":"https:\/\/agradocosmetic.com\/como-cuidar-el-pelo-tenido-en-verano\/"},"author":{"name":"agradocosmetic","@id":"https:\/\/agradocosmetic.com\/#\/schema\/person\/732e8d396022e25f9340196f83d6789d"},"headline":"C\u00f3mo cuidar el pelo te\u00f1ido en verano","datePublished":"2021-07-28T16:22:24+00:00","dateModified":"2023-11-18T16:58:52+00:00","mainEntityOfPage":{"@id":"https:\/\/agradocosmetic.com\/como-cuidar-el-pelo-tenido-en-verano\/"},"wordCount":356,"commentCount":0,"publisher":{"@id":"https:\/\/agradocosmetic.com\/#organization"},"image":{"@id":"https:\/\/agradocosmetic.com\/como-cuidar-el-pelo-tenido-en-verano\/#primaryimage"},"thumbnailUrl":"https:\/\/agradocosmetic.com\/wp-content\/uploads\/2021\/07\/cuidar-pelo-tenido-verano-agrado.jpg","articleSection":["Capilar","Todos"],"inLanguage":"it-IT","potentialAction":[{"@type":"CommentAction","name":"Comment","target":["https:\/\/agradocosmetic.com\/como-cuidar-el-pelo-tenido-en-verano\/#respond"]}]},{"@type":"WebPage","@id":"https:\/\/agradocosmetic.com\/como-cuidar-el-pelo-tenido-en-verano\/","url":"https:\/\/agradocosmetic.com\/como-cuidar-el-pelo-tenido-en-verano\/","name":"C\u00f3mo cuidar el pelo te\u00f1ido en verano - Agrado","isPartOf":{"@id":"https:\/\/agradocosmetic.com\/#website"},"primaryImageOfPage":{"@id":"https:\/\/agradocosmetic.com\/como-cuidar-el-pelo-tenido-en-verano\/#primaryimage"},"image":{"@id":"https:\/\/agradocosmetic.com\/como-cuidar-el-pelo-tenido-en-verano\/#primaryimage"},"thumbnailUrl":"https:\/\/agradocosmetic.com\/wp-content\/uploads\/2021\/07\/cuidar-pelo-tenido-verano-agrado.jpg","datePublished":"2021-07-28T16:22:24+00:00","dateModified":"2023-11-18T16:58:52+00:00","description":"\u00bfSabes c\u00f3mo proteger y cuidar tu pelo te\u00f1ido en verano? No te pierdas estos sencillos trucos para mantener tu pelo bonito, sano y brillante.","breadcrumb":{"@id":"https:\/\/agradocosmetic.com\/como-cuidar-el-pelo-tenido-en-verano\/#breadcrumb"},"inLanguage":"it-IT","potentialAction":[{"@type":"ReadAction","target":["https:\/\/agradocosmetic.com\/como-cuidar-el-pelo-tenido-en-verano\/"]}]},{"@type":"ImageObject","inLanguage":"it-IT","@id":"https:\/\/agradocosmetic.com\/como-cuidar-el-pelo-tenido-en-verano\/#primaryimage","url":"https:\/\/agradocosmetic.com\/wp-content\/uploads\/2021\/07\/cuidar-pelo-tenido-verano-agrado.jpg","contentUrl":"https:\/\/agradocosmetic.com\/wp-content\/uploads\/2021\/07\/cuidar-pelo-tenido-verano-agrado.jpg","width":1200,"height":800},{"@type":"BreadcrumbList","@id":"https:\/\/agradocosmetic.com\/como-cuidar-el-pelo-tenido-en-verano\/#breadcrumb","itemListElement":[{"@type":"ListItem","position":1,"name":"Portada","item":"https:\/\/agradocosmetic.com\/"},{"@type":"ListItem","position":2,"name":"C\u00f3mo cuidar el pelo te\u00f1ido en verano"}]},{"@type":"WebSite","@id":"https:\/\/agradocosmetic.com\/#website","url":"https:\/\/agradocosmetic.com\/","name":"Mi piace","description":"cosmetico","publisher":{"@id":"https:\/\/agradocosmetic.com\/#organization"},"potentialAction":[{"@type":"SearchAction","target":{"@type":"EntryPoint","urlTemplate":"https:\/\/agradocosmetic.com\/?s={search_term_string}"},"query-input":{"@type":"PropertyValueSpecification","valueRequired":true,"valueName":"search_term_string"}}],"inLanguage":"it-IT"},{"@type":"Organization","@id":"https:\/\/agradocosmetic.com\/#organization","name":"Mi piace","url":"https:\/\/agradocosmetic.com\/","logo":{"@type":"ImageObject","inLanguage":"it-IT","@id":"https:\/\/agradocosmetic.com\/#\/schema\/logo\/image\/","url":"https:\/\/agradocosmetic.com\/wp-content\/uploads\/2023\/07\/LOGO-AGRADO-WEB-01.png","contentUrl":"https:\/\/agradocosmetic.com\/wp-content\/uploads\/2023\/07\/LOGO-AGRADO-WEB-01.png","width":1632,"height":300,"caption":"Agrado"},"image":{"@id":"https:\/\/agradocosmetic.com\/#\/schema\/logo\/image\/"}},{"@type":"Person","@id":"https:\/\/agradocosmetic.com\/#\/schema\/person\/732e8d396022e25f9340196f83d6789d","name":"agradocosmetico","image":{"@type":"ImageObject","inLanguage":"it-IT","@id":"https:\/\/secure.gravatar.com\/avatar\/c6003e45301182b7e125463fcbec403b1980909c12edf09098526b9a15e779c0?s=96&d=mm&r=g","url":"https:\/\/secure.gravatar.com\/avatar\/c6003e45301182b7e125463fcbec403b1980909c12edf09098526b9a15e779c0?s=96&d=mm&r=g","contentUrl":"https:\/\/secure.gravatar.com\/avatar\/c6003e45301182b7e125463fcbec403b1980909c12edf09098526b9a15e779c0?s=96&d=mm&r=g","caption":"agradocosmetic"}}]}},"_links":{"self":[{"href":"https:\/\/agradocosmetic.com\/it\/wp-json\/wp\/v2\/posts\/18789","targetHints":{"allow":["GET"]}}],"collection":[{"href":"https:\/\/agradocosmetic.com\/it\/wp-json\/wp\/v2\/posts"}],"about":[{"href":"https:\/\/agradocosmetic.com\/it\/wp-json\/wp\/v2\/types\/post"}],"author":[{"embeddable":true,"href":"https:\/\/agradocosmetic.com\/it\/wp-json\/wp\/v2\/users\/9"}],"replies":[{"embeddable":true,"href":"https:\/\/agradocosmetic.com\/it\/wp-json\/wp\/v2\/comments?post=18789"}],"version-history":[{"count":1,"href":"https:\/\/agradocosmetic.com\/it\/wp-json\/wp\/v2\/posts\/18789\/revisions"}],"predecessor-version":[{"id":21319,"href":"https:\/\/agradocosmetic.com\/it\/wp-json\/wp\/v2\/posts\/18789\/revisions\/21319"}],"wp:featuredmedia":[{"embeddable":true,"href":"https:\/\/agradocosmetic.com\/it\/wp-json\/wp\/v2\/media\/21318"}],"wp:attachment":[{"href":"https:\/\/agradocosmetic.com\/it\/wp-json\/wp\/v2\/media?parent=18789"}],"wp:term":[{"taxonomy":"category","embeddable":true,"href":"https:\/\/agradocosmetic.com\/it\/wp-json\/wp\/v2\/categories?post=18789"},{"taxonomy":"post_tag","embeddable":true,"href":"https:\/\/agradocosmetic.com\/it\/wp-json\/wp\/v2\/tags?post=18789"}],"curies":[{"name":"parola chiave","href":"https:\/\/api.w.org\/{rel}","templated":true}]}}