{"id":18849,"date":"2021-09-09T11:16:13","date_gmt":"2021-09-09T10:16:13","guid":{"rendered":"https:\/\/www.agradocosmetic.com\/?p=18849"},"modified":"2023-11-18T16:58:52","modified_gmt":"2023-11-18T16:58:52","slug":"como-reciclar-tus-cosmeticos-correctamente","status":"publish","type":"post","link":"https:\/\/agradocosmetic.com\/it\/como-reciclar-tus-cosmeticos-correctamente\/","title":{"rendered":"Come riciclare correttamente i tuoi cosmetici"},"content":{"rendered":"<p>Se ricicliamo ogni giorno i rifiuti della cucina, perch\u00e9 non farlo anche con quelli del bagno? I nostri cosmetici hanno un impatto significativo sull&#039;ambiente se non li ricicliamo correttamente, poich\u00e9 alcuni sono realizzati con plastica e materiali non riciclabili. Resta per scoprire <strong>come riciclare correttamente i tuoi cosmetici<\/strong> e contribuire con un altro granello di sabbia alla cura del nostro pianeta. Una routine davvero ecologica!<\/p>\r\n\r\n\r\n\r\n<p>Potresti non conoscere il <strong>regole affinch\u00e9 i tuoi cosmetici possano essere riciclati<\/strong>, poich\u00e9 non \u00e8 cos\u00ec semplice come gettarli nel contenitore corrispondente. Pertanto, qui vi lasciamo alcuni punti chiave per non fallire:<\/p>\r\n\r\n\r\n\r\n<ul class=\"wp-block-list\">\r\n<li><strong>Separare i dispenser<\/strong>, spruzzatori e coperchi del resto del contenitore. Queste parti del prodotto non sono riciclabili e dovrai rimuoverle per garantire che il tuo cosmetico vuoto venga riciclato perfettamente.<\/li>\r\n<li>Essere sicuri di <strong>che non vi siano tracce di prodotto all&#039;interno del contenitore<\/strong> e sciacquarli con abbondante acqua. Se il liquido viene mescolato con altri materiali pu\u00f2 comprometterne la riciclabilit\u00e0.<\/li>\r\n<li><strong>Rimuovere tutte le etichette attaccate ai contenitori<\/strong>, non sono neanche adatti al riciclaggio!<\/li>\r\n<\/ul>\r\n\r\n\r\n\r\n<p>Ma fa attenzione! Sebbene sempre pi\u00f9 prodotti 100% siano riciclabili, <strong>non tutti i cosmetici possono essere riciclati<\/strong>. \u00c8 il caso di coperchi, pennelli per mascara, smalti per unghie, contenitori con calamite o specchietti e pennelli per il trucco. L&#039;opzione migliore in questo caso \u00e8 <strong>dare loro una seconda vita<\/strong>. Esplodi la tua immaginazione e dai loro una nuova funzione!<\/p>\r\n\r\n\r\n\r\n<p>Una volta che hai i cosmetici separati e pronti per il riciclo, portali al punto di riciclaggio pi\u00f9 vicino, depositali nei contenitori corrispondenti, solitamente sar\u00e0 quello giallo, e il gioco \u00e8 fatto!<\/p>\r\n\r\n\r\n\r\n<p>Tuttavia, il compito di prendersi cura dell\u2019ambiente non finisce qui, <strong>il vero cambiamento \u00e8 nei consumi<\/strong>. Ecco perch\u00e9 provare ad acquistare e <strong>consumare linee cosmetiche con packaging riciclabile 100%<\/strong>, realizzato con materiali riciclati o biodegradabili \u00e8 la soluzione migliore. Questo \u00e8 il caso della linea <strong><a href=\"https:\/\/agradocosmetic.com\/it\/linea\/agrado-nature\/\" target=\"_blank\" rel=\"noreferrer noopener\">Prodotti botanici della natura di Agrado<\/a><\/strong>, due trattamenti per la cura dei capelli che, oltre a prendersi cura profondamente dei tuoi capelli utilizzando ingredienti naturali, si prendono cura anche del pianeta. Grazie alla sua composizione monomaterica, non richiede la separazione dei suoi componenti per dar loro una nuova vita, quindi il compito di riciclare i tuoi cosmetici sar\u00e0 molto pi\u00f9 semplice!<\/p>\r\n\r\n\r\n\r\n<p>Ogni cambiamento nella tua routine conta e ad Agrado ti incoraggiamo a unirti a questi piccoli gesti con noi. Ora che sai come fare e come riciclare correttamente i tuoi cosmetici, accetti la sfida?<\/p>","protected":false},"excerpt":{"rendered":"<p>Si reciclamos d\u00eda a d\u00eda los residuos de la cocina, \u00bfpor qu\u00e9 no hacerlo con los del ba\u00f1o? Nuestros cosm\u00e9ticos suponen un importante impacto en el medioambiente si no los reciclamos correctamente, ya que algunos est\u00e1n hechos de pl\u00e1sticos y materiales no reciclables. Qu\u00e9date para descubrir c\u00f3mo reciclar tus cosm\u00e9ticos correctamente y aportar un granito [&hellip;]<\/p>\n","protected":false},"author":9,"featured_media":21312,"comment_status":"open","ping_status":"closed","sticky":false,"template":"","format":"standard","meta":{"footnotes":"","_wp_rev_ctl_limit":""},"categories":[118,1],"tags":[],"class_list":["post-18849","post","type-post","status-publish","format-standard","has-post-thumbnail","hentry","category-lifestyle","category-todos"],"yoast_head":"<!-- This site is optimized with the Yoast SEO plugin v27.4 - https:\/\/yoast.com\/product\/yoast-seo-wordpress\/ -->\n<title>C\u00f3mo reciclar tus cosm\u00e9ticos correctamente - Agrado<\/title>\n<meta name=\"description\" content=\"El reciclaje es una de las rutinas m\u00e1s sencillas de nuestro d\u00eda a d\u00eda. \u00a1Te ense\u00f1amos c\u00f3mo reciclar tus cosm\u00e9ticos correctamente!\" \/>\n<meta name=\"robots\" content=\"index, follow, max-snippet:-1, max-image-preview:large, max-video-preview:-1\" \/>\n<link rel=\"canonical\" href=\"https:\/\/agradocosmetic.com\/it\/como-reciclar-tus-cosmeticos-correctamente\/\" \/>\n<meta property=\"og:locale\" content=\"it_IT\" \/>\n<meta property=\"og:type\" content=\"article\" \/>\n<meta property=\"og:title\" content=\"C\u00f3mo reciclar tus cosm\u00e9ticos correctamente - Agrado\" \/>\n<meta property=\"og:description\" content=\"El reciclaje es una de las rutinas m\u00e1s sencillas de nuestro d\u00eda a d\u00eda. \u00a1Te ense\u00f1amos c\u00f3mo reciclar tus cosm\u00e9ticos correctamente!\" \/>\n<meta property=\"og:url\" content=\"https:\/\/agradocosmetic.com\/it\/como-reciclar-tus-cosmeticos-correctamente\/\" \/>\n<meta property=\"og:site_name\" content=\"Agrado\" \/>\n<meta property=\"article:published_time\" content=\"2021-09-09T10:16:13+00:00\" \/>\n<meta property=\"article:modified_time\" content=\"2023-11-18T16:58:52+00:00\" \/>\n<meta property=\"og:image\" content=\"https:\/\/agradocosmetic.com\/wp-content\/uploads\/2021\/09\/reciclar-cosmeticos-agrado.jpg\" \/>\n\t<meta property=\"og:image:width\" content=\"1200\" \/>\n\t<meta property=\"og:image:height\" content=\"800\" \/>\n\t<meta property=\"og:image:type\" content=\"image\/jpeg\" \/>\n<meta name=\"author\" content=\"agradocosmetic\" \/>\n<meta name=\"twitter:card\" content=\"summary_large_image\" \/>\n<meta name=\"twitter:label1\" content=\"Scritto da\" \/>\n\t<meta name=\"twitter:data1\" content=\"agradocosmetic\" \/>\n\t<meta name=\"twitter:label2\" content=\"Tempo di lettura stimato\" \/>\n\t<meta name=\"twitter:data2\" content=\"2 minuti\" \/>\n<script type=\"application\/ld+json\" class=\"yoast-schema-graph\">{\"@context\":\"https:\\\/\\\/schema.org\",\"@graph\":[{\"@type\":\"Article\",\"@id\":\"https:\\\/\\\/agradocosmetic.com\\\/como-reciclar-tus-cosmeticos-correctamente\\\/#article\",\"isPartOf\":{\"@id\":\"https:\\\/\\\/agradocosmetic.com\\\/como-reciclar-tus-cosmeticos-correctamente\\\/\"},\"author\":{\"name\":\"agradocosmetic\",\"@id\":\"https:\\\/\\\/agradocosmetic.com\\\/#\\\/schema\\\/person\\\/732e8d396022e25f9340196f83d6789d\"},\"headline\":\"C\u00f3mo reciclar tus cosm\u00e9ticos correctamente\",\"datePublished\":\"2021-09-09T10:16:13+00:00\",\"dateModified\":\"2023-11-18T16:58:52+00:00\",\"mainEntityOfPage\":{\"@id\":\"https:\\\/\\\/agradocosmetic.com\\\/como-reciclar-tus-cosmeticos-correctamente\\\/\"},\"wordCount\":466,\"commentCount\":0,\"publisher\":{\"@id\":\"https:\\\/\\\/agradocosmetic.com\\\/#organization\"},\"image\":{\"@id\":\"https:\\\/\\\/agradocosmetic.com\\\/como-reciclar-tus-cosmeticos-correctamente\\\/#primaryimage\"},\"thumbnailUrl\":\"https:\\\/\\\/agradocosmetic.com\\\/wp-content\\\/uploads\\\/2021\\\/09\\\/reciclar-cosmeticos-agrado.jpg\",\"articleSection\":[\"Lifestyle\",\"Todos\"],\"inLanguage\":\"it-IT\",\"potentialAction\":[{\"@type\":\"CommentAction\",\"name\":\"Comment\",\"target\":[\"https:\\\/\\\/agradocosmetic.com\\\/como-reciclar-tus-cosmeticos-correctamente\\\/#respond\"]}]},{\"@type\":\"WebPage\",\"@id\":\"https:\\\/\\\/agradocosmetic.com\\\/como-reciclar-tus-cosmeticos-correctamente\\\/\",\"url\":\"https:\\\/\\\/agradocosmetic.com\\\/como-reciclar-tus-cosmeticos-correctamente\\\/\",\"name\":\"C\u00f3mo reciclar tus cosm\u00e9ticos correctamente - Agrado\",\"isPartOf\":{\"@id\":\"https:\\\/\\\/agradocosmetic.com\\\/#website\"},\"primaryImageOfPage\":{\"@id\":\"https:\\\/\\\/agradocosmetic.com\\\/como-reciclar-tus-cosmeticos-correctamente\\\/#primaryimage\"},\"image\":{\"@id\":\"https:\\\/\\\/agradocosmetic.com\\\/como-reciclar-tus-cosmeticos-correctamente\\\/#primaryimage\"},\"thumbnailUrl\":\"https:\\\/\\\/agradocosmetic.com\\\/wp-content\\\/uploads\\\/2021\\\/09\\\/reciclar-cosmeticos-agrado.jpg\",\"datePublished\":\"2021-09-09T10:16:13+00:00\",\"dateModified\":\"2023-11-18T16:58:52+00:00\",\"description\":\"El reciclaje es una de las rutinas m\u00e1s sencillas de nuestro d\u00eda a d\u00eda. \u00a1Te ense\u00f1amos c\u00f3mo reciclar tus cosm\u00e9ticos correctamente!\",\"breadcrumb\":{\"@id\":\"https:\\\/\\\/agradocosmetic.com\\\/como-reciclar-tus-cosmeticos-correctamente\\\/#breadcrumb\"},\"inLanguage\":\"it-IT\",\"potentialAction\":[{\"@type\":\"ReadAction\",\"target\":[\"https:\\\/\\\/agradocosmetic.com\\\/como-reciclar-tus-cosmeticos-correctamente\\\/\"]}]},{\"@type\":\"ImageObject\",\"inLanguage\":\"it-IT\",\"@id\":\"https:\\\/\\\/agradocosmetic.com\\\/como-reciclar-tus-cosmeticos-correctamente\\\/#primaryimage\",\"url\":\"https:\\\/\\\/agradocosmetic.com\\\/wp-content\\\/uploads\\\/2021\\\/09\\\/reciclar-cosmeticos-agrado.jpg\",\"contentUrl\":\"https:\\\/\\\/agradocosmetic.com\\\/wp-content\\\/uploads\\\/2021\\\/09\\\/reciclar-cosmeticos-agrado.jpg\",\"width\":1200,\"height\":800},{\"@type\":\"BreadcrumbList\",\"@id\":\"https:\\\/\\\/agradocosmetic.com\\\/como-reciclar-tus-cosmeticos-correctamente\\\/#breadcrumb\",\"itemListElement\":[{\"@type\":\"ListItem\",\"position\":1,\"name\":\"Portada\",\"item\":\"https:\\\/\\\/agradocosmetic.com\\\/\"},{\"@type\":\"ListItem\",\"position\":2,\"name\":\"C\u00f3mo reciclar tus cosm\u00e9ticos correctamente\"}]},{\"@type\":\"WebSite\",\"@id\":\"https:\\\/\\\/agradocosmetic.com\\\/#website\",\"url\":\"https:\\\/\\\/agradocosmetic.com\\\/\",\"name\":\"Agrado\",\"description\":\"Cosmetic\",\"publisher\":{\"@id\":\"https:\\\/\\\/agradocosmetic.com\\\/#organization\"},\"potentialAction\":[{\"@type\":\"SearchAction\",\"target\":{\"@type\":\"EntryPoint\",\"urlTemplate\":\"https:\\\/\\\/agradocosmetic.com\\\/?s={search_term_string}\"},\"query-input\":{\"@type\":\"PropertyValueSpecification\",\"valueRequired\":true,\"valueName\":\"search_term_string\"}}],\"inLanguage\":\"it-IT\"},{\"@type\":\"Organization\",\"@id\":\"https:\\\/\\\/agradocosmetic.com\\\/#organization\",\"name\":\"Agrado\",\"url\":\"https:\\\/\\\/agradocosmetic.com\\\/\",\"logo\":{\"@type\":\"ImageObject\",\"inLanguage\":\"it-IT\",\"@id\":\"https:\\\/\\\/agradocosmetic.com\\\/#\\\/schema\\\/logo\\\/image\\\/\",\"url\":\"https:\\\/\\\/agradocosmetic.com\\\/wp-content\\\/uploads\\\/2023\\\/07\\\/LOGO-AGRADO-WEB-01.png\",\"contentUrl\":\"https:\\\/\\\/agradocosmetic.com\\\/wp-content\\\/uploads\\\/2023\\\/07\\\/LOGO-AGRADO-WEB-01.png\",\"width\":1632,\"height\":300,\"caption\":\"Agrado\"},\"image\":{\"@id\":\"https:\\\/\\\/agradocosmetic.com\\\/#\\\/schema\\\/logo\\\/image\\\/\"}},{\"@type\":\"Person\",\"@id\":\"https:\\\/\\\/agradocosmetic.com\\\/#\\\/schema\\\/person\\\/732e8d396022e25f9340196f83d6789d\",\"name\":\"agradocosmetic\",\"image\":{\"@type\":\"ImageObject\",\"inLanguage\":\"it-IT\",\"@id\":\"https:\\\/\\\/secure.gravatar.com\\\/avatar\\\/c6003e45301182b7e125463fcbec403b1980909c12edf09098526b9a15e779c0?s=96&d=mm&r=g\",\"url\":\"https:\\\/\\\/secure.gravatar.com\\\/avatar\\\/c6003e45301182b7e125463fcbec403b1980909c12edf09098526b9a15e779c0?s=96&d=mm&r=g\",\"contentUrl\":\"https:\\\/\\\/secure.gravatar.com\\\/avatar\\\/c6003e45301182b7e125463fcbec403b1980909c12edf09098526b9a15e779c0?s=96&d=mm&r=g\",\"caption\":\"agradocosmetic\"}}]}<\/script>\n<!-- \/ Yoast SEO plugin. -->","yoast_head_json":{"title":"C\u00f3mo reciclar tus cosm\u00e9ticos correctamente - Agrado","description":"El reciclaje es una de las rutinas m\u00e1s sencillas de nuestro d\u00eda a d\u00eda. \u00a1Te ense\u00f1amos c\u00f3mo reciclar tus cosm\u00e9ticos correctamente!","robots":{"index":"index","follow":"follow","max-snippet":"max-snippet:-1","max-image-preview":"max-image-preview:large","max-video-preview":"max-video-preview:-1"},"canonical":"https:\/\/agradocosmetic.com\/it\/como-reciclar-tus-cosmeticos-correctamente\/","og_locale":"it_IT","og_type":"article","og_title":"C\u00f3mo reciclar tus cosm\u00e9ticos correctamente - Agrado","og_description":"El reciclaje es una de las rutinas m\u00e1s sencillas de nuestro d\u00eda a d\u00eda. \u00a1Te ense\u00f1amos c\u00f3mo reciclar tus cosm\u00e9ticos correctamente!","og_url":"https:\/\/agradocosmetic.com\/it\/como-reciclar-tus-cosmeticos-correctamente\/","og_site_name":"Agrado","article_published_time":"2021-09-09T10:16:13+00:00","article_modified_time":"2023-11-18T16:58:52+00:00","og_image":[{"width":1200,"height":800,"url":"https:\/\/agradocosmetic.com\/wp-content\/uploads\/2021\/09\/reciclar-cosmeticos-agrado.jpg","type":"image\/jpeg"}],"author":"agradocosmetic","twitter_card":"summary_large_image","twitter_misc":{"Scritto da":"agradocosmetic","Tempo di lettura stimato":"2 minuti"},"schema":{"@context":"https:\/\/schema.org","@graph":[{"@type":"Article","@id":"https:\/\/agradocosmetic.com\/como-reciclar-tus-cosmeticos-correctamente\/#article","isPartOf":{"@id":"https:\/\/agradocosmetic.com\/como-reciclar-tus-cosmeticos-correctamente\/"},"author":{"name":"agradocosmetic","@id":"https:\/\/agradocosmetic.com\/#\/schema\/person\/732e8d396022e25f9340196f83d6789d"},"headline":"C\u00f3mo reciclar tus cosm\u00e9ticos correctamente","datePublished":"2021-09-09T10:16:13+00:00","dateModified":"2023-11-18T16:58:52+00:00","mainEntityOfPage":{"@id":"https:\/\/agradocosmetic.com\/como-reciclar-tus-cosmeticos-correctamente\/"},"wordCount":466,"commentCount":0,"publisher":{"@id":"https:\/\/agradocosmetic.com\/#organization"},"image":{"@id":"https:\/\/agradocosmetic.com\/como-reciclar-tus-cosmeticos-correctamente\/#primaryimage"},"thumbnailUrl":"https:\/\/agradocosmetic.com\/wp-content\/uploads\/2021\/09\/reciclar-cosmeticos-agrado.jpg","articleSection":["Lifestyle","Todos"],"inLanguage":"it-IT","potentialAction":[{"@type":"CommentAction","name":"Comment","target":["https:\/\/agradocosmetic.com\/como-reciclar-tus-cosmeticos-correctamente\/#respond"]}]},{"@type":"WebPage","@id":"https:\/\/agradocosmetic.com\/como-reciclar-tus-cosmeticos-correctamente\/","url":"https:\/\/agradocosmetic.com\/como-reciclar-tus-cosmeticos-correctamente\/","name":"C\u00f3mo reciclar tus cosm\u00e9ticos correctamente - Agrado","isPartOf":{"@id":"https:\/\/agradocosmetic.com\/#website"},"primaryImageOfPage":{"@id":"https:\/\/agradocosmetic.com\/como-reciclar-tus-cosmeticos-correctamente\/#primaryimage"},"image":{"@id":"https:\/\/agradocosmetic.com\/como-reciclar-tus-cosmeticos-correctamente\/#primaryimage"},"thumbnailUrl":"https:\/\/agradocosmetic.com\/wp-content\/uploads\/2021\/09\/reciclar-cosmeticos-agrado.jpg","datePublished":"2021-09-09T10:16:13+00:00","dateModified":"2023-11-18T16:58:52+00:00","description":"El reciclaje es una de las rutinas m\u00e1s sencillas de nuestro d\u00eda a d\u00eda. \u00a1Te ense\u00f1amos c\u00f3mo reciclar tus cosm\u00e9ticos correctamente!","breadcrumb":{"@id":"https:\/\/agradocosmetic.com\/como-reciclar-tus-cosmeticos-correctamente\/#breadcrumb"},"inLanguage":"it-IT","potentialAction":[{"@type":"ReadAction","target":["https:\/\/agradocosmetic.com\/como-reciclar-tus-cosmeticos-correctamente\/"]}]},{"@type":"ImageObject","inLanguage":"it-IT","@id":"https:\/\/agradocosmetic.com\/como-reciclar-tus-cosmeticos-correctamente\/#primaryimage","url":"https:\/\/agradocosmetic.com\/wp-content\/uploads\/2021\/09\/reciclar-cosmeticos-agrado.jpg","contentUrl":"https:\/\/agradocosmetic.com\/wp-content\/uploads\/2021\/09\/reciclar-cosmeticos-agrado.jpg","width":1200,"height":800},{"@type":"BreadcrumbList","@id":"https:\/\/agradocosmetic.com\/como-reciclar-tus-cosmeticos-correctamente\/#breadcrumb","itemListElement":[{"@type":"ListItem","position":1,"name":"Portada","item":"https:\/\/agradocosmetic.com\/"},{"@type":"ListItem","position":2,"name":"C\u00f3mo reciclar tus cosm\u00e9ticos correctamente"}]},{"@type":"WebSite","@id":"https:\/\/agradocosmetic.com\/#website","url":"https:\/\/agradocosmetic.com\/","name":"Mi piace","description":"cosmetico","publisher":{"@id":"https:\/\/agradocosmetic.com\/#organization"},"potentialAction":[{"@type":"SearchAction","target":{"@type":"EntryPoint","urlTemplate":"https:\/\/agradocosmetic.com\/?s={search_term_string}"},"query-input":{"@type":"PropertyValueSpecification","valueRequired":true,"valueName":"search_term_string"}}],"inLanguage":"it-IT"},{"@type":"Organization","@id":"https:\/\/agradocosmetic.com\/#organization","name":"Mi piace","url":"https:\/\/agradocosmetic.com\/","logo":{"@type":"ImageObject","inLanguage":"it-IT","@id":"https:\/\/agradocosmetic.com\/#\/schema\/logo\/image\/","url":"https:\/\/agradocosmetic.com\/wp-content\/uploads\/2023\/07\/LOGO-AGRADO-WEB-01.png","contentUrl":"https:\/\/agradocosmetic.com\/wp-content\/uploads\/2023\/07\/LOGO-AGRADO-WEB-01.png","width":1632,"height":300,"caption":"Agrado"},"image":{"@id":"https:\/\/agradocosmetic.com\/#\/schema\/logo\/image\/"}},{"@type":"Person","@id":"https:\/\/agradocosmetic.com\/#\/schema\/person\/732e8d396022e25f9340196f83d6789d","name":"agradocosmetico","image":{"@type":"ImageObject","inLanguage":"it-IT","@id":"https:\/\/secure.gravatar.com\/avatar\/c6003e45301182b7e125463fcbec403b1980909c12edf09098526b9a15e779c0?s=96&d=mm&r=g","url":"https:\/\/secure.gravatar.com\/avatar\/c6003e45301182b7e125463fcbec403b1980909c12edf09098526b9a15e779c0?s=96&d=mm&r=g","contentUrl":"https:\/\/secure.gravatar.com\/avatar\/c6003e45301182b7e125463fcbec403b1980909c12edf09098526b9a15e779c0?s=96&d=mm&r=g","caption":"agradocosmetic"}}]}},"_links":{"self":[{"href":"https:\/\/agradocosmetic.com\/it\/wp-json\/wp\/v2\/posts\/18849","targetHints":{"allow":["GET"]}}],"collection":[{"href":"https:\/\/agradocosmetic.com\/it\/wp-json\/wp\/v2\/posts"}],"about":[{"href":"https:\/\/agradocosmetic.com\/it\/wp-json\/wp\/v2\/types\/post"}],"author":[{"embeddable":true,"href":"https:\/\/agradocosmetic.com\/it\/wp-json\/wp\/v2\/users\/9"}],"replies":[{"embeddable":true,"href":"https:\/\/agradocosmetic.com\/it\/wp-json\/wp\/v2\/comments?post=18849"}],"version-history":[{"count":1,"href":"https:\/\/agradocosmetic.com\/it\/wp-json\/wp\/v2\/posts\/18849\/revisions"}],"predecessor-version":[{"id":21313,"href":"https:\/\/agradocosmetic.com\/it\/wp-json\/wp\/v2\/posts\/18849\/revisions\/21313"}],"wp:featuredmedia":[{"embeddable":true,"href":"https:\/\/agradocosmetic.com\/it\/wp-json\/wp\/v2\/media\/21312"}],"wp:attachment":[{"href":"https:\/\/agradocosmetic.com\/it\/wp-json\/wp\/v2\/media?parent=18849"}],"wp:term":[{"taxonomy":"category","embeddable":true,"href":"https:\/\/agradocosmetic.com\/it\/wp-json\/wp\/v2\/categories?post=18849"},{"taxonomy":"post_tag","embeddable":true,"href":"https:\/\/agradocosmetic.com\/it\/wp-json\/wp\/v2\/tags?post=18849"}],"curies":[{"name":"parola chiave","href":"https:\/\/api.w.org\/{rel}","templated":true}]}}