{"id":19289,"date":"2022-01-12T09:20:29","date_gmt":"2022-01-12T08:20:29","guid":{"rendered":"https:\/\/www.agradocosmetic.com\/?p=19289"},"modified":"2023-11-18T16:58:51","modified_gmt":"2023-11-18T16:58:51","slug":"dime-como-eres-y-te-dire-cual-es-tu-gel-de-bano","status":"publish","type":"post","link":"https:\/\/agradocosmetic.com\/it\/dime-como-eres-y-te-dire-cual-es-tu-gel-de-bano\/","title":{"rendered":"Dimmi come sei e ti dir\u00f2 qual \u00e8 il tuo bagnoschiuma"},"content":{"rendered":"<p>Il momento della doccia \u00e8 fondamentale nella nostra vita quotidiana, anche se a volte lo sottovalutiamo.<strong> Non si tratta solo di pulizia e igiene del corpo, ma anche di relax e cura della nostra pelle.<\/strong>. Trascorrere quel momento rilassandoci e connettendoci con noi stessi ci aiuter\u00e0 a iniziare o concludere la giornata con calma e benessere. E per fare questo, abbiamo bisogno di un gel doccia adatto ai nostri gusti e alle nostre esigenze, che ci aiuti a vivere un&#039;esperienza completa.<\/p>\r\n\r\n\r\n\r\n<p>Noi di Agrado Cosmetic siamo esperti nella cura della pelle da anni, ed \u00e8 per questo che disponiamo di una vasta gamma per coprire le diverse esigenze e gusti della pelle. Sappiamo che a volte la scelta pu\u00f2 essere difficile, ecco perch\u00e9 in questo post ti aiutiamo a scoprirlo <strong>qual \u00e8 il gel doccia perfetto per te?<\/strong> con un test divertente. Pronto?<\/p>\r\n\r\n\r\n\r\n<ol class=\"wp-block-list\">\r\n<li>\u00a0Quando si tratta di un bagnoschiuma, la prima cosa da tenere in considerazione \u00e8 il tipo di pelle:<\/li>\r\n<\/ol>\r\n\r\n\r\n\r\n<p>R. Pelle secca<br \/>B. Pelle sensibile<br \/>C. Pelle mista<br \/>D. Pelle normale<\/p>\r\n\r\n\r\n\r\n<ol class=\"wp-block-list\" start=\"2\">\r\n<li>Cosa cerchi in un bagnoschiuma oltre alla pulizia profonda?<\/li>\r\n<\/ol>\r\n\r\n\r\n\r\n<p>R. Idratazione<br \/>B. Protezione per la mia pelle <br \/>C. Morbidezza extra<br \/>D. Un buon profumo<\/p>\r\n\r\n\r\n\r\n<ol class=\"wp-block-list\" start=\"3\">\r\n<li>Quanto tempo dedichi alle tue docce?<\/li>\r\n<\/ol>\r\n\r\n\r\n\r\n<p>A. Doccia veloce, in 5 minuti sono pronto<br \/>B. Mi prendo il mio tempo, ma non ci dedico pi\u00f9 di 15 minuti<br \/>C. Bagnoschiuma (con candele incluse)<br \/>D. Spa domestica. Il mio momento di relax!<\/p>\r\n\r\n\r\n\r\n<ol class=\"wp-block-list\" start=\"4\">\r\n<li>Quali aromi preferisci in un gel doccia?<\/li>\r\n<\/ol>\r\n\r\n\r\n\r\n<p>R. Morbido e delicato<br \/>B. Fresco e rivitalizzante<br \/>C. Agrumato e rinfrescante<br \/>D. Dolce e potente<\/p>\r\n\r\n\r\n\r\n\r\n\r\n<h5 class=\"wp-block-heading\"><strong>MAGGIORANZA DI A:<\/strong><\/h5>\r\n\r\n\r\n\r\n<p><em><a href=\"https:\/\/agradocosmetic.com\/it\/producto\/gel-bano-ducha-rosa-mosqueta-2\/\" target=\"_blank\" rel=\"noreferrer noopener\">Bagnoschiuma e bagnoschiuma alla rosa canina<\/a><\/em><\/p>\r\n\r\n\r\n\r\n<p>Questo gel mantiene la pelle perfettamente idratata e le dona una sorprendente dose di vitalit\u00e0. Entra attraverso l&#039;olfatto, passa attraverso il tatto e, soprattutto, rimane sulla tua pelle attraverso una nutrizione profonda. \u00c8 proprio quello di cui hai bisogno!\u00a0<\/p>\r\n\r\n\r\n\r\n<h5 class=\"wp-block-heading\"><strong>MAGGIORANZA DI B:<\/strong><\/h5>\r\n\r\n\r\n\r\n<p><em><a href=\"https:\/\/agradocosmetic.com\/it\/producto\/gel-micelar-bano-ducha-pieles-atopicas\/\" target=\"_blank\" rel=\"noreferrer noopener\">Gel da bagno e doccia per pelle atopica<\/a><\/em><\/p>\r\n\r\n\r\n\r\n<p>Formulato per l&#039;igiene quotidiana della pelle sensibile e atopica, questo gel doccia crea dipendenza. La sua formula micellare non contiene sapone ed \u00e8 stata dermatologicamente testata per lasciare la pelle estremamente morbida senza danneggiarla. Cos\u00ec delicato che pu\u00f2 usarlo tutta la famiglia!<\/p>\r\n\r\n\r\n\r\n<h5 class=\"wp-block-heading\"><strong>MAGGIORANZA DI C:<\/strong><\/h5>\r\n\r\n\r\n\r\n<p><em><a href=\"https:\/\/agradocosmetic.com\/it\/producto\/gel-de-bano-y-ducha-mediterraneo\/\" target=\"_blank\" rel=\"noreferrer noopener\">Bagno mediterraneo e gel doccia<\/a><\/em><\/p>\r\n\r\n\r\n\r\n<p>Con i suoi aromi di agrumi, tipici del Mediterraneo, questo gel doccia \u00e8 incoronato come la scelta perfetta per entrare nell&#039;intimit\u00e0 della tua doccia. Un trucco? Lascialo agire sulla pelle per qualche minuto massaggiandola per potenziarne gli effetti. Idratazione extra in modo che la tua pelle sia super morbida, rivitalizzata e rinnovata. Irresistibile!<\/p>\r\n\r\n\r\n\r\n<h5 class=\"wp-block-heading\"><strong>MAGGIORANZA DI D:<\/strong><\/h5>\r\n\r\n\r\n\r\n<p><em><a href=\"https:\/\/agradocosmetic.com\/it\/producto\/gel-de-bano-y-ducha-oriental\/\" target=\"_blank\" rel=\"noreferrer noopener\">Gel da bagno e doccia orientale<\/a><\/em><\/p>\r\n\r\n\r\n\r\n<p>All&#039;interno della nuova linea AGRADO World Gels, il Gel Bagno e Doccia Orientale ti porta in Asia con il suo delizioso profumo di fiori di ciliegio, la perfetta combinazione di pace e seduzione. Se stai cercando una pulizia profonda e idratante che lasci un aroma molto ricco sulla tua pelle, questa \u00e8 la tua formula vincente.\u00a0<\/p>\r\n\r\n\r\n\r\n<p>Ora che sai qual \u00e8 il gel doccia perfetto per te, non esitare pi\u00f9 e<strong> Coccola la tua pelle nel migliore dei modi con AGRADO COSMETIC.<\/strong><\/p>","protected":false},"excerpt":{"rendered":"<p>El momento de la ducha es imprescindible en nuestra vida cotidiana, aunque a veces lo subestimemos. No solo se trata de limpieza e higiene corporal, sino tambi\u00e9n de relax y cuidado para nuestra piel. Destinar ese momento a relajarnos y conectar con nosotros mismos nos ayudar\u00e1 a iniciar o terminar el d\u00eda con calma y [&hellip;]<\/p>\n","protected":false},"author":9,"featured_media":21296,"comment_status":"open","ping_status":"closed","sticky":false,"template":"","format":"standard","meta":{"footnotes":"","_wp_rev_ctl_limit":""},"categories":[149,117,1],"tags":[126,375,289,360,376,377,378,205],"class_list":["post-19289","post","type-post","status-publish","format-standard","has-post-thumbnail","hentry","category-corporal","category-higiene","category-todos","tag-agrado","tag-cuidado-corporal","tag-cuidado-de-la-piel","tag-gel-de-bano","tag-gel-de-ducha","tag-gel-para-pieles-atopicas","tag-gel-para-pieles-sensibles","tag-hidratacion"],"yoast_head":"<!-- This site is optimized with the Yoast SEO plugin v27.4 - https:\/\/yoast.com\/product\/yoast-seo-wordpress\/ -->\n<title>Dime c\u00f3mo eres y te dir\u00e9 cu\u00e1l es tu gel de ba\u00f1o - Agrado Cosmetic<\/title>\n<meta name=\"description\" content=\"\u00bfQuieres saber cu\u00e1l es el gel de ba\u00f1o perfecto para ti y tu piel? \u00a1Desc\u00fabrelo ahora con nuestro divertido test!\" \/>\n<meta name=\"robots\" content=\"index, follow, max-snippet:-1, max-image-preview:large, max-video-preview:-1\" \/>\n<link rel=\"canonical\" href=\"https:\/\/agradocosmetic.com\/it\/dime-como-eres-y-te-dire-cual-es-tu-gel-de-bano\/\" \/>\n<meta property=\"og:locale\" content=\"it_IT\" \/>\n<meta property=\"og:type\" content=\"article\" \/>\n<meta property=\"og:title\" content=\"Dime c\u00f3mo eres y te dir\u00e9 cu\u00e1l es tu gel de ba\u00f1o - Agrado Cosmetic\" \/>\n<meta property=\"og:description\" content=\"\u00bfQuieres saber cu\u00e1l es el gel de ba\u00f1o perfecto para ti y tu piel? \u00a1Desc\u00fabrelo ahora con nuestro divertido test!\" \/>\n<meta property=\"og:url\" content=\"https:\/\/agradocosmetic.com\/it\/dime-como-eres-y-te-dire-cual-es-tu-gel-de-bano\/\" \/>\n<meta property=\"og:site_name\" content=\"Agrado\" \/>\n<meta property=\"article:published_time\" content=\"2022-01-12T08:20:29+00:00\" \/>\n<meta property=\"article:modified_time\" content=\"2023-11-18T16:58:51+00:00\" \/>\n<meta property=\"og:image\" content=\"https:\/\/agradocosmetic.com\/wp-content\/uploads\/2022\/01\/gel-de-bano-agrado.jpg\" \/>\n\t<meta property=\"og:image:width\" content=\"1200\" \/>\n\t<meta property=\"og:image:height\" content=\"800\" \/>\n\t<meta property=\"og:image:type\" content=\"image\/jpeg\" \/>\n<meta name=\"author\" content=\"agradocosmetic\" \/>\n<meta name=\"twitter:card\" content=\"summary_large_image\" \/>\n<meta name=\"twitter:label1\" content=\"Scritto da\" \/>\n\t<meta name=\"twitter:data1\" content=\"agradocosmetic\" \/>\n\t<meta name=\"twitter:label2\" content=\"Tempo di lettura stimato\" \/>\n\t<meta name=\"twitter:data2\" content=\"3 minuti\" \/>\n<script type=\"application\/ld+json\" class=\"yoast-schema-graph\">{\"@context\":\"https:\\\/\\\/schema.org\",\"@graph\":[{\"@type\":\"Article\",\"@id\":\"https:\\\/\\\/agradocosmetic.com\\\/fr\\\/dime-como-eres-y-te-dire-cual-es-tu-gel-de-bano\\\/#article\",\"isPartOf\":{\"@id\":\"https:\\\/\\\/agradocosmetic.com\\\/fr\\\/dime-como-eres-y-te-dire-cual-es-tu-gel-de-bano\\\/\"},\"author\":{\"name\":\"agradocosmetic\",\"@id\":\"https:\\\/\\\/agradocosmetic.com\\\/#\\\/schema\\\/person\\\/732e8d396022e25f9340196f83d6789d\"},\"headline\":\"Dime c\u00f3mo eres y te dir\u00e9 cu\u00e1l es tu gel de ba\u00f1o\",\"datePublished\":\"2022-01-12T08:20:29+00:00\",\"dateModified\":\"2023-11-18T16:58:51+00:00\",\"mainEntityOfPage\":{\"@id\":\"https:\\\/\\\/agradocosmetic.com\\\/fr\\\/dime-como-eres-y-te-dire-cual-es-tu-gel-de-bano\\\/\"},\"wordCount\":589,\"commentCount\":0,\"publisher\":{\"@id\":\"https:\\\/\\\/agradocosmetic.com\\\/#organization\"},\"image\":{\"@id\":\"https:\\\/\\\/agradocosmetic.com\\\/fr\\\/dime-como-eres-y-te-dire-cual-es-tu-gel-de-bano\\\/#primaryimage\"},\"thumbnailUrl\":\"https:\\\/\\\/agradocosmetic.com\\\/wp-content\\\/uploads\\\/2022\\\/01\\\/gel-de-bano-agrado.jpg\",\"keywords\":[\"agrado\",\"cuidado corporal\",\"cuidado de la piel\",\"gel de ba\u00f1o\",\"gel de ducha\",\"gel para pieles at\u00f3picas\",\"gel para pieles sensibles\",\"hidrataci\u00f3n\"],\"articleSection\":[\"Corporal\",\"Higiene\",\"Todos\"],\"inLanguage\":\"it-IT\",\"potentialAction\":[{\"@type\":\"CommentAction\",\"name\":\"Comment\",\"target\":[\"https:\\\/\\\/agradocosmetic.com\\\/fr\\\/dime-como-eres-y-te-dire-cual-es-tu-gel-de-bano\\\/#respond\"]}]},{\"@type\":\"WebPage\",\"@id\":\"https:\\\/\\\/agradocosmetic.com\\\/fr\\\/dime-como-eres-y-te-dire-cual-es-tu-gel-de-bano\\\/\",\"url\":\"https:\\\/\\\/agradocosmetic.com\\\/fr\\\/dime-como-eres-y-te-dire-cual-es-tu-gel-de-bano\\\/\",\"name\":\"Dime c\u00f3mo eres y te dir\u00e9 cu\u00e1l es tu gel de ba\u00f1o - Agrado Cosmetic\",\"isPartOf\":{\"@id\":\"https:\\\/\\\/agradocosmetic.com\\\/#website\"},\"primaryImageOfPage\":{\"@id\":\"https:\\\/\\\/agradocosmetic.com\\\/fr\\\/dime-como-eres-y-te-dire-cual-es-tu-gel-de-bano\\\/#primaryimage\"},\"image\":{\"@id\":\"https:\\\/\\\/agradocosmetic.com\\\/fr\\\/dime-como-eres-y-te-dire-cual-es-tu-gel-de-bano\\\/#primaryimage\"},\"thumbnailUrl\":\"https:\\\/\\\/agradocosmetic.com\\\/wp-content\\\/uploads\\\/2022\\\/01\\\/gel-de-bano-agrado.jpg\",\"datePublished\":\"2022-01-12T08:20:29+00:00\",\"dateModified\":\"2023-11-18T16:58:51+00:00\",\"description\":\"\u00bfQuieres saber cu\u00e1l es el gel de ba\u00f1o perfecto para ti y tu piel? \u00a1Desc\u00fabrelo ahora con nuestro divertido test!\",\"breadcrumb\":{\"@id\":\"https:\\\/\\\/agradocosmetic.com\\\/fr\\\/dime-como-eres-y-te-dire-cual-es-tu-gel-de-bano\\\/#breadcrumb\"},\"inLanguage\":\"it-IT\",\"potentialAction\":[{\"@type\":\"ReadAction\",\"target\":[\"https:\\\/\\\/agradocosmetic.com\\\/fr\\\/dime-como-eres-y-te-dire-cual-es-tu-gel-de-bano\\\/\"]}]},{\"@type\":\"ImageObject\",\"inLanguage\":\"it-IT\",\"@id\":\"https:\\\/\\\/agradocosmetic.com\\\/fr\\\/dime-como-eres-y-te-dire-cual-es-tu-gel-de-bano\\\/#primaryimage\",\"url\":\"https:\\\/\\\/agradocosmetic.com\\\/wp-content\\\/uploads\\\/2022\\\/01\\\/gel-de-bano-agrado.jpg\",\"contentUrl\":\"https:\\\/\\\/agradocosmetic.com\\\/wp-content\\\/uploads\\\/2022\\\/01\\\/gel-de-bano-agrado.jpg\",\"width\":1200,\"height\":800},{\"@type\":\"BreadcrumbList\",\"@id\":\"https:\\\/\\\/agradocosmetic.com\\\/fr\\\/dime-como-eres-y-te-dire-cual-es-tu-gel-de-bano\\\/#breadcrumb\",\"itemListElement\":[{\"@type\":\"ListItem\",\"position\":1,\"name\":\"Portada\",\"item\":\"https:\\\/\\\/agradocosmetic.com\\\/\"},{\"@type\":\"ListItem\",\"position\":2,\"name\":\"Dime c\u00f3mo eres y te dir\u00e9 cu\u00e1l es tu gel de ba\u00f1o\"}]},{\"@type\":\"WebSite\",\"@id\":\"https:\\\/\\\/agradocosmetic.com\\\/#website\",\"url\":\"https:\\\/\\\/agradocosmetic.com\\\/\",\"name\":\"Agrado\",\"description\":\"Cosmetic\",\"publisher\":{\"@id\":\"https:\\\/\\\/agradocosmetic.com\\\/#organization\"},\"potentialAction\":[{\"@type\":\"SearchAction\",\"target\":{\"@type\":\"EntryPoint\",\"urlTemplate\":\"https:\\\/\\\/agradocosmetic.com\\\/?s={search_term_string}\"},\"query-input\":{\"@type\":\"PropertyValueSpecification\",\"valueRequired\":true,\"valueName\":\"search_term_string\"}}],\"inLanguage\":\"it-IT\"},{\"@type\":\"Organization\",\"@id\":\"https:\\\/\\\/agradocosmetic.com\\\/#organization\",\"name\":\"Agrado\",\"url\":\"https:\\\/\\\/agradocosmetic.com\\\/\",\"logo\":{\"@type\":\"ImageObject\",\"inLanguage\":\"it-IT\",\"@id\":\"https:\\\/\\\/agradocosmetic.com\\\/#\\\/schema\\\/logo\\\/image\\\/\",\"url\":\"https:\\\/\\\/agradocosmetic.com\\\/wp-content\\\/uploads\\\/2023\\\/07\\\/LOGO-AGRADO-WEB-01.png\",\"contentUrl\":\"https:\\\/\\\/agradocosmetic.com\\\/wp-content\\\/uploads\\\/2023\\\/07\\\/LOGO-AGRADO-WEB-01.png\",\"width\":1632,\"height\":300,\"caption\":\"Agrado\"},\"image\":{\"@id\":\"https:\\\/\\\/agradocosmetic.com\\\/#\\\/schema\\\/logo\\\/image\\\/\"}},{\"@type\":\"Person\",\"@id\":\"https:\\\/\\\/agradocosmetic.com\\\/#\\\/schema\\\/person\\\/732e8d396022e25f9340196f83d6789d\",\"name\":\"agradocosmetic\",\"image\":{\"@type\":\"ImageObject\",\"inLanguage\":\"it-IT\",\"@id\":\"https:\\\/\\\/secure.gravatar.com\\\/avatar\\\/c6003e45301182b7e125463fcbec403b1980909c12edf09098526b9a15e779c0?s=96&d=mm&r=g\",\"url\":\"https:\\\/\\\/secure.gravatar.com\\\/avatar\\\/c6003e45301182b7e125463fcbec403b1980909c12edf09098526b9a15e779c0?s=96&d=mm&r=g\",\"contentUrl\":\"https:\\\/\\\/secure.gravatar.com\\\/avatar\\\/c6003e45301182b7e125463fcbec403b1980909c12edf09098526b9a15e779c0?s=96&d=mm&r=g\",\"caption\":\"agradocosmetic\"}}]}<\/script>\n<!-- \/ Yoast SEO plugin. -->","yoast_head_json":{"title":"Dime c\u00f3mo eres y te dir\u00e9 cu\u00e1l es tu gel de ba\u00f1o - Agrado Cosmetic","description":"\u00bfQuieres saber cu\u00e1l es el gel de ba\u00f1o perfecto para ti y tu piel? \u00a1Desc\u00fabrelo ahora con nuestro divertido test!","robots":{"index":"index","follow":"follow","max-snippet":"max-snippet:-1","max-image-preview":"max-image-preview:large","max-video-preview":"max-video-preview:-1"},"canonical":"https:\/\/agradocosmetic.com\/it\/dime-como-eres-y-te-dire-cual-es-tu-gel-de-bano\/","og_locale":"it_IT","og_type":"article","og_title":"Dime c\u00f3mo eres y te dir\u00e9 cu\u00e1l es tu gel de ba\u00f1o - Agrado Cosmetic","og_description":"\u00bfQuieres saber cu\u00e1l es el gel de ba\u00f1o perfecto para ti y tu piel? \u00a1Desc\u00fabrelo ahora con nuestro divertido test!","og_url":"https:\/\/agradocosmetic.com\/it\/dime-como-eres-y-te-dire-cual-es-tu-gel-de-bano\/","og_site_name":"Agrado","article_published_time":"2022-01-12T08:20:29+00:00","article_modified_time":"2023-11-18T16:58:51+00:00","og_image":[{"width":1200,"height":800,"url":"https:\/\/agradocosmetic.com\/wp-content\/uploads\/2022\/01\/gel-de-bano-agrado.jpg","type":"image\/jpeg"}],"author":"agradocosmetic","twitter_card":"summary_large_image","twitter_misc":{"Scritto da":"agradocosmetic","Tempo di lettura stimato":"3 minuti"},"schema":{"@context":"https:\/\/schema.org","@graph":[{"@type":"Article","@id":"https:\/\/agradocosmetic.com\/fr\/dime-como-eres-y-te-dire-cual-es-tu-gel-de-bano\/#article","isPartOf":{"@id":"https:\/\/agradocosmetic.com\/fr\/dime-como-eres-y-te-dire-cual-es-tu-gel-de-bano\/"},"author":{"name":"agradocosmetic","@id":"https:\/\/agradocosmetic.com\/#\/schema\/person\/732e8d396022e25f9340196f83d6789d"},"headline":"Dime c\u00f3mo eres y te dir\u00e9 cu\u00e1l es tu gel de ba\u00f1o","datePublished":"2022-01-12T08:20:29+00:00","dateModified":"2023-11-18T16:58:51+00:00","mainEntityOfPage":{"@id":"https:\/\/agradocosmetic.com\/fr\/dime-como-eres-y-te-dire-cual-es-tu-gel-de-bano\/"},"wordCount":589,"commentCount":0,"publisher":{"@id":"https:\/\/agradocosmetic.com\/#organization"},"image":{"@id":"https:\/\/agradocosmetic.com\/fr\/dime-como-eres-y-te-dire-cual-es-tu-gel-de-bano\/#primaryimage"},"thumbnailUrl":"https:\/\/agradocosmetic.com\/wp-content\/uploads\/2022\/01\/gel-de-bano-agrado.jpg","keywords":["agrado","cuidado corporal","cuidado de la piel","gel de ba\u00f1o","gel de ducha","gel para pieles at\u00f3picas","gel para pieles sensibles","hidrataci\u00f3n"],"articleSection":["Corporal","Higiene","Todos"],"inLanguage":"it-IT","potentialAction":[{"@type":"CommentAction","name":"Comment","target":["https:\/\/agradocosmetic.com\/fr\/dime-como-eres-y-te-dire-cual-es-tu-gel-de-bano\/#respond"]}]},{"@type":"WebPage","@id":"https:\/\/agradocosmetic.com\/fr\/dime-como-eres-y-te-dire-cual-es-tu-gel-de-bano\/","url":"https:\/\/agradocosmetic.com\/fr\/dime-como-eres-y-te-dire-cual-es-tu-gel-de-bano\/","name":"Dime c\u00f3mo eres y te dir\u00e9 cu\u00e1l es tu gel de ba\u00f1o - Agrado Cosmetic","isPartOf":{"@id":"https:\/\/agradocosmetic.com\/#website"},"primaryImageOfPage":{"@id":"https:\/\/agradocosmetic.com\/fr\/dime-como-eres-y-te-dire-cual-es-tu-gel-de-bano\/#primaryimage"},"image":{"@id":"https:\/\/agradocosmetic.com\/fr\/dime-como-eres-y-te-dire-cual-es-tu-gel-de-bano\/#primaryimage"},"thumbnailUrl":"https:\/\/agradocosmetic.com\/wp-content\/uploads\/2022\/01\/gel-de-bano-agrado.jpg","datePublished":"2022-01-12T08:20:29+00:00","dateModified":"2023-11-18T16:58:51+00:00","description":"\u00bfQuieres saber cu\u00e1l es el gel de ba\u00f1o perfecto para ti y tu piel? \u00a1Desc\u00fabrelo ahora con nuestro divertido test!","breadcrumb":{"@id":"https:\/\/agradocosmetic.com\/fr\/dime-como-eres-y-te-dire-cual-es-tu-gel-de-bano\/#breadcrumb"},"inLanguage":"it-IT","potentialAction":[{"@type":"ReadAction","target":["https:\/\/agradocosmetic.com\/fr\/dime-como-eres-y-te-dire-cual-es-tu-gel-de-bano\/"]}]},{"@type":"ImageObject","inLanguage":"it-IT","@id":"https:\/\/agradocosmetic.com\/fr\/dime-como-eres-y-te-dire-cual-es-tu-gel-de-bano\/#primaryimage","url":"https:\/\/agradocosmetic.com\/wp-content\/uploads\/2022\/01\/gel-de-bano-agrado.jpg","contentUrl":"https:\/\/agradocosmetic.com\/wp-content\/uploads\/2022\/01\/gel-de-bano-agrado.jpg","width":1200,"height":800},{"@type":"BreadcrumbList","@id":"https:\/\/agradocosmetic.com\/fr\/dime-como-eres-y-te-dire-cual-es-tu-gel-de-bano\/#breadcrumb","itemListElement":[{"@type":"ListItem","position":1,"name":"Portada","item":"https:\/\/agradocosmetic.com\/"},{"@type":"ListItem","position":2,"name":"Dime c\u00f3mo eres y te dir\u00e9 cu\u00e1l es tu gel de ba\u00f1o"}]},{"@type":"WebSite","@id":"https:\/\/agradocosmetic.com\/#website","url":"https:\/\/agradocosmetic.com\/","name":"Mi piace","description":"cosmetico","publisher":{"@id":"https:\/\/agradocosmetic.com\/#organization"},"potentialAction":[{"@type":"SearchAction","target":{"@type":"EntryPoint","urlTemplate":"https:\/\/agradocosmetic.com\/?s={search_term_string}"},"query-input":{"@type":"PropertyValueSpecification","valueRequired":true,"valueName":"search_term_string"}}],"inLanguage":"it-IT"},{"@type":"Organization","@id":"https:\/\/agradocosmetic.com\/#organization","name":"Mi piace","url":"https:\/\/agradocosmetic.com\/","logo":{"@type":"ImageObject","inLanguage":"it-IT","@id":"https:\/\/agradocosmetic.com\/#\/schema\/logo\/image\/","url":"https:\/\/agradocosmetic.com\/wp-content\/uploads\/2023\/07\/LOGO-AGRADO-WEB-01.png","contentUrl":"https:\/\/agradocosmetic.com\/wp-content\/uploads\/2023\/07\/LOGO-AGRADO-WEB-01.png","width":1632,"height":300,"caption":"Agrado"},"image":{"@id":"https:\/\/agradocosmetic.com\/#\/schema\/logo\/image\/"}},{"@type":"Person","@id":"https:\/\/agradocosmetic.com\/#\/schema\/person\/732e8d396022e25f9340196f83d6789d","name":"agradocosmetico","image":{"@type":"ImageObject","inLanguage":"it-IT","@id":"https:\/\/secure.gravatar.com\/avatar\/c6003e45301182b7e125463fcbec403b1980909c12edf09098526b9a15e779c0?s=96&d=mm&r=g","url":"https:\/\/secure.gravatar.com\/avatar\/c6003e45301182b7e125463fcbec403b1980909c12edf09098526b9a15e779c0?s=96&d=mm&r=g","contentUrl":"https:\/\/secure.gravatar.com\/avatar\/c6003e45301182b7e125463fcbec403b1980909c12edf09098526b9a15e779c0?s=96&d=mm&r=g","caption":"agradocosmetic"}}]}},"_links":{"self":[{"href":"https:\/\/agradocosmetic.com\/it\/wp-json\/wp\/v2\/posts\/19289","targetHints":{"allow":["GET"]}}],"collection":[{"href":"https:\/\/agradocosmetic.com\/it\/wp-json\/wp\/v2\/posts"}],"about":[{"href":"https:\/\/agradocosmetic.com\/it\/wp-json\/wp\/v2\/types\/post"}],"author":[{"embeddable":true,"href":"https:\/\/agradocosmetic.com\/it\/wp-json\/wp\/v2\/users\/9"}],"replies":[{"embeddable":true,"href":"https:\/\/agradocosmetic.com\/it\/wp-json\/wp\/v2\/comments?post=19289"}],"version-history":[{"count":1,"href":"https:\/\/agradocosmetic.com\/it\/wp-json\/wp\/v2\/posts\/19289\/revisions"}],"predecessor-version":[{"id":21297,"href":"https:\/\/agradocosmetic.com\/it\/wp-json\/wp\/v2\/posts\/19289\/revisions\/21297"}],"wp:featuredmedia":[{"embeddable":true,"href":"https:\/\/agradocosmetic.com\/it\/wp-json\/wp\/v2\/media\/21296"}],"wp:attachment":[{"href":"https:\/\/agradocosmetic.com\/it\/wp-json\/wp\/v2\/media?parent=19289"}],"wp:term":[{"taxonomy":"category","embeddable":true,"href":"https:\/\/agradocosmetic.com\/it\/wp-json\/wp\/v2\/categories?post=19289"},{"taxonomy":"post_tag","embeddable":true,"href":"https:\/\/agradocosmetic.com\/it\/wp-json\/wp\/v2\/tags?post=19289"}],"curies":[{"name":"parola chiave","href":"https:\/\/api.w.org\/{rel}","templated":true}]}}