{"id":19368,"date":"2022-02-08T10:09:59","date_gmt":"2022-02-08T09:09:59","guid":{"rendered":"https:\/\/www.agradocosmetic.com\/?p=19368"},"modified":"2023-11-18T16:58:51","modified_gmt":"2023-11-18T16:58:51","slug":"lavado-de-pelo-inverso-todo-lo-que-debes-saber","status":"publish","type":"post","link":"https:\/\/agradocosmetic.com\/it\/lavado-de-pelo-inverso-todo-lo-que-debes-saber\/","title":{"rendered":"Lavaggio dei capelli al contrario, tutto quello che devi sapere"},"content":{"rendered":"<p>Vuoi capelli sani, belli e voluminosi? Allora dimenticati di lavarti i capelli come hai sempre fatto! Il lavaggio tradizionale viene lasciato alle spalle per accogliere il <strong>Lavaggio dei capelli al contrario, la nuova tecnica di cui tutti parlano<\/strong>. Se anche tu vuoi sfoggiare capelli spettacolari in questa stagione, prendi nota dei nostri consigli. Ti diciamo tutto quello che devi sapere su questa innovativa routine per i capelli.\u00a0<\/p>\r\n\r\n\r\n\r\n<p>Si \u00e8 sempre detto che per avere capelli belli e sani \u00e8 fondamentale lavarli utilizzando i prodotti in un ordine preciso: prima lo shampoo e poi il balsamo. Con questa tecnica, il cuoio capelluto dovrebbe essere pulito e privo di impurit\u00e0, rimanendo in perfette condizioni. Tuttavia, non \u00e8 sempre cos\u00ec...\u00a0<\/p>\r\n\r\n\r\n\r\n<p>Quando laviamo i capelli normalmente diamo loro una rapida insaponatura seguita da un risciacquo generalmente leggero. Inoltre, aggiungiamo prodotti per lisciare, districare, texturizzare, aggiungere lucentezza... Un intero festival di cosmetici per capelli che modifica l&#039;aspetto dei nostri capelli, lasciandoli unti e senza volume.\u00a0<\/p>\r\n\r\n\r\n\r\n<p>Se anche tu ti senti identificata, forse \u00e8 arrivato il momento di dare una svolta a 360 gradi alla tua hair routine. Stiamo parlando del lavaggio inverso dei capelli. <strong>Questa nuova tecnica consiste nell&#039;invertire l&#039;ordine di utilizzo dei prodotti <\/strong>per ottenere un cuoio capelluto pi\u00f9 pulito, privo di grasso e residui. Sii molto attento ai passaggi da seguire!\u00a0<\/p>\r\n\r\n\r\n\r\n<ol class=\"wp-block-list\">\r\n<li><strong>Innanzitutto il balsamo<\/strong><\/li>\r\n<\/ol>\r\n\r\n\r\n\r\n<p>S\u00ec, s\u00ec, mentre lo leggi. Con i capelli umidi, applica prima il balsamo dalle medie lunghezze alle punte e lascialo agire per qualche minuto in modo che le cuticole assorbano i principi attivi idratanti. Gli esperti consigliano di utilizzare prodotti privi di silicone e con componenti naturali, come <strong><a href=\"https:\/\/agradocosmetic.com\/it\/?s=acondicionador+botanicos\" target=\"_blank\" rel=\"noreferrer noopener\">Balsami botanici della linea Agrado Nature<\/a><\/strong>, realizzato con 98% di ingredienti di origine naturale, che donano ai tuoi capelli la forza, il vigore e la lucentezza di cui hanno bisogno.\u00a0<\/p>\r\n\r\n\r\n\r\n<ol class=\"wp-block-list\" start=\"2\">\r\n<li><strong>Applica lo shampoo<\/strong><\/li>\r\n<\/ol>\r\n\r\n\r\n\r\n<p>Una volta risciacquato il balsamo, applicare lo shampoo sulle radici e massaggiare bene per rimuovere ogni traccia. Successivamente risciacquate e ripetete l&#039;operazione ancora una volta se lo ritenete necessario. In questo modo ci assicuriamo di eliminare tutto lo sporco e le impurit\u00e0, ottenendo capelli puliti pi\u00f9 a lungo oltre a pi\u00f9 volume e idratazione.\u00a0<\/p>\r\n\r\n\r\n\r\n<p>Per ottenere un risultato migliore, ti consigliamo di utilizzare uno shampoo specifico per il tuo tipo di capelli: secchi, grassi, fini, colorati... Cos\u00ec, oltre alla pulizia profonda, coccolerai il tuo cuoio capelluto secondo le sue esigenze. Ad esempio, se i tuoi capelli sono solitamente crespi, puoi optare per il<a href=\"https:\/\/agradocosmetic.com\/it\/producto\/champu-professional-keratina-2\/\" target=\"_blank\" rel=\"noreferrer noopener\"> <strong>Shampoo alla cheratina Agrado<\/strong><\/a>, formulato per ottenere il massimo da questo principio attivo e ottenere ogni giorno capelli perfetti.\u00a0<\/p>\r\n\r\n\r\n\r\n<ol class=\"wp-block-list\" start=\"3\">\r\n<li><strong>Il tocco finale: il siero\u00a0<\/strong><\/li>\r\n<\/ol>\r\n\r\n\r\n\r\n<p>Infine, per aggiungere una dose extra di lucentezza, puoi utilizzare un siero dopo il lavaggio. IL <strong><a href=\"https:\/\/agradocosmetic.com\/it\/producto\/serum-pro-nutricion-botanicos\/\" target=\"_blank\" rel=\"noreferrer noopener\">Sieri botanici della gamma Agrado Nature<\/a><\/strong>, formulati con un 95% di ingredienti naturali, agiscono come un bagno ristoratore per i tuoi capelli, lasciandoli morbidi e setosi. Il tocco finale per avere capelli fantastici!<\/p>\r\n\r\n\r\n\r\n<p>\u00c8 cos\u00ec facile e semplice ottenere capelli pi\u00f9 leggeri, morbidi e voluminosi. Effettua il lavaggio inverso dei capelli nella tua nuova routine per capelli e <strong>metti in mostra i tuoi capelli con AGRADO COSMETIC<\/strong>!<\/p>","protected":false},"excerpt":{"rendered":"<p>\u00bfQuieres una melena sana, bonita y con volumen? \u00a1Entonces olv\u00eddate de lavarte el pelo como lo has hecho siempre! El lavado tradicional se queda atr\u00e1s para dar la bienvenida al lavado de pelo inverso, la nueva t\u00e9cnica de la que todo el mundo habla. Si t\u00fa tambi\u00e9n quieres lucir una melena espectacular esta temporada, toma [&hellip;]<\/p>\n","protected":false},"author":9,"featured_media":21294,"comment_status":"open","ping_status":"closed","sticky":false,"template":"","format":"standard","meta":{"footnotes":"","_wp_rev_ctl_limit":""},"categories":[128,1],"tags":[245,129,356,379,380],"class_list":["post-19368","post","type-post","status-publish","format-standard","has-post-thumbnail","hentry","category-capilar","category-todos","tag-cabello","tag-capilar","tag-cuidado-del-pelo","tag-lavado-de-pelo","tag-rutina-capilar"],"yoast_head":"<!-- This site is optimized with the Yoast SEO plugin v27.4 - https:\/\/yoast.com\/product\/yoast-seo-wordpress\/ -->\n<title>Lavado de pelo inverso, todo lo que debes saber - Agrado<\/title>\n<meta name=\"description\" content=\"\u00bfConoces el lavado de pelo inverso? Descubre todo lo que debes saber sobre esta innovadora t\u00e9cnica de la que todo el mundo habla.\" \/>\n<meta name=\"robots\" content=\"index, follow, max-snippet:-1, max-image-preview:large, max-video-preview:-1\" \/>\n<link rel=\"canonical\" href=\"https:\/\/agradocosmetic.com\/it\/lavado-de-pelo-inverso-todo-lo-que-debes-saber\/\" \/>\n<meta property=\"og:locale\" content=\"it_IT\" \/>\n<meta property=\"og:type\" content=\"article\" \/>\n<meta property=\"og:title\" content=\"Lavado de pelo inverso, todo lo que debes saber - Agrado\" \/>\n<meta property=\"og:description\" content=\"\u00bfConoces el lavado de pelo inverso? Descubre todo lo que debes saber sobre esta innovadora t\u00e9cnica de la que todo el mundo habla.\" \/>\n<meta property=\"og:url\" content=\"https:\/\/agradocosmetic.com\/it\/lavado-de-pelo-inverso-todo-lo-que-debes-saber\/\" \/>\n<meta property=\"og:site_name\" content=\"Agrado\" \/>\n<meta property=\"article:published_time\" content=\"2022-02-08T09:09:59+00:00\" \/>\n<meta property=\"article:modified_time\" content=\"2023-11-18T16:58:51+00:00\" \/>\n<meta property=\"og:image\" content=\"https:\/\/agradocosmetic.com\/wp-content\/uploads\/2022\/02\/lavado-de-pelo-inverso-agrado.jpg\" \/>\n\t<meta property=\"og:image:width\" content=\"1200\" \/>\n\t<meta property=\"og:image:height\" content=\"800\" \/>\n\t<meta property=\"og:image:type\" content=\"image\/jpeg\" \/>\n<meta name=\"author\" content=\"agradocosmetic\" \/>\n<meta name=\"twitter:card\" content=\"summary_large_image\" \/>\n<meta name=\"twitter:label1\" content=\"Scritto da\" \/>\n\t<meta name=\"twitter:data1\" content=\"agradocosmetic\" \/>\n\t<meta name=\"twitter:label2\" content=\"Tempo di lettura stimato\" \/>\n\t<meta name=\"twitter:data2\" content=\"3 minuti\" \/>\n<script type=\"application\/ld+json\" class=\"yoast-schema-graph\">{\"@context\":\"https:\\\/\\\/schema.org\",\"@graph\":[{\"@type\":\"Article\",\"@id\":\"https:\\\/\\\/agradocosmetic.com\\\/lavado-de-pelo-inverso-todo-lo-que-debes-saber\\\/#article\",\"isPartOf\":{\"@id\":\"https:\\\/\\\/agradocosmetic.com\\\/lavado-de-pelo-inverso-todo-lo-que-debes-saber\\\/\"},\"author\":{\"name\":\"agradocosmetic\",\"@id\":\"https:\\\/\\\/agradocosmetic.com\\\/#\\\/schema\\\/person\\\/732e8d396022e25f9340196f83d6789d\"},\"headline\":\"Lavado de pelo inverso, todo lo que debes saber\",\"datePublished\":\"2022-02-08T09:09:59+00:00\",\"dateModified\":\"2023-11-18T16:58:51+00:00\",\"mainEntityOfPage\":{\"@id\":\"https:\\\/\\\/agradocosmetic.com\\\/lavado-de-pelo-inverso-todo-lo-que-debes-saber\\\/\"},\"wordCount\":580,\"commentCount\":0,\"publisher\":{\"@id\":\"https:\\\/\\\/agradocosmetic.com\\\/#organization\"},\"image\":{\"@id\":\"https:\\\/\\\/agradocosmetic.com\\\/lavado-de-pelo-inverso-todo-lo-que-debes-saber\\\/#primaryimage\"},\"thumbnailUrl\":\"https:\\\/\\\/agradocosmetic.com\\\/wp-content\\\/uploads\\\/2022\\\/02\\\/lavado-de-pelo-inverso-agrado.jpg\",\"keywords\":[\"cabello\",\"capilar\",\"cuidado del pelo\",\"lavado de pelo\",\"rutina capilar\"],\"articleSection\":[\"Capilar\",\"Todos\"],\"inLanguage\":\"it-IT\",\"potentialAction\":[{\"@type\":\"CommentAction\",\"name\":\"Comment\",\"target\":[\"https:\\\/\\\/agradocosmetic.com\\\/lavado-de-pelo-inverso-todo-lo-que-debes-saber\\\/#respond\"]}]},{\"@type\":\"WebPage\",\"@id\":\"https:\\\/\\\/agradocosmetic.com\\\/lavado-de-pelo-inverso-todo-lo-que-debes-saber\\\/\",\"url\":\"https:\\\/\\\/agradocosmetic.com\\\/lavado-de-pelo-inverso-todo-lo-que-debes-saber\\\/\",\"name\":\"Lavado de pelo inverso, todo lo que debes saber - Agrado\",\"isPartOf\":{\"@id\":\"https:\\\/\\\/agradocosmetic.com\\\/#website\"},\"primaryImageOfPage\":{\"@id\":\"https:\\\/\\\/agradocosmetic.com\\\/lavado-de-pelo-inverso-todo-lo-que-debes-saber\\\/#primaryimage\"},\"image\":{\"@id\":\"https:\\\/\\\/agradocosmetic.com\\\/lavado-de-pelo-inverso-todo-lo-que-debes-saber\\\/#primaryimage\"},\"thumbnailUrl\":\"https:\\\/\\\/agradocosmetic.com\\\/wp-content\\\/uploads\\\/2022\\\/02\\\/lavado-de-pelo-inverso-agrado.jpg\",\"datePublished\":\"2022-02-08T09:09:59+00:00\",\"dateModified\":\"2023-11-18T16:58:51+00:00\",\"description\":\"\u00bfConoces el lavado de pelo inverso? Descubre todo lo que debes saber sobre esta innovadora t\u00e9cnica de la que todo el mundo habla.\",\"breadcrumb\":{\"@id\":\"https:\\\/\\\/agradocosmetic.com\\\/lavado-de-pelo-inverso-todo-lo-que-debes-saber\\\/#breadcrumb\"},\"inLanguage\":\"it-IT\",\"potentialAction\":[{\"@type\":\"ReadAction\",\"target\":[\"https:\\\/\\\/agradocosmetic.com\\\/lavado-de-pelo-inverso-todo-lo-que-debes-saber\\\/\"]}]},{\"@type\":\"ImageObject\",\"inLanguage\":\"it-IT\",\"@id\":\"https:\\\/\\\/agradocosmetic.com\\\/lavado-de-pelo-inverso-todo-lo-que-debes-saber\\\/#primaryimage\",\"url\":\"https:\\\/\\\/agradocosmetic.com\\\/wp-content\\\/uploads\\\/2022\\\/02\\\/lavado-de-pelo-inverso-agrado.jpg\",\"contentUrl\":\"https:\\\/\\\/agradocosmetic.com\\\/wp-content\\\/uploads\\\/2022\\\/02\\\/lavado-de-pelo-inverso-agrado.jpg\",\"width\":1200,\"height\":800},{\"@type\":\"BreadcrumbList\",\"@id\":\"https:\\\/\\\/agradocosmetic.com\\\/lavado-de-pelo-inverso-todo-lo-que-debes-saber\\\/#breadcrumb\",\"itemListElement\":[{\"@type\":\"ListItem\",\"position\":1,\"name\":\"Portada\",\"item\":\"https:\\\/\\\/agradocosmetic.com\\\/\"},{\"@type\":\"ListItem\",\"position\":2,\"name\":\"Lavado de pelo inverso, todo lo que debes saber\"}]},{\"@type\":\"WebSite\",\"@id\":\"https:\\\/\\\/agradocosmetic.com\\\/#website\",\"url\":\"https:\\\/\\\/agradocosmetic.com\\\/\",\"name\":\"Agrado\",\"description\":\"Cosmetic\",\"publisher\":{\"@id\":\"https:\\\/\\\/agradocosmetic.com\\\/#organization\"},\"potentialAction\":[{\"@type\":\"SearchAction\",\"target\":{\"@type\":\"EntryPoint\",\"urlTemplate\":\"https:\\\/\\\/agradocosmetic.com\\\/?s={search_term_string}\"},\"query-input\":{\"@type\":\"PropertyValueSpecification\",\"valueRequired\":true,\"valueName\":\"search_term_string\"}}],\"inLanguage\":\"it-IT\"},{\"@type\":\"Organization\",\"@id\":\"https:\\\/\\\/agradocosmetic.com\\\/#organization\",\"name\":\"Agrado\",\"url\":\"https:\\\/\\\/agradocosmetic.com\\\/\",\"logo\":{\"@type\":\"ImageObject\",\"inLanguage\":\"it-IT\",\"@id\":\"https:\\\/\\\/agradocosmetic.com\\\/#\\\/schema\\\/logo\\\/image\\\/\",\"url\":\"https:\\\/\\\/agradocosmetic.com\\\/wp-content\\\/uploads\\\/2023\\\/07\\\/LOGO-AGRADO-WEB-01.png\",\"contentUrl\":\"https:\\\/\\\/agradocosmetic.com\\\/wp-content\\\/uploads\\\/2023\\\/07\\\/LOGO-AGRADO-WEB-01.png\",\"width\":1632,\"height\":300,\"caption\":\"Agrado\"},\"image\":{\"@id\":\"https:\\\/\\\/agradocosmetic.com\\\/#\\\/schema\\\/logo\\\/image\\\/\"}},{\"@type\":\"Person\",\"@id\":\"https:\\\/\\\/agradocosmetic.com\\\/#\\\/schema\\\/person\\\/732e8d396022e25f9340196f83d6789d\",\"name\":\"agradocosmetic\",\"image\":{\"@type\":\"ImageObject\",\"inLanguage\":\"it-IT\",\"@id\":\"https:\\\/\\\/secure.gravatar.com\\\/avatar\\\/c6003e45301182b7e125463fcbec403b1980909c12edf09098526b9a15e779c0?s=96&d=mm&r=g\",\"url\":\"https:\\\/\\\/secure.gravatar.com\\\/avatar\\\/c6003e45301182b7e125463fcbec403b1980909c12edf09098526b9a15e779c0?s=96&d=mm&r=g\",\"contentUrl\":\"https:\\\/\\\/secure.gravatar.com\\\/avatar\\\/c6003e45301182b7e125463fcbec403b1980909c12edf09098526b9a15e779c0?s=96&d=mm&r=g\",\"caption\":\"agradocosmetic\"}}]}<\/script>\n<!-- \/ Yoast SEO plugin. -->","yoast_head_json":{"title":"Lavado de pelo inverso, todo lo que debes saber - Agrado","description":"Hai mai sentito parlare del lavaggio inverso dei capelli? Scopri tutto quello che c&#039;\u00e8 da sapere su questa tecnica innovativa di cui tutti parlano.","robots":{"index":"index","follow":"follow","max-snippet":"max-snippet:-1","max-image-preview":"max-image-preview:large","max-video-preview":"max-video-preview:-1"},"canonical":"https:\/\/agradocosmetic.com\/it\/lavado-de-pelo-inverso-todo-lo-que-debes-saber\/","og_locale":"it_IT","og_type":"article","og_title":"Lavado de pelo inverso, todo lo que debes saber - Agrado","og_description":"\u00bfConoces el lavado de pelo inverso? Descubre todo lo que debes saber sobre esta innovadora t\u00e9cnica de la que todo el mundo habla.","og_url":"https:\/\/agradocosmetic.com\/it\/lavado-de-pelo-inverso-todo-lo-que-debes-saber\/","og_site_name":"Agrado","article_published_time":"2022-02-08T09:09:59+00:00","article_modified_time":"2023-11-18T16:58:51+00:00","og_image":[{"width":1200,"height":800,"url":"https:\/\/agradocosmetic.com\/wp-content\/uploads\/2022\/02\/lavado-de-pelo-inverso-agrado.jpg","type":"image\/jpeg"}],"author":"agradocosmetic","twitter_card":"summary_large_image","twitter_misc":{"Scritto da":"agradocosmetic","Tempo di lettura stimato":"3 minuti"},"schema":{"@context":"https:\/\/schema.org","@graph":[{"@type":"Article","@id":"https:\/\/agradocosmetic.com\/lavado-de-pelo-inverso-todo-lo-que-debes-saber\/#article","isPartOf":{"@id":"https:\/\/agradocosmetic.com\/lavado-de-pelo-inverso-todo-lo-que-debes-saber\/"},"author":{"name":"agradocosmetic","@id":"https:\/\/agradocosmetic.com\/#\/schema\/person\/732e8d396022e25f9340196f83d6789d"},"headline":"Lavado de pelo inverso, todo lo que debes saber","datePublished":"2022-02-08T09:09:59+00:00","dateModified":"2023-11-18T16:58:51+00:00","mainEntityOfPage":{"@id":"https:\/\/agradocosmetic.com\/lavado-de-pelo-inverso-todo-lo-que-debes-saber\/"},"wordCount":580,"commentCount":0,"publisher":{"@id":"https:\/\/agradocosmetic.com\/#organization"},"image":{"@id":"https:\/\/agradocosmetic.com\/lavado-de-pelo-inverso-todo-lo-que-debes-saber\/#primaryimage"},"thumbnailUrl":"https:\/\/agradocosmetic.com\/wp-content\/uploads\/2022\/02\/lavado-de-pelo-inverso-agrado.jpg","keywords":["cabello","capilar","cuidado del pelo","lavado de pelo","rutina capilar"],"articleSection":["Capilar","Todos"],"inLanguage":"it-IT","potentialAction":[{"@type":"CommentAction","name":"Comment","target":["https:\/\/agradocosmetic.com\/lavado-de-pelo-inverso-todo-lo-que-debes-saber\/#respond"]}]},{"@type":"WebPage","@id":"https:\/\/agradocosmetic.com\/lavado-de-pelo-inverso-todo-lo-que-debes-saber\/","url":"https:\/\/agradocosmetic.com\/lavado-de-pelo-inverso-todo-lo-que-debes-saber\/","name":"Lavado de pelo inverso, todo lo que debes saber - Agrado","isPartOf":{"@id":"https:\/\/agradocosmetic.com\/#website"},"primaryImageOfPage":{"@id":"https:\/\/agradocosmetic.com\/lavado-de-pelo-inverso-todo-lo-que-debes-saber\/#primaryimage"},"image":{"@id":"https:\/\/agradocosmetic.com\/lavado-de-pelo-inverso-todo-lo-que-debes-saber\/#primaryimage"},"thumbnailUrl":"https:\/\/agradocosmetic.com\/wp-content\/uploads\/2022\/02\/lavado-de-pelo-inverso-agrado.jpg","datePublished":"2022-02-08T09:09:59+00:00","dateModified":"2023-11-18T16:58:51+00:00","description":"Hai mai sentito parlare del lavaggio inverso dei capelli? Scopri tutto quello che c&#039;\u00e8 da sapere su questa tecnica innovativa di cui tutti parlano.","breadcrumb":{"@id":"https:\/\/agradocosmetic.com\/lavado-de-pelo-inverso-todo-lo-que-debes-saber\/#breadcrumb"},"inLanguage":"it-IT","potentialAction":[{"@type":"ReadAction","target":["https:\/\/agradocosmetic.com\/lavado-de-pelo-inverso-todo-lo-que-debes-saber\/"]}]},{"@type":"ImageObject","inLanguage":"it-IT","@id":"https:\/\/agradocosmetic.com\/lavado-de-pelo-inverso-todo-lo-que-debes-saber\/#primaryimage","url":"https:\/\/agradocosmetic.com\/wp-content\/uploads\/2022\/02\/lavado-de-pelo-inverso-agrado.jpg","contentUrl":"https:\/\/agradocosmetic.com\/wp-content\/uploads\/2022\/02\/lavado-de-pelo-inverso-agrado.jpg","width":1200,"height":800},{"@type":"BreadcrumbList","@id":"https:\/\/agradocosmetic.com\/lavado-de-pelo-inverso-todo-lo-que-debes-saber\/#breadcrumb","itemListElement":[{"@type":"ListItem","position":1,"name":"Portada","item":"https:\/\/agradocosmetic.com\/"},{"@type":"ListItem","position":2,"name":"Lavado de pelo inverso, todo lo que debes saber"}]},{"@type":"WebSite","@id":"https:\/\/agradocosmetic.com\/#website","url":"https:\/\/agradocosmetic.com\/","name":"Mi piace","description":"cosmetico","publisher":{"@id":"https:\/\/agradocosmetic.com\/#organization"},"potentialAction":[{"@type":"SearchAction","target":{"@type":"EntryPoint","urlTemplate":"https:\/\/agradocosmetic.com\/?s={search_term_string}"},"query-input":{"@type":"PropertyValueSpecification","valueRequired":true,"valueName":"search_term_string"}}],"inLanguage":"it-IT"},{"@type":"Organization","@id":"https:\/\/agradocosmetic.com\/#organization","name":"Mi piace","url":"https:\/\/agradocosmetic.com\/","logo":{"@type":"ImageObject","inLanguage":"it-IT","@id":"https:\/\/agradocosmetic.com\/#\/schema\/logo\/image\/","url":"https:\/\/agradocosmetic.com\/wp-content\/uploads\/2023\/07\/LOGO-AGRADO-WEB-01.png","contentUrl":"https:\/\/agradocosmetic.com\/wp-content\/uploads\/2023\/07\/LOGO-AGRADO-WEB-01.png","width":1632,"height":300,"caption":"Agrado"},"image":{"@id":"https:\/\/agradocosmetic.com\/#\/schema\/logo\/image\/"}},{"@type":"Person","@id":"https:\/\/agradocosmetic.com\/#\/schema\/person\/732e8d396022e25f9340196f83d6789d","name":"agradocosmetico","image":{"@type":"ImageObject","inLanguage":"it-IT","@id":"https:\/\/secure.gravatar.com\/avatar\/c6003e45301182b7e125463fcbec403b1980909c12edf09098526b9a15e779c0?s=96&d=mm&r=g","url":"https:\/\/secure.gravatar.com\/avatar\/c6003e45301182b7e125463fcbec403b1980909c12edf09098526b9a15e779c0?s=96&d=mm&r=g","contentUrl":"https:\/\/secure.gravatar.com\/avatar\/c6003e45301182b7e125463fcbec403b1980909c12edf09098526b9a15e779c0?s=96&d=mm&r=g","caption":"agradocosmetic"}}]}},"_links":{"self":[{"href":"https:\/\/agradocosmetic.com\/it\/wp-json\/wp\/v2\/posts\/19368","targetHints":{"allow":["GET"]}}],"collection":[{"href":"https:\/\/agradocosmetic.com\/it\/wp-json\/wp\/v2\/posts"}],"about":[{"href":"https:\/\/agradocosmetic.com\/it\/wp-json\/wp\/v2\/types\/post"}],"author":[{"embeddable":true,"href":"https:\/\/agradocosmetic.com\/it\/wp-json\/wp\/v2\/users\/9"}],"replies":[{"embeddable":true,"href":"https:\/\/agradocosmetic.com\/it\/wp-json\/wp\/v2\/comments?post=19368"}],"version-history":[{"count":1,"href":"https:\/\/agradocosmetic.com\/it\/wp-json\/wp\/v2\/posts\/19368\/revisions"}],"predecessor-version":[{"id":21295,"href":"https:\/\/agradocosmetic.com\/it\/wp-json\/wp\/v2\/posts\/19368\/revisions\/21295"}],"wp:featuredmedia":[{"embeddable":true,"href":"https:\/\/agradocosmetic.com\/it\/wp-json\/wp\/v2\/media\/21294"}],"wp:attachment":[{"href":"https:\/\/agradocosmetic.com\/it\/wp-json\/wp\/v2\/media?parent=19368"}],"wp:term":[{"taxonomy":"category","embeddable":true,"href":"https:\/\/agradocosmetic.com\/it\/wp-json\/wp\/v2\/categories?post=19368"},{"taxonomy":"post_tag","embeddable":true,"href":"https:\/\/agradocosmetic.com\/it\/wp-json\/wp\/v2\/tags?post=19368"}],"curies":[{"name":"parola chiave","href":"https:\/\/api.w.org\/{rel}","templated":true}]}}