{"id":19603,"date":"2022-04-21T12:29:48","date_gmt":"2022-04-21T11:29:48","guid":{"rendered":"https:\/\/www.agradocosmetic.com\/?p=19603"},"modified":"2023-11-18T16:58:51","modified_gmt":"2023-11-18T16:58:51","slug":"ondas-surferas-sin-calor","status":"publish","type":"post","link":"https:\/\/agradocosmetic.com\/it\/ondas-surferas-sin-calor\/","title":{"rendered":"Onde da surfista senza calore: segui la tendenza senza danneggiare i tuoi capelli"},"content":{"rendered":"<p>Se c\u2019\u00e8 un\u2019acconciatura che tutte le chiome lunghe vogliono sfoggiare questa stagione, sono i capelli mossi, come se fossero appena usciti dal mare. Adatte a tutti i tipi di tagli, quelle conosciute come &#039;beach wave&#039; sono lusinghiere, divertenti e anche molto facili da realizzare! Ottenere questa acconciatura alla moda \u00e8 il desiderio di molti, quindi in questo post ti insegniamo come realizzare onde da surfista senza calore. Pronto per avere dei fantastici capelli da sirena?<\/p>\r\n\r\n\r\n\r\n<p><strong>Le onde da surfista o &quot;onde da spiaggia&quot; sono l&#039;acconciatura da protagonista di questa stagione<\/strong>. Molti influencer e celebrit\u00e0, come Mar\u00eda Pombo, optano per questo stile, sia nella vita quotidiana che nelle occasioni pi\u00f9 formali. E non siamo sorpresi perch\u00e9 \u00e8 super lusinghiero. Affinch\u00e9 anche tu possa sfoggiare bellissime onde da surf senza usare piastre, arricciacapelli o asciugacapelli, ti sveliamo il nostro segreto. Prendi nota!<\/p>\r\n\r\n\r\n\r\n<p>\u00c8 vero che ci sono tanti modi per ottenere onde da surfista, ma tra tutti ce n&#039;\u00e8 uno che ci affascina perch\u00e9 \u00e8 veloce, comodo, facile e non aggressivo per i capelli. E la cosa migliore \u00e8 che hai solo bisogno dell&#039;aiuto di alcuni calzini. S\u00ec, mentre lo leggi. Puoi fare questa acconciatura prima di andare a dormire e svegliarti come se fossi appena uscito dai capelli. Semplicemente ideale!\u00a0<\/p>\r\n\r\n\r\n\r\n<p><strong>Ricorda che prima di realizzare l&#039;acconciatura \u00e8 importante lavorare i capelli con i prodotti adeguati affinch\u00e9 il risultato sia il migliore.<\/strong>. Ti consigliamo di lavare i capelli con uno shampoo volumizzante che generi volume e spessore e poi di utilizzare un balsamo che fornisca i nutrienti di cui mancano. Infine, il passo pi\u00f9 importante \u00e8 utilizzare un prodotto per lo styling specifico per il tuo tipo di capelli. In questo caso \u00e8 possibile utilizzare il <a href=\"https:\/\/agradocosmetic.com\/it\/producto\/ondas-surferas\/\" target=\"_blank\" rel=\"noreferrer noopener\">Piacevole spray per onde da surf<\/a>, prodotto scelto dell&#039;anno 2018, che grazie ai suoi principi attivi crea onde morbide e naturali che aiutano a realizzare un&#039;acconciatura casual e mossa. Proprio quello che vogliamo!\u00a0<\/p>\r\n\r\n\r\n\r\n<p><strong>E ora, dopo aver preparato i capelli, siete pronte a scoprire passo dopo passo per sfoggiare onde da surfista senza calore.<\/strong><\/p>\r\n\r\n\r\n\r\n<ul class=\"wp-block-list\">\r\n<li>Prima di andare a dormire, lava i capelli e lasciali leggermente umidi. Poi pettinatelo finch\u00e9 non sar\u00e0 completamente districato.<\/li>\r\n<li>Metti i calzini sui capelli e lascia ciascuna gamba su ciascun lato della testa, come se fossero i tuoi capelli.<\/li>\r\n<li>Successivamente, dividi i capelli in due parti e realizza due trecce utilizzando quella centrale come ulteriore ciocca. Prova a stringere le trecce in modo che non si allentino mentre dormi.<\/li>\r\n<li>Al mattino sciogliete le trecce e pettinate i capelli con le dita. Puoi riapplicare Agrado Surf Waves Spray per ottenere una maggiore consistenza.<\/li>\r\n<li>E pronto a sfoggiare le tue onde da surf senza calore!\u00a0<\/li>\r\n<\/ul>\r\n\r\n\r\n\r\n<p>Conosci gi\u00e0 il nostro segreto per ottenere delle &quot;beach wave&quot;, ora non resta che mettere in pratica questa tecnica. <strong>Osate sfoggiare l&#039;acconciatura della stagione senza danneggiare i vostri capelli con Agrado Cosmetic!<\/strong><\/p>","protected":false},"excerpt":{"rendered":"<p>Si hay un peinado que todas las melenas quieren lucir esta temporada es el pelo ondulado, como reci\u00e9n salido del mar. Aptas para todo tipo de corte, las conocidas como \u2018beach waves\u2019 son favorecedoras, divertidas y adem\u00e1s, \u00a1muy f\u00e1ciles de hacer! Conseguir este peinado de moda es el deseo de muchas, as\u00ed que en este [&hellip;]<\/p>\n","protected":false},"author":9,"featured_media":21282,"comment_status":"open","ping_status":"closed","sticky":false,"template":"","format":"standard","meta":{"footnotes":"","_wp_rev_ctl_limit":""},"categories":[128,1],"tags":[245,387,394,136,395,396],"class_list":["post-19603","post","type-post","status-publish","format-standard","has-post-thumbnail","hentry","category-capilar","category-todos","tag-cabello","tag-cuidado-capilar","tag-ondas-surferas","tag-peinado","tag-pelo-ondulado","tag-trucos-para-tu-pelo"],"yoast_head":"<!-- This site is optimized with the Yoast SEO plugin v27.4 - https:\/\/yoast.com\/product\/yoast-seo-wordpress\/ -->\n<title>Ondas surferas sin calor: sigue la tendencia sin da\u00f1ar tu pelo - Agrado<\/title>\n<meta name=\"description\" content=\"\u00a1Seguir la tendencia no tiene que ser perjudicial para tu pelo! Te contamos c\u00f3mo conseguir las ondas surferas sin calor que est\u00e1n de moda.\" \/>\n<meta name=\"robots\" content=\"index, follow, max-snippet:-1, max-image-preview:large, max-video-preview:-1\" \/>\n<link rel=\"canonical\" href=\"https:\/\/agradocosmetic.com\/it\/ondas-surferas-sin-calor\/\" \/>\n<meta property=\"og:locale\" content=\"it_IT\" \/>\n<meta property=\"og:type\" content=\"article\" \/>\n<meta property=\"og:title\" content=\"Ondas surferas sin calor: sigue la tendencia sin da\u00f1ar tu pelo - Agrado\" \/>\n<meta property=\"og:description\" content=\"\u00a1Seguir la tendencia no tiene que ser perjudicial para tu pelo! Te contamos c\u00f3mo conseguir las ondas surferas sin calor que est\u00e1n de moda.\" \/>\n<meta property=\"og:url\" content=\"https:\/\/agradocosmetic.com\/it\/ondas-surferas-sin-calor\/\" \/>\n<meta property=\"og:site_name\" content=\"Agrado\" \/>\n<meta property=\"article:published_time\" content=\"2022-04-21T11:29:48+00:00\" \/>\n<meta property=\"article:modified_time\" content=\"2023-11-18T16:58:51+00:00\" \/>\n<meta property=\"og:image\" content=\"https:\/\/agradocosmetic.com\/wp-content\/uploads\/2022\/04\/ondas-surferas-sin-calor-agrado.jpg\" \/>\n\t<meta property=\"og:image:width\" content=\"1200\" \/>\n\t<meta property=\"og:image:height\" content=\"800\" \/>\n\t<meta property=\"og:image:type\" content=\"image\/jpeg\" \/>\n<meta name=\"author\" content=\"agradocosmetic\" \/>\n<meta name=\"twitter:card\" content=\"summary_large_image\" \/>\n<meta name=\"twitter:label1\" content=\"Scritto da\" \/>\n\t<meta name=\"twitter:data1\" content=\"agradocosmetic\" \/>\n\t<meta name=\"twitter:label2\" content=\"Tempo di lettura stimato\" \/>\n\t<meta name=\"twitter:data2\" content=\"3 minuti\" \/>\n<script type=\"application\/ld+json\" class=\"yoast-schema-graph\">{\"@context\":\"https:\\\/\\\/schema.org\",\"@graph\":[{\"@type\":\"Article\",\"@id\":\"https:\\\/\\\/agradocosmetic.com\\\/ondas-surferas-sin-calor\\\/#article\",\"isPartOf\":{\"@id\":\"https:\\\/\\\/agradocosmetic.com\\\/ondas-surferas-sin-calor\\\/\"},\"author\":{\"name\":\"agradocosmetic\",\"@id\":\"https:\\\/\\\/agradocosmetic.com\\\/#\\\/schema\\\/person\\\/732e8d396022e25f9340196f83d6789d\"},\"headline\":\"Ondas surferas sin calor: sigue la tendencia sin da\u00f1ar tu pelo\",\"datePublished\":\"2022-04-21T11:29:48+00:00\",\"dateModified\":\"2023-11-18T16:58:51+00:00\",\"mainEntityOfPage\":{\"@id\":\"https:\\\/\\\/agradocosmetic.com\\\/ondas-surferas-sin-calor\\\/\"},\"wordCount\":521,\"commentCount\":0,\"publisher\":{\"@id\":\"https:\\\/\\\/agradocosmetic.com\\\/#organization\"},\"image\":{\"@id\":\"https:\\\/\\\/agradocosmetic.com\\\/ondas-surferas-sin-calor\\\/#primaryimage\"},\"thumbnailUrl\":\"https:\\\/\\\/agradocosmetic.com\\\/wp-content\\\/uploads\\\/2022\\\/04\\\/ondas-surferas-sin-calor-agrado.jpg\",\"keywords\":[\"cabello\",\"cuidado capilar\",\"ondas surferas\",\"peinado\",\"pelo ondulado\",\"trucos para tu pelo\"],\"articleSection\":[\"Capilar\",\"Todos\"],\"inLanguage\":\"it-IT\",\"potentialAction\":[{\"@type\":\"CommentAction\",\"name\":\"Comment\",\"target\":[\"https:\\\/\\\/agradocosmetic.com\\\/ondas-surferas-sin-calor\\\/#respond\"]}]},{\"@type\":\"WebPage\",\"@id\":\"https:\\\/\\\/agradocosmetic.com\\\/ondas-surferas-sin-calor\\\/\",\"url\":\"https:\\\/\\\/agradocosmetic.com\\\/ondas-surferas-sin-calor\\\/\",\"name\":\"Ondas surferas sin calor: sigue la tendencia sin da\u00f1ar tu pelo - Agrado\",\"isPartOf\":{\"@id\":\"https:\\\/\\\/agradocosmetic.com\\\/#website\"},\"primaryImageOfPage\":{\"@id\":\"https:\\\/\\\/agradocosmetic.com\\\/ondas-surferas-sin-calor\\\/#primaryimage\"},\"image\":{\"@id\":\"https:\\\/\\\/agradocosmetic.com\\\/ondas-surferas-sin-calor\\\/#primaryimage\"},\"thumbnailUrl\":\"https:\\\/\\\/agradocosmetic.com\\\/wp-content\\\/uploads\\\/2022\\\/04\\\/ondas-surferas-sin-calor-agrado.jpg\",\"datePublished\":\"2022-04-21T11:29:48+00:00\",\"dateModified\":\"2023-11-18T16:58:51+00:00\",\"description\":\"\u00a1Seguir la tendencia no tiene que ser perjudicial para tu pelo! Te contamos c\u00f3mo conseguir las ondas surferas sin calor que est\u00e1n de moda.\",\"breadcrumb\":{\"@id\":\"https:\\\/\\\/agradocosmetic.com\\\/ondas-surferas-sin-calor\\\/#breadcrumb\"},\"inLanguage\":\"it-IT\",\"potentialAction\":[{\"@type\":\"ReadAction\",\"target\":[\"https:\\\/\\\/agradocosmetic.com\\\/ondas-surferas-sin-calor\\\/\"]}]},{\"@type\":\"ImageObject\",\"inLanguage\":\"it-IT\",\"@id\":\"https:\\\/\\\/agradocosmetic.com\\\/ondas-surferas-sin-calor\\\/#primaryimage\",\"url\":\"https:\\\/\\\/agradocosmetic.com\\\/wp-content\\\/uploads\\\/2022\\\/04\\\/ondas-surferas-sin-calor-agrado.jpg\",\"contentUrl\":\"https:\\\/\\\/agradocosmetic.com\\\/wp-content\\\/uploads\\\/2022\\\/04\\\/ondas-surferas-sin-calor-agrado.jpg\",\"width\":1200,\"height\":800},{\"@type\":\"BreadcrumbList\",\"@id\":\"https:\\\/\\\/agradocosmetic.com\\\/ondas-surferas-sin-calor\\\/#breadcrumb\",\"itemListElement\":[{\"@type\":\"ListItem\",\"position\":1,\"name\":\"Portada\",\"item\":\"https:\\\/\\\/agradocosmetic.com\\\/\"},{\"@type\":\"ListItem\",\"position\":2,\"name\":\"Ondas surferas sin calor: sigue la tendencia sin da\u00f1ar tu pelo\"}]},{\"@type\":\"WebSite\",\"@id\":\"https:\\\/\\\/agradocosmetic.com\\\/#website\",\"url\":\"https:\\\/\\\/agradocosmetic.com\\\/\",\"name\":\"Agrado\",\"description\":\"Cosmetic\",\"publisher\":{\"@id\":\"https:\\\/\\\/agradocosmetic.com\\\/#organization\"},\"potentialAction\":[{\"@type\":\"SearchAction\",\"target\":{\"@type\":\"EntryPoint\",\"urlTemplate\":\"https:\\\/\\\/agradocosmetic.com\\\/?s={search_term_string}\"},\"query-input\":{\"@type\":\"PropertyValueSpecification\",\"valueRequired\":true,\"valueName\":\"search_term_string\"}}],\"inLanguage\":\"it-IT\"},{\"@type\":\"Organization\",\"@id\":\"https:\\\/\\\/agradocosmetic.com\\\/#organization\",\"name\":\"Agrado\",\"url\":\"https:\\\/\\\/agradocosmetic.com\\\/\",\"logo\":{\"@type\":\"ImageObject\",\"inLanguage\":\"it-IT\",\"@id\":\"https:\\\/\\\/agradocosmetic.com\\\/#\\\/schema\\\/logo\\\/image\\\/\",\"url\":\"https:\\\/\\\/agradocosmetic.com\\\/wp-content\\\/uploads\\\/2023\\\/07\\\/LOGO-AGRADO-WEB-01.png\",\"contentUrl\":\"https:\\\/\\\/agradocosmetic.com\\\/wp-content\\\/uploads\\\/2023\\\/07\\\/LOGO-AGRADO-WEB-01.png\",\"width\":1632,\"height\":300,\"caption\":\"Agrado\"},\"image\":{\"@id\":\"https:\\\/\\\/agradocosmetic.com\\\/#\\\/schema\\\/logo\\\/image\\\/\"}},{\"@type\":\"Person\",\"@id\":\"https:\\\/\\\/agradocosmetic.com\\\/#\\\/schema\\\/person\\\/732e8d396022e25f9340196f83d6789d\",\"name\":\"agradocosmetic\",\"image\":{\"@type\":\"ImageObject\",\"inLanguage\":\"it-IT\",\"@id\":\"https:\\\/\\\/secure.gravatar.com\\\/avatar\\\/c6003e45301182b7e125463fcbec403b1980909c12edf09098526b9a15e779c0?s=96&d=mm&r=g\",\"url\":\"https:\\\/\\\/secure.gravatar.com\\\/avatar\\\/c6003e45301182b7e125463fcbec403b1980909c12edf09098526b9a15e779c0?s=96&d=mm&r=g\",\"contentUrl\":\"https:\\\/\\\/secure.gravatar.com\\\/avatar\\\/c6003e45301182b7e125463fcbec403b1980909c12edf09098526b9a15e779c0?s=96&d=mm&r=g\",\"caption\":\"agradocosmetic\"}}]}<\/script>\n<!-- \/ Yoast SEO plugin. -->","yoast_head_json":{"title":"Ondas surferas sin calor: sigue la tendencia sin da\u00f1ar tu pelo - Agrado","description":"\u00a1Seguir la tendencia no tiene que ser perjudicial para tu pelo! Te contamos c\u00f3mo conseguir las ondas surferas sin calor que est\u00e1n de moda.","robots":{"index":"index","follow":"follow","max-snippet":"max-snippet:-1","max-image-preview":"max-image-preview:large","max-video-preview":"max-video-preview:-1"},"canonical":"https:\/\/agradocosmetic.com\/it\/ondas-surferas-sin-calor\/","og_locale":"it_IT","og_type":"article","og_title":"Ondas surferas sin calor: sigue la tendencia sin da\u00f1ar tu pelo - Agrado","og_description":"\u00a1Seguir la tendencia no tiene que ser perjudicial para tu pelo! Te contamos c\u00f3mo conseguir las ondas surferas sin calor que est\u00e1n de moda.","og_url":"https:\/\/agradocosmetic.com\/it\/ondas-surferas-sin-calor\/","og_site_name":"Agrado","article_published_time":"2022-04-21T11:29:48+00:00","article_modified_time":"2023-11-18T16:58:51+00:00","og_image":[{"width":1200,"height":800,"url":"https:\/\/agradocosmetic.com\/wp-content\/uploads\/2022\/04\/ondas-surferas-sin-calor-agrado.jpg","type":"image\/jpeg"}],"author":"agradocosmetic","twitter_card":"summary_large_image","twitter_misc":{"Scritto da":"agradocosmetic","Tempo di lettura stimato":"3 minuti"},"schema":{"@context":"https:\/\/schema.org","@graph":[{"@type":"Article","@id":"https:\/\/agradocosmetic.com\/ondas-surferas-sin-calor\/#article","isPartOf":{"@id":"https:\/\/agradocosmetic.com\/ondas-surferas-sin-calor\/"},"author":{"name":"agradocosmetic","@id":"https:\/\/agradocosmetic.com\/#\/schema\/person\/732e8d396022e25f9340196f83d6789d"},"headline":"Ondas surferas sin calor: sigue la tendencia sin da\u00f1ar tu pelo","datePublished":"2022-04-21T11:29:48+00:00","dateModified":"2023-11-18T16:58:51+00:00","mainEntityOfPage":{"@id":"https:\/\/agradocosmetic.com\/ondas-surferas-sin-calor\/"},"wordCount":521,"commentCount":0,"publisher":{"@id":"https:\/\/agradocosmetic.com\/#organization"},"image":{"@id":"https:\/\/agradocosmetic.com\/ondas-surferas-sin-calor\/#primaryimage"},"thumbnailUrl":"https:\/\/agradocosmetic.com\/wp-content\/uploads\/2022\/04\/ondas-surferas-sin-calor-agrado.jpg","keywords":["cabello","cuidado capilar","ondas surferas","peinado","pelo ondulado","trucos para tu pelo"],"articleSection":["Capilar","Todos"],"inLanguage":"it-IT","potentialAction":[{"@type":"CommentAction","name":"Comment","target":["https:\/\/agradocosmetic.com\/ondas-surferas-sin-calor\/#respond"]}]},{"@type":"WebPage","@id":"https:\/\/agradocosmetic.com\/ondas-surferas-sin-calor\/","url":"https:\/\/agradocosmetic.com\/ondas-surferas-sin-calor\/","name":"Ondas surferas sin calor: sigue la tendencia sin da\u00f1ar tu pelo - Agrado","isPartOf":{"@id":"https:\/\/agradocosmetic.com\/#website"},"primaryImageOfPage":{"@id":"https:\/\/agradocosmetic.com\/ondas-surferas-sin-calor\/#primaryimage"},"image":{"@id":"https:\/\/agradocosmetic.com\/ondas-surferas-sin-calor\/#primaryimage"},"thumbnailUrl":"https:\/\/agradocosmetic.com\/wp-content\/uploads\/2022\/04\/ondas-surferas-sin-calor-agrado.jpg","datePublished":"2022-04-21T11:29:48+00:00","dateModified":"2023-11-18T16:58:51+00:00","description":"\u00a1Seguir la tendencia no tiene que ser perjudicial para tu pelo! Te contamos c\u00f3mo conseguir las ondas surferas sin calor que est\u00e1n de moda.","breadcrumb":{"@id":"https:\/\/agradocosmetic.com\/ondas-surferas-sin-calor\/#breadcrumb"},"inLanguage":"it-IT","potentialAction":[{"@type":"ReadAction","target":["https:\/\/agradocosmetic.com\/ondas-surferas-sin-calor\/"]}]},{"@type":"ImageObject","inLanguage":"it-IT","@id":"https:\/\/agradocosmetic.com\/ondas-surferas-sin-calor\/#primaryimage","url":"https:\/\/agradocosmetic.com\/wp-content\/uploads\/2022\/04\/ondas-surferas-sin-calor-agrado.jpg","contentUrl":"https:\/\/agradocosmetic.com\/wp-content\/uploads\/2022\/04\/ondas-surferas-sin-calor-agrado.jpg","width":1200,"height":800},{"@type":"BreadcrumbList","@id":"https:\/\/agradocosmetic.com\/ondas-surferas-sin-calor\/#breadcrumb","itemListElement":[{"@type":"ListItem","position":1,"name":"Portada","item":"https:\/\/agradocosmetic.com\/"},{"@type":"ListItem","position":2,"name":"Ondas surferas sin calor: sigue la tendencia sin da\u00f1ar tu pelo"}]},{"@type":"WebSite","@id":"https:\/\/agradocosmetic.com\/#website","url":"https:\/\/agradocosmetic.com\/","name":"Mi piace","description":"cosmetico","publisher":{"@id":"https:\/\/agradocosmetic.com\/#organization"},"potentialAction":[{"@type":"SearchAction","target":{"@type":"EntryPoint","urlTemplate":"https:\/\/agradocosmetic.com\/?s={search_term_string}"},"query-input":{"@type":"PropertyValueSpecification","valueRequired":true,"valueName":"search_term_string"}}],"inLanguage":"it-IT"},{"@type":"Organization","@id":"https:\/\/agradocosmetic.com\/#organization","name":"Mi piace","url":"https:\/\/agradocosmetic.com\/","logo":{"@type":"ImageObject","inLanguage":"it-IT","@id":"https:\/\/agradocosmetic.com\/#\/schema\/logo\/image\/","url":"https:\/\/agradocosmetic.com\/wp-content\/uploads\/2023\/07\/LOGO-AGRADO-WEB-01.png","contentUrl":"https:\/\/agradocosmetic.com\/wp-content\/uploads\/2023\/07\/LOGO-AGRADO-WEB-01.png","width":1632,"height":300,"caption":"Agrado"},"image":{"@id":"https:\/\/agradocosmetic.com\/#\/schema\/logo\/image\/"}},{"@type":"Person","@id":"https:\/\/agradocosmetic.com\/#\/schema\/person\/732e8d396022e25f9340196f83d6789d","name":"agradocosmetico","image":{"@type":"ImageObject","inLanguage":"it-IT","@id":"https:\/\/secure.gravatar.com\/avatar\/c6003e45301182b7e125463fcbec403b1980909c12edf09098526b9a15e779c0?s=96&d=mm&r=g","url":"https:\/\/secure.gravatar.com\/avatar\/c6003e45301182b7e125463fcbec403b1980909c12edf09098526b9a15e779c0?s=96&d=mm&r=g","contentUrl":"https:\/\/secure.gravatar.com\/avatar\/c6003e45301182b7e125463fcbec403b1980909c12edf09098526b9a15e779c0?s=96&d=mm&r=g","caption":"agradocosmetic"}}]}},"_links":{"self":[{"href":"https:\/\/agradocosmetic.com\/it\/wp-json\/wp\/v2\/posts\/19603","targetHints":{"allow":["GET"]}}],"collection":[{"href":"https:\/\/agradocosmetic.com\/it\/wp-json\/wp\/v2\/posts"}],"about":[{"href":"https:\/\/agradocosmetic.com\/it\/wp-json\/wp\/v2\/types\/post"}],"author":[{"embeddable":true,"href":"https:\/\/agradocosmetic.com\/it\/wp-json\/wp\/v2\/users\/9"}],"replies":[{"embeddable":true,"href":"https:\/\/agradocosmetic.com\/it\/wp-json\/wp\/v2\/comments?post=19603"}],"version-history":[{"count":1,"href":"https:\/\/agradocosmetic.com\/it\/wp-json\/wp\/v2\/posts\/19603\/revisions"}],"predecessor-version":[{"id":21283,"href":"https:\/\/agradocosmetic.com\/it\/wp-json\/wp\/v2\/posts\/19603\/revisions\/21283"}],"wp:featuredmedia":[{"embeddable":true,"href":"https:\/\/agradocosmetic.com\/it\/wp-json\/wp\/v2\/media\/21282"}],"wp:attachment":[{"href":"https:\/\/agradocosmetic.com\/it\/wp-json\/wp\/v2\/media?parent=19603"}],"wp:term":[{"taxonomy":"category","embeddable":true,"href":"https:\/\/agradocosmetic.com\/it\/wp-json\/wp\/v2\/categories?post=19603"},{"taxonomy":"post_tag","embeddable":true,"href":"https:\/\/agradocosmetic.com\/it\/wp-json\/wp\/v2\/tags?post=19603"}],"curies":[{"name":"parola chiave","href":"https:\/\/api.w.org\/{rel}","templated":true}]}}