{"id":19718,"date":"2022-05-27T09:18:13","date_gmt":"2022-05-27T08:18:13","guid":{"rendered":"https:\/\/www.agradocosmetic.com\/?p=19718"},"modified":"2023-11-18T16:58:51","modified_gmt":"2023-11-18T16:58:51","slug":"bruma-facial-solar","status":"publish","type":"post","link":"https:\/\/agradocosmetic.com\/it\/bruma-facial-solar\/","title":{"rendered":"Solar Facial Mist: l&#039;essenziale nella tua borsa quest&#039;estate"},"content":{"rendered":"<p>Pu\u00f2 essere utilizzato sopra il trucco, \u00e8 molto leggero e rinfrescante e, soprattutto, protegge la pelle dal sole. Parliamo del<strong> Nebbia solare per il viso Agrado<\/strong>, l&#039;essenziale che non pu\u00f2 mancare nella tua borsa quest&#039;estate. La sua texture, la sua formula, la sua applicazione... Non ha un solo ma! Ti diciamo perch\u00e9 questa crema solare diventer\u00e0 la tua preferita. Molte persone se ne sono gi\u00e0 innamorate, ora tocca a te!\u00a0<\/p>\r\n\r\n\r\n\r\n<p>Come gi\u00e0 sapete, proteggere la pelle dagli effetti del sole \u00e8 qualcosa che dobbiamo fare tutti i giorni dell&#039;anno, tuttavia, con l&#039;arrivo del caldo dobbiamo intensificarne le cure. Il bel tempo ci invita a trascorrere pi\u00f9 ore fuori casa, all&#039;aria aperta, e questo implica anche una maggiore esposizione al sole. In questo caso, <strong>i dermatologi raccomandano la riapplicazione della protezione UVB\/UVA <\/strong>con cosmetici che incorporano almeno SPF30+. Per farlo si possono utilizzare prodotti in diversi formati, ma se ce n&#039;\u00e8 uno che \u00e8 diventato il nostro miglior alleato per quest&#039;estate \u00e8 proprio quello spray, comodo, piacevole e facile da applicare.\u00a0<\/p>\r\n\r\n\r\n\r\n<p>Se non l&#039;hai ancora fatto, <strong>Ti invitiamo a provare il<a href=\"https:\/\/agradocosmetic.com\/it\/producto\/bruma-facial-solar-spf50\/\" target=\"_blank\" rel=\"noreferrer noopener\"> Agrado Solare Nebbia Viso Spf 50<\/a><\/strong><a href=\"https:\/\/agradocosmetic.com\/it\/producto\/bruma-facial-solar-spf50\/\" target=\"_blank\" rel=\"noreferrer noopener\">,<\/a> Una crema solare in formato spray dal tocco asciutto e di rapido assorbimento, che apporta un&#039;ottima idratazione antiet\u00e0 e ripara la pelle. La sua formula delicata con alcool 0%, particolarmente indicata per pelli sensibili o molto sensibili, protegge il viso dagli effetti degli infrarossi e della luce blu, con un&#039;altissima protezione SPF 50+. Ha tutto ci\u00f2 di cui la tua pelle ha bisogno!<\/p>\r\n\r\n\r\n\r\n<p>Inoltre, lo spray solare per il viso Spf 50 di Agrado <strong>Pu\u00f2 essere applicato sopra il trucco in qualsiasi momento, senza doverlo stendere con le mani e senza lasciare residui bianchi.<\/strong> nessuna sensazione di grasso. A questo bisogna aggiungere che \u00e8 resistente all&#039;acqua, rendendolo perfetto per le giornate in spiaggia o in piscina. Le sue dimensioni compatte ti permettono di portarlo sempre in borsa per sostituire comodamente il protettore durante tutta la giornata. Devi solo scoprirlo, spruzzare il prodotto sul viso e il gioco \u00e8 fatto. Non hai pi\u00f9 scuse per prenderti cura della tua pelle!<\/p>\r\n\r\n\r\n\r\n<p>Ora che conosci tutti i benefici del Solar Facial Mist Spf 50, portalo sempre con te e <strong>Proteggi la tua pelle con Agrado Cosmetic<\/strong>!\u00a0<\/p>","protected":false},"excerpt":{"rendered":"<p>Se puede utilizar sobre el maquillaje, es muy ligera y refrescante y lo m\u00e1s importante, protege tu piel del sol. Hablamos de la Bruma Facial Solar de Agrado, el imprescindible que no puede faltar en tu bolso este verano. Su textura, su f\u00f3rmula, su aplicaci\u00f3n\u2026 \u00a1No tiene ni un pero! Te contamos porqu\u00e9 este protector [&hellip;]<\/p>\n","protected":false},"author":9,"featured_media":21278,"comment_status":"open","ping_status":"closed","sticky":false,"template":"","format":"standard","meta":{"footnotes":"","_wp_rev_ctl_limit":""},"categories":[116,1],"tags":[403,404,289,317,276,228,229],"class_list":["post-19718","post","type-post","status-publish","format-standard","has-post-thumbnail","hentry","category-solar","category-todos","tag-bruma-facial-solar","tag-bruma-solar","tag-cuidado-de-la-piel","tag-proteccion-solar","tag-protectores-solares","tag-solar","tag-solares"],"yoast_head":"<!-- This site is optimized with the Yoast SEO plugin v27.4 - https:\/\/yoast.com\/product\/yoast-seo-wordpress\/ -->\n<title>Bruma Facial Solar: el imprescindible en tu bolso de este verano - Agrado<\/title>\n<meta name=\"description\" content=\"La Bruma Facial Solar de Agrado ser\u00e1 un a\u00f1o m\u00e1s el imprescindible en tu bolso de este verano. \u00a1El por qu\u00e9 te lo contamos en este post!\" \/>\n<meta name=\"robots\" content=\"index, follow, max-snippet:-1, max-image-preview:large, max-video-preview:-1\" \/>\n<link rel=\"canonical\" href=\"https:\/\/agradocosmetic.com\/it\/bruma-facial-solar\/\" \/>\n<meta property=\"og:locale\" content=\"it_IT\" \/>\n<meta property=\"og:type\" content=\"article\" \/>\n<meta property=\"og:title\" content=\"Bruma Facial Solar: el imprescindible en tu bolso de este verano - Agrado\" \/>\n<meta property=\"og:description\" content=\"La Bruma Facial Solar de Agrado ser\u00e1 un a\u00f1o m\u00e1s el imprescindible en tu bolso de este verano. \u00a1El por qu\u00e9 te lo contamos en este post!\" \/>\n<meta property=\"og:url\" content=\"https:\/\/agradocosmetic.com\/it\/bruma-facial-solar\/\" \/>\n<meta property=\"og:site_name\" content=\"Agrado\" \/>\n<meta property=\"article:published_time\" content=\"2022-05-27T08:18:13+00:00\" \/>\n<meta property=\"article:modified_time\" content=\"2023-11-18T16:58:51+00:00\" \/>\n<meta property=\"og:image\" content=\"https:\/\/agradocosmetic.com\/wp-content\/uploads\/2022\/05\/bruma-facial-solar-agrado-1.jpg\" \/>\n\t<meta property=\"og:image:width\" content=\"1200\" \/>\n\t<meta property=\"og:image:height\" content=\"800\" \/>\n\t<meta property=\"og:image:type\" content=\"image\/jpeg\" \/>\n<meta name=\"author\" content=\"agradocosmetic\" \/>\n<meta name=\"twitter:card\" content=\"summary_large_image\" \/>\n<meta name=\"twitter:label1\" content=\"Scritto da\" \/>\n\t<meta name=\"twitter:data1\" content=\"agradocosmetic\" \/>\n\t<meta name=\"twitter:label2\" content=\"Tempo di lettura stimato\" \/>\n\t<meta name=\"twitter:data2\" content=\"2 minuti\" \/>\n<script type=\"application\/ld+json\" class=\"yoast-schema-graph\">{\"@context\":\"https:\\\/\\\/schema.org\",\"@graph\":[{\"@type\":\"Article\",\"@id\":\"https:\\\/\\\/agradocosmetic.com\\\/bruma-facial-solar\\\/#article\",\"isPartOf\":{\"@id\":\"https:\\\/\\\/agradocosmetic.com\\\/bruma-facial-solar\\\/\"},\"author\":{\"name\":\"agradocosmetic\",\"@id\":\"https:\\\/\\\/agradocosmetic.com\\\/#\\\/schema\\\/person\\\/732e8d396022e25f9340196f83d6789d\"},\"headline\":\"Bruma Facial Solar: el imprescindible en tu bolso de este verano\",\"datePublished\":\"2022-05-27T08:18:13+00:00\",\"dateModified\":\"2023-11-18T16:58:51+00:00\",\"mainEntityOfPage\":{\"@id\":\"https:\\\/\\\/agradocosmetic.com\\\/bruma-facial-solar\\\/\"},\"wordCount\":422,\"commentCount\":0,\"publisher\":{\"@id\":\"https:\\\/\\\/agradocosmetic.com\\\/#organization\"},\"image\":{\"@id\":\"https:\\\/\\\/agradocosmetic.com\\\/bruma-facial-solar\\\/#primaryimage\"},\"thumbnailUrl\":\"https:\\\/\\\/agradocosmetic.com\\\/wp-content\\\/uploads\\\/2022\\\/05\\\/bruma-facial-solar-agrado-1.jpg\",\"keywords\":[\"bruma facial solar\",\"bruma solar\",\"cuidado de la piel\",\"proteccion solar\",\"protectores solares\",\"solar\",\"solares\"],\"articleSection\":[\"Solar\",\"Todos\"],\"inLanguage\":\"it-IT\",\"potentialAction\":[{\"@type\":\"CommentAction\",\"name\":\"Comment\",\"target\":[\"https:\\\/\\\/agradocosmetic.com\\\/bruma-facial-solar\\\/#respond\"]}]},{\"@type\":\"WebPage\",\"@id\":\"https:\\\/\\\/agradocosmetic.com\\\/bruma-facial-solar\\\/\",\"url\":\"https:\\\/\\\/agradocosmetic.com\\\/bruma-facial-solar\\\/\",\"name\":\"Bruma Facial Solar: el imprescindible en tu bolso de este verano - Agrado\",\"isPartOf\":{\"@id\":\"https:\\\/\\\/agradocosmetic.com\\\/#website\"},\"primaryImageOfPage\":{\"@id\":\"https:\\\/\\\/agradocosmetic.com\\\/bruma-facial-solar\\\/#primaryimage\"},\"image\":{\"@id\":\"https:\\\/\\\/agradocosmetic.com\\\/bruma-facial-solar\\\/#primaryimage\"},\"thumbnailUrl\":\"https:\\\/\\\/agradocosmetic.com\\\/wp-content\\\/uploads\\\/2022\\\/05\\\/bruma-facial-solar-agrado-1.jpg\",\"datePublished\":\"2022-05-27T08:18:13+00:00\",\"dateModified\":\"2023-11-18T16:58:51+00:00\",\"description\":\"La Bruma Facial Solar de Agrado ser\u00e1 un a\u00f1o m\u00e1s el imprescindible en tu bolso de este verano. \u00a1El por qu\u00e9 te lo contamos en este post!\",\"breadcrumb\":{\"@id\":\"https:\\\/\\\/agradocosmetic.com\\\/bruma-facial-solar\\\/#breadcrumb\"},\"inLanguage\":\"it-IT\",\"potentialAction\":[{\"@type\":\"ReadAction\",\"target\":[\"https:\\\/\\\/agradocosmetic.com\\\/bruma-facial-solar\\\/\"]}]},{\"@type\":\"ImageObject\",\"inLanguage\":\"it-IT\",\"@id\":\"https:\\\/\\\/agradocosmetic.com\\\/bruma-facial-solar\\\/#primaryimage\",\"url\":\"https:\\\/\\\/agradocosmetic.com\\\/wp-content\\\/uploads\\\/2022\\\/05\\\/bruma-facial-solar-agrado-1.jpg\",\"contentUrl\":\"https:\\\/\\\/agradocosmetic.com\\\/wp-content\\\/uploads\\\/2022\\\/05\\\/bruma-facial-solar-agrado-1.jpg\",\"width\":1200,\"height\":800},{\"@type\":\"BreadcrumbList\",\"@id\":\"https:\\\/\\\/agradocosmetic.com\\\/bruma-facial-solar\\\/#breadcrumb\",\"itemListElement\":[{\"@type\":\"ListItem\",\"position\":1,\"name\":\"Portada\",\"item\":\"https:\\\/\\\/agradocosmetic.com\\\/\"},{\"@type\":\"ListItem\",\"position\":2,\"name\":\"Bruma Facial Solar: el imprescindible en tu bolso de este verano\"}]},{\"@type\":\"WebSite\",\"@id\":\"https:\\\/\\\/agradocosmetic.com\\\/#website\",\"url\":\"https:\\\/\\\/agradocosmetic.com\\\/\",\"name\":\"Agrado\",\"description\":\"Cosmetic\",\"publisher\":{\"@id\":\"https:\\\/\\\/agradocosmetic.com\\\/#organization\"},\"potentialAction\":[{\"@type\":\"SearchAction\",\"target\":{\"@type\":\"EntryPoint\",\"urlTemplate\":\"https:\\\/\\\/agradocosmetic.com\\\/?s={search_term_string}\"},\"query-input\":{\"@type\":\"PropertyValueSpecification\",\"valueRequired\":true,\"valueName\":\"search_term_string\"}}],\"inLanguage\":\"it-IT\"},{\"@type\":\"Organization\",\"@id\":\"https:\\\/\\\/agradocosmetic.com\\\/#organization\",\"name\":\"Agrado\",\"url\":\"https:\\\/\\\/agradocosmetic.com\\\/\",\"logo\":{\"@type\":\"ImageObject\",\"inLanguage\":\"it-IT\",\"@id\":\"https:\\\/\\\/agradocosmetic.com\\\/#\\\/schema\\\/logo\\\/image\\\/\",\"url\":\"https:\\\/\\\/agradocosmetic.com\\\/wp-content\\\/uploads\\\/2023\\\/07\\\/LOGO-AGRADO-WEB-01.png\",\"contentUrl\":\"https:\\\/\\\/agradocosmetic.com\\\/wp-content\\\/uploads\\\/2023\\\/07\\\/LOGO-AGRADO-WEB-01.png\",\"width\":1632,\"height\":300,\"caption\":\"Agrado\"},\"image\":{\"@id\":\"https:\\\/\\\/agradocosmetic.com\\\/#\\\/schema\\\/logo\\\/image\\\/\"}},{\"@type\":\"Person\",\"@id\":\"https:\\\/\\\/agradocosmetic.com\\\/#\\\/schema\\\/person\\\/732e8d396022e25f9340196f83d6789d\",\"name\":\"agradocosmetic\",\"image\":{\"@type\":\"ImageObject\",\"inLanguage\":\"it-IT\",\"@id\":\"https:\\\/\\\/secure.gravatar.com\\\/avatar\\\/c6003e45301182b7e125463fcbec403b1980909c12edf09098526b9a15e779c0?s=96&d=mm&r=g\",\"url\":\"https:\\\/\\\/secure.gravatar.com\\\/avatar\\\/c6003e45301182b7e125463fcbec403b1980909c12edf09098526b9a15e779c0?s=96&d=mm&r=g\",\"contentUrl\":\"https:\\\/\\\/secure.gravatar.com\\\/avatar\\\/c6003e45301182b7e125463fcbec403b1980909c12edf09098526b9a15e779c0?s=96&d=mm&r=g\",\"caption\":\"agradocosmetic\"}}]}<\/script>\n<!-- \/ Yoast SEO plugin. -->","yoast_head_json":{"title":"Bruma Facial Solar: el imprescindible en tu bolso de este verano - Agrado","description":"La Bruma Facial Solar de Agrado ser\u00e1 un a\u00f1o m\u00e1s el imprescindible en tu bolso de este verano. \u00a1El por qu\u00e9 te lo contamos en este post!","robots":{"index":"index","follow":"follow","max-snippet":"max-snippet:-1","max-image-preview":"max-image-preview:large","max-video-preview":"max-video-preview:-1"},"canonical":"https:\/\/agradocosmetic.com\/it\/bruma-facial-solar\/","og_locale":"it_IT","og_type":"article","og_title":"Bruma Facial Solar: el imprescindible en tu bolso de este verano - Agrado","og_description":"La Bruma Facial Solar de Agrado ser\u00e1 un a\u00f1o m\u00e1s el imprescindible en tu bolso de este verano. \u00a1El por qu\u00e9 te lo contamos en este post!","og_url":"https:\/\/agradocosmetic.com\/it\/bruma-facial-solar\/","og_site_name":"Agrado","article_published_time":"2022-05-27T08:18:13+00:00","article_modified_time":"2023-11-18T16:58:51+00:00","og_image":[{"width":1200,"height":800,"url":"https:\/\/agradocosmetic.com\/wp-content\/uploads\/2022\/05\/bruma-facial-solar-agrado-1.jpg","type":"image\/jpeg"}],"author":"agradocosmetic","twitter_card":"summary_large_image","twitter_misc":{"Scritto da":"agradocosmetic","Tempo di lettura stimato":"2 minuti"},"schema":{"@context":"https:\/\/schema.org","@graph":[{"@type":"Article","@id":"https:\/\/agradocosmetic.com\/bruma-facial-solar\/#article","isPartOf":{"@id":"https:\/\/agradocosmetic.com\/bruma-facial-solar\/"},"author":{"name":"agradocosmetic","@id":"https:\/\/agradocosmetic.com\/#\/schema\/person\/732e8d396022e25f9340196f83d6789d"},"headline":"Bruma Facial Solar: el imprescindible en tu bolso de este verano","datePublished":"2022-05-27T08:18:13+00:00","dateModified":"2023-11-18T16:58:51+00:00","mainEntityOfPage":{"@id":"https:\/\/agradocosmetic.com\/bruma-facial-solar\/"},"wordCount":422,"commentCount":0,"publisher":{"@id":"https:\/\/agradocosmetic.com\/#organization"},"image":{"@id":"https:\/\/agradocosmetic.com\/bruma-facial-solar\/#primaryimage"},"thumbnailUrl":"https:\/\/agradocosmetic.com\/wp-content\/uploads\/2022\/05\/bruma-facial-solar-agrado-1.jpg","keywords":["bruma facial solar","bruma solar","cuidado de la piel","proteccion solar","protectores solares","solar","solares"],"articleSection":["Solar","Todos"],"inLanguage":"it-IT","potentialAction":[{"@type":"CommentAction","name":"Comment","target":["https:\/\/agradocosmetic.com\/bruma-facial-solar\/#respond"]}]},{"@type":"WebPage","@id":"https:\/\/agradocosmetic.com\/bruma-facial-solar\/","url":"https:\/\/agradocosmetic.com\/bruma-facial-solar\/","name":"Bruma Facial Solar: el imprescindible en tu bolso de este verano - Agrado","isPartOf":{"@id":"https:\/\/agradocosmetic.com\/#website"},"primaryImageOfPage":{"@id":"https:\/\/agradocosmetic.com\/bruma-facial-solar\/#primaryimage"},"image":{"@id":"https:\/\/agradocosmetic.com\/bruma-facial-solar\/#primaryimage"},"thumbnailUrl":"https:\/\/agradocosmetic.com\/wp-content\/uploads\/2022\/05\/bruma-facial-solar-agrado-1.jpg","datePublished":"2022-05-27T08:18:13+00:00","dateModified":"2023-11-18T16:58:51+00:00","description":"La Bruma Facial Solar de Agrado ser\u00e1 un a\u00f1o m\u00e1s el imprescindible en tu bolso de este verano. \u00a1El por qu\u00e9 te lo contamos en este post!","breadcrumb":{"@id":"https:\/\/agradocosmetic.com\/bruma-facial-solar\/#breadcrumb"},"inLanguage":"it-IT","potentialAction":[{"@type":"ReadAction","target":["https:\/\/agradocosmetic.com\/bruma-facial-solar\/"]}]},{"@type":"ImageObject","inLanguage":"it-IT","@id":"https:\/\/agradocosmetic.com\/bruma-facial-solar\/#primaryimage","url":"https:\/\/agradocosmetic.com\/wp-content\/uploads\/2022\/05\/bruma-facial-solar-agrado-1.jpg","contentUrl":"https:\/\/agradocosmetic.com\/wp-content\/uploads\/2022\/05\/bruma-facial-solar-agrado-1.jpg","width":1200,"height":800},{"@type":"BreadcrumbList","@id":"https:\/\/agradocosmetic.com\/bruma-facial-solar\/#breadcrumb","itemListElement":[{"@type":"ListItem","position":1,"name":"Portada","item":"https:\/\/agradocosmetic.com\/"},{"@type":"ListItem","position":2,"name":"Bruma Facial Solar: el imprescindible en tu bolso de este verano"}]},{"@type":"WebSite","@id":"https:\/\/agradocosmetic.com\/#website","url":"https:\/\/agradocosmetic.com\/","name":"Mi piace","description":"cosmetico","publisher":{"@id":"https:\/\/agradocosmetic.com\/#organization"},"potentialAction":[{"@type":"SearchAction","target":{"@type":"EntryPoint","urlTemplate":"https:\/\/agradocosmetic.com\/?s={search_term_string}"},"query-input":{"@type":"PropertyValueSpecification","valueRequired":true,"valueName":"search_term_string"}}],"inLanguage":"it-IT"},{"@type":"Organization","@id":"https:\/\/agradocosmetic.com\/#organization","name":"Mi piace","url":"https:\/\/agradocosmetic.com\/","logo":{"@type":"ImageObject","inLanguage":"it-IT","@id":"https:\/\/agradocosmetic.com\/#\/schema\/logo\/image\/","url":"https:\/\/agradocosmetic.com\/wp-content\/uploads\/2023\/07\/LOGO-AGRADO-WEB-01.png","contentUrl":"https:\/\/agradocosmetic.com\/wp-content\/uploads\/2023\/07\/LOGO-AGRADO-WEB-01.png","width":1632,"height":300,"caption":"Agrado"},"image":{"@id":"https:\/\/agradocosmetic.com\/#\/schema\/logo\/image\/"}},{"@type":"Person","@id":"https:\/\/agradocosmetic.com\/#\/schema\/person\/732e8d396022e25f9340196f83d6789d","name":"agradocosmetico","image":{"@type":"ImageObject","inLanguage":"it-IT","@id":"https:\/\/secure.gravatar.com\/avatar\/c6003e45301182b7e125463fcbec403b1980909c12edf09098526b9a15e779c0?s=96&d=mm&r=g","url":"https:\/\/secure.gravatar.com\/avatar\/c6003e45301182b7e125463fcbec403b1980909c12edf09098526b9a15e779c0?s=96&d=mm&r=g","contentUrl":"https:\/\/secure.gravatar.com\/avatar\/c6003e45301182b7e125463fcbec403b1980909c12edf09098526b9a15e779c0?s=96&d=mm&r=g","caption":"agradocosmetic"}}]}},"_links":{"self":[{"href":"https:\/\/agradocosmetic.com\/it\/wp-json\/wp\/v2\/posts\/19718","targetHints":{"allow":["GET"]}}],"collection":[{"href":"https:\/\/agradocosmetic.com\/it\/wp-json\/wp\/v2\/posts"}],"about":[{"href":"https:\/\/agradocosmetic.com\/it\/wp-json\/wp\/v2\/types\/post"}],"author":[{"embeddable":true,"href":"https:\/\/agradocosmetic.com\/it\/wp-json\/wp\/v2\/users\/9"}],"replies":[{"embeddable":true,"href":"https:\/\/agradocosmetic.com\/it\/wp-json\/wp\/v2\/comments?post=19718"}],"version-history":[{"count":1,"href":"https:\/\/agradocosmetic.com\/it\/wp-json\/wp\/v2\/posts\/19718\/revisions"}],"predecessor-version":[{"id":21279,"href":"https:\/\/agradocosmetic.com\/it\/wp-json\/wp\/v2\/posts\/19718\/revisions\/21279"}],"wp:featuredmedia":[{"embeddable":true,"href":"https:\/\/agradocosmetic.com\/it\/wp-json\/wp\/v2\/media\/21278"}],"wp:attachment":[{"href":"https:\/\/agradocosmetic.com\/it\/wp-json\/wp\/v2\/media?parent=19718"}],"wp:term":[{"taxonomy":"category","embeddable":true,"href":"https:\/\/agradocosmetic.com\/it\/wp-json\/wp\/v2\/categories?post=19718"},{"taxonomy":"post_tag","embeddable":true,"href":"https:\/\/agradocosmetic.com\/it\/wp-json\/wp\/v2\/tags?post=19718"}],"curies":[{"name":"parola chiave","href":"https:\/\/api.w.org\/{rel}","templated":true}]}}