{"id":19767,"date":"2022-06-10T12:11:03","date_gmt":"2022-06-10T11:11:03","guid":{"rendered":"https:\/\/www.agradocosmetic.com\/?p=19767"},"modified":"2023-11-18T16:58:51","modified_gmt":"2023-11-18T16:58:51","slug":"cada-cuanto-aplicar-la-crema-de-proteccion-solar","status":"publish","type":"post","link":"https:\/\/agradocosmetic.com\/it\/cada-cuanto-aplicar-la-crema-de-proteccion-solar\/","title":{"rendered":"Quanto spesso dovrei riapplicare la protezione solare?"},"content":{"rendered":"<p>D&#039;estate abbiamo voglia di divertirci e di stare sotto il sole, per\u00f2 non dobbiamo dimenticare di proteggere costantemente la nostra pelle. L&#039;uso della crema solare dovrebbe essere un passaggio obbligato nella nostra routine di bellezza per prenderci cura della nostra pelle a breve e lungo termine. Ma non basta semplicemente usarlo, bisogna applicarlo correttamente e riapplicarlo durante la giornata perch\u00e9 il suo effetto sia efficace. Ti diciamo come!<\/p>\r\n\r\n\r\n\r\n<p>Il sole \u00e8 una delle principali cause dell&#039;invecchiamento precoce della pelle, delle macchie e delle scottature e, nel peggiore dei casi, del melanoma. Per questa ragione,<strong> \u00c8 estremamente importante applicare la protezione solare tutti i giorni dell&#039;anno.<\/strong>. Inoltre, quando l\u2019esposizione al sole \u00e8 prolungata, dobbiamo utilizzare nuovamente la protezione solare. E, anche se lo ripetiamo a destra e a manca, questo \u00e8 uno degli errori pi\u00f9 comuni nell\u2019uso dell\u2019SPF.<\/p>\r\n\r\n\r\n\r\n<p>Prima di tutto, devi sapere che la maggior parte dei filtri solari non hanno un effetto immediato, quindi dovresti metterli dai 20 ai 30 minuti prima di uscire di casa in modo che la tua pelle assorba il prodotto e sia efficace. Da ora in poi, <strong>Se sei costantemente esposto al sole, dovresti riapplicare la protezione ogni 2 ore.<\/strong> Anche quando esci dall&#039;acqua (s\u00ec, anche se la tua crema solare \u00e8 waterproof). In questo modo la tua pelle sar\u00e0 sempre protetta!\u00a0<\/p>\r\n\r\n\r\n\r\n<p>Inoltre \u00e8 necessario tenere conto anche di altri fattori, come le aree di applicazione e la quantit\u00e0 di prodotto. Assicurati di coprire generosamente e uniformemente tutte le parti del corpo che saranno esposte al sole con la crema; senza dimenticare le orecchie, il collo, i piedi o le mani. Ricorda, la prevenzione non fa mai male, quindi non aver paura di esagerare con il protettore!\u00a0<\/p>\r\n\r\n\r\n\r\n<p>Finalmente,<strong> Gli esperti consigliano di optare per una protezione solare per il corpo e un&#039;altra specifica per il viso.<\/strong> con fattore di protezione 30 o superiore, resistente all&#039;acqua e protettivo dai raggi UVA e UVB. Se ti piacciono le creme solari spray, devi provare le <a href=\"https:\/\/agradocosmetic.com\/it\/producto\/bruma-seca-solar-spf-30-aerosol\/\"><strong>Agrado Nebbia solare secca SPF30<\/strong><\/a> che ha una texture leggera dal tocco asciutto e una finitura invisibile. Perfetto da applicare su tutto il corpo, si assorbe rapidamente e resiste all&#039;acqua. Ha tutto! La sua versione per il viso, <a href=\"https:\/\/agradocosmetic.com\/it\/producto\/bruma-facial-solar-spf50\/\"><strong>Spray Viso Solare SPF50+<\/strong><\/a> \u00c8 uno dei nostri elementi essenziali per l&#039;estate. Grazie al suo comodo formato, puoi portarlo sempre con te per riapplicarlo quando hai bisogno della tua dose extra di protezione.<\/p>\r\n\r\n\r\n\r\n<p>Un&#039;altra opzione ideale per le giornate in spiaggia e in piscina sono gli oli solari. Lui <a href=\"https:\/\/agradocosmetic.com\/it\/producto\/aceite-protector-solar-spf20\/\"><strong>Olio solare Agrado SPF20<\/strong><\/a> Contiene principi attivi idratanti che accelerano l&#039;abbronzatura proteggendo la pelle. Il suo profumo delizioso ti far\u00e0 innamorare! Ma se quello che preferisci \u00e8 il formato tradizionale, quello tradizionale, ad Agrado puoi trovare creme solari di diversi fattori e in vari formati, come <a href=\"https:\/\/agradocosmetic.com\/it\/producto\/crema-solar-spf30\/\"><strong>Crema solare SPF30<\/strong><\/a>. Infine, per prendersi cura della pelle dei pi\u00f9 piccoli, il<a href=\"https:\/\/agradocosmetic.com\/it\/producto\/locion-solar-kids-pieles-sensibles-spf50\/\"><strong> Lozione solare per bambini per pelli sensibili SPF50+<\/strong><\/a> Non pu\u00f2 mancare nel tuo beauty case. La sua applicazione con una pistola a spruzzo e il suo rapido assorbimento renderanno la riapplicazione della protezione solare pi\u00f9 semplice che mai. \ud83d\ude09<br \/><br \/>Ora che sai quanto spesso riapplicare la protezione solare e conosci i migliori consigli per goderti il sole in modo sano, <strong>Vivi al massimo l&#039;estate con Agrado Cosmetic!\u00a0<\/strong><\/p>","protected":false},"excerpt":{"rendered":"<p>En verano queremos divertirnos y disfrutar bajo el sol, sin embargo, no debemos olvidarnos de proteger nuestra piel de manera constante. Utilizar crema de protecci\u00f3n solar debe ser un paso obligatorio en nuestra rutina de belleza para cuidar de la piel a corto y largo plazo. Pero adem\u00e1s, no basta simplemente con usarla, tienes que [&hellip;]<\/p>\n","protected":false},"author":9,"featured_media":21276,"comment_status":"open","ping_status":"closed","sticky":false,"template":"","format":"standard","meta":{"footnotes":"","_wp_rev_ctl_limit":""},"categories":[116,1],"tags":[406,289,348,317,407,408],"class_list":["post-19767","post","type-post","status-publish","format-standard","has-post-thumbnail","hentry","category-solar","category-todos","tag-crema-de-proteccion-solar","tag-cuidado-de-la-piel","tag-fotoprotectores","tag-proteccion-solar","tag-reaplicacion-crema-solar","tag-spray-solar"],"yoast_head":"<!-- This site is optimized with the Yoast SEO plugin v27.4 - https:\/\/yoast.com\/product\/yoast-seo-wordpress\/ -->\n<title>\u00bfCada cu\u00e1nto debo reaplicar la crema de protecci\u00f3n solar? - Agrado<\/title>\n<meta name=\"description\" content=\"\u00bfSabes cada cu\u00e1nto debes reaplicar tu crema de protecci\u00f3n solar? Te contamos todo lo que debes saber para proteger tu piel este verano.\" \/>\n<meta name=\"robots\" content=\"index, follow, max-snippet:-1, max-image-preview:large, max-video-preview:-1\" \/>\n<link rel=\"canonical\" href=\"https:\/\/agradocosmetic.com\/it\/cada-cuanto-aplicar-la-crema-de-proteccion-solar\/\" \/>\n<meta property=\"og:locale\" content=\"it_IT\" \/>\n<meta property=\"og:type\" content=\"article\" \/>\n<meta property=\"og:title\" content=\"\u00bfCada cu\u00e1nto debo reaplicar la crema de protecci\u00f3n solar? - Agrado\" \/>\n<meta property=\"og:description\" content=\"\u00bfSabes cada cu\u00e1nto debes reaplicar tu crema de protecci\u00f3n solar? Te contamos todo lo que debes saber para proteger tu piel este verano.\" \/>\n<meta property=\"og:url\" content=\"https:\/\/agradocosmetic.com\/it\/cada-cuanto-aplicar-la-crema-de-proteccion-solar\/\" \/>\n<meta property=\"og:site_name\" content=\"Agrado\" \/>\n<meta property=\"article:published_time\" content=\"2022-06-10T11:11:03+00:00\" \/>\n<meta property=\"article:modified_time\" content=\"2023-11-18T16:58:51+00:00\" \/>\n<meta property=\"og:image\" content=\"https:\/\/agradocosmetic.com\/wp-content\/uploads\/2022\/06\/crema-de-proteccion-solar-agrado.jpg\" \/>\n\t<meta property=\"og:image:width\" content=\"1200\" \/>\n\t<meta property=\"og:image:height\" content=\"800\" \/>\n\t<meta property=\"og:image:type\" content=\"image\/jpeg\" \/>\n<meta name=\"author\" content=\"agradocosmetic\" \/>\n<meta name=\"twitter:card\" content=\"summary_large_image\" \/>\n<meta name=\"twitter:label1\" content=\"Scritto da\" \/>\n\t<meta name=\"twitter:data1\" content=\"agradocosmetic\" \/>\n\t<meta name=\"twitter:label2\" content=\"Tempo di lettura stimato\" \/>\n\t<meta name=\"twitter:data2\" content=\"3 minuti\" \/>\n<script type=\"application\/ld+json\" class=\"yoast-schema-graph\">{\"@context\":\"https:\\\/\\\/schema.org\",\"@graph\":[{\"@type\":\"Article\",\"@id\":\"https:\\\/\\\/agradocosmetic.com\\\/cada-cuanto-aplicar-la-crema-de-proteccion-solar\\\/#article\",\"isPartOf\":{\"@id\":\"https:\\\/\\\/agradocosmetic.com\\\/cada-cuanto-aplicar-la-crema-de-proteccion-solar\\\/\"},\"author\":{\"name\":\"agradocosmetic\",\"@id\":\"https:\\\/\\\/agradocosmetic.com\\\/#\\\/schema\\\/person\\\/732e8d396022e25f9340196f83d6789d\"},\"headline\":\"\u00bfCada cu\u00e1nto debo reaplicar la crema de protecci\u00f3n solar?\",\"datePublished\":\"2022-06-10T11:11:03+00:00\",\"dateModified\":\"2023-11-18T16:58:51+00:00\",\"mainEntityOfPage\":{\"@id\":\"https:\\\/\\\/agradocosmetic.com\\\/cada-cuanto-aplicar-la-crema-de-proteccion-solar\\\/\"},\"wordCount\":616,\"commentCount\":0,\"publisher\":{\"@id\":\"https:\\\/\\\/agradocosmetic.com\\\/#organization\"},\"image\":{\"@id\":\"https:\\\/\\\/agradocosmetic.com\\\/cada-cuanto-aplicar-la-crema-de-proteccion-solar\\\/#primaryimage\"},\"thumbnailUrl\":\"https:\\\/\\\/agradocosmetic.com\\\/wp-content\\\/uploads\\\/2022\\\/06\\\/crema-de-proteccion-solar-agrado.jpg\",\"keywords\":[\"crema de protecci\u00f3n solar\",\"cuidado de la piel\",\"fotoprotectores\",\"proteccion solar\",\"reaplicaci\u00f3n crema solar\",\"spray solar\"],\"articleSection\":[\"Solar\",\"Todos\"],\"inLanguage\":\"it-IT\",\"potentialAction\":[{\"@type\":\"CommentAction\",\"name\":\"Comment\",\"target\":[\"https:\\\/\\\/agradocosmetic.com\\\/cada-cuanto-aplicar-la-crema-de-proteccion-solar\\\/#respond\"]}]},{\"@type\":\"WebPage\",\"@id\":\"https:\\\/\\\/agradocosmetic.com\\\/cada-cuanto-aplicar-la-crema-de-proteccion-solar\\\/\",\"url\":\"https:\\\/\\\/agradocosmetic.com\\\/cada-cuanto-aplicar-la-crema-de-proteccion-solar\\\/\",\"name\":\"\u00bfCada cu\u00e1nto debo reaplicar la crema de protecci\u00f3n solar? - Agrado\",\"isPartOf\":{\"@id\":\"https:\\\/\\\/agradocosmetic.com\\\/#website\"},\"primaryImageOfPage\":{\"@id\":\"https:\\\/\\\/agradocosmetic.com\\\/cada-cuanto-aplicar-la-crema-de-proteccion-solar\\\/#primaryimage\"},\"image\":{\"@id\":\"https:\\\/\\\/agradocosmetic.com\\\/cada-cuanto-aplicar-la-crema-de-proteccion-solar\\\/#primaryimage\"},\"thumbnailUrl\":\"https:\\\/\\\/agradocosmetic.com\\\/wp-content\\\/uploads\\\/2022\\\/06\\\/crema-de-proteccion-solar-agrado.jpg\",\"datePublished\":\"2022-06-10T11:11:03+00:00\",\"dateModified\":\"2023-11-18T16:58:51+00:00\",\"description\":\"\u00bfSabes cada cu\u00e1nto debes reaplicar tu crema de protecci\u00f3n solar? Te contamos todo lo que debes saber para proteger tu piel este verano.\",\"breadcrumb\":{\"@id\":\"https:\\\/\\\/agradocosmetic.com\\\/cada-cuanto-aplicar-la-crema-de-proteccion-solar\\\/#breadcrumb\"},\"inLanguage\":\"it-IT\",\"potentialAction\":[{\"@type\":\"ReadAction\",\"target\":[\"https:\\\/\\\/agradocosmetic.com\\\/cada-cuanto-aplicar-la-crema-de-proteccion-solar\\\/\"]}]},{\"@type\":\"ImageObject\",\"inLanguage\":\"it-IT\",\"@id\":\"https:\\\/\\\/agradocosmetic.com\\\/cada-cuanto-aplicar-la-crema-de-proteccion-solar\\\/#primaryimage\",\"url\":\"https:\\\/\\\/agradocosmetic.com\\\/wp-content\\\/uploads\\\/2022\\\/06\\\/crema-de-proteccion-solar-agrado.jpg\",\"contentUrl\":\"https:\\\/\\\/agradocosmetic.com\\\/wp-content\\\/uploads\\\/2022\\\/06\\\/crema-de-proteccion-solar-agrado.jpg\",\"width\":1200,\"height\":800},{\"@type\":\"BreadcrumbList\",\"@id\":\"https:\\\/\\\/agradocosmetic.com\\\/cada-cuanto-aplicar-la-crema-de-proteccion-solar\\\/#breadcrumb\",\"itemListElement\":[{\"@type\":\"ListItem\",\"position\":1,\"name\":\"Portada\",\"item\":\"https:\\\/\\\/agradocosmetic.com\\\/\"},{\"@type\":\"ListItem\",\"position\":2,\"name\":\"\u00bfCada cu\u00e1nto debo reaplicar la crema de protecci\u00f3n solar?\"}]},{\"@type\":\"WebSite\",\"@id\":\"https:\\\/\\\/agradocosmetic.com\\\/#website\",\"url\":\"https:\\\/\\\/agradocosmetic.com\\\/\",\"name\":\"Agrado\",\"description\":\"Cosmetic\",\"publisher\":{\"@id\":\"https:\\\/\\\/agradocosmetic.com\\\/#organization\"},\"potentialAction\":[{\"@type\":\"SearchAction\",\"target\":{\"@type\":\"EntryPoint\",\"urlTemplate\":\"https:\\\/\\\/agradocosmetic.com\\\/?s={search_term_string}\"},\"query-input\":{\"@type\":\"PropertyValueSpecification\",\"valueRequired\":true,\"valueName\":\"search_term_string\"}}],\"inLanguage\":\"it-IT\"},{\"@type\":\"Organization\",\"@id\":\"https:\\\/\\\/agradocosmetic.com\\\/#organization\",\"name\":\"Agrado\",\"url\":\"https:\\\/\\\/agradocosmetic.com\\\/\",\"logo\":{\"@type\":\"ImageObject\",\"inLanguage\":\"it-IT\",\"@id\":\"https:\\\/\\\/agradocosmetic.com\\\/#\\\/schema\\\/logo\\\/image\\\/\",\"url\":\"https:\\\/\\\/agradocosmetic.com\\\/wp-content\\\/uploads\\\/2023\\\/07\\\/LOGO-AGRADO-WEB-01.png\",\"contentUrl\":\"https:\\\/\\\/agradocosmetic.com\\\/wp-content\\\/uploads\\\/2023\\\/07\\\/LOGO-AGRADO-WEB-01.png\",\"width\":1632,\"height\":300,\"caption\":\"Agrado\"},\"image\":{\"@id\":\"https:\\\/\\\/agradocosmetic.com\\\/#\\\/schema\\\/logo\\\/image\\\/\"}},{\"@type\":\"Person\",\"@id\":\"https:\\\/\\\/agradocosmetic.com\\\/#\\\/schema\\\/person\\\/732e8d396022e25f9340196f83d6789d\",\"name\":\"agradocosmetic\",\"image\":{\"@type\":\"ImageObject\",\"inLanguage\":\"it-IT\",\"@id\":\"https:\\\/\\\/secure.gravatar.com\\\/avatar\\\/c6003e45301182b7e125463fcbec403b1980909c12edf09098526b9a15e779c0?s=96&d=mm&r=g\",\"url\":\"https:\\\/\\\/secure.gravatar.com\\\/avatar\\\/c6003e45301182b7e125463fcbec403b1980909c12edf09098526b9a15e779c0?s=96&d=mm&r=g\",\"contentUrl\":\"https:\\\/\\\/secure.gravatar.com\\\/avatar\\\/c6003e45301182b7e125463fcbec403b1980909c12edf09098526b9a15e779c0?s=96&d=mm&r=g\",\"caption\":\"agradocosmetic\"}}]}<\/script>\n<!-- \/ Yoast SEO plugin. -->","yoast_head_json":{"title":"\u00bfCada cu\u00e1nto debo reaplicar la crema de protecci\u00f3n solar? - Agrado","description":"\u00bfSabes cada cu\u00e1nto debes reaplicar tu crema de protecci\u00f3n solar? Te contamos todo lo que debes saber para proteger tu piel este verano.","robots":{"index":"index","follow":"follow","max-snippet":"max-snippet:-1","max-image-preview":"max-image-preview:large","max-video-preview":"max-video-preview:-1"},"canonical":"https:\/\/agradocosmetic.com\/it\/cada-cuanto-aplicar-la-crema-de-proteccion-solar\/","og_locale":"it_IT","og_type":"article","og_title":"\u00bfCada cu\u00e1nto debo reaplicar la crema de protecci\u00f3n solar? - Agrado","og_description":"\u00bfSabes cada cu\u00e1nto debes reaplicar tu crema de protecci\u00f3n solar? Te contamos todo lo que debes saber para proteger tu piel este verano.","og_url":"https:\/\/agradocosmetic.com\/it\/cada-cuanto-aplicar-la-crema-de-proteccion-solar\/","og_site_name":"Agrado","article_published_time":"2022-06-10T11:11:03+00:00","article_modified_time":"2023-11-18T16:58:51+00:00","og_image":[{"width":1200,"height":800,"url":"https:\/\/agradocosmetic.com\/wp-content\/uploads\/2022\/06\/crema-de-proteccion-solar-agrado.jpg","type":"image\/jpeg"}],"author":"agradocosmetic","twitter_card":"summary_large_image","twitter_misc":{"Scritto da":"agradocosmetic","Tempo di lettura stimato":"3 minuti"},"schema":{"@context":"https:\/\/schema.org","@graph":[{"@type":"Article","@id":"https:\/\/agradocosmetic.com\/cada-cuanto-aplicar-la-crema-de-proteccion-solar\/#article","isPartOf":{"@id":"https:\/\/agradocosmetic.com\/cada-cuanto-aplicar-la-crema-de-proteccion-solar\/"},"author":{"name":"agradocosmetic","@id":"https:\/\/agradocosmetic.com\/#\/schema\/person\/732e8d396022e25f9340196f83d6789d"},"headline":"\u00bfCada cu\u00e1nto debo reaplicar la crema de protecci\u00f3n solar?","datePublished":"2022-06-10T11:11:03+00:00","dateModified":"2023-11-18T16:58:51+00:00","mainEntityOfPage":{"@id":"https:\/\/agradocosmetic.com\/cada-cuanto-aplicar-la-crema-de-proteccion-solar\/"},"wordCount":616,"commentCount":0,"publisher":{"@id":"https:\/\/agradocosmetic.com\/#organization"},"image":{"@id":"https:\/\/agradocosmetic.com\/cada-cuanto-aplicar-la-crema-de-proteccion-solar\/#primaryimage"},"thumbnailUrl":"https:\/\/agradocosmetic.com\/wp-content\/uploads\/2022\/06\/crema-de-proteccion-solar-agrado.jpg","keywords":["crema de protecci\u00f3n solar","cuidado de la piel","fotoprotectores","proteccion solar","reaplicaci\u00f3n crema solar","spray solar"],"articleSection":["Solar","Todos"],"inLanguage":"it-IT","potentialAction":[{"@type":"CommentAction","name":"Comment","target":["https:\/\/agradocosmetic.com\/cada-cuanto-aplicar-la-crema-de-proteccion-solar\/#respond"]}]},{"@type":"WebPage","@id":"https:\/\/agradocosmetic.com\/cada-cuanto-aplicar-la-crema-de-proteccion-solar\/","url":"https:\/\/agradocosmetic.com\/cada-cuanto-aplicar-la-crema-de-proteccion-solar\/","name":"\u00bfCada cu\u00e1nto debo reaplicar la crema de protecci\u00f3n solar? - Agrado","isPartOf":{"@id":"https:\/\/agradocosmetic.com\/#website"},"primaryImageOfPage":{"@id":"https:\/\/agradocosmetic.com\/cada-cuanto-aplicar-la-crema-de-proteccion-solar\/#primaryimage"},"image":{"@id":"https:\/\/agradocosmetic.com\/cada-cuanto-aplicar-la-crema-de-proteccion-solar\/#primaryimage"},"thumbnailUrl":"https:\/\/agradocosmetic.com\/wp-content\/uploads\/2022\/06\/crema-de-proteccion-solar-agrado.jpg","datePublished":"2022-06-10T11:11:03+00:00","dateModified":"2023-11-18T16:58:51+00:00","description":"\u00bfSabes cada cu\u00e1nto debes reaplicar tu crema de protecci\u00f3n solar? Te contamos todo lo que debes saber para proteger tu piel este verano.","breadcrumb":{"@id":"https:\/\/agradocosmetic.com\/cada-cuanto-aplicar-la-crema-de-proteccion-solar\/#breadcrumb"},"inLanguage":"it-IT","potentialAction":[{"@type":"ReadAction","target":["https:\/\/agradocosmetic.com\/cada-cuanto-aplicar-la-crema-de-proteccion-solar\/"]}]},{"@type":"ImageObject","inLanguage":"it-IT","@id":"https:\/\/agradocosmetic.com\/cada-cuanto-aplicar-la-crema-de-proteccion-solar\/#primaryimage","url":"https:\/\/agradocosmetic.com\/wp-content\/uploads\/2022\/06\/crema-de-proteccion-solar-agrado.jpg","contentUrl":"https:\/\/agradocosmetic.com\/wp-content\/uploads\/2022\/06\/crema-de-proteccion-solar-agrado.jpg","width":1200,"height":800},{"@type":"BreadcrumbList","@id":"https:\/\/agradocosmetic.com\/cada-cuanto-aplicar-la-crema-de-proteccion-solar\/#breadcrumb","itemListElement":[{"@type":"ListItem","position":1,"name":"Portada","item":"https:\/\/agradocosmetic.com\/"},{"@type":"ListItem","position":2,"name":"\u00bfCada cu\u00e1nto debo reaplicar la crema de protecci\u00f3n solar?"}]},{"@type":"WebSite","@id":"https:\/\/agradocosmetic.com\/#website","url":"https:\/\/agradocosmetic.com\/","name":"Mi piace","description":"cosmetico","publisher":{"@id":"https:\/\/agradocosmetic.com\/#organization"},"potentialAction":[{"@type":"SearchAction","target":{"@type":"EntryPoint","urlTemplate":"https:\/\/agradocosmetic.com\/?s={search_term_string}"},"query-input":{"@type":"PropertyValueSpecification","valueRequired":true,"valueName":"search_term_string"}}],"inLanguage":"it-IT"},{"@type":"Organization","@id":"https:\/\/agradocosmetic.com\/#organization","name":"Mi piace","url":"https:\/\/agradocosmetic.com\/","logo":{"@type":"ImageObject","inLanguage":"it-IT","@id":"https:\/\/agradocosmetic.com\/#\/schema\/logo\/image\/","url":"https:\/\/agradocosmetic.com\/wp-content\/uploads\/2023\/07\/LOGO-AGRADO-WEB-01.png","contentUrl":"https:\/\/agradocosmetic.com\/wp-content\/uploads\/2023\/07\/LOGO-AGRADO-WEB-01.png","width":1632,"height":300,"caption":"Agrado"},"image":{"@id":"https:\/\/agradocosmetic.com\/#\/schema\/logo\/image\/"}},{"@type":"Person","@id":"https:\/\/agradocosmetic.com\/#\/schema\/person\/732e8d396022e25f9340196f83d6789d","name":"agradocosmetico","image":{"@type":"ImageObject","inLanguage":"it-IT","@id":"https:\/\/secure.gravatar.com\/avatar\/c6003e45301182b7e125463fcbec403b1980909c12edf09098526b9a15e779c0?s=96&d=mm&r=g","url":"https:\/\/secure.gravatar.com\/avatar\/c6003e45301182b7e125463fcbec403b1980909c12edf09098526b9a15e779c0?s=96&d=mm&r=g","contentUrl":"https:\/\/secure.gravatar.com\/avatar\/c6003e45301182b7e125463fcbec403b1980909c12edf09098526b9a15e779c0?s=96&d=mm&r=g","caption":"agradocosmetic"}}]}},"_links":{"self":[{"href":"https:\/\/agradocosmetic.com\/it\/wp-json\/wp\/v2\/posts\/19767","targetHints":{"allow":["GET"]}}],"collection":[{"href":"https:\/\/agradocosmetic.com\/it\/wp-json\/wp\/v2\/posts"}],"about":[{"href":"https:\/\/agradocosmetic.com\/it\/wp-json\/wp\/v2\/types\/post"}],"author":[{"embeddable":true,"href":"https:\/\/agradocosmetic.com\/it\/wp-json\/wp\/v2\/users\/9"}],"replies":[{"embeddable":true,"href":"https:\/\/agradocosmetic.com\/it\/wp-json\/wp\/v2\/comments?post=19767"}],"version-history":[{"count":2,"href":"https:\/\/agradocosmetic.com\/it\/wp-json\/wp\/v2\/posts\/19767\/revisions"}],"predecessor-version":[{"id":21277,"href":"https:\/\/agradocosmetic.com\/it\/wp-json\/wp\/v2\/posts\/19767\/revisions\/21277"}],"wp:featuredmedia":[{"embeddable":true,"href":"https:\/\/agradocosmetic.com\/it\/wp-json\/wp\/v2\/media\/21276"}],"wp:attachment":[{"href":"https:\/\/agradocosmetic.com\/it\/wp-json\/wp\/v2\/media?parent=19767"}],"wp:term":[{"taxonomy":"category","embeddable":true,"href":"https:\/\/agradocosmetic.com\/it\/wp-json\/wp\/v2\/categories?post=19767"},{"taxonomy":"post_tag","embeddable":true,"href":"https:\/\/agradocosmetic.com\/it\/wp-json\/wp\/v2\/tags?post=19767"}],"curies":[{"name":"parola chiave","href":"https:\/\/api.w.org\/{rel}","templated":true}]}}