{"id":19792,"date":"2022-06-22T12:29:29","date_gmt":"2022-06-22T11:29:29","guid":{"rendered":"https:\/\/www.agradocosmetic.com\/?p=19792"},"modified":"2023-11-18T16:58:50","modified_gmt":"2023-11-18T16:58:50","slug":"la-importancia-de-usar-aftersun","status":"publish","type":"post","link":"https:\/\/agradocosmetic.com\/it\/la-importancia-de-usar-aftersun\/","title":{"rendered":"L&#039;importanza dell&#039;utilizzo del Doposole"},"content":{"rendered":"<p>Siamo tutti esperti di protezione solare, siamo consapevoli addirittura di usarla durante tutto l&#039;anno. A volte, per\u00f2, dimentichiamo l&#039;ultimo passaggio del rituale: utilizzare Aftersun dopo aver preso il sole. Spieghiamo a cosa serve questo super prodotto e consigliamo i migliori per idratare la pelle e prolungare quell&#039;abbronzatura bella e sana che tutte noi desideriamo. Prendi nota!<\/p>\r\n\r\n\r\n\r\n<p>Prima di tutto, devi saperlo <strong>Il doposole non \u00e8 la stessa cosa di una crema idratante<\/strong>, poich\u00e9 non ha le stesse propriet\u00e0 n\u00e9 svolge le stesse funzioni. Questo prodotto rinfresca la nostra pelle, la idrata e la ricostruisce dopo l&#039;esposizione al sole e, inoltre, mantiene il tono abbronzato molto pi\u00f9 a lungo. Andiamo, ha tutto!<\/p>\r\n\r\n\r\n\r\n<p>Come ben sapete, i raggi UV provocano la perdita di acqua nella nostra pelle e, di conseguenza, tensione e bruciore. <strong>Utilizzando il doposole facciamo s\u00ec che la pelle recuperi la sua idratazione, riduca l&#039;infiammazione e si ripari dai danni ossidativi del sole.<\/strong> Se non l&#039;hai ancora fatto, ti invitiamo a provare il <a href=\"https:\/\/agradocosmetic.com\/it\/producto\/after-sun-locion-hidrocalmante-aerosol\/\">Lozione Doposole Idrocalmante di AGRADO<\/a>, un&#039;emulsione ad effetto calmante in formato spray. Dalla texture leggera e di rapido assorbimento, \u00e8 ideale da applicare dopo l&#039;esposizione al sole, poich\u00e9 la sua formula dall&#039;effetto rinfrescante aiuta ad alleviare irritazioni e bruciore. L&#039;alleato perfetto per proteggere e lenire la pelle!<\/p>\r\n\r\n\r\n\r\n<p>D&#039;altra parte, vale la pena sottolinearlo<strong> I doposole sono un vero e proprio rinfrescante per la pelle, poich\u00e9 possono ridurre la temperatura corporea fino a 3 gradi.<\/strong>, che dopo l&#039;esposizione al sole \u00e8 solitamente molto elevata. Lui <a href=\"https:\/\/agradocosmetic.com\/it\/producto\/after-sun-hidragel-aloe-vera\/\">AGRADO Aloe Vera Gel Doposole<\/a> \u00c8 un idratante a rapido assorbimento che lenisce la pelle dopo il sole. Grazie alla sua composizione, con estratto naturale di aloe vera 100% e glicerina, noterai un sollievo immediato, sentendo la freschezza e l&#039;idratazione di cui la tua pelle ha bisogno dopo un bagno di sole. Il miglior consiglio? Conservatelo in frigorifero e l&#039;effetto sar\u00e0 ancora pi\u00f9 rinfrescante.\u00a0<\/p>\r\n\r\n\r\n\r\n<p>Infine, sai come applicarlo correttamente? \u00c8 molto semplice. <strong>Dopo aver preso il sole, con la pelle pulita e dopo una doccia calda, applicare il doposole su tutto il corpo e sul viso.<\/strong>. La sua formula verr\u00e0 assorbita rapidamente, lasciandoti una piacevolissima sensazione di freschezza. Dovresti applicarlo tutti i giorni dopo l&#039;esposizione al sole, ma se vuoi anche prolungare il tuo tono dorato, non lasciarlo sullo scaffale. Il doposole contiene pigmenti che colorano lo strato superficiale, attivando la melanina protettiva e prolungando l&#039;effetto dorato per altre due settimane. Quindi ora lo sai, continua a usarlo dopo le vacanze in modo che la tua pelle rimanga molto pi\u00f9 luminosa e abbronzata.\u00a0<\/p>\r\n\r\n\r\n\r\n<p>Se ancora non avete dato abbastanza importanza ad Afersun, ora non avete pi\u00f9 scuse. <strong>Applicalo dopo l&#039;esposizione al sole e sfoggia un&#039;abbronzatura sana e bella con Agrado Cosmetic!<\/strong><\/p>","protected":false},"excerpt":{"rendered":"<p>Ya somos todas unas expertas en protecci\u00f3n solar, incluso estamos concienciadas de utilizarla durante todo el a\u00f1o. Sin embargo, a veces se nos olvida el \u00faltimo paso del ritual: usar Aftersun tras el ba\u00f1o de sol. Te explicamos para qu\u00e9 sirve este s\u00faper producto y te recomendamos los mejores para hidratar tu piel y prolongar [&hellip;]<\/p>\n","protected":false},"author":9,"featured_media":21273,"comment_status":"open","ping_status":"closed","sticky":false,"template":"","format":"standard","meta":{"footnotes":"","_wp_rev_ctl_limit":""},"categories":[116,1],"tags":[271,409,289,205,317,410,229,411],"class_list":["post-19792","post","type-post","status-publish","format-standard","has-post-thumbnail","hentry","category-solar","category-todos","tag-aftersun","tag-bronceado-saludable","tag-cuidado-de-la-piel","tag-hidratacion","tag-proteccion-solar","tag-protector-solar","tag-solares","tag-usar-aftersun"],"yoast_head":"<!-- This site is optimized with the Yoast SEO plugin v27.4 - https:\/\/yoast.com\/product\/yoast-seo-wordpress\/ -->\n<title>La importancia de usar Aftersun - Agrado<\/title>\n<meta name=\"description\" content=\"Calmar nuestra piel con aftersun tras la exposici\u00f3n solar es muy importante para protegerla. \u00bfSabes por qu\u00e9? \u00a1Te contamos lo contamos aqu\u00ed!\" \/>\n<meta name=\"robots\" content=\"index, follow, max-snippet:-1, max-image-preview:large, max-video-preview:-1\" \/>\n<link rel=\"canonical\" href=\"https:\/\/agradocosmetic.com\/it\/la-importancia-de-usar-aftersun\/\" \/>\n<meta property=\"og:locale\" content=\"it_IT\" \/>\n<meta property=\"og:type\" content=\"article\" \/>\n<meta property=\"og:title\" content=\"La importancia de usar Aftersun - Agrado\" \/>\n<meta property=\"og:description\" content=\"Calmar nuestra piel con aftersun tras la exposici\u00f3n solar es muy importante para protegerla. \u00bfSabes por qu\u00e9? \u00a1Te contamos lo contamos aqu\u00ed!\" \/>\n<meta property=\"og:url\" content=\"https:\/\/agradocosmetic.com\/it\/la-importancia-de-usar-aftersun\/\" \/>\n<meta property=\"og:site_name\" content=\"Agrado\" \/>\n<meta property=\"article:published_time\" content=\"2022-06-22T11:29:29+00:00\" \/>\n<meta property=\"article:modified_time\" content=\"2023-11-18T16:58:50+00:00\" \/>\n<meta property=\"og:image\" content=\"https:\/\/agradocosmetic.com\/wp-content\/uploads\/2022\/06\/aftersun-agrado.jpg\" \/>\n\t<meta property=\"og:image:width\" content=\"1200\" \/>\n\t<meta property=\"og:image:height\" content=\"800\" \/>\n\t<meta property=\"og:image:type\" content=\"image\/jpeg\" \/>\n<meta name=\"author\" content=\"agradocosmetic\" \/>\n<meta name=\"twitter:card\" content=\"summary_large_image\" \/>\n<meta name=\"twitter:label1\" content=\"Scritto da\" \/>\n\t<meta name=\"twitter:data1\" content=\"agradocosmetic\" \/>\n\t<meta name=\"twitter:label2\" content=\"Tempo di lettura stimato\" \/>\n\t<meta name=\"twitter:data2\" content=\"3 minuti\" \/>\n<script type=\"application\/ld+json\" class=\"yoast-schema-graph\">{\"@context\":\"https:\\\/\\\/schema.org\",\"@graph\":[{\"@type\":\"Article\",\"@id\":\"https:\\\/\\\/agradocosmetic.com\\\/la-importancia-de-usar-aftersun\\\/#article\",\"isPartOf\":{\"@id\":\"https:\\\/\\\/agradocosmetic.com\\\/la-importancia-de-usar-aftersun\\\/\"},\"author\":{\"name\":\"agradocosmetic\",\"@id\":\"https:\\\/\\\/agradocosmetic.com\\\/#\\\/schema\\\/person\\\/732e8d396022e25f9340196f83d6789d\"},\"headline\":\"La importancia de usar Aftersun\",\"datePublished\":\"2022-06-22T11:29:29+00:00\",\"dateModified\":\"2023-11-18T16:58:50+00:00\",\"mainEntityOfPage\":{\"@id\":\"https:\\\/\\\/agradocosmetic.com\\\/la-importancia-de-usar-aftersun\\\/\"},\"wordCount\":519,\"commentCount\":0,\"publisher\":{\"@id\":\"https:\\\/\\\/agradocosmetic.com\\\/#organization\"},\"image\":{\"@id\":\"https:\\\/\\\/agradocosmetic.com\\\/la-importancia-de-usar-aftersun\\\/#primaryimage\"},\"thumbnailUrl\":\"https:\\\/\\\/agradocosmetic.com\\\/wp-content\\\/uploads\\\/2022\\\/06\\\/aftersun-agrado.jpg\",\"keywords\":[\"aftersun\",\"bronceado saludable\",\"cuidado de la piel\",\"hidrataci\u00f3n\",\"proteccion solar\",\"protector solar\",\"solares\",\"usar aftersun\"],\"articleSection\":[\"Solar\",\"Todos\"],\"inLanguage\":\"it-IT\",\"potentialAction\":[{\"@type\":\"CommentAction\",\"name\":\"Comment\",\"target\":[\"https:\\\/\\\/agradocosmetic.com\\\/la-importancia-de-usar-aftersun\\\/#respond\"]}]},{\"@type\":\"WebPage\",\"@id\":\"https:\\\/\\\/agradocosmetic.com\\\/la-importancia-de-usar-aftersun\\\/\",\"url\":\"https:\\\/\\\/agradocosmetic.com\\\/la-importancia-de-usar-aftersun\\\/\",\"name\":\"La importancia de usar Aftersun - Agrado\",\"isPartOf\":{\"@id\":\"https:\\\/\\\/agradocosmetic.com\\\/#website\"},\"primaryImageOfPage\":{\"@id\":\"https:\\\/\\\/agradocosmetic.com\\\/la-importancia-de-usar-aftersun\\\/#primaryimage\"},\"image\":{\"@id\":\"https:\\\/\\\/agradocosmetic.com\\\/la-importancia-de-usar-aftersun\\\/#primaryimage\"},\"thumbnailUrl\":\"https:\\\/\\\/agradocosmetic.com\\\/wp-content\\\/uploads\\\/2022\\\/06\\\/aftersun-agrado.jpg\",\"datePublished\":\"2022-06-22T11:29:29+00:00\",\"dateModified\":\"2023-11-18T16:58:50+00:00\",\"description\":\"Calmar nuestra piel con aftersun tras la exposici\u00f3n solar es muy importante para protegerla. \u00bfSabes por qu\u00e9? \u00a1Te contamos lo contamos aqu\u00ed!\",\"breadcrumb\":{\"@id\":\"https:\\\/\\\/agradocosmetic.com\\\/la-importancia-de-usar-aftersun\\\/#breadcrumb\"},\"inLanguage\":\"it-IT\",\"potentialAction\":[{\"@type\":\"ReadAction\",\"target\":[\"https:\\\/\\\/agradocosmetic.com\\\/la-importancia-de-usar-aftersun\\\/\"]}]},{\"@type\":\"ImageObject\",\"inLanguage\":\"it-IT\",\"@id\":\"https:\\\/\\\/agradocosmetic.com\\\/la-importancia-de-usar-aftersun\\\/#primaryimage\",\"url\":\"https:\\\/\\\/agradocosmetic.com\\\/wp-content\\\/uploads\\\/2022\\\/06\\\/aftersun-agrado.jpg\",\"contentUrl\":\"https:\\\/\\\/agradocosmetic.com\\\/wp-content\\\/uploads\\\/2022\\\/06\\\/aftersun-agrado.jpg\",\"width\":1200,\"height\":800},{\"@type\":\"BreadcrumbList\",\"@id\":\"https:\\\/\\\/agradocosmetic.com\\\/la-importancia-de-usar-aftersun\\\/#breadcrumb\",\"itemListElement\":[{\"@type\":\"ListItem\",\"position\":1,\"name\":\"Portada\",\"item\":\"https:\\\/\\\/agradocosmetic.com\\\/\"},{\"@type\":\"ListItem\",\"position\":2,\"name\":\"La importancia de usar Aftersun\"}]},{\"@type\":\"WebSite\",\"@id\":\"https:\\\/\\\/agradocosmetic.com\\\/#website\",\"url\":\"https:\\\/\\\/agradocosmetic.com\\\/\",\"name\":\"Agrado\",\"description\":\"Cosmetic\",\"publisher\":{\"@id\":\"https:\\\/\\\/agradocosmetic.com\\\/#organization\"},\"potentialAction\":[{\"@type\":\"SearchAction\",\"target\":{\"@type\":\"EntryPoint\",\"urlTemplate\":\"https:\\\/\\\/agradocosmetic.com\\\/?s={search_term_string}\"},\"query-input\":{\"@type\":\"PropertyValueSpecification\",\"valueRequired\":true,\"valueName\":\"search_term_string\"}}],\"inLanguage\":\"it-IT\"},{\"@type\":\"Organization\",\"@id\":\"https:\\\/\\\/agradocosmetic.com\\\/#organization\",\"name\":\"Agrado\",\"url\":\"https:\\\/\\\/agradocosmetic.com\\\/\",\"logo\":{\"@type\":\"ImageObject\",\"inLanguage\":\"it-IT\",\"@id\":\"https:\\\/\\\/agradocosmetic.com\\\/#\\\/schema\\\/logo\\\/image\\\/\",\"url\":\"https:\\\/\\\/agradocosmetic.com\\\/wp-content\\\/uploads\\\/2023\\\/07\\\/LOGO-AGRADO-WEB-01.png\",\"contentUrl\":\"https:\\\/\\\/agradocosmetic.com\\\/wp-content\\\/uploads\\\/2023\\\/07\\\/LOGO-AGRADO-WEB-01.png\",\"width\":1632,\"height\":300,\"caption\":\"Agrado\"},\"image\":{\"@id\":\"https:\\\/\\\/agradocosmetic.com\\\/#\\\/schema\\\/logo\\\/image\\\/\"}},{\"@type\":\"Person\",\"@id\":\"https:\\\/\\\/agradocosmetic.com\\\/#\\\/schema\\\/person\\\/732e8d396022e25f9340196f83d6789d\",\"name\":\"agradocosmetic\",\"image\":{\"@type\":\"ImageObject\",\"inLanguage\":\"it-IT\",\"@id\":\"https:\\\/\\\/secure.gravatar.com\\\/avatar\\\/c6003e45301182b7e125463fcbec403b1980909c12edf09098526b9a15e779c0?s=96&d=mm&r=g\",\"url\":\"https:\\\/\\\/secure.gravatar.com\\\/avatar\\\/c6003e45301182b7e125463fcbec403b1980909c12edf09098526b9a15e779c0?s=96&d=mm&r=g\",\"contentUrl\":\"https:\\\/\\\/secure.gravatar.com\\\/avatar\\\/c6003e45301182b7e125463fcbec403b1980909c12edf09098526b9a15e779c0?s=96&d=mm&r=g\",\"caption\":\"agradocosmetic\"}}]}<\/script>\n<!-- \/ Yoast SEO plugin. -->","yoast_head_json":{"title":"La importancia de usar Aftersun - Agrado","description":"Calmar nuestra piel con aftersun tras la exposici\u00f3n solar es muy importante para protegerla. \u00bfSabes por qu\u00e9? \u00a1Te contamos lo contamos aqu\u00ed!","robots":{"index":"index","follow":"follow","max-snippet":"max-snippet:-1","max-image-preview":"max-image-preview:large","max-video-preview":"max-video-preview:-1"},"canonical":"https:\/\/agradocosmetic.com\/it\/la-importancia-de-usar-aftersun\/","og_locale":"it_IT","og_type":"article","og_title":"La importancia de usar Aftersun - Agrado","og_description":"Calmar nuestra piel con aftersun tras la exposici\u00f3n solar es muy importante para protegerla. \u00bfSabes por qu\u00e9? \u00a1Te contamos lo contamos aqu\u00ed!","og_url":"https:\/\/agradocosmetic.com\/it\/la-importancia-de-usar-aftersun\/","og_site_name":"Agrado","article_published_time":"2022-06-22T11:29:29+00:00","article_modified_time":"2023-11-18T16:58:50+00:00","og_image":[{"width":1200,"height":800,"url":"https:\/\/agradocosmetic.com\/wp-content\/uploads\/2022\/06\/aftersun-agrado.jpg","type":"image\/jpeg"}],"author":"agradocosmetic","twitter_card":"summary_large_image","twitter_misc":{"Scritto da":"agradocosmetic","Tempo di lettura stimato":"3 minuti"},"schema":{"@context":"https:\/\/schema.org","@graph":[{"@type":"Article","@id":"https:\/\/agradocosmetic.com\/la-importancia-de-usar-aftersun\/#article","isPartOf":{"@id":"https:\/\/agradocosmetic.com\/la-importancia-de-usar-aftersun\/"},"author":{"name":"agradocosmetic","@id":"https:\/\/agradocosmetic.com\/#\/schema\/person\/732e8d396022e25f9340196f83d6789d"},"headline":"La importancia de usar Aftersun","datePublished":"2022-06-22T11:29:29+00:00","dateModified":"2023-11-18T16:58:50+00:00","mainEntityOfPage":{"@id":"https:\/\/agradocosmetic.com\/la-importancia-de-usar-aftersun\/"},"wordCount":519,"commentCount":0,"publisher":{"@id":"https:\/\/agradocosmetic.com\/#organization"},"image":{"@id":"https:\/\/agradocosmetic.com\/la-importancia-de-usar-aftersun\/#primaryimage"},"thumbnailUrl":"https:\/\/agradocosmetic.com\/wp-content\/uploads\/2022\/06\/aftersun-agrado.jpg","keywords":["aftersun","bronceado saludable","cuidado de la piel","hidrataci\u00f3n","proteccion solar","protector solar","solares","usar aftersun"],"articleSection":["Solar","Todos"],"inLanguage":"it-IT","potentialAction":[{"@type":"CommentAction","name":"Comment","target":["https:\/\/agradocosmetic.com\/la-importancia-de-usar-aftersun\/#respond"]}]},{"@type":"WebPage","@id":"https:\/\/agradocosmetic.com\/la-importancia-de-usar-aftersun\/","url":"https:\/\/agradocosmetic.com\/la-importancia-de-usar-aftersun\/","name":"La importancia de usar Aftersun - Agrado","isPartOf":{"@id":"https:\/\/agradocosmetic.com\/#website"},"primaryImageOfPage":{"@id":"https:\/\/agradocosmetic.com\/la-importancia-de-usar-aftersun\/#primaryimage"},"image":{"@id":"https:\/\/agradocosmetic.com\/la-importancia-de-usar-aftersun\/#primaryimage"},"thumbnailUrl":"https:\/\/agradocosmetic.com\/wp-content\/uploads\/2022\/06\/aftersun-agrado.jpg","datePublished":"2022-06-22T11:29:29+00:00","dateModified":"2023-11-18T16:58:50+00:00","description":"Calmar nuestra piel con aftersun tras la exposici\u00f3n solar es muy importante para protegerla. \u00bfSabes por qu\u00e9? \u00a1Te contamos lo contamos aqu\u00ed!","breadcrumb":{"@id":"https:\/\/agradocosmetic.com\/la-importancia-de-usar-aftersun\/#breadcrumb"},"inLanguage":"it-IT","potentialAction":[{"@type":"ReadAction","target":["https:\/\/agradocosmetic.com\/la-importancia-de-usar-aftersun\/"]}]},{"@type":"ImageObject","inLanguage":"it-IT","@id":"https:\/\/agradocosmetic.com\/la-importancia-de-usar-aftersun\/#primaryimage","url":"https:\/\/agradocosmetic.com\/wp-content\/uploads\/2022\/06\/aftersun-agrado.jpg","contentUrl":"https:\/\/agradocosmetic.com\/wp-content\/uploads\/2022\/06\/aftersun-agrado.jpg","width":1200,"height":800},{"@type":"BreadcrumbList","@id":"https:\/\/agradocosmetic.com\/la-importancia-de-usar-aftersun\/#breadcrumb","itemListElement":[{"@type":"ListItem","position":1,"name":"Portada","item":"https:\/\/agradocosmetic.com\/"},{"@type":"ListItem","position":2,"name":"La importancia de usar Aftersun"}]},{"@type":"WebSite","@id":"https:\/\/agradocosmetic.com\/#website","url":"https:\/\/agradocosmetic.com\/","name":"Mi piace","description":"cosmetico","publisher":{"@id":"https:\/\/agradocosmetic.com\/#organization"},"potentialAction":[{"@type":"SearchAction","target":{"@type":"EntryPoint","urlTemplate":"https:\/\/agradocosmetic.com\/?s={search_term_string}"},"query-input":{"@type":"PropertyValueSpecification","valueRequired":true,"valueName":"search_term_string"}}],"inLanguage":"it-IT"},{"@type":"Organization","@id":"https:\/\/agradocosmetic.com\/#organization","name":"Mi piace","url":"https:\/\/agradocosmetic.com\/","logo":{"@type":"ImageObject","inLanguage":"it-IT","@id":"https:\/\/agradocosmetic.com\/#\/schema\/logo\/image\/","url":"https:\/\/agradocosmetic.com\/wp-content\/uploads\/2023\/07\/LOGO-AGRADO-WEB-01.png","contentUrl":"https:\/\/agradocosmetic.com\/wp-content\/uploads\/2023\/07\/LOGO-AGRADO-WEB-01.png","width":1632,"height":300,"caption":"Agrado"},"image":{"@id":"https:\/\/agradocosmetic.com\/#\/schema\/logo\/image\/"}},{"@type":"Person","@id":"https:\/\/agradocosmetic.com\/#\/schema\/person\/732e8d396022e25f9340196f83d6789d","name":"agradocosmetico","image":{"@type":"ImageObject","inLanguage":"it-IT","@id":"https:\/\/secure.gravatar.com\/avatar\/c6003e45301182b7e125463fcbec403b1980909c12edf09098526b9a15e779c0?s=96&d=mm&r=g","url":"https:\/\/secure.gravatar.com\/avatar\/c6003e45301182b7e125463fcbec403b1980909c12edf09098526b9a15e779c0?s=96&d=mm&r=g","contentUrl":"https:\/\/secure.gravatar.com\/avatar\/c6003e45301182b7e125463fcbec403b1980909c12edf09098526b9a15e779c0?s=96&d=mm&r=g","caption":"agradocosmetic"}}]}},"_links":{"self":[{"href":"https:\/\/agradocosmetic.com\/it\/wp-json\/wp\/v2\/posts\/19792","targetHints":{"allow":["GET"]}}],"collection":[{"href":"https:\/\/agradocosmetic.com\/it\/wp-json\/wp\/v2\/posts"}],"about":[{"href":"https:\/\/agradocosmetic.com\/it\/wp-json\/wp\/v2\/types\/post"}],"author":[{"embeddable":true,"href":"https:\/\/agradocosmetic.com\/it\/wp-json\/wp\/v2\/users\/9"}],"replies":[{"embeddable":true,"href":"https:\/\/agradocosmetic.com\/it\/wp-json\/wp\/v2\/comments?post=19792"}],"version-history":[{"count":1,"href":"https:\/\/agradocosmetic.com\/it\/wp-json\/wp\/v2\/posts\/19792\/revisions"}],"predecessor-version":[{"id":21274,"href":"https:\/\/agradocosmetic.com\/it\/wp-json\/wp\/v2\/posts\/19792\/revisions\/21274"}],"wp:featuredmedia":[{"embeddable":true,"href":"https:\/\/agradocosmetic.com\/it\/wp-json\/wp\/v2\/media\/21273"}],"wp:attachment":[{"href":"https:\/\/agradocosmetic.com\/it\/wp-json\/wp\/v2\/media?parent=19792"}],"wp:term":[{"taxonomy":"category","embeddable":true,"href":"https:\/\/agradocosmetic.com\/it\/wp-json\/wp\/v2\/categories?post=19792"},{"taxonomy":"post_tag","embeddable":true,"href":"https:\/\/agradocosmetic.com\/it\/wp-json\/wp\/v2\/tags?post=19792"}],"curies":[{"name":"parola chiave","href":"https:\/\/api.w.org\/{rel}","templated":true}]}}