{"id":19903,"date":"2022-08-10T10:25:50","date_gmt":"2022-08-10T09:25:50","guid":{"rendered":"https:\/\/www.agradocosmetic.com\/?p=19903"},"modified":"2023-11-18T16:58:50","modified_gmt":"2023-11-18T16:58:50","slug":"la-importancia-de-renovar-tus-cremas-solares-cada-ano","status":"publish","type":"post","link":"https:\/\/agradocosmetic.com\/it\/la-importancia-de-renovar-tus-cremas-solares-cada-ano\/","title":{"rendered":"L&#039;importanza di rinnovare le protezioni solari ogni anno"},"content":{"rendered":"<p>Anno dopo anno aspettiamo con impazienza l&#039;arrivo dell&#039;estate per goderci il sole. A questo punto della vita sappiamo che proteggere la nostra pelle dai raggi solari \u00e8 fondamentale se vogliamo evitare scottature, invecchiamento precoce o, quel che \u00e8 peggio, cancro della pelle e melanoma. Tuttavia, ci\u00f2 che molti non sanno \u00e8 che riutilizzare la crema solare dell&#039;anno scorso pu\u00f2 comportare dei rischi. Ti raccontiamo cosa sono e perch\u00e9 \u00e8 cos\u00ec importante rinnovare ogni anno le tue protezioni solari. Molto attento!\u00a0<\/p>\r\n\r\n\r\n\r\n<p>Conosciamo la lezione: dobbiamo applicare la protezione solare tutto l&#039;anno per prenderci cura della nostra pelle. Tuttavia, se vogliamo farlo correttamente, dobbiamo tenere conto di molti fattori. E uno di questi \u00e8 la scadenza della nostra protezione solare. S\u00ec, s\u00ec, mentre lo leggi. Scade anche la protezione solare. E come possiamo sapere qual \u00e8 la data esatta?\u00a0<\/p>\r\n\r\n\r\n\r\n<p><strong>Le creme solari e i prodotti per la protezione solare sono regolati dal PAO o dal periodo di utilizzo consigliato.<\/strong>. Questo solitamente appare sul flacone con il simbolo di un contenitore aperto seguito da un numero con la lettera M. Si tratta della data di utilizzo consigliata, che solitamente varia tra 3 e 24 mesi. Trascorso questo tempo, dobbiamo smaltire correttamente la protezione solare e acquistarne una nuova affinch\u00e9 la protezione della nostra pelle sia completamente efficace e sicura.\u00a0<\/p>\r\n\r\n\r\n\r\n<p>Se la tua crema solare non include una data di scadenza, dovresti sapere che la Food and Drug Administration richiede che tutti i filtri solari mantengano intatta la loro efficacia originale per almeno tre anni, purch\u00e9 vengano conservati non aperti. Perci\u00f2 stai attento! <strong>Se la vostra crema \u00e8 aperta da pi\u00f9 di un anno non sar\u00e0 pi\u00f9 efficace perch\u00e9 i principi attivi che proteggono il derma dai raggi UV perdono di efficacia.<\/strong> col tempo. La tua pelle non sar\u00e0 cos\u00ec protetta e, di conseguenza, sarai maggiormente a rischio di ustioni. Quindi, sai, non giocare con il sole e ritirare le creme solari aperte. La tua pelle ti ringrazier\u00e0.\u00a0<\/p>\r\n\r\n\r\n\r\n<p><strong>\u00c8 giunto il momento di rinnovare la tua protezione solare?<\/strong> Scopri l&#039;ampia gamma di filtri solari Agrado. Per proteggere il tuo viso dalla stella reale, ti consigliamo due dei nostri <em>migliori venditori<\/em>: IL <a href=\"https:\/\/agradocosmetic.com\/it\/producto\/bruma-facial-solar-spf50\/\">Spray Viso Solare SPF50+<\/a> e il <a href=\"https:\/\/agradocosmetic.com\/it\/producto\/mousse-facial-solar-spf50\/\">Mousse Viso Solare SPF50+<\/a>. I tuoi elementi essenziali per quest&#039;estate! Se quello che cerchi \u00e8 la protezione per te e tutta la tua famiglia, ti invitiamo a scoprire la nostra ampia variet\u00e0 di formati, come <a href=\"https:\/\/agradocosmetic.com\/it\/producto\/bruma-seca-solar-spf-30-aerosol\/\">Spray a Secco Solare SPF30<\/a>, Lui <a href=\"https:\/\/agradocosmetic.com\/it\/producto\/aceite-protector-solar-spf20\/\">Olio per protezione solare SPF20<\/a> e il <a href=\"https:\/\/agradocosmetic.com\/it\/producto\/tubo-crema-solar-spf50\/\">Tubo di Crema Solare SPF50<\/a>. Diventeranno i tuoi preferiti! Infine, per proteggere la pelle dei pi\u00f9 piccoli, vi proponiamo il <a href=\"https:\/\/agradocosmetic.com\/it\/producto\/bruma-solar-kids-pieles-sensibles-spf50-2\/\">Spray solare per bambini per pelli sensibili SPF50+<\/a> e il <a href=\"https:\/\/agradocosmetic.com\/it\/producto\/locion-solar-kids-pieles-sensibles-spf50\/\">Lozione solare per bambini per pelli sensibili SPF50+<\/a>. Facile da applicare e 100% efficace contro i raggi UVB\/UVA!\u00a0<\/p>\r\n\r\n\r\n\r\n<p>Ora che conosci l&#039;importanza di rinnovare i tuoi filtri solari ogni anno, proteggi la tua pelle con Agrado Cosmetic! Perch\u00e8 un&#039;abbronzatura sana e bella \u00e8 possibile.<\/p>","protected":false},"excerpt":{"rendered":"<p>A\u00f1o tras a\u00f1o, esperamos impacientes la llegada del verano para poder disfrutar del sol. A estas alturas de la vida sabemos que proteger nuestra piel de los rayos solares es imprescindible si queremos evitar quemaduras, envejecimiento prematuro o lo que es peor, c\u00e1ncer de piel y melanoma. Sin embargo, lo que muchos no saben es [&hellip;]<\/p>\n","protected":false},"author":9,"featured_media":21267,"comment_status":"open","ping_status":"closed","sticky":false,"template":"","format":"standard","meta":{"footnotes":"","_wp_rev_ctl_limit":""},"categories":[116,1],"tags":[416,417,317,410],"class_list":["post-19903","post","type-post","status-publish","format-standard","has-post-thumbnail","hentry","category-solar","category-todos","tag-crema-solar","tag-fotoprotector","tag-proteccion-solar","tag-protector-solar"],"yoast_head":"<!-- This site is optimized with the Yoast SEO plugin v27.4 - https:\/\/yoast.com\/product\/yoast-seo-wordpress\/ -->\n<title>La importancia de renovar tus cremas solares cada a\u00f1o - Agrado<\/title>\n<meta name=\"description\" content=\"\u00a1Mucho ojo con reutilizar el protector solar del a\u00f1o anterior!\u26a0 Te contamos por qu\u00e9 deber\u00edas renovar tus cremas solares cada a\u00f1o.\" \/>\n<meta name=\"robots\" content=\"index, follow, max-snippet:-1, max-image-preview:large, max-video-preview:-1\" \/>\n<link rel=\"canonical\" href=\"https:\/\/agradocosmetic.com\/it\/la-importancia-de-renovar-tus-cremas-solares-cada-ano\/\" \/>\n<meta property=\"og:locale\" content=\"it_IT\" \/>\n<meta property=\"og:type\" content=\"article\" \/>\n<meta property=\"og:title\" content=\"La importancia de renovar tus cremas solares cada a\u00f1o - Agrado\" \/>\n<meta property=\"og:description\" content=\"\u00a1Mucho ojo con reutilizar el protector solar del a\u00f1o anterior!\u26a0 Te contamos por qu\u00e9 deber\u00edas renovar tus cremas solares cada a\u00f1o.\" \/>\n<meta property=\"og:url\" content=\"https:\/\/agradocosmetic.com\/it\/la-importancia-de-renovar-tus-cremas-solares-cada-ano\/\" \/>\n<meta property=\"og:site_name\" content=\"Agrado\" \/>\n<meta property=\"article:published_time\" content=\"2022-08-10T09:25:50+00:00\" \/>\n<meta property=\"article:modified_time\" content=\"2023-11-18T16:58:50+00:00\" \/>\n<meta property=\"og:image\" content=\"https:\/\/agradocosmetic.com\/wp-content\/uploads\/2022\/08\/renovar-tus-cremas-solares-agrado.jpg\" \/>\n\t<meta property=\"og:image:width\" content=\"1200\" \/>\n\t<meta property=\"og:image:height\" content=\"800\" \/>\n\t<meta property=\"og:image:type\" content=\"image\/jpeg\" \/>\n<meta name=\"author\" content=\"agradocosmetic\" \/>\n<meta name=\"twitter:card\" content=\"summary_large_image\" \/>\n<meta name=\"twitter:label1\" content=\"Scritto da\" \/>\n\t<meta name=\"twitter:data1\" content=\"agradocosmetic\" \/>\n\t<meta name=\"twitter:label2\" content=\"Tempo di lettura stimato\" \/>\n\t<meta name=\"twitter:data2\" content=\"3 minuti\" \/>\n<script type=\"application\/ld+json\" class=\"yoast-schema-graph\">{\"@context\":\"https:\\\/\\\/schema.org\",\"@graph\":[{\"@type\":\"Article\",\"@id\":\"https:\\\/\\\/agradocosmetic.com\\\/la-importancia-de-renovar-tus-cremas-solares-cada-ano\\\/#article\",\"isPartOf\":{\"@id\":\"https:\\\/\\\/agradocosmetic.com\\\/la-importancia-de-renovar-tus-cremas-solares-cada-ano\\\/\"},\"author\":{\"name\":\"agradocosmetic\",\"@id\":\"https:\\\/\\\/agradocosmetic.com\\\/#\\\/schema\\\/person\\\/732e8d396022e25f9340196f83d6789d\"},\"headline\":\"La importancia de renovar tus cremas solares cada a\u00f1o\",\"datePublished\":\"2022-08-10T09:25:50+00:00\",\"dateModified\":\"2023-11-18T16:58:50+00:00\",\"mainEntityOfPage\":{\"@id\":\"https:\\\/\\\/agradocosmetic.com\\\/la-importancia-de-renovar-tus-cremas-solares-cada-ano\\\/\"},\"wordCount\":538,\"commentCount\":0,\"publisher\":{\"@id\":\"https:\\\/\\\/agradocosmetic.com\\\/#organization\"},\"image\":{\"@id\":\"https:\\\/\\\/agradocosmetic.com\\\/la-importancia-de-renovar-tus-cremas-solares-cada-ano\\\/#primaryimage\"},\"thumbnailUrl\":\"https:\\\/\\\/agradocosmetic.com\\\/wp-content\\\/uploads\\\/2022\\\/08\\\/renovar-tus-cremas-solares-agrado.jpg\",\"keywords\":[\"crema solar\",\"fotoprotector\",\"proteccion solar\",\"protector solar\"],\"articleSection\":[\"Solar\",\"Todos\"],\"inLanguage\":\"it-IT\",\"potentialAction\":[{\"@type\":\"CommentAction\",\"name\":\"Comment\",\"target\":[\"https:\\\/\\\/agradocosmetic.com\\\/la-importancia-de-renovar-tus-cremas-solares-cada-ano\\\/#respond\"]}]},{\"@type\":\"WebPage\",\"@id\":\"https:\\\/\\\/agradocosmetic.com\\\/la-importancia-de-renovar-tus-cremas-solares-cada-ano\\\/\",\"url\":\"https:\\\/\\\/agradocosmetic.com\\\/la-importancia-de-renovar-tus-cremas-solares-cada-ano\\\/\",\"name\":\"La importancia de renovar tus cremas solares cada a\u00f1o - Agrado\",\"isPartOf\":{\"@id\":\"https:\\\/\\\/agradocosmetic.com\\\/#website\"},\"primaryImageOfPage\":{\"@id\":\"https:\\\/\\\/agradocosmetic.com\\\/la-importancia-de-renovar-tus-cremas-solares-cada-ano\\\/#primaryimage\"},\"image\":{\"@id\":\"https:\\\/\\\/agradocosmetic.com\\\/la-importancia-de-renovar-tus-cremas-solares-cada-ano\\\/#primaryimage\"},\"thumbnailUrl\":\"https:\\\/\\\/agradocosmetic.com\\\/wp-content\\\/uploads\\\/2022\\\/08\\\/renovar-tus-cremas-solares-agrado.jpg\",\"datePublished\":\"2022-08-10T09:25:50+00:00\",\"dateModified\":\"2023-11-18T16:58:50+00:00\",\"description\":\"\u00a1Mucho ojo con reutilizar el protector solar del a\u00f1o anterior!\u26a0 Te contamos por qu\u00e9 deber\u00edas renovar tus cremas solares cada a\u00f1o.\",\"breadcrumb\":{\"@id\":\"https:\\\/\\\/agradocosmetic.com\\\/la-importancia-de-renovar-tus-cremas-solares-cada-ano\\\/#breadcrumb\"},\"inLanguage\":\"it-IT\",\"potentialAction\":[{\"@type\":\"ReadAction\",\"target\":[\"https:\\\/\\\/agradocosmetic.com\\\/la-importancia-de-renovar-tus-cremas-solares-cada-ano\\\/\"]}]},{\"@type\":\"ImageObject\",\"inLanguage\":\"it-IT\",\"@id\":\"https:\\\/\\\/agradocosmetic.com\\\/la-importancia-de-renovar-tus-cremas-solares-cada-ano\\\/#primaryimage\",\"url\":\"https:\\\/\\\/agradocosmetic.com\\\/wp-content\\\/uploads\\\/2022\\\/08\\\/renovar-tus-cremas-solares-agrado.jpg\",\"contentUrl\":\"https:\\\/\\\/agradocosmetic.com\\\/wp-content\\\/uploads\\\/2022\\\/08\\\/renovar-tus-cremas-solares-agrado.jpg\",\"width\":1200,\"height\":800},{\"@type\":\"BreadcrumbList\",\"@id\":\"https:\\\/\\\/agradocosmetic.com\\\/la-importancia-de-renovar-tus-cremas-solares-cada-ano\\\/#breadcrumb\",\"itemListElement\":[{\"@type\":\"ListItem\",\"position\":1,\"name\":\"Portada\",\"item\":\"https:\\\/\\\/agradocosmetic.com\\\/\"},{\"@type\":\"ListItem\",\"position\":2,\"name\":\"La importancia de renovar tus cremas solares cada a\u00f1o\"}]},{\"@type\":\"WebSite\",\"@id\":\"https:\\\/\\\/agradocosmetic.com\\\/#website\",\"url\":\"https:\\\/\\\/agradocosmetic.com\\\/\",\"name\":\"Agrado\",\"description\":\"Cosmetic\",\"publisher\":{\"@id\":\"https:\\\/\\\/agradocosmetic.com\\\/#organization\"},\"potentialAction\":[{\"@type\":\"SearchAction\",\"target\":{\"@type\":\"EntryPoint\",\"urlTemplate\":\"https:\\\/\\\/agradocosmetic.com\\\/?s={search_term_string}\"},\"query-input\":{\"@type\":\"PropertyValueSpecification\",\"valueRequired\":true,\"valueName\":\"search_term_string\"}}],\"inLanguage\":\"it-IT\"},{\"@type\":\"Organization\",\"@id\":\"https:\\\/\\\/agradocosmetic.com\\\/#organization\",\"name\":\"Agrado\",\"url\":\"https:\\\/\\\/agradocosmetic.com\\\/\",\"logo\":{\"@type\":\"ImageObject\",\"inLanguage\":\"it-IT\",\"@id\":\"https:\\\/\\\/agradocosmetic.com\\\/#\\\/schema\\\/logo\\\/image\\\/\",\"url\":\"https:\\\/\\\/agradocosmetic.com\\\/wp-content\\\/uploads\\\/2023\\\/07\\\/LOGO-AGRADO-WEB-01.png\",\"contentUrl\":\"https:\\\/\\\/agradocosmetic.com\\\/wp-content\\\/uploads\\\/2023\\\/07\\\/LOGO-AGRADO-WEB-01.png\",\"width\":1632,\"height\":300,\"caption\":\"Agrado\"},\"image\":{\"@id\":\"https:\\\/\\\/agradocosmetic.com\\\/#\\\/schema\\\/logo\\\/image\\\/\"}},{\"@type\":\"Person\",\"@id\":\"https:\\\/\\\/agradocosmetic.com\\\/#\\\/schema\\\/person\\\/732e8d396022e25f9340196f83d6789d\",\"name\":\"agradocosmetic\",\"image\":{\"@type\":\"ImageObject\",\"inLanguage\":\"it-IT\",\"@id\":\"https:\\\/\\\/secure.gravatar.com\\\/avatar\\\/c6003e45301182b7e125463fcbec403b1980909c12edf09098526b9a15e779c0?s=96&d=mm&r=g\",\"url\":\"https:\\\/\\\/secure.gravatar.com\\\/avatar\\\/c6003e45301182b7e125463fcbec403b1980909c12edf09098526b9a15e779c0?s=96&d=mm&r=g\",\"contentUrl\":\"https:\\\/\\\/secure.gravatar.com\\\/avatar\\\/c6003e45301182b7e125463fcbec403b1980909c12edf09098526b9a15e779c0?s=96&d=mm&r=g\",\"caption\":\"agradocosmetic\"}}]}<\/script>\n<!-- \/ Yoast SEO plugin. -->","yoast_head_json":{"title":"L&#039;importanza di rinnovare la protezione solare ogni anno - Agrado","description":"Fai molta attenzione a non riutilizzare la crema solare dell&#039;anno scorso!\u26a0 Ti spiegheremo perch\u00e9 dovresti sostituire la tua crema solare ogni anno.","robots":{"index":"index","follow":"follow","max-snippet":"max-snippet:-1","max-image-preview":"max-image-preview:large","max-video-preview":"max-video-preview:-1"},"canonical":"https:\/\/agradocosmetic.com\/it\/la-importancia-de-renovar-tus-cremas-solares-cada-ano\/","og_locale":"it_IT","og_type":"article","og_title":"La importancia de renovar tus cremas solares cada a\u00f1o - Agrado","og_description":"\u00a1Mucho ojo con reutilizar el protector solar del a\u00f1o anterior!\u26a0 Te contamos por qu\u00e9 deber\u00edas renovar tus cremas solares cada a\u00f1o.","og_url":"https:\/\/agradocosmetic.com\/it\/la-importancia-de-renovar-tus-cremas-solares-cada-ano\/","og_site_name":"Agrado","article_published_time":"2022-08-10T09:25:50+00:00","article_modified_time":"2023-11-18T16:58:50+00:00","og_image":[{"width":1200,"height":800,"url":"https:\/\/agradocosmetic.com\/wp-content\/uploads\/2022\/08\/renovar-tus-cremas-solares-agrado.jpg","type":"image\/jpeg"}],"author":"agradocosmetic","twitter_card":"summary_large_image","twitter_misc":{"Scritto da":"agradocosmetic","Tempo di lettura stimato":"3 minuti"},"schema":{"@context":"https:\/\/schema.org","@graph":[{"@type":"Article","@id":"https:\/\/agradocosmetic.com\/la-importancia-de-renovar-tus-cremas-solares-cada-ano\/#article","isPartOf":{"@id":"https:\/\/agradocosmetic.com\/la-importancia-de-renovar-tus-cremas-solares-cada-ano\/"},"author":{"name":"agradocosmetic","@id":"https:\/\/agradocosmetic.com\/#\/schema\/person\/732e8d396022e25f9340196f83d6789d"},"headline":"La importancia de renovar tus cremas solares cada a\u00f1o","datePublished":"2022-08-10T09:25:50+00:00","dateModified":"2023-11-18T16:58:50+00:00","mainEntityOfPage":{"@id":"https:\/\/agradocosmetic.com\/la-importancia-de-renovar-tus-cremas-solares-cada-ano\/"},"wordCount":538,"commentCount":0,"publisher":{"@id":"https:\/\/agradocosmetic.com\/#organization"},"image":{"@id":"https:\/\/agradocosmetic.com\/la-importancia-de-renovar-tus-cremas-solares-cada-ano\/#primaryimage"},"thumbnailUrl":"https:\/\/agradocosmetic.com\/wp-content\/uploads\/2022\/08\/renovar-tus-cremas-solares-agrado.jpg","keywords":["crema solar","fotoprotector","proteccion solar","protector solar"],"articleSection":["Solar","Todos"],"inLanguage":"it-IT","potentialAction":[{"@type":"CommentAction","name":"Comment","target":["https:\/\/agradocosmetic.com\/la-importancia-de-renovar-tus-cremas-solares-cada-ano\/#respond"]}]},{"@type":"WebPage","@id":"https:\/\/agradocosmetic.com\/la-importancia-de-renovar-tus-cremas-solares-cada-ano\/","url":"https:\/\/agradocosmetic.com\/la-importancia-de-renovar-tus-cremas-solares-cada-ano\/","name":"L&#039;importanza di rinnovare la protezione solare ogni anno - Agrado","isPartOf":{"@id":"https:\/\/agradocosmetic.com\/#website"},"primaryImageOfPage":{"@id":"https:\/\/agradocosmetic.com\/la-importancia-de-renovar-tus-cremas-solares-cada-ano\/#primaryimage"},"image":{"@id":"https:\/\/agradocosmetic.com\/la-importancia-de-renovar-tus-cremas-solares-cada-ano\/#primaryimage"},"thumbnailUrl":"https:\/\/agradocosmetic.com\/wp-content\/uploads\/2022\/08\/renovar-tus-cremas-solares-agrado.jpg","datePublished":"2022-08-10T09:25:50+00:00","dateModified":"2023-11-18T16:58:50+00:00","description":"Fai molta attenzione a non riutilizzare la crema solare dell&#039;anno scorso!\u26a0 Ti spiegheremo perch\u00e9 dovresti sostituire la tua crema solare ogni anno.","breadcrumb":{"@id":"https:\/\/agradocosmetic.com\/la-importancia-de-renovar-tus-cremas-solares-cada-ano\/#breadcrumb"},"inLanguage":"it-IT","potentialAction":[{"@type":"ReadAction","target":["https:\/\/agradocosmetic.com\/la-importancia-de-renovar-tus-cremas-solares-cada-ano\/"]}]},{"@type":"ImageObject","inLanguage":"it-IT","@id":"https:\/\/agradocosmetic.com\/la-importancia-de-renovar-tus-cremas-solares-cada-ano\/#primaryimage","url":"https:\/\/agradocosmetic.com\/wp-content\/uploads\/2022\/08\/renovar-tus-cremas-solares-agrado.jpg","contentUrl":"https:\/\/agradocosmetic.com\/wp-content\/uploads\/2022\/08\/renovar-tus-cremas-solares-agrado.jpg","width":1200,"height":800},{"@type":"BreadcrumbList","@id":"https:\/\/agradocosmetic.com\/la-importancia-de-renovar-tus-cremas-solares-cada-ano\/#breadcrumb","itemListElement":[{"@type":"ListItem","position":1,"name":"Portada","item":"https:\/\/agradocosmetic.com\/"},{"@type":"ListItem","position":2,"name":"La importancia de renovar tus cremas solares cada a\u00f1o"}]},{"@type":"WebSite","@id":"https:\/\/agradocosmetic.com\/#website","url":"https:\/\/agradocosmetic.com\/","name":"Mi piace","description":"cosmetico","publisher":{"@id":"https:\/\/agradocosmetic.com\/#organization"},"potentialAction":[{"@type":"SearchAction","target":{"@type":"EntryPoint","urlTemplate":"https:\/\/agradocosmetic.com\/?s={search_term_string}"},"query-input":{"@type":"PropertyValueSpecification","valueRequired":true,"valueName":"search_term_string"}}],"inLanguage":"it-IT"},{"@type":"Organization","@id":"https:\/\/agradocosmetic.com\/#organization","name":"Mi piace","url":"https:\/\/agradocosmetic.com\/","logo":{"@type":"ImageObject","inLanguage":"it-IT","@id":"https:\/\/agradocosmetic.com\/#\/schema\/logo\/image\/","url":"https:\/\/agradocosmetic.com\/wp-content\/uploads\/2023\/07\/LOGO-AGRADO-WEB-01.png","contentUrl":"https:\/\/agradocosmetic.com\/wp-content\/uploads\/2023\/07\/LOGO-AGRADO-WEB-01.png","width":1632,"height":300,"caption":"Agrado"},"image":{"@id":"https:\/\/agradocosmetic.com\/#\/schema\/logo\/image\/"}},{"@type":"Person","@id":"https:\/\/agradocosmetic.com\/#\/schema\/person\/732e8d396022e25f9340196f83d6789d","name":"agradocosmetico","image":{"@type":"ImageObject","inLanguage":"it-IT","@id":"https:\/\/secure.gravatar.com\/avatar\/c6003e45301182b7e125463fcbec403b1980909c12edf09098526b9a15e779c0?s=96&d=mm&r=g","url":"https:\/\/secure.gravatar.com\/avatar\/c6003e45301182b7e125463fcbec403b1980909c12edf09098526b9a15e779c0?s=96&d=mm&r=g","contentUrl":"https:\/\/secure.gravatar.com\/avatar\/c6003e45301182b7e125463fcbec403b1980909c12edf09098526b9a15e779c0?s=96&d=mm&r=g","caption":"agradocosmetic"}}]}},"_links":{"self":[{"href":"https:\/\/agradocosmetic.com\/it\/wp-json\/wp\/v2\/posts\/19903","targetHints":{"allow":["GET"]}}],"collection":[{"href":"https:\/\/agradocosmetic.com\/it\/wp-json\/wp\/v2\/posts"}],"about":[{"href":"https:\/\/agradocosmetic.com\/it\/wp-json\/wp\/v2\/types\/post"}],"author":[{"embeddable":true,"href":"https:\/\/agradocosmetic.com\/it\/wp-json\/wp\/v2\/users\/9"}],"replies":[{"embeddable":true,"href":"https:\/\/agradocosmetic.com\/it\/wp-json\/wp\/v2\/comments?post=19903"}],"version-history":[{"count":1,"href":"https:\/\/agradocosmetic.com\/it\/wp-json\/wp\/v2\/posts\/19903\/revisions"}],"predecessor-version":[{"id":21268,"href":"https:\/\/agradocosmetic.com\/it\/wp-json\/wp\/v2\/posts\/19903\/revisions\/21268"}],"wp:featuredmedia":[{"embeddable":true,"href":"https:\/\/agradocosmetic.com\/it\/wp-json\/wp\/v2\/media\/21267"}],"wp:attachment":[{"href":"https:\/\/agradocosmetic.com\/it\/wp-json\/wp\/v2\/media?parent=19903"}],"wp:term":[{"taxonomy":"category","embeddable":true,"href":"https:\/\/agradocosmetic.com\/it\/wp-json\/wp\/v2\/categories?post=19903"},{"taxonomy":"post_tag","embeddable":true,"href":"https:\/\/agradocosmetic.com\/it\/wp-json\/wp\/v2\/tags?post=19903"}],"curies":[{"name":"parola chiave","href":"https:\/\/api.w.org\/{rel}","templated":true}]}}