{"id":19908,"date":"2022-08-19T10:00:00","date_gmt":"2022-08-19T09:00:00","guid":{"rendered":"https:\/\/www.agradocosmetic.com\/?p=19908"},"modified":"2023-11-18T16:58:50","modified_gmt":"2023-11-18T16:58:50","slug":"5-razones-por-las-que-usar-nuestra-buma-facial-solar-todo-el-ano","status":"publish","type":"post","link":"https:\/\/agradocosmetic.com\/it\/5-razones-por-las-que-usar-nuestra-buma-facial-solar-todo-el-ano\/","title":{"rendered":"5 motivi per cui dovresti usare il nostro Solar Facial Mist tutto l&#039;anno"},"content":{"rendered":"<p>Proteggere la nostra pelle dal sole non \u00e8 qualcosa di specifico che dovremmo fare solo d&#039;estate. Durante il resto dell&#039;anno dovremmo includere nella nostra routine viso anche una protezione solare che ci aiuti ad affrontare i rischi del sole, come le macchie o l&#039;invecchiamento del derma. Anche se \u00e8 vero che oggi esistono migliaia di modi per applicare la protezione solare sul viso <strong>Vi presentiamo un format che vi conquister\u00e0: il <a href=\"https:\/\/agradocosmetic.com\/it\/producto\/bruma-facial-solar-spf50\/\">Nebbia solare per il viso<\/a><\/strong>. Continua a leggere e scopri perch\u00e9 questa crema solare diventer\u00e0 la tua preferita tutto l&#039;anno. Piccola parola!<\/p>\r\n\r\n\r\n\r\n<p>Se stai cercando una protezione solare efficace e facile da applicare per il tuo viso, il Solar Facial Mist SPF50+ di Agrado \u00e8 perfetto per te. Non la conosci ancora? Questi sono i 5 motivi per cui non potrai smettere di usarlo tutto l&#039;anno. \ud83d\ude09<\/p>\r\n\r\n\r\n\r\n<ol class=\"wp-block-list\">\r\n<li><strong>Prenditi cura della tua pelle grazie alla sua elevata protezione\u00a0<\/strong><\/li>\r\n<\/ol>\r\n\r\n\r\n\r\n<p>Il nostro Solar Facial Mist \u00e8 formulato per proteggere la pelle dagli effetti dei raggi UVB e UVA, degli infrarossi e della luce blu. Con una protezione molto elevata SPF50+, \u00e8 l&#039;alleato perfetto per affrontare l&#039;esposizione solare durante tutto l&#039;anno. Il meglio di tutto? \u00c8 indicato per tutti i tipi di pelle, anche le pi\u00f9 sensibili e chiare, garantendo una protezione efficace e duratura.\u00a0\u00a0<\/p>\r\n\r\n\r\n\r\n<ol class=\"wp-block-list\" start=\"2\">\r\n<li><strong>La sua formula e consistenza ti faranno innamorare\u00a0<\/strong><\/li>\r\n<\/ol>\r\n\r\n\r\n\r\n<p>Non \u00e8 una protezione solare qualsiasi. Spicca il suo formato spray dal tocco secco, che si assorbe rapidamente e fornisce una grande dose di idratazione alla pelle. Inoltre, la sua formula ricca di principi attivi ha effetti riparatori per il derma. E non \u00e8 tutto, Solar Facial Mist \u00e8 impermeabile, cos\u00ec puoi goderti tutti i tuoi piani 100% protetti.<\/p>\r\n\r\n\r\n\r\n<ol class=\"wp-block-list\" start=\"3\">\r\n<li><strong>Ti trucchi? Nessun problema!<\/strong><\/li>\r\n<\/ol>\r\n\r\n\r\n\r\n<p>Uno dei grandi vantaggi di Agrado Solar Facial Mist \u00e8 che puoi applicarlo sopra il trucco in qualsiasi momento. Grazie alla sua texture leggera e al finish invisibile e non grasso, \u00e8 perfetto da utilizzare sia nella quotidianit\u00e0 che negli eventi pi\u00f9 importanti. Te lo promettiamo <em>trucco<\/em> rimarr\u00e0 intatto. \ud83d\ude09\u00a0<\/p>\r\n\r\n\r\n\r\n<ol class=\"wp-block-list\" start=\"4\">\r\n<li><strong>Applicazione in 1 minuto\u00a0<\/strong><\/li>\r\n<\/ol>\r\n\r\n\r\n\r\n<p>Dimenticatevi di spalmare la panna e di aspettare che venga assorbita. Agrado Solar Facial Mist non ha bisogno di essere spalmato n\u00e9 lascia residui bianchi sul viso. Il suo utilizzo \u00e8 molto semplice. Agitare bene il flacone e applicarlo 20 minuti prima dell&#039;esposizione al sole. Per fare questo basta spruzzarlo uniformemente sulla pelle da una distanza di 15 centimetri. Naturalmente, assicurati di coprire l&#039;intera superficie: orecchie, collo, attaccatura dei capelli... Non dimenticarli!\u00a0<\/p>\r\n\r\n\r\n\r\n<ol class=\"wp-block-list\" start=\"5\">\r\n<li><strong>Portalo sempre con te\u00a0<\/strong><\/li>\r\n<\/ol>\r\n\r\n\r\n\r\n<p>Il suo pratico formato ti permette di portarlo sempre con te per sostituire comodamente il protettore durante tutta la giornata. Nella borsa per andare al lavoro, nello zaino per andare all&#039;universit\u00e0 o nella valigia per una qualsiasi delle tue fughe. Il Solar Facial Mist ti accompagna ovunque tu vada!\u00a0<\/p>\r\n\r\n\r\n\r\n<p>Ora che conosci tutti i vantaggi dello spray solare viso SPF50+ <a href=\"https:\/\/agradocosmetic.com\/it\/\" target=\"_blank\" rel=\"noreferrer noopener\">Agrado Cosmetic<\/a>, vai avanti e provalo e senti la vera cotta. <strong>La tua pelle, pi\u00f9 protetta che mai durante tutto l&#039;anno!<\/strong><\/p>","protected":false},"excerpt":{"rendered":"<p>Proteger nuestra piel del sol no es algo puntual que solo debamos hacer en verano. Durante el resto del a\u00f1o tambi\u00e9n debemos incluir en nuestra rutina facial un protector solar que nos ayude a hacer frente a los riesgos del sol, como las manchas o el envejecimiento de la dermis. Si bien es cierto que [&hellip;]<\/p>\n","protected":false},"author":9,"featured_media":21265,"comment_status":"open","ping_status":"closed","sticky":false,"template":"","format":"standard","meta":{"footnotes":"","_wp_rev_ctl_limit":""},"categories":[116,1],"tags":[403,289,413,410,415,229],"class_list":["post-19908","post","type-post","status-publish","format-standard","has-post-thumbnail","hentry","category-solar","category-todos","tag-bruma-facial-solar","tag-cuidado-de-la-piel","tag-fotoprotector-facial","tag-protector-solar","tag-protector-solar-facial","tag-solares"],"yoast_head":"<!-- This site is optimized with the Yoast SEO plugin v27.4 - https:\/\/yoast.com\/product\/yoast-seo-wordpress\/ -->\n<title>5 razones por las que usar nuestra Bruma Facial Solar todo el a\u00f1o - Agrado<\/title>\n<meta name=\"description\" content=\"Si todav\u00eda no se ha convertido en tu favorito, \u00a1lo har\u00e1! Lee nuestro post y deja que los encantos de nuestra Bruma Solar Facial te enamoren.\" \/>\n<meta name=\"robots\" content=\"index, follow, max-snippet:-1, max-image-preview:large, max-video-preview:-1\" \/>\n<link rel=\"canonical\" href=\"https:\/\/agradocosmetic.com\/it\/5-razones-por-las-que-usar-nuestra-buma-facial-solar-todo-el-ano\/\" \/>\n<meta property=\"og:locale\" content=\"it_IT\" \/>\n<meta property=\"og:type\" content=\"article\" \/>\n<meta property=\"og:title\" content=\"5 razones por las que usar nuestra Bruma Facial Solar todo el a\u00f1o - Agrado\" \/>\n<meta property=\"og:description\" content=\"Si todav\u00eda no se ha convertido en tu favorito, \u00a1lo har\u00e1! Lee nuestro post y deja que los encantos de nuestra Bruma Solar Facial te enamoren.\" \/>\n<meta property=\"og:url\" content=\"https:\/\/agradocosmetic.com\/it\/5-razones-por-las-que-usar-nuestra-buma-facial-solar-todo-el-ano\/\" \/>\n<meta property=\"og:site_name\" content=\"Agrado\" \/>\n<meta property=\"article:published_time\" content=\"2022-08-19T09:00:00+00:00\" \/>\n<meta property=\"article:modified_time\" content=\"2023-11-18T16:58:50+00:00\" \/>\n<meta property=\"og:image\" content=\"https:\/\/agradocosmetic.com\/wp-content\/uploads\/2022\/08\/Bruma-Facial-Solar-agrado.jpg\" \/>\n\t<meta property=\"og:image:width\" content=\"1200\" \/>\n\t<meta property=\"og:image:height\" content=\"800\" \/>\n\t<meta property=\"og:image:type\" content=\"image\/jpeg\" \/>\n<meta name=\"author\" content=\"agradocosmetic\" \/>\n<meta name=\"twitter:card\" content=\"summary_large_image\" \/>\n<meta name=\"twitter:label1\" content=\"Scritto da\" \/>\n\t<meta name=\"twitter:data1\" content=\"agradocosmetic\" \/>\n\t<meta name=\"twitter:label2\" content=\"Tempo di lettura stimato\" \/>\n\t<meta name=\"twitter:data2\" content=\"3 minuti\" \/>\n<script type=\"application\/ld+json\" class=\"yoast-schema-graph\">{\"@context\":\"https:\\\/\\\/schema.org\",\"@graph\":[{\"@type\":\"Article\",\"@id\":\"https:\\\/\\\/agradocosmetic.com\\\/5-razones-por-las-que-usar-nuestra-buma-facial-solar-todo-el-ano\\\/#article\",\"isPartOf\":{\"@id\":\"https:\\\/\\\/agradocosmetic.com\\\/5-razones-por-las-que-usar-nuestra-buma-facial-solar-todo-el-ano\\\/\"},\"author\":{\"name\":\"agradocosmetic\",\"@id\":\"https:\\\/\\\/agradocosmetic.com\\\/#\\\/schema\\\/person\\\/732e8d396022e25f9340196f83d6789d\"},\"headline\":\"5 razones por las que usar nuestra Bruma Facial Solar todo el a\u00f1o\",\"datePublished\":\"2022-08-19T09:00:00+00:00\",\"dateModified\":\"2023-11-18T16:58:50+00:00\",\"mainEntityOfPage\":{\"@id\":\"https:\\\/\\\/agradocosmetic.com\\\/5-razones-por-las-que-usar-nuestra-buma-facial-solar-todo-el-ano\\\/\"},\"wordCount\":574,\"commentCount\":0,\"publisher\":{\"@id\":\"https:\\\/\\\/agradocosmetic.com\\\/#organization\"},\"image\":{\"@id\":\"https:\\\/\\\/agradocosmetic.com\\\/5-razones-por-las-que-usar-nuestra-buma-facial-solar-todo-el-ano\\\/#primaryimage\"},\"thumbnailUrl\":\"https:\\\/\\\/agradocosmetic.com\\\/wp-content\\\/uploads\\\/2022\\\/08\\\/Bruma-Facial-Solar-agrado.jpg\",\"keywords\":[\"bruma facial solar\",\"cuidado de la piel\",\"fotoprotector facial\",\"protector solar\",\"protector solar facial\",\"solares\"],\"articleSection\":[\"Solar\",\"Todos\"],\"inLanguage\":\"it-IT\",\"potentialAction\":[{\"@type\":\"CommentAction\",\"name\":\"Comment\",\"target\":[\"https:\\\/\\\/agradocosmetic.com\\\/5-razones-por-las-que-usar-nuestra-buma-facial-solar-todo-el-ano\\\/#respond\"]}]},{\"@type\":\"WebPage\",\"@id\":\"https:\\\/\\\/agradocosmetic.com\\\/5-razones-por-las-que-usar-nuestra-buma-facial-solar-todo-el-ano\\\/\",\"url\":\"https:\\\/\\\/agradocosmetic.com\\\/5-razones-por-las-que-usar-nuestra-buma-facial-solar-todo-el-ano\\\/\",\"name\":\"5 razones por las que usar nuestra Bruma Facial Solar todo el a\u00f1o - Agrado\",\"isPartOf\":{\"@id\":\"https:\\\/\\\/agradocosmetic.com\\\/#website\"},\"primaryImageOfPage\":{\"@id\":\"https:\\\/\\\/agradocosmetic.com\\\/5-razones-por-las-que-usar-nuestra-buma-facial-solar-todo-el-ano\\\/#primaryimage\"},\"image\":{\"@id\":\"https:\\\/\\\/agradocosmetic.com\\\/5-razones-por-las-que-usar-nuestra-buma-facial-solar-todo-el-ano\\\/#primaryimage\"},\"thumbnailUrl\":\"https:\\\/\\\/agradocosmetic.com\\\/wp-content\\\/uploads\\\/2022\\\/08\\\/Bruma-Facial-Solar-agrado.jpg\",\"datePublished\":\"2022-08-19T09:00:00+00:00\",\"dateModified\":\"2023-11-18T16:58:50+00:00\",\"description\":\"Si todav\u00eda no se ha convertido en tu favorito, \u00a1lo har\u00e1! Lee nuestro post y deja que los encantos de nuestra Bruma Solar Facial te enamoren.\",\"breadcrumb\":{\"@id\":\"https:\\\/\\\/agradocosmetic.com\\\/5-razones-por-las-que-usar-nuestra-buma-facial-solar-todo-el-ano\\\/#breadcrumb\"},\"inLanguage\":\"it-IT\",\"potentialAction\":[{\"@type\":\"ReadAction\",\"target\":[\"https:\\\/\\\/agradocosmetic.com\\\/5-razones-por-las-que-usar-nuestra-buma-facial-solar-todo-el-ano\\\/\"]}]},{\"@type\":\"ImageObject\",\"inLanguage\":\"it-IT\",\"@id\":\"https:\\\/\\\/agradocosmetic.com\\\/5-razones-por-las-que-usar-nuestra-buma-facial-solar-todo-el-ano\\\/#primaryimage\",\"url\":\"https:\\\/\\\/agradocosmetic.com\\\/wp-content\\\/uploads\\\/2022\\\/08\\\/Bruma-Facial-Solar-agrado.jpg\",\"contentUrl\":\"https:\\\/\\\/agradocosmetic.com\\\/wp-content\\\/uploads\\\/2022\\\/08\\\/Bruma-Facial-Solar-agrado.jpg\",\"width\":1200,\"height\":800},{\"@type\":\"BreadcrumbList\",\"@id\":\"https:\\\/\\\/agradocosmetic.com\\\/5-razones-por-las-que-usar-nuestra-buma-facial-solar-todo-el-ano\\\/#breadcrumb\",\"itemListElement\":[{\"@type\":\"ListItem\",\"position\":1,\"name\":\"Portada\",\"item\":\"https:\\\/\\\/agradocosmetic.com\\\/\"},{\"@type\":\"ListItem\",\"position\":2,\"name\":\"5 razones por las que usar nuestra Bruma Facial Solar todo el a\u00f1o\"}]},{\"@type\":\"WebSite\",\"@id\":\"https:\\\/\\\/agradocosmetic.com\\\/#website\",\"url\":\"https:\\\/\\\/agradocosmetic.com\\\/\",\"name\":\"Agrado\",\"description\":\"Cosmetic\",\"publisher\":{\"@id\":\"https:\\\/\\\/agradocosmetic.com\\\/#organization\"},\"potentialAction\":[{\"@type\":\"SearchAction\",\"target\":{\"@type\":\"EntryPoint\",\"urlTemplate\":\"https:\\\/\\\/agradocosmetic.com\\\/?s={search_term_string}\"},\"query-input\":{\"@type\":\"PropertyValueSpecification\",\"valueRequired\":true,\"valueName\":\"search_term_string\"}}],\"inLanguage\":\"it-IT\"},{\"@type\":\"Organization\",\"@id\":\"https:\\\/\\\/agradocosmetic.com\\\/#organization\",\"name\":\"Agrado\",\"url\":\"https:\\\/\\\/agradocosmetic.com\\\/\",\"logo\":{\"@type\":\"ImageObject\",\"inLanguage\":\"it-IT\",\"@id\":\"https:\\\/\\\/agradocosmetic.com\\\/#\\\/schema\\\/logo\\\/image\\\/\",\"url\":\"https:\\\/\\\/agradocosmetic.com\\\/wp-content\\\/uploads\\\/2023\\\/07\\\/LOGO-AGRADO-WEB-01.png\",\"contentUrl\":\"https:\\\/\\\/agradocosmetic.com\\\/wp-content\\\/uploads\\\/2023\\\/07\\\/LOGO-AGRADO-WEB-01.png\",\"width\":1632,\"height\":300,\"caption\":\"Agrado\"},\"image\":{\"@id\":\"https:\\\/\\\/agradocosmetic.com\\\/#\\\/schema\\\/logo\\\/image\\\/\"}},{\"@type\":\"Person\",\"@id\":\"https:\\\/\\\/agradocosmetic.com\\\/#\\\/schema\\\/person\\\/732e8d396022e25f9340196f83d6789d\",\"name\":\"agradocosmetic\",\"image\":{\"@type\":\"ImageObject\",\"inLanguage\":\"it-IT\",\"@id\":\"https:\\\/\\\/secure.gravatar.com\\\/avatar\\\/c6003e45301182b7e125463fcbec403b1980909c12edf09098526b9a15e779c0?s=96&d=mm&r=g\",\"url\":\"https:\\\/\\\/secure.gravatar.com\\\/avatar\\\/c6003e45301182b7e125463fcbec403b1980909c12edf09098526b9a15e779c0?s=96&d=mm&r=g\",\"contentUrl\":\"https:\\\/\\\/secure.gravatar.com\\\/avatar\\\/c6003e45301182b7e125463fcbec403b1980909c12edf09098526b9a15e779c0?s=96&d=mm&r=g\",\"caption\":\"agradocosmetic\"}}]}<\/script>\n<!-- \/ Yoast SEO plugin. -->","yoast_head_json":{"title":"5 motivi per cui dovresti usare il nostro Sun Facial Mist tutto l&#039;anno - Agrado","description":"Se non \u00e8 ancora diventato il tuo preferito, lo diventer\u00e0! Leggi il nostro post e lasciati conquistare dal fascino del nostro Facial Sun Mist.","robots":{"index":"index","follow":"follow","max-snippet":"max-snippet:-1","max-image-preview":"max-image-preview:large","max-video-preview":"max-video-preview:-1"},"canonical":"https:\/\/agradocosmetic.com\/it\/5-razones-por-las-que-usar-nuestra-buma-facial-solar-todo-el-ano\/","og_locale":"it_IT","og_type":"article","og_title":"5 razones por las que usar nuestra Bruma Facial Solar todo el a\u00f1o - Agrado","og_description":"Si todav\u00eda no se ha convertido en tu favorito, \u00a1lo har\u00e1! Lee nuestro post y deja que los encantos de nuestra Bruma Solar Facial te enamoren.","og_url":"https:\/\/agradocosmetic.com\/it\/5-razones-por-las-que-usar-nuestra-buma-facial-solar-todo-el-ano\/","og_site_name":"Agrado","article_published_time":"2022-08-19T09:00:00+00:00","article_modified_time":"2023-11-18T16:58:50+00:00","og_image":[{"width":1200,"height":800,"url":"https:\/\/agradocosmetic.com\/wp-content\/uploads\/2022\/08\/Bruma-Facial-Solar-agrado.jpg","type":"image\/jpeg"}],"author":"agradocosmetic","twitter_card":"summary_large_image","twitter_misc":{"Scritto da":"agradocosmetic","Tempo di lettura stimato":"3 minuti"},"schema":{"@context":"https:\/\/schema.org","@graph":[{"@type":"Article","@id":"https:\/\/agradocosmetic.com\/5-razones-por-las-que-usar-nuestra-buma-facial-solar-todo-el-ano\/#article","isPartOf":{"@id":"https:\/\/agradocosmetic.com\/5-razones-por-las-que-usar-nuestra-buma-facial-solar-todo-el-ano\/"},"author":{"name":"agradocosmetic","@id":"https:\/\/agradocosmetic.com\/#\/schema\/person\/732e8d396022e25f9340196f83d6789d"},"headline":"5 razones por las que usar nuestra Bruma Facial Solar todo el a\u00f1o","datePublished":"2022-08-19T09:00:00+00:00","dateModified":"2023-11-18T16:58:50+00:00","mainEntityOfPage":{"@id":"https:\/\/agradocosmetic.com\/5-razones-por-las-que-usar-nuestra-buma-facial-solar-todo-el-ano\/"},"wordCount":574,"commentCount":0,"publisher":{"@id":"https:\/\/agradocosmetic.com\/#organization"},"image":{"@id":"https:\/\/agradocosmetic.com\/5-razones-por-las-que-usar-nuestra-buma-facial-solar-todo-el-ano\/#primaryimage"},"thumbnailUrl":"https:\/\/agradocosmetic.com\/wp-content\/uploads\/2022\/08\/Bruma-Facial-Solar-agrado.jpg","keywords":["bruma facial solar","cuidado de la piel","fotoprotector facial","protector solar","protector solar facial","solares"],"articleSection":["Solar","Todos"],"inLanguage":"it-IT","potentialAction":[{"@type":"CommentAction","name":"Comment","target":["https:\/\/agradocosmetic.com\/5-razones-por-las-que-usar-nuestra-buma-facial-solar-todo-el-ano\/#respond"]}]},{"@type":"WebPage","@id":"https:\/\/agradocosmetic.com\/5-razones-por-las-que-usar-nuestra-buma-facial-solar-todo-el-ano\/","url":"https:\/\/agradocosmetic.com\/5-razones-por-las-que-usar-nuestra-buma-facial-solar-todo-el-ano\/","name":"5 motivi per cui dovresti usare il nostro Sun Facial Mist tutto l&#039;anno - Agrado","isPartOf":{"@id":"https:\/\/agradocosmetic.com\/#website"},"primaryImageOfPage":{"@id":"https:\/\/agradocosmetic.com\/5-razones-por-las-que-usar-nuestra-buma-facial-solar-todo-el-ano\/#primaryimage"},"image":{"@id":"https:\/\/agradocosmetic.com\/5-razones-por-las-que-usar-nuestra-buma-facial-solar-todo-el-ano\/#primaryimage"},"thumbnailUrl":"https:\/\/agradocosmetic.com\/wp-content\/uploads\/2022\/08\/Bruma-Facial-Solar-agrado.jpg","datePublished":"2022-08-19T09:00:00+00:00","dateModified":"2023-11-18T16:58:50+00:00","description":"Se non \u00e8 ancora diventato il tuo preferito, lo diventer\u00e0! Leggi il nostro post e lasciati conquistare dal fascino del nostro Facial Sun Mist.","breadcrumb":{"@id":"https:\/\/agradocosmetic.com\/5-razones-por-las-que-usar-nuestra-buma-facial-solar-todo-el-ano\/#breadcrumb"},"inLanguage":"it-IT","potentialAction":[{"@type":"ReadAction","target":["https:\/\/agradocosmetic.com\/5-razones-por-las-que-usar-nuestra-buma-facial-solar-todo-el-ano\/"]}]},{"@type":"ImageObject","inLanguage":"it-IT","@id":"https:\/\/agradocosmetic.com\/5-razones-por-las-que-usar-nuestra-buma-facial-solar-todo-el-ano\/#primaryimage","url":"https:\/\/agradocosmetic.com\/wp-content\/uploads\/2022\/08\/Bruma-Facial-Solar-agrado.jpg","contentUrl":"https:\/\/agradocosmetic.com\/wp-content\/uploads\/2022\/08\/Bruma-Facial-Solar-agrado.jpg","width":1200,"height":800},{"@type":"BreadcrumbList","@id":"https:\/\/agradocosmetic.com\/5-razones-por-las-que-usar-nuestra-buma-facial-solar-todo-el-ano\/#breadcrumb","itemListElement":[{"@type":"ListItem","position":1,"name":"Portada","item":"https:\/\/agradocosmetic.com\/"},{"@type":"ListItem","position":2,"name":"5 razones por las que usar nuestra Bruma Facial Solar todo el a\u00f1o"}]},{"@type":"WebSite","@id":"https:\/\/agradocosmetic.com\/#website","url":"https:\/\/agradocosmetic.com\/","name":"Mi piace","description":"cosmetico","publisher":{"@id":"https:\/\/agradocosmetic.com\/#organization"},"potentialAction":[{"@type":"SearchAction","target":{"@type":"EntryPoint","urlTemplate":"https:\/\/agradocosmetic.com\/?s={search_term_string}"},"query-input":{"@type":"PropertyValueSpecification","valueRequired":true,"valueName":"search_term_string"}}],"inLanguage":"it-IT"},{"@type":"Organization","@id":"https:\/\/agradocosmetic.com\/#organization","name":"Mi piace","url":"https:\/\/agradocosmetic.com\/","logo":{"@type":"ImageObject","inLanguage":"it-IT","@id":"https:\/\/agradocosmetic.com\/#\/schema\/logo\/image\/","url":"https:\/\/agradocosmetic.com\/wp-content\/uploads\/2023\/07\/LOGO-AGRADO-WEB-01.png","contentUrl":"https:\/\/agradocosmetic.com\/wp-content\/uploads\/2023\/07\/LOGO-AGRADO-WEB-01.png","width":1632,"height":300,"caption":"Agrado"},"image":{"@id":"https:\/\/agradocosmetic.com\/#\/schema\/logo\/image\/"}},{"@type":"Person","@id":"https:\/\/agradocosmetic.com\/#\/schema\/person\/732e8d396022e25f9340196f83d6789d","name":"agradocosmetico","image":{"@type":"ImageObject","inLanguage":"it-IT","@id":"https:\/\/secure.gravatar.com\/avatar\/c6003e45301182b7e125463fcbec403b1980909c12edf09098526b9a15e779c0?s=96&d=mm&r=g","url":"https:\/\/secure.gravatar.com\/avatar\/c6003e45301182b7e125463fcbec403b1980909c12edf09098526b9a15e779c0?s=96&d=mm&r=g","contentUrl":"https:\/\/secure.gravatar.com\/avatar\/c6003e45301182b7e125463fcbec403b1980909c12edf09098526b9a15e779c0?s=96&d=mm&r=g","caption":"agradocosmetic"}}]}},"_links":{"self":[{"href":"https:\/\/agradocosmetic.com\/it\/wp-json\/wp\/v2\/posts\/19908","targetHints":{"allow":["GET"]}}],"collection":[{"href":"https:\/\/agradocosmetic.com\/it\/wp-json\/wp\/v2\/posts"}],"about":[{"href":"https:\/\/agradocosmetic.com\/it\/wp-json\/wp\/v2\/types\/post"}],"author":[{"embeddable":true,"href":"https:\/\/agradocosmetic.com\/it\/wp-json\/wp\/v2\/users\/9"}],"replies":[{"embeddable":true,"href":"https:\/\/agradocosmetic.com\/it\/wp-json\/wp\/v2\/comments?post=19908"}],"version-history":[{"count":1,"href":"https:\/\/agradocosmetic.com\/it\/wp-json\/wp\/v2\/posts\/19908\/revisions"}],"predecessor-version":[{"id":21266,"href":"https:\/\/agradocosmetic.com\/it\/wp-json\/wp\/v2\/posts\/19908\/revisions\/21266"}],"wp:featuredmedia":[{"embeddable":true,"href":"https:\/\/agradocosmetic.com\/it\/wp-json\/wp\/v2\/media\/21265"}],"wp:attachment":[{"href":"https:\/\/agradocosmetic.com\/it\/wp-json\/wp\/v2\/media?parent=19908"}],"wp:term":[{"taxonomy":"category","embeddable":true,"href":"https:\/\/agradocosmetic.com\/it\/wp-json\/wp\/v2\/categories?post=19908"},{"taxonomy":"post_tag","embeddable":true,"href":"https:\/\/agradocosmetic.com\/it\/wp-json\/wp\/v2\/tags?post=19908"}],"curies":[{"name":"parola chiave","href":"https:\/\/api.w.org\/{rel}","templated":true}]}}