{"id":20211,"date":"2022-11-17T12:01:16","date_gmt":"2022-11-17T11:01:16","guid":{"rendered":"https:\/\/www.agradocosmetic.com\/?p=20211"},"modified":"2023-11-18T16:58:50","modified_gmt":"2023-11-18T16:58:50","slug":"que-debe-tener-mi-gel-de-bano-ideal","status":"publish","type":"post","link":"https:\/\/agradocosmetic.com\/it\/que-debe-tener-mi-gel-de-bano-ideal\/","title":{"rendered":"Cosa dovrebbe avere il mio bagnoschiuma ideale?"},"content":{"rendered":"<p>Lo usiamo nella nostra vita quotidiana, eppure, molte volte diamo importanza solo al suo buon odore o alla sua permanenza sulla pelle. Ma lo stiamo sbagliando! Ci sono altri fattori da tenere in considerazione quando si sceglie il bagnoschiuma perfetto. Vuoi sapere cosa sono? Prendi nota perch\u00e9 dentro <a href=\"https:\/\/agradocosmetic.com\/it\/\" target=\"_blank\" rel=\"noreferrer noopener\">Agrado Cosmetic<\/a> Ti diciamo tutto quello che dovrebbe avere il tuo bagnoschiuma ideale. \ud83d\ude09\u200b<\/p>\r\n\r\n\r\n\r\n<p>&nbsp;<\/p>\r\n\r\n\r\n\r\n<h4 class=\"wp-block-heading\">\u00c8 adatto al tuo tipo di pelle?<\/h4>\r\n\r\n\r\n\r\n<p>Prima di tutto, <strong>\u00c8 molto importante sapere che tipo di pelle hai affinch\u00e9 il tuo gel si adatti alle sue esigenze.<\/strong>. Pu\u00f2 sembrare un po\u2019 travolgente ma non preoccuparti! Te lo diciamo noi: esistono tipi di pelle secca, grassa, sensibile o allergica. E a seconda di quale sia la tua, avrai bisogno di una formulazione o di un&#039;altra. Ad esempio, per la pelle atopica, consigliamo il <a href=\"https:\/\/agradocosmetic.com\/it\/producto\/gel-micelar-bano-ducha-pieles-atopicas\/\" target=\"_blank\" rel=\"noreferrer noopener\">Bagno e doccia micellare Agrado<\/a>. La sua formula micellare senza sapone \u00e8 perfetta per l&#039;igiene quotidiana di questo tipo di pelle sensibile. Proteggi e cura tutto in uno!<\/p>\r\n\r\n\r\n\r\n<p>&nbsp;<\/p>\r\n\r\n\r\n\r\n<h4 class=\"wp-block-heading\">Scegli un pH neutro<\/h4>\r\n\r\n\r\n\r\n<p>Se il tuo bagnoschiuma non rispetta il pH della tua pelle... Digli presto addio!<strong> Il pH neutro aiuta a prevenire la comparsa di reazioni e allergie sulla pelle<\/strong>, e cos\u00ec potrai sfoggiare gambe strepitose in tutte le stagioni dell&#039;anno. E... psst psst ti svelo un segreto che ti interesser\u00e0: tutto il <a href=\"https:\/\/agradocosmetic.com\/it\/productos\/corporal\/gel-de-bano-y-ducha\/\" target=\"_blank\" rel=\"noreferrer noopener\">Gel da bagno Agrado Cosmetic <\/a>Hanno un pH neutro.<\/p>\r\n\r\n\r\n\r\n<p>&nbsp;<\/p>\r\n\r\n\r\n\r\n<h4 class=\"wp-block-heading\">Un profumo che ti fa innamorare<\/h4>\r\n\r\n\r\n\r\n<p>Non c&#039;\u00e8 niente di meglio che essere fedeli ai propri gusti e, nel caso degli odori, ancora di pi\u00f9! Scegliere l&#039;aroma che ti accompagner\u00e0 per tutta la giornata non \u00e8 un compito facile, ma ti diamo alcuni consigli: scegli una fragranza fresca che ti piace e che si abbini al tuo profumo.<\/p>\r\n\r\n\r\n\r\n<p>PS: Come raccomandazione, sicuramente la gamma di <a href=\"https:\/\/agradocosmetic.com\/it\/productos\/corporal\/trendy-bubbles\/\" target=\"_blank\" rel=\"noreferrer noopener\">Collezione di bolle alla moda<\/a> Ti piacer\u00e0. Non possiamo pi\u00f9 vivere senza di lui<a href=\"https:\/\/agradocosmetic.com\/it\/producto\/gel-bano-ducha-mango-exotico\/\" target=\"_blank\" rel=\"noreferrer noopener\"> Gel da bagno e doccia esotico al mango<\/a>, che ti avvolge in un aroma tropicale e rinfrescante con tutta la dolcezza fruttata. La sua formula, con 95% di ingredienti di origine naturale, contribuisce all&#039;idratazione della pelle. Cosa si potrebbe chiedere di pi\u00f9?<\/p>\r\n\r\n\r\n\r\n<p>&nbsp;<\/p>\r\n\r\n\r\n\r\n<h4 class=\"wp-block-heading\">Ingredienti naturali<\/h4>\r\n\r\n\r\n\r\n<p>Il tocco finale: <strong>coccola la tua pelle con i migliori prodotti naturali<\/strong>. La tua pelle chiede disperatamente di sfuggire ai parabeni e ai conservanti che la seccano. Sostituiscili con gel da bagno che lo rispettano come il <a href=\"https:\/\/agradocosmetic.com\/it\/producto\/gel-bano-ducha-avena\/\" target=\"_blank\" rel=\"noreferrer noopener\">Bagno di farina d&#039;avena e gel doccia<\/a>, formulato con estratto di avena, che aiuta a prevenire le irritazioni grazie al suo effetto calmante e rigenerante. Credimi, noterai la differenza!<\/p>\r\n\r\n\r\n\r\n<p>Ora che conosci i &quot;must have&quot; del tuo prossimo bagnoschiuma ideale, metti in pratica i nostri consigli e <strong>avere una pelle perfetta questo autunno <a href=\"https:\/\/agradocosmetic.com\/it\/\" target=\"_blank\" rel=\"noreferrer noopener\">Agrado Cosmetic<\/a>.<\/strong><\/p>","protected":false},"excerpt":{"rendered":"<p>Lo usamos en nuestro d\u00eda a d\u00eda, y sin embargo, muchas veces solo de damos importancia a su buen olor o a que este perdure en nuestra piel. \u00a1Pero lo estamos haciendo mal! Existen otros factores que hay que tener en cuenta a la hora de elegir el gel de ba\u00f1o perfecto. \u00bfQuieres saber cu\u00e1les [&hellip;]<\/p>\n","protected":false},"author":9,"featured_media":21253,"comment_status":"open","ping_status":"closed","sticky":false,"template":"","format":"standard","meta":{"footnotes":"","_wp_rev_ctl_limit":""},"categories":[149,1],"tags":[126,289,360],"class_list":["post-20211","post","type-post","status-publish","format-standard","has-post-thumbnail","hentry","category-corporal","category-todos","tag-agrado","tag-cuidado-de-la-piel","tag-gel-de-bano"],"yoast_head":"<!-- This site is optimized with the Yoast SEO plugin v27.4 - https:\/\/yoast.com\/product\/yoast-seo-wordpress\/ -->\n<title>Qu\u00e9 debe tener mi gel de ba\u00f1o ideal - Agrado Cosmetics<\/title>\n<meta name=\"description\" content=\"Un olor rico es solo una peque\u00f1\u00edsima parte de todo lo que tu gel de ba\u00f1o puede ofrecerte. \u00a1Descubre qu\u00e9 debe tener para lucir una piel ideal!\" \/>\n<meta name=\"robots\" content=\"index, follow, max-snippet:-1, max-image-preview:large, max-video-preview:-1\" \/>\n<link rel=\"canonical\" href=\"https:\/\/agradocosmetic.com\/it\/que-debe-tener-mi-gel-de-bano-ideal\/\" \/>\n<meta property=\"og:locale\" content=\"it_IT\" \/>\n<meta property=\"og:type\" content=\"article\" \/>\n<meta property=\"og:title\" content=\"Qu\u00e9 debe tener mi gel de ba\u00f1o ideal - Agrado Cosmetics\" \/>\n<meta property=\"og:description\" content=\"Un olor rico es solo una peque\u00f1\u00edsima parte de todo lo que tu gel de ba\u00f1o puede ofrecerte. \u00a1Descubre qu\u00e9 debe tener para lucir una piel ideal!\" \/>\n<meta property=\"og:url\" content=\"https:\/\/agradocosmetic.com\/it\/que-debe-tener-mi-gel-de-bano-ideal\/\" \/>\n<meta property=\"og:site_name\" content=\"Agrado\" \/>\n<meta property=\"article:published_time\" content=\"2022-11-17T11:01:16+00:00\" \/>\n<meta property=\"article:modified_time\" content=\"2023-11-18T16:58:50+00:00\" \/>\n<meta property=\"og:image\" content=\"https:\/\/agradocosmetic.com\/wp-content\/uploads\/2022\/11\/gel-de-ducha-agrado.jpg\" \/>\n\t<meta property=\"og:image:width\" content=\"1200\" \/>\n\t<meta property=\"og:image:height\" content=\"800\" \/>\n\t<meta property=\"og:image:type\" content=\"image\/jpeg\" \/>\n<meta name=\"author\" content=\"agradocosmetic\" \/>\n<meta name=\"twitter:card\" content=\"summary_large_image\" \/>\n<meta name=\"twitter:label1\" content=\"Scritto da\" \/>\n\t<meta name=\"twitter:data1\" content=\"agradocosmetic\" \/>\n\t<meta name=\"twitter:label2\" content=\"Tempo di lettura stimato\" \/>\n\t<meta name=\"twitter:data2\" content=\"3 minuti\" \/>\n<script type=\"application\/ld+json\" class=\"yoast-schema-graph\">{\"@context\":\"https:\\\/\\\/schema.org\",\"@graph\":[{\"@type\":\"Article\",\"@id\":\"https:\\\/\\\/agradocosmetic.com\\\/que-debe-tener-mi-gel-de-bano-ideal\\\/#article\",\"isPartOf\":{\"@id\":\"https:\\\/\\\/agradocosmetic.com\\\/que-debe-tener-mi-gel-de-bano-ideal\\\/\"},\"author\":{\"name\":\"agradocosmetic\",\"@id\":\"https:\\\/\\\/agradocosmetic.com\\\/#\\\/schema\\\/person\\\/732e8d396022e25f9340196f83d6789d\"},\"headline\":\"Qu\u00e9 debe tener mi gel de ba\u00f1o ideal\",\"datePublished\":\"2022-11-17T11:01:16+00:00\",\"dateModified\":\"2023-11-18T16:58:50+00:00\",\"mainEntityOfPage\":{\"@id\":\"https:\\\/\\\/agradocosmetic.com\\\/que-debe-tener-mi-gel-de-bano-ideal\\\/\"},\"wordCount\":509,\"commentCount\":0,\"publisher\":{\"@id\":\"https:\\\/\\\/agradocosmetic.com\\\/#organization\"},\"image\":{\"@id\":\"https:\\\/\\\/agradocosmetic.com\\\/que-debe-tener-mi-gel-de-bano-ideal\\\/#primaryimage\"},\"thumbnailUrl\":\"https:\\\/\\\/agradocosmetic.com\\\/wp-content\\\/uploads\\\/2022\\\/11\\\/gel-de-ducha-agrado.jpg\",\"keywords\":[\"agrado\",\"cuidado de la piel\",\"gel de ba\u00f1o\"],\"articleSection\":[\"Corporal\",\"Todos\"],\"inLanguage\":\"it-IT\",\"potentialAction\":[{\"@type\":\"CommentAction\",\"name\":\"Comment\",\"target\":[\"https:\\\/\\\/agradocosmetic.com\\\/que-debe-tener-mi-gel-de-bano-ideal\\\/#respond\"]}]},{\"@type\":\"WebPage\",\"@id\":\"https:\\\/\\\/agradocosmetic.com\\\/que-debe-tener-mi-gel-de-bano-ideal\\\/\",\"url\":\"https:\\\/\\\/agradocosmetic.com\\\/que-debe-tener-mi-gel-de-bano-ideal\\\/\",\"name\":\"Qu\u00e9 debe tener mi gel de ba\u00f1o ideal - Agrado Cosmetics\",\"isPartOf\":{\"@id\":\"https:\\\/\\\/agradocosmetic.com\\\/#website\"},\"primaryImageOfPage\":{\"@id\":\"https:\\\/\\\/agradocosmetic.com\\\/que-debe-tener-mi-gel-de-bano-ideal\\\/#primaryimage\"},\"image\":{\"@id\":\"https:\\\/\\\/agradocosmetic.com\\\/que-debe-tener-mi-gel-de-bano-ideal\\\/#primaryimage\"},\"thumbnailUrl\":\"https:\\\/\\\/agradocosmetic.com\\\/wp-content\\\/uploads\\\/2022\\\/11\\\/gel-de-ducha-agrado.jpg\",\"datePublished\":\"2022-11-17T11:01:16+00:00\",\"dateModified\":\"2023-11-18T16:58:50+00:00\",\"description\":\"Un olor rico es solo una peque\u00f1\u00edsima parte de todo lo que tu gel de ba\u00f1o puede ofrecerte. \u00a1Descubre qu\u00e9 debe tener para lucir una piel ideal!\",\"breadcrumb\":{\"@id\":\"https:\\\/\\\/agradocosmetic.com\\\/que-debe-tener-mi-gel-de-bano-ideal\\\/#breadcrumb\"},\"inLanguage\":\"it-IT\",\"potentialAction\":[{\"@type\":\"ReadAction\",\"target\":[\"https:\\\/\\\/agradocosmetic.com\\\/que-debe-tener-mi-gel-de-bano-ideal\\\/\"]}]},{\"@type\":\"ImageObject\",\"inLanguage\":\"it-IT\",\"@id\":\"https:\\\/\\\/agradocosmetic.com\\\/que-debe-tener-mi-gel-de-bano-ideal\\\/#primaryimage\",\"url\":\"https:\\\/\\\/agradocosmetic.com\\\/wp-content\\\/uploads\\\/2022\\\/11\\\/gel-de-ducha-agrado.jpg\",\"contentUrl\":\"https:\\\/\\\/agradocosmetic.com\\\/wp-content\\\/uploads\\\/2022\\\/11\\\/gel-de-ducha-agrado.jpg\",\"width\":1200,\"height\":800},{\"@type\":\"BreadcrumbList\",\"@id\":\"https:\\\/\\\/agradocosmetic.com\\\/que-debe-tener-mi-gel-de-bano-ideal\\\/#breadcrumb\",\"itemListElement\":[{\"@type\":\"ListItem\",\"position\":1,\"name\":\"Portada\",\"item\":\"https:\\\/\\\/agradocosmetic.com\\\/\"},{\"@type\":\"ListItem\",\"position\":2,\"name\":\"Qu\u00e9 debe tener mi gel de ba\u00f1o ideal\"}]},{\"@type\":\"WebSite\",\"@id\":\"https:\\\/\\\/agradocosmetic.com\\\/#website\",\"url\":\"https:\\\/\\\/agradocosmetic.com\\\/\",\"name\":\"Agrado\",\"description\":\"Cosmetic\",\"publisher\":{\"@id\":\"https:\\\/\\\/agradocosmetic.com\\\/#organization\"},\"potentialAction\":[{\"@type\":\"SearchAction\",\"target\":{\"@type\":\"EntryPoint\",\"urlTemplate\":\"https:\\\/\\\/agradocosmetic.com\\\/?s={search_term_string}\"},\"query-input\":{\"@type\":\"PropertyValueSpecification\",\"valueRequired\":true,\"valueName\":\"search_term_string\"}}],\"inLanguage\":\"it-IT\"},{\"@type\":\"Organization\",\"@id\":\"https:\\\/\\\/agradocosmetic.com\\\/#organization\",\"name\":\"Agrado\",\"url\":\"https:\\\/\\\/agradocosmetic.com\\\/\",\"logo\":{\"@type\":\"ImageObject\",\"inLanguage\":\"it-IT\",\"@id\":\"https:\\\/\\\/agradocosmetic.com\\\/#\\\/schema\\\/logo\\\/image\\\/\",\"url\":\"https:\\\/\\\/agradocosmetic.com\\\/wp-content\\\/uploads\\\/2023\\\/07\\\/LOGO-AGRADO-WEB-01.png\",\"contentUrl\":\"https:\\\/\\\/agradocosmetic.com\\\/wp-content\\\/uploads\\\/2023\\\/07\\\/LOGO-AGRADO-WEB-01.png\",\"width\":1632,\"height\":300,\"caption\":\"Agrado\"},\"image\":{\"@id\":\"https:\\\/\\\/agradocosmetic.com\\\/#\\\/schema\\\/logo\\\/image\\\/\"}},{\"@type\":\"Person\",\"@id\":\"https:\\\/\\\/agradocosmetic.com\\\/#\\\/schema\\\/person\\\/732e8d396022e25f9340196f83d6789d\",\"name\":\"agradocosmetic\",\"image\":{\"@type\":\"ImageObject\",\"inLanguage\":\"it-IT\",\"@id\":\"https:\\\/\\\/secure.gravatar.com\\\/avatar\\\/c6003e45301182b7e125463fcbec403b1980909c12edf09098526b9a15e779c0?s=96&d=mm&r=g\",\"url\":\"https:\\\/\\\/secure.gravatar.com\\\/avatar\\\/c6003e45301182b7e125463fcbec403b1980909c12edf09098526b9a15e779c0?s=96&d=mm&r=g\",\"contentUrl\":\"https:\\\/\\\/secure.gravatar.com\\\/avatar\\\/c6003e45301182b7e125463fcbec403b1980909c12edf09098526b9a15e779c0?s=96&d=mm&r=g\",\"caption\":\"agradocosmetic\"}}]}<\/script>\n<!-- \/ Yoast SEO plugin. -->","yoast_head_json":{"title":"Cosa dovrebbe contenere il mio gel doccia ideale? - Agrado Cosmetics","description":"Un profumo intenso \u00e8 solo una piccola parte di ci\u00f2 che il tuo bagnoschiuma pu\u00f2 offrire. Scopri cosa dovrebbe avere per una pelle perfetta!","robots":{"index":"index","follow":"follow","max-snippet":"max-snippet:-1","max-image-preview":"max-image-preview:large","max-video-preview":"max-video-preview:-1"},"canonical":"https:\/\/agradocosmetic.com\/it\/que-debe-tener-mi-gel-de-bano-ideal\/","og_locale":"it_IT","og_type":"article","og_title":"Qu\u00e9 debe tener mi gel de ba\u00f1o ideal - Agrado Cosmetics","og_description":"Un olor rico es solo una peque\u00f1\u00edsima parte de todo lo que tu gel de ba\u00f1o puede ofrecerte. \u00a1Descubre qu\u00e9 debe tener para lucir una piel ideal!","og_url":"https:\/\/agradocosmetic.com\/it\/que-debe-tener-mi-gel-de-bano-ideal\/","og_site_name":"Agrado","article_published_time":"2022-11-17T11:01:16+00:00","article_modified_time":"2023-11-18T16:58:50+00:00","og_image":[{"width":1200,"height":800,"url":"https:\/\/agradocosmetic.com\/wp-content\/uploads\/2022\/11\/gel-de-ducha-agrado.jpg","type":"image\/jpeg"}],"author":"agradocosmetic","twitter_card":"summary_large_image","twitter_misc":{"Scritto da":"agradocosmetic","Tempo di lettura stimato":"3 minuti"},"schema":{"@context":"https:\/\/schema.org","@graph":[{"@type":"Article","@id":"https:\/\/agradocosmetic.com\/que-debe-tener-mi-gel-de-bano-ideal\/#article","isPartOf":{"@id":"https:\/\/agradocosmetic.com\/que-debe-tener-mi-gel-de-bano-ideal\/"},"author":{"name":"agradocosmetic","@id":"https:\/\/agradocosmetic.com\/#\/schema\/person\/732e8d396022e25f9340196f83d6789d"},"headline":"Qu\u00e9 debe tener mi gel de ba\u00f1o ideal","datePublished":"2022-11-17T11:01:16+00:00","dateModified":"2023-11-18T16:58:50+00:00","mainEntityOfPage":{"@id":"https:\/\/agradocosmetic.com\/que-debe-tener-mi-gel-de-bano-ideal\/"},"wordCount":509,"commentCount":0,"publisher":{"@id":"https:\/\/agradocosmetic.com\/#organization"},"image":{"@id":"https:\/\/agradocosmetic.com\/que-debe-tener-mi-gel-de-bano-ideal\/#primaryimage"},"thumbnailUrl":"https:\/\/agradocosmetic.com\/wp-content\/uploads\/2022\/11\/gel-de-ducha-agrado.jpg","keywords":["agrado","cuidado de la piel","gel de ba\u00f1o"],"articleSection":["Corporal","Todos"],"inLanguage":"it-IT","potentialAction":[{"@type":"CommentAction","name":"Comment","target":["https:\/\/agradocosmetic.com\/que-debe-tener-mi-gel-de-bano-ideal\/#respond"]}]},{"@type":"WebPage","@id":"https:\/\/agradocosmetic.com\/que-debe-tener-mi-gel-de-bano-ideal\/","url":"https:\/\/agradocosmetic.com\/que-debe-tener-mi-gel-de-bano-ideal\/","name":"Cosa dovrebbe contenere il mio gel doccia ideale? - Agrado Cosmetics","isPartOf":{"@id":"https:\/\/agradocosmetic.com\/#website"},"primaryImageOfPage":{"@id":"https:\/\/agradocosmetic.com\/que-debe-tener-mi-gel-de-bano-ideal\/#primaryimage"},"image":{"@id":"https:\/\/agradocosmetic.com\/que-debe-tener-mi-gel-de-bano-ideal\/#primaryimage"},"thumbnailUrl":"https:\/\/agradocosmetic.com\/wp-content\/uploads\/2022\/11\/gel-de-ducha-agrado.jpg","datePublished":"2022-11-17T11:01:16+00:00","dateModified":"2023-11-18T16:58:50+00:00","description":"Un profumo intenso \u00e8 solo una piccola parte di ci\u00f2 che il tuo bagnoschiuma pu\u00f2 offrire. Scopri cosa dovrebbe avere per una pelle perfetta!","breadcrumb":{"@id":"https:\/\/agradocosmetic.com\/que-debe-tener-mi-gel-de-bano-ideal\/#breadcrumb"},"inLanguage":"it-IT","potentialAction":[{"@type":"ReadAction","target":["https:\/\/agradocosmetic.com\/que-debe-tener-mi-gel-de-bano-ideal\/"]}]},{"@type":"ImageObject","inLanguage":"it-IT","@id":"https:\/\/agradocosmetic.com\/que-debe-tener-mi-gel-de-bano-ideal\/#primaryimage","url":"https:\/\/agradocosmetic.com\/wp-content\/uploads\/2022\/11\/gel-de-ducha-agrado.jpg","contentUrl":"https:\/\/agradocosmetic.com\/wp-content\/uploads\/2022\/11\/gel-de-ducha-agrado.jpg","width":1200,"height":800},{"@type":"BreadcrumbList","@id":"https:\/\/agradocosmetic.com\/que-debe-tener-mi-gel-de-bano-ideal\/#breadcrumb","itemListElement":[{"@type":"ListItem","position":1,"name":"Portada","item":"https:\/\/agradocosmetic.com\/"},{"@type":"ListItem","position":2,"name":"Qu\u00e9 debe tener mi gel de ba\u00f1o ideal"}]},{"@type":"WebSite","@id":"https:\/\/agradocosmetic.com\/#website","url":"https:\/\/agradocosmetic.com\/","name":"Mi piace","description":"cosmetico","publisher":{"@id":"https:\/\/agradocosmetic.com\/#organization"},"potentialAction":[{"@type":"SearchAction","target":{"@type":"EntryPoint","urlTemplate":"https:\/\/agradocosmetic.com\/?s={search_term_string}"},"query-input":{"@type":"PropertyValueSpecification","valueRequired":true,"valueName":"search_term_string"}}],"inLanguage":"it-IT"},{"@type":"Organization","@id":"https:\/\/agradocosmetic.com\/#organization","name":"Mi piace","url":"https:\/\/agradocosmetic.com\/","logo":{"@type":"ImageObject","inLanguage":"it-IT","@id":"https:\/\/agradocosmetic.com\/#\/schema\/logo\/image\/","url":"https:\/\/agradocosmetic.com\/wp-content\/uploads\/2023\/07\/LOGO-AGRADO-WEB-01.png","contentUrl":"https:\/\/agradocosmetic.com\/wp-content\/uploads\/2023\/07\/LOGO-AGRADO-WEB-01.png","width":1632,"height":300,"caption":"Agrado"},"image":{"@id":"https:\/\/agradocosmetic.com\/#\/schema\/logo\/image\/"}},{"@type":"Person","@id":"https:\/\/agradocosmetic.com\/#\/schema\/person\/732e8d396022e25f9340196f83d6789d","name":"agradocosmetico","image":{"@type":"ImageObject","inLanguage":"it-IT","@id":"https:\/\/secure.gravatar.com\/avatar\/c6003e45301182b7e125463fcbec403b1980909c12edf09098526b9a15e779c0?s=96&d=mm&r=g","url":"https:\/\/secure.gravatar.com\/avatar\/c6003e45301182b7e125463fcbec403b1980909c12edf09098526b9a15e779c0?s=96&d=mm&r=g","contentUrl":"https:\/\/secure.gravatar.com\/avatar\/c6003e45301182b7e125463fcbec403b1980909c12edf09098526b9a15e779c0?s=96&d=mm&r=g","caption":"agradocosmetic"}}]}},"_links":{"self":[{"href":"https:\/\/agradocosmetic.com\/it\/wp-json\/wp\/v2\/posts\/20211","targetHints":{"allow":["GET"]}}],"collection":[{"href":"https:\/\/agradocosmetic.com\/it\/wp-json\/wp\/v2\/posts"}],"about":[{"href":"https:\/\/agradocosmetic.com\/it\/wp-json\/wp\/v2\/types\/post"}],"author":[{"embeddable":true,"href":"https:\/\/agradocosmetic.com\/it\/wp-json\/wp\/v2\/users\/9"}],"replies":[{"embeddable":true,"href":"https:\/\/agradocosmetic.com\/it\/wp-json\/wp\/v2\/comments?post=20211"}],"version-history":[{"count":1,"href":"https:\/\/agradocosmetic.com\/it\/wp-json\/wp\/v2\/posts\/20211\/revisions"}],"predecessor-version":[{"id":21254,"href":"https:\/\/agradocosmetic.com\/it\/wp-json\/wp\/v2\/posts\/20211\/revisions\/21254"}],"wp:featuredmedia":[{"embeddable":true,"href":"https:\/\/agradocosmetic.com\/it\/wp-json\/wp\/v2\/media\/21253"}],"wp:attachment":[{"href":"https:\/\/agradocosmetic.com\/it\/wp-json\/wp\/v2\/media?parent=20211"}],"wp:term":[{"taxonomy":"category","embeddable":true,"href":"https:\/\/agradocosmetic.com\/it\/wp-json\/wp\/v2\/categories?post=20211"},{"taxonomy":"post_tag","embeddable":true,"href":"https:\/\/agradocosmetic.com\/it\/wp-json\/wp\/v2\/tags?post=20211"}],"curies":[{"name":"parola chiave","href":"https:\/\/api.w.org\/{rel}","templated":true}]}}