{"id":20299,"date":"2022-12-22T09:44:28","date_gmt":"2022-12-22T08:44:28","guid":{"rendered":"https:\/\/www.agradocosmetic.com\/?p=20299"},"modified":"2023-11-18T16:58:49","modified_gmt":"2023-11-18T16:58:49","slug":"manten-tu-melena-caoba-a-la-perfeccion-agrado-cosmetic","status":"publish","type":"post","link":"https:\/\/agradocosmetic.com\/it\/manten-tu-melena-caoba-a-la-perfeccion-agrado-cosmetic\/","title":{"rendered":"Cromoterapia: i prodotti che ti servono per mantenere alla moda i capelli mogano"},"content":{"rendered":"<p>Anche tu sei caduta nella tentazione dei capelli ramati? Senza dubbio, il trend per eccellenza del 2022 che ha conquistato i nostri capelli. E siamo sicure che continuer\u00e0 a trionfare nel 2023. Ma sai come prenderti cura dei tuoi capelli per mantenere quel bel tono rossastro? Ti diciamo di quali prodotti hai bisogno per mantenere i tuoi capelli color mogano lucenti e idratati come il primo giorno. E ti dir\u00f2, la linea <a href=\"https:\/\/agradocosmetic.com\/it\/productos\/capilar\/?wpv-linea%5B%5D=colorterapia&amp;wpv_aux_current_post_id=16524&amp;wpv_aux_parent_post_id=16524&amp;wpv_sort_orderby=post_date&amp;wpv_sort_orderby_as=string&amp;wpv_view_count=923\" target=\"_blank\" rel=\"noreferrer noopener\">Cromoterapia<\/a> Diventer\u00e0 la tua migliore amica. \ud83d\ude09<\/p>\r\n\r\n\r\n\r\n<p>Tutti noi amiamo i nostri capelli appena usciti dal salone: morbidi, idratati e lucenti. E anche se mantenerli cos\u00ec belli pu\u00f2 sembrare complicato, in realt\u00e0 \u00e8 molto semplice se conosci i prodotti e le tecniche giuste per i tuoi capelli. Scopri come coccolare i tuoi capelli color mogano con il nostro passo passo. Amerai il risultato!<\/p>\r\n\r\n\r\n\r\n<h3 class=\"wp-block-heading\">1\u00b0 Step: Idratare dall&#039;interno con lo Shampoo Professionale per Cromoterapia<\/h3>\r\n\r\n\r\n\r\n<p>Non usare uno shampoo specifico per i tuoi capelli pu\u00f2 danneggiare il colore della tintura e non fornirgli la dose di nutrimento di cui ha cos\u00ec disperatamente bisogno. Abbiamo la soluzione! Farai magie con esso <a href=\"https:\/\/agradocosmetic.com\/it\/producto\/champu-profesional-colorterapia\/\" target=\"_blank\" rel=\"noreferrer noopener\">Shampoo professionale per cromoterapia Agrado<\/a>, formulato per la cura dei capelli tinti o con m\u00e8ches. Il miglior alleato per i tuoi capelli color mogano: con filtro UV per proteggere il colore dal sole e con Provitamina B5 che idrater\u00e0 e rinforzer\u00e0 i tuoi capelli. Noterai il cambiamento gi\u00e0 dalla prima applicazione!<\/p>\r\n\r\n\r\n\r\n<h3 class=\"wp-block-heading\">2\u00b0 Step: Massima morbidezza con la Crema Addolcente Colortherapy<\/h3>\r\n\r\n\r\n\r\n<p>Il secondo passo per coccolare i tuoi capelli come meritano \u00e8 applicare il <a href=\"https:\/\/agradocosmetic.com\/it\/producto\/crema-suavizante-acondicionadora-colorterapia\/\" target=\"_blank\" rel=\"noreferrer noopener\">Crema lisciante per cromoterapia Agrado<\/a>. Condiziona i capelli e facilita lo styling, proteggendo il colore dei tuoi capelli mogano. Inoltre, contiene anche Provitamina B5 e filtro UV. Applicalo da met\u00e0 lunghezza alle punte e lascialo riposare per alcuni minuti mentre continui con la routine del bagno. Poi risciacquatelo con acqua tiepida e lasciatevi stupire dal risultato. Capelli subito setosi!<\/p>\r\n\r\n\r\n\r\n<p>&nbsp;<\/p>\r\n\r\n\r\n\r\n<h3 class=\"wp-block-heading\">3\u00b0 Step: Dose extra di idratazione con la Maschera Cromoterapia<\/h3>\r\n\r\n\r\n\r\n<p>Ultimo, ma non per importanza\u2026 <a href=\"https:\/\/agradocosmetic.com\/it\/producto\/mascarilla-colorterapia\/\" target=\"_blank\" rel=\"noreferrer noopener\">Maschera per cromoterapia Agrado<\/a>, che ammorbidir\u00e0 i tuoi capelli e ravviver\u00e0 il colore per farti brillare pi\u00f9 luminoso che mai. Con agenti protettivi del colore e filtro UV. Applicatelo 2\/3 volte a settimana e lasciatelo agire a lungo. Quindi risciacquare con abbondante acqua. Una volta provato, non lo cambierai per niente! Promesso \ud83d\ude09<\/p>\r\n\r\n\r\n\r\n<p>Conosci gi\u00e0 tutti i nostri trucchi per sfoggiare capelli ramati alla moda. Ora tocca a te metterli in pratica e sfoggiare i tuoi fantastici capelli <a href=\"https:\/\/agradocosmetic.com\/it\/\" target=\"_blank\" rel=\"noreferrer noopener\">Agrado Cosmetic<\/a>!<\/p>","protected":false},"excerpt":{"rendered":"<p>\u00bfT\u00fa tambi\u00e9n has ca\u00eddo en la tentaci\u00f3n del pelo caoba? Sin duda, la tendencia por excelencia de este 2022 que ha conquistado nuestras melenas. Y estamos segurxs de que seguir\u00e1 triunfando en 2023. Pero, \u00bfsabes c\u00f3mo cuidar tu cabello para mantener ese precioso tono rojizo? Te contamos cu\u00e1les son los productos que necesitas para que [&hellip;]<\/p>\n","protected":false},"author":9,"featured_media":21249,"comment_status":"open","ping_status":"closed","sticky":false,"template":"","format":"standard","meta":{"footnotes":"","_wp_rev_ctl_limit":""},"categories":[509,1],"tags":[561,569,563,627,629],"class_list":["post-20299","post","type-post","status-publish","format-standard","has-post-thumbnail","hentry","category-capilar-en","category-todos","tag-agrado-en","tag-cabello-en","tag-capilar-en","tag-melena-caoba-en","tag-tenido-en"],"yoast_head":"<!-- This site is optimized with the Yoast SEO plugin v27.4 - https:\/\/yoast.com\/product\/yoast-seo-wordpress\/ -->\n<title>Mant\u00e9n tu melena caoba a la perfecci\u00f3n - Agrado Cosmetic<\/title>\n<meta name=\"description\" content=\"\u00bfTu tambi\u00e9n te has sumado a la melena caoba? Te contamos los productos que necesitas para mimarla y mantenerla como el primer d\u00eda.\" \/>\n<meta name=\"robots\" content=\"index, follow, max-snippet:-1, max-image-preview:large, max-video-preview:-1\" \/>\n<link rel=\"canonical\" href=\"https:\/\/agradocosmetic.com\/it\/manten-tu-melena-caoba-a-la-perfeccion-agrado-cosmetic\/\" \/>\n<meta property=\"og:locale\" content=\"it_IT\" \/>\n<meta property=\"og:type\" content=\"article\" \/>\n<meta property=\"og:title\" content=\"Mant\u00e9n tu melena caoba a la perfecci\u00f3n - Agrado Cosmetic\" \/>\n<meta property=\"og:description\" content=\"\u00bfTu tambi\u00e9n te has sumado a la melena caoba? Te contamos los productos que necesitas para mimarla y mantenerla como el primer d\u00eda.\" \/>\n<meta property=\"og:url\" content=\"https:\/\/agradocosmetic.com\/it\/manten-tu-melena-caoba-a-la-perfeccion-agrado-cosmetic\/\" \/>\n<meta property=\"og:site_name\" content=\"Agrado\" \/>\n<meta property=\"article:published_time\" content=\"2022-12-22T08:44:28+00:00\" \/>\n<meta property=\"article:modified_time\" content=\"2023-11-18T16:58:49+00:00\" \/>\n<meta property=\"og:image\" content=\"https:\/\/agradocosmetic.com\/wp-content\/uploads\/2022\/12\/colorterapia-agrado.jpg\" \/>\n\t<meta property=\"og:image:width\" content=\"1200\" \/>\n\t<meta property=\"og:image:height\" content=\"800\" \/>\n\t<meta property=\"og:image:type\" content=\"image\/jpeg\" \/>\n<meta name=\"author\" content=\"agradocosmetic\" \/>\n<meta name=\"twitter:card\" content=\"summary_large_image\" \/>\n<meta name=\"twitter:label1\" content=\"Scritto da\" \/>\n\t<meta name=\"twitter:data1\" content=\"agradocosmetic\" \/>\n\t<meta name=\"twitter:label2\" content=\"Tempo di lettura stimato\" \/>\n\t<meta name=\"twitter:data2\" content=\"2 minuti\" \/>\n<script type=\"application\/ld+json\" class=\"yoast-schema-graph\">{\"@context\":\"https:\\\/\\\/schema.org\",\"@graph\":[{\"@type\":\"Article\",\"@id\":\"https:\\\/\\\/agradocosmetic.com\\\/manten-tu-melena-caoba-a-la-perfeccion-agrado-cosmetic\\\/#article\",\"isPartOf\":{\"@id\":\"https:\\\/\\\/agradocosmetic.com\\\/manten-tu-melena-caoba-a-la-perfeccion-agrado-cosmetic\\\/\"},\"author\":{\"name\":\"agradocosmetic\",\"@id\":\"https:\\\/\\\/agradocosmetic.com\\\/#\\\/schema\\\/person\\\/732e8d396022e25f9340196f83d6789d\"},\"headline\":\"Colorterapia: los productos que necesitas para mantener la melena caoba de moda\",\"datePublished\":\"2022-12-22T08:44:28+00:00\",\"dateModified\":\"2023-11-18T16:58:49+00:00\",\"mainEntityOfPage\":{\"@id\":\"https:\\\/\\\/agradocosmetic.com\\\/manten-tu-melena-caoba-a-la-perfeccion-agrado-cosmetic\\\/\"},\"wordCount\":446,\"commentCount\":0,\"publisher\":{\"@id\":\"https:\\\/\\\/agradocosmetic.com\\\/#organization\"},\"image\":{\"@id\":\"https:\\\/\\\/agradocosmetic.com\\\/manten-tu-melena-caoba-a-la-perfeccion-agrado-cosmetic\\\/#primaryimage\"},\"thumbnailUrl\":\"https:\\\/\\\/agradocosmetic.com\\\/wp-content\\\/uploads\\\/2022\\\/12\\\/colorterapia-agrado.jpg\",\"keywords\":[\"agrado\",\"cabello\",\"capilar\",\"melena caoba\",\"te\u00f1ido\"],\"articleSection\":[\"Capilar\",\"Todos\"],\"inLanguage\":\"it-IT\",\"potentialAction\":[{\"@type\":\"CommentAction\",\"name\":\"Comment\",\"target\":[\"https:\\\/\\\/agradocosmetic.com\\\/manten-tu-melena-caoba-a-la-perfeccion-agrado-cosmetic\\\/#respond\"]}]},{\"@type\":\"WebPage\",\"@id\":\"https:\\\/\\\/agradocosmetic.com\\\/manten-tu-melena-caoba-a-la-perfeccion-agrado-cosmetic\\\/\",\"url\":\"https:\\\/\\\/agradocosmetic.com\\\/manten-tu-melena-caoba-a-la-perfeccion-agrado-cosmetic\\\/\",\"name\":\"Mant\u00e9n tu melena caoba a la perfecci\u00f3n - Agrado Cosmetic\",\"isPartOf\":{\"@id\":\"https:\\\/\\\/agradocosmetic.com\\\/#website\"},\"primaryImageOfPage\":{\"@id\":\"https:\\\/\\\/agradocosmetic.com\\\/manten-tu-melena-caoba-a-la-perfeccion-agrado-cosmetic\\\/#primaryimage\"},\"image\":{\"@id\":\"https:\\\/\\\/agradocosmetic.com\\\/manten-tu-melena-caoba-a-la-perfeccion-agrado-cosmetic\\\/#primaryimage\"},\"thumbnailUrl\":\"https:\\\/\\\/agradocosmetic.com\\\/wp-content\\\/uploads\\\/2022\\\/12\\\/colorterapia-agrado.jpg\",\"datePublished\":\"2022-12-22T08:44:28+00:00\",\"dateModified\":\"2023-11-18T16:58:49+00:00\",\"description\":\"\u00bfTu tambi\u00e9n te has sumado a la melena caoba? Te contamos los productos que necesitas para mimarla y mantenerla como el primer d\u00eda.\",\"breadcrumb\":{\"@id\":\"https:\\\/\\\/agradocosmetic.com\\\/manten-tu-melena-caoba-a-la-perfeccion-agrado-cosmetic\\\/#breadcrumb\"},\"inLanguage\":\"it-IT\",\"potentialAction\":[{\"@type\":\"ReadAction\",\"target\":[\"https:\\\/\\\/agradocosmetic.com\\\/manten-tu-melena-caoba-a-la-perfeccion-agrado-cosmetic\\\/\"]}]},{\"@type\":\"ImageObject\",\"inLanguage\":\"it-IT\",\"@id\":\"https:\\\/\\\/agradocosmetic.com\\\/manten-tu-melena-caoba-a-la-perfeccion-agrado-cosmetic\\\/#primaryimage\",\"url\":\"https:\\\/\\\/agradocosmetic.com\\\/wp-content\\\/uploads\\\/2022\\\/12\\\/colorterapia-agrado.jpg\",\"contentUrl\":\"https:\\\/\\\/agradocosmetic.com\\\/wp-content\\\/uploads\\\/2022\\\/12\\\/colorterapia-agrado.jpg\",\"width\":1200,\"height\":800},{\"@type\":\"BreadcrumbList\",\"@id\":\"https:\\\/\\\/agradocosmetic.com\\\/manten-tu-melena-caoba-a-la-perfeccion-agrado-cosmetic\\\/#breadcrumb\",\"itemListElement\":[{\"@type\":\"ListItem\",\"position\":1,\"name\":\"Portada\",\"item\":\"https:\\\/\\\/agradocosmetic.com\\\/\"},{\"@type\":\"ListItem\",\"position\":2,\"name\":\"Colorterapia: los productos que necesitas para mantener la melena caoba de moda\"}]},{\"@type\":\"WebSite\",\"@id\":\"https:\\\/\\\/agradocosmetic.com\\\/#website\",\"url\":\"https:\\\/\\\/agradocosmetic.com\\\/\",\"name\":\"Agrado\",\"description\":\"Cosmetic\",\"publisher\":{\"@id\":\"https:\\\/\\\/agradocosmetic.com\\\/#organization\"},\"potentialAction\":[{\"@type\":\"SearchAction\",\"target\":{\"@type\":\"EntryPoint\",\"urlTemplate\":\"https:\\\/\\\/agradocosmetic.com\\\/?s={search_term_string}\"},\"query-input\":{\"@type\":\"PropertyValueSpecification\",\"valueRequired\":true,\"valueName\":\"search_term_string\"}}],\"inLanguage\":\"it-IT\"},{\"@type\":\"Organization\",\"@id\":\"https:\\\/\\\/agradocosmetic.com\\\/#organization\",\"name\":\"Agrado\",\"url\":\"https:\\\/\\\/agradocosmetic.com\\\/\",\"logo\":{\"@type\":\"ImageObject\",\"inLanguage\":\"it-IT\",\"@id\":\"https:\\\/\\\/agradocosmetic.com\\\/#\\\/schema\\\/logo\\\/image\\\/\",\"url\":\"https:\\\/\\\/agradocosmetic.com\\\/wp-content\\\/uploads\\\/2023\\\/07\\\/LOGO-AGRADO-WEB-01.png\",\"contentUrl\":\"https:\\\/\\\/agradocosmetic.com\\\/wp-content\\\/uploads\\\/2023\\\/07\\\/LOGO-AGRADO-WEB-01.png\",\"width\":1632,\"height\":300,\"caption\":\"Agrado\"},\"image\":{\"@id\":\"https:\\\/\\\/agradocosmetic.com\\\/#\\\/schema\\\/logo\\\/image\\\/\"}},{\"@type\":\"Person\",\"@id\":\"https:\\\/\\\/agradocosmetic.com\\\/#\\\/schema\\\/person\\\/732e8d396022e25f9340196f83d6789d\",\"name\":\"agradocosmetic\",\"image\":{\"@type\":\"ImageObject\",\"inLanguage\":\"it-IT\",\"@id\":\"https:\\\/\\\/secure.gravatar.com\\\/avatar\\\/c6003e45301182b7e125463fcbec403b1980909c12edf09098526b9a15e779c0?s=96&d=mm&r=g\",\"url\":\"https:\\\/\\\/secure.gravatar.com\\\/avatar\\\/c6003e45301182b7e125463fcbec403b1980909c12edf09098526b9a15e779c0?s=96&d=mm&r=g\",\"contentUrl\":\"https:\\\/\\\/secure.gravatar.com\\\/avatar\\\/c6003e45301182b7e125463fcbec403b1980909c12edf09098526b9a15e779c0?s=96&d=mm&r=g\",\"caption\":\"agradocosmetic\"}}]}<\/script>\n<!-- \/ Yoast SEO plugin. -->","yoast_head_json":{"title":"Mant\u00e9n tu melena caoba a la perfecci\u00f3n - Agrado Cosmetic","description":"\u00bfTu tambi\u00e9n te has sumado a la melena caoba? Te contamos los productos que necesitas para mimarla y mantenerla como el primer d\u00eda.","robots":{"index":"index","follow":"follow","max-snippet":"max-snippet:-1","max-image-preview":"max-image-preview:large","max-video-preview":"max-video-preview:-1"},"canonical":"https:\/\/agradocosmetic.com\/it\/manten-tu-melena-caoba-a-la-perfeccion-agrado-cosmetic\/","og_locale":"it_IT","og_type":"article","og_title":"Mant\u00e9n tu melena caoba a la perfecci\u00f3n - Agrado Cosmetic","og_description":"\u00bfTu tambi\u00e9n te has sumado a la melena caoba? Te contamos los productos que necesitas para mimarla y mantenerla como el primer d\u00eda.","og_url":"https:\/\/agradocosmetic.com\/it\/manten-tu-melena-caoba-a-la-perfeccion-agrado-cosmetic\/","og_site_name":"Agrado","article_published_time":"2022-12-22T08:44:28+00:00","article_modified_time":"2023-11-18T16:58:49+00:00","og_image":[{"width":1200,"height":800,"url":"https:\/\/agradocosmetic.com\/wp-content\/uploads\/2022\/12\/colorterapia-agrado.jpg","type":"image\/jpeg"}],"author":"agradocosmetic","twitter_card":"summary_large_image","twitter_misc":{"Scritto da":"agradocosmetic","Tempo di lettura stimato":"2 minuti"},"schema":{"@context":"https:\/\/schema.org","@graph":[{"@type":"Article","@id":"https:\/\/agradocosmetic.com\/manten-tu-melena-caoba-a-la-perfeccion-agrado-cosmetic\/#article","isPartOf":{"@id":"https:\/\/agradocosmetic.com\/manten-tu-melena-caoba-a-la-perfeccion-agrado-cosmetic\/"},"author":{"name":"agradocosmetic","@id":"https:\/\/agradocosmetic.com\/#\/schema\/person\/732e8d396022e25f9340196f83d6789d"},"headline":"Colorterapia: los productos que necesitas para mantener la melena caoba de moda","datePublished":"2022-12-22T08:44:28+00:00","dateModified":"2023-11-18T16:58:49+00:00","mainEntityOfPage":{"@id":"https:\/\/agradocosmetic.com\/manten-tu-melena-caoba-a-la-perfeccion-agrado-cosmetic\/"},"wordCount":446,"commentCount":0,"publisher":{"@id":"https:\/\/agradocosmetic.com\/#organization"},"image":{"@id":"https:\/\/agradocosmetic.com\/manten-tu-melena-caoba-a-la-perfeccion-agrado-cosmetic\/#primaryimage"},"thumbnailUrl":"https:\/\/agradocosmetic.com\/wp-content\/uploads\/2022\/12\/colorterapia-agrado.jpg","keywords":["agrado","cabello","capilar","melena caoba","te\u00f1ido"],"articleSection":["Capilar","Todos"],"inLanguage":"it-IT","potentialAction":[{"@type":"CommentAction","name":"Comment","target":["https:\/\/agradocosmetic.com\/manten-tu-melena-caoba-a-la-perfeccion-agrado-cosmetic\/#respond"]}]},{"@type":"WebPage","@id":"https:\/\/agradocosmetic.com\/manten-tu-melena-caoba-a-la-perfeccion-agrado-cosmetic\/","url":"https:\/\/agradocosmetic.com\/manten-tu-melena-caoba-a-la-perfeccion-agrado-cosmetic\/","name":"Mant\u00e9n tu melena caoba a la perfecci\u00f3n - Agrado Cosmetic","isPartOf":{"@id":"https:\/\/agradocosmetic.com\/#website"},"primaryImageOfPage":{"@id":"https:\/\/agradocosmetic.com\/manten-tu-melena-caoba-a-la-perfeccion-agrado-cosmetic\/#primaryimage"},"image":{"@id":"https:\/\/agradocosmetic.com\/manten-tu-melena-caoba-a-la-perfeccion-agrado-cosmetic\/#primaryimage"},"thumbnailUrl":"https:\/\/agradocosmetic.com\/wp-content\/uploads\/2022\/12\/colorterapia-agrado.jpg","datePublished":"2022-12-22T08:44:28+00:00","dateModified":"2023-11-18T16:58:49+00:00","description":"\u00bfTu tambi\u00e9n te has sumado a la melena caoba? Te contamos los productos que necesitas para mimarla y mantenerla como el primer d\u00eda.","breadcrumb":{"@id":"https:\/\/agradocosmetic.com\/manten-tu-melena-caoba-a-la-perfeccion-agrado-cosmetic\/#breadcrumb"},"inLanguage":"it-IT","potentialAction":[{"@type":"ReadAction","target":["https:\/\/agradocosmetic.com\/manten-tu-melena-caoba-a-la-perfeccion-agrado-cosmetic\/"]}]},{"@type":"ImageObject","inLanguage":"it-IT","@id":"https:\/\/agradocosmetic.com\/manten-tu-melena-caoba-a-la-perfeccion-agrado-cosmetic\/#primaryimage","url":"https:\/\/agradocosmetic.com\/wp-content\/uploads\/2022\/12\/colorterapia-agrado.jpg","contentUrl":"https:\/\/agradocosmetic.com\/wp-content\/uploads\/2022\/12\/colorterapia-agrado.jpg","width":1200,"height":800},{"@type":"BreadcrumbList","@id":"https:\/\/agradocosmetic.com\/manten-tu-melena-caoba-a-la-perfeccion-agrado-cosmetic\/#breadcrumb","itemListElement":[{"@type":"ListItem","position":1,"name":"Portada","item":"https:\/\/agradocosmetic.com\/"},{"@type":"ListItem","position":2,"name":"Colorterapia: los productos que necesitas para mantener la melena caoba de moda"}]},{"@type":"WebSite","@id":"https:\/\/agradocosmetic.com\/#website","url":"https:\/\/agradocosmetic.com\/","name":"Mi piace","description":"cosmetico","publisher":{"@id":"https:\/\/agradocosmetic.com\/#organization"},"potentialAction":[{"@type":"SearchAction","target":{"@type":"EntryPoint","urlTemplate":"https:\/\/agradocosmetic.com\/?s={search_term_string}"},"query-input":{"@type":"PropertyValueSpecification","valueRequired":true,"valueName":"search_term_string"}}],"inLanguage":"it-IT"},{"@type":"Organization","@id":"https:\/\/agradocosmetic.com\/#organization","name":"Mi piace","url":"https:\/\/agradocosmetic.com\/","logo":{"@type":"ImageObject","inLanguage":"it-IT","@id":"https:\/\/agradocosmetic.com\/#\/schema\/logo\/image\/","url":"https:\/\/agradocosmetic.com\/wp-content\/uploads\/2023\/07\/LOGO-AGRADO-WEB-01.png","contentUrl":"https:\/\/agradocosmetic.com\/wp-content\/uploads\/2023\/07\/LOGO-AGRADO-WEB-01.png","width":1632,"height":300,"caption":"Agrado"},"image":{"@id":"https:\/\/agradocosmetic.com\/#\/schema\/logo\/image\/"}},{"@type":"Person","@id":"https:\/\/agradocosmetic.com\/#\/schema\/person\/732e8d396022e25f9340196f83d6789d","name":"agradocosmetico","image":{"@type":"ImageObject","inLanguage":"it-IT","@id":"https:\/\/secure.gravatar.com\/avatar\/c6003e45301182b7e125463fcbec403b1980909c12edf09098526b9a15e779c0?s=96&d=mm&r=g","url":"https:\/\/secure.gravatar.com\/avatar\/c6003e45301182b7e125463fcbec403b1980909c12edf09098526b9a15e779c0?s=96&d=mm&r=g","contentUrl":"https:\/\/secure.gravatar.com\/avatar\/c6003e45301182b7e125463fcbec403b1980909c12edf09098526b9a15e779c0?s=96&d=mm&r=g","caption":"agradocosmetic"}}]}},"_links":{"self":[{"href":"https:\/\/agradocosmetic.com\/it\/wp-json\/wp\/v2\/posts\/20299","targetHints":{"allow":["GET"]}}],"collection":[{"href":"https:\/\/agradocosmetic.com\/it\/wp-json\/wp\/v2\/posts"}],"about":[{"href":"https:\/\/agradocosmetic.com\/it\/wp-json\/wp\/v2\/types\/post"}],"author":[{"embeddable":true,"href":"https:\/\/agradocosmetic.com\/it\/wp-json\/wp\/v2\/users\/9"}],"replies":[{"embeddable":true,"href":"https:\/\/agradocosmetic.com\/it\/wp-json\/wp\/v2\/comments?post=20299"}],"version-history":[{"count":1,"href":"https:\/\/agradocosmetic.com\/it\/wp-json\/wp\/v2\/posts\/20299\/revisions"}],"predecessor-version":[{"id":21250,"href":"https:\/\/agradocosmetic.com\/it\/wp-json\/wp\/v2\/posts\/20299\/revisions\/21250"}],"wp:featuredmedia":[{"embeddable":true,"href":"https:\/\/agradocosmetic.com\/it\/wp-json\/wp\/v2\/media\/21249"}],"wp:attachment":[{"href":"https:\/\/agradocosmetic.com\/it\/wp-json\/wp\/v2\/media?parent=20299"}],"wp:term":[{"taxonomy":"category","embeddable":true,"href":"https:\/\/agradocosmetic.com\/it\/wp-json\/wp\/v2\/categories?post=20299"},{"taxonomy":"post_tag","embeddable":true,"href":"https:\/\/agradocosmetic.com\/it\/wp-json\/wp\/v2\/tags?post=20299"}],"curies":[{"name":"parola chiave","href":"https:\/\/api.w.org\/{rel}","templated":true}]}}