{"id":20345,"date":"2023-01-11T09:53:01","date_gmt":"2023-01-11T08:53:01","guid":{"rendered":"https:\/\/www.agradocosmetic.com\/?p=20345"},"modified":"2023-11-18T16:58:48","modified_gmt":"2023-11-18T16:58:48","slug":"que-tipo-de-cabello-tengo-agrado-cosmetic","status":"publish","type":"post","link":"https:\/\/agradocosmetic.com\/it\/que-tipo-de-cabello-tengo-agrado-cosmetic\/","title":{"rendered":"Che tipo di capelli ho?"},"content":{"rendered":"<p>Hai mai pensato a che tipo di capelli hai? Pu\u00f2 essere ondulato, liscio, riccio, folto... Le possibilit\u00e0 sono infinite e ci sono pochissime informazioni sull&#039;argomento. Quindi, dentro <a href=\"https:\/\/agradocosmetic.com\/it\/\" target=\"_blank\" rel=\"noreferrer noopener\">Agrado Cosmetic<\/a>, ci siamo proposti di fare un po&#039; di luce sulla questione per aiutarti a conoscere e coccolare al meglio i tuoi capelli questo 2023. Anche tu ti unisci a questo scopo?<\/p>\r\n\r\n\r\n\r\n<p>Mettere in guardia! Molte volte l&#039;utilizzo di prodotti per capelli non adatti ai propri capelli pu\u00f2 danneggiarli e persino modificarne la forma naturale. Ecco perch\u00e9 \u00e8 fondamentale che, per iniziare a prendersi cura e a rispettare il proprio tipo di capello, tu sappia riconoscerlo. Non preoccuparti, perch\u00e9 te lo spieghiamo in modo facile e semplice. Continua a leggere e prendi nota degli aspetti di cui tenere conto. \ud83d\ude09<\/p>\r\n\r\n\r\n\r\n<h3 class=\"wp-block-heading\"><strong>1\u00b0 Struttura dei capelli: lisci, ondulati, ricci o afro<\/strong><\/h3>\r\n\r\n\r\n\r\n<p>Il primo passo \u00e8 conoscere la consistenza dei tuoi capelli e non potrebbe essere pi\u00f9 semplice! Devi solo lavarlo con acqua, senza applicare alcun prodotto per capelli durante il processo. Successivamente lo lascerai asciugare naturalmente, senza asciugatrici n\u00e9 ferri, e a seconda del risultato avrai una texture o un&#039;altra.<\/p>\r\n\r\n\r\n\r\n<p>Se il risultato dell&#039;asciugatura all&#039;aria \u00e8 senza onde, i tuoi capelli sono lisci. Se hanno piccole curve non troppo definite, i tuoi capelli sono ondulati. E se infine ha degli anelli definiti, \u00e8 riccio. Quando i ricci sono anche molto piccoli e molto definiti, parliamo di una chioma afro.<\/p>\r\n\r\n\r\n\r\n<p>IL <a href=\"https:\/\/agradocosmetic.com\/it\/linea\/agrado-nature\/\" target=\"_blank\" rel=\"noreferrer noopener\">Linee Pro Strength<\/a> E <a href=\"https:\/\/agradocosmetic.com\/it\/linea\/agrado-nature\/\" target=\"_blank\" rel=\"noreferrer noopener\">Nutrizione professionale<\/a> di Agrado si prender\u00e0 cura dei tuoi capelli, mantenendoli sani, lucenti e idratati, indipendentemente dalla loro consistenza. Che siano lisci o mossi, ricci o afro, sono la scelta migliore per sfoggiare i capelli lunghi quest&#039;inverno. Provali!<\/p>\r\n\r\n\r\n\r\n<h3 class=\"wp-block-heading\"><strong>2\u00b0 Struttura del capello: fine, media o spessa<\/strong><\/h3>\r\n\r\n\r\n\r\n<p>Una volta scoperta la trama, \u00e8 fondamentale proseguire con il secondo obiettivo: riconoscerne la struttura. Anche questo passaggio non \u00e8 complicato: basta prendere un capello e confrontarlo con un filo da cucito. Semplice vero? Vi raccontiamo i possibili risultati:<\/p>\r\n\r\n\r\n\r\n<p>Se il pelo dei tuoi capelli \u00e8 pi\u00f9 fine di quello del filo da cucito, hai i capelli fini. Se invece \u00e8 pi\u00f9 largo, il tuo \u00e8 spesso. E se hanno la stessa larghezza, avrai capelli di tipo medio. Psst psst, comunque sia, per migliorare la struttura dei tuoi capelli ti consigliamo il <a href=\"https:\/\/agradocosmetic.com\/it\/linea\/keratina\/\" target=\"_blank\" rel=\"noreferrer noopener\">Linea professionale alla cheratina<\/a> di piacere. Stai andando fuori di testa!<\/p>\r\n\r\n\r\n\r\n<h3 class=\"wp-block-heading\"><strong>3\u00ba Produzione di sebo: secca, normale, mista o grassa<\/strong><\/h3>\r\n\r\n\r\n\r\n<p>Il terzo passo \u00e8 conoscere il tipo di capelli in base alla produzione di sebo. \u00c8 semplice come osservarlo un giorno dopo il lavaggio. Se i capelli appaiono spezzati, senza volume e con doppie punte, \u00e8 dovuto alla scarsa produzione di sebo, con conseguente secchezza dei capelli. Non preoccuparti perch\u00e9 abbiamo la soluzione: il <a href=\"https:\/\/agradocosmetic.com\/it\/producto\/champu-pro-nutricion-botanicos\/\" target=\"_blank\" rel=\"noreferrer noopener\">Shampoo Pro Nutrition<\/a> E <a href=\"https:\/\/agradocosmetic.com\/it\/producto\/acondicionador-pro-nutricion-botanicos\/\" target=\"_blank\" rel=\"noreferrer noopener\">Balsamo Pro Nutrition<\/a> di Agrado ti salver\u00e0 la vita, restituendo lucentezza e idratazione ai tuoi capelli. Lo noterai subito!<\/p>\r\n\r\n\r\n\r\n<p>Si parla di capelli normali quando la produzione di sebo \u00e8 corretta, risultando capelli setosi e lucenti. In questi casi \u00e8 necessario prendersene cura e mantenerla. Con il <a href=\"https:\/\/agradocosmetic.com\/it\/producto\/crema-suavizante-acondicionadora-cabellos-normales-grasos\/\" target=\"_blank\" rel=\"noreferrer noopener\">Agrado crema condizionante ammorbidente per capelli normali<\/a> Lo avrai molto facile.<\/p>\r\n\r\n\r\n\r\n<p>Infine, se le radici appaiono unte e opache, dandoti un aspetto bagnato, i tuoi capelli sono grassi. In questo caso non vi resta che imparare a prendervene cura e coccolarlo. Con il <a href=\"https:\/\/agradocosmetic.com\/it\/producto\/champu-uso-frecuente-cabellos-grasos-2\/\" target=\"_blank\" rel=\"noreferrer noopener\">Shampoo per uso frequente per capelli grassi<\/a> e il <a href=\"https:\/\/agradocosmetic.com\/it\/producto\/crema-suavizante-acondicionadora-cabellos-normales-grasos\/\" target=\"_blank\" rel=\"noreferrer noopener\">Crema Levigante<\/a> Con Agrado regolerai la produzione di sebo mantenendo e nutrendo la sua naturale lucentezza.<\/p>\r\n\r\n\r\n\r\n<p>Ora che sai come farlo, \u00e8 il momento di sapere che tipo di capelli hai! In questo modo puoi iniziare a utilizzare il <a href=\"https:\/\/agradocosmetic.com\/it\/productos\/capilar\/\" target=\"_blank\" rel=\"noreferrer noopener\">prodotti per capelli<\/a> adatto ai tuoi capelli e falli brillare al massimo <a href=\"https:\/\/agradocosmetic.com\/it\/\" target=\"_blank\" rel=\"noreferrer noopener\">Agrado Cosmetic<\/a>. Hai il coraggio di iniziare il 2023 con i capelli invidiosi?<\/p>","protected":false},"excerpt":{"rendered":"<p>\u00bfAlguna vez te has planteado cu\u00e1l es tu tipo de cabello? Puede ser ondulado, liso, encrespado, grueso\u2026 Las posibilidades son infinitas y existe muy poca informaci\u00f3n sobre el tema. As\u00ed que, en Agrado Cosmetic, nos hemos propuesto arrojar un poco de luz a la cuesti\u00f3n para ayudarte a conocer y mimar tu pelo al m\u00e1ximo [&hellip;]<\/p>\n","protected":false},"author":9,"featured_media":21247,"comment_status":"open","ping_status":"closed","sticky":false,"template":"","format":"standard","meta":{"footnotes":"","_wp_rev_ctl_limit":""},"categories":[509,1],"tags":[577,615,617,619,621,565,623,625],"class_list":["post-20345","post","type-post","status-publish","format-standard","has-post-thumbnail","hentry","category-capilar-en","category-todos","tag-agrado-cosmetic-en","tag-cabello-afro-en","tag-cabello-fino-en","tag-cabello-grueso-en","tag-cabello-rizado-en","tag-cuidado-capilar-en","tag-melena-en","tag-tipo-de-cabello-en"],"yoast_head":"<!-- This site is optimized with the Yoast SEO plugin v27.4 - https:\/\/yoast.com\/product\/yoast-seo-wordpress\/ -->\n<title>\u00bfQu\u00e9 tipo de cabello tengo? - Agrado<\/title>\n<meta name=\"description\" content=\"Conocer tu tipo de cabello no es tarea nada f\u00e1cil: ondulado, liso, grueso, encrespado... \u00bfQuieres saber c\u00f3mo es el tuyo? Te lo contamos.\" \/>\n<meta name=\"robots\" content=\"index, follow, max-snippet:-1, max-image-preview:large, max-video-preview:-1\" \/>\n<link rel=\"canonical\" href=\"https:\/\/agradocosmetic.com\/it\/que-tipo-de-cabello-tengo-agrado-cosmetic\/\" \/>\n<meta property=\"og:locale\" content=\"it_IT\" \/>\n<meta property=\"og:type\" content=\"article\" \/>\n<meta property=\"og:title\" content=\"\u00bfQu\u00e9 tipo de cabello tengo? - Agrado\" \/>\n<meta property=\"og:description\" content=\"Conocer tu tipo de cabello no es tarea nada f\u00e1cil: ondulado, liso, grueso, encrespado... \u00bfQuieres saber c\u00f3mo es el tuyo? Te lo contamos.\" \/>\n<meta property=\"og:url\" content=\"https:\/\/agradocosmetic.com\/it\/que-tipo-de-cabello-tengo-agrado-cosmetic\/\" \/>\n<meta property=\"og:site_name\" content=\"Agrado\" \/>\n<meta property=\"article:published_time\" content=\"2023-01-11T08:53:01+00:00\" \/>\n<meta property=\"article:modified_time\" content=\"2023-11-18T16:58:48+00:00\" \/>\n<meta property=\"og:image\" content=\"https:\/\/agradocosmetic.com\/wp-content\/uploads\/2023\/01\/tipo-de-cabello-agrado.jpg\" \/>\n\t<meta property=\"og:image:width\" content=\"1200\" \/>\n\t<meta property=\"og:image:height\" content=\"800\" \/>\n\t<meta property=\"og:image:type\" content=\"image\/jpeg\" \/>\n<meta name=\"author\" content=\"agradocosmetic\" \/>\n<meta name=\"twitter:card\" content=\"summary_large_image\" \/>\n<meta name=\"twitter:label1\" content=\"Scritto da\" \/>\n\t<meta name=\"twitter:data1\" content=\"agradocosmetic\" \/>\n\t<meta name=\"twitter:label2\" content=\"Tempo di lettura stimato\" \/>\n\t<meta name=\"twitter:data2\" content=\"3 minuti\" \/>\n<script type=\"application\/ld+json\" class=\"yoast-schema-graph\">{\"@context\":\"https:\\\/\\\/schema.org\",\"@graph\":[{\"@type\":\"Article\",\"@id\":\"https:\\\/\\\/agradocosmetic.com\\\/pt\\\/que-tipo-de-cabello-tengo-agrado-cosmetic\\\/#article\",\"isPartOf\":{\"@id\":\"https:\\\/\\\/agradocosmetic.com\\\/pt\\\/que-tipo-de-cabello-tengo-agrado-cosmetic\\\/\"},\"author\":{\"name\":\"agradocosmetic\",\"@id\":\"https:\\\/\\\/agradocosmetic.com\\\/#\\\/schema\\\/person\\\/732e8d396022e25f9340196f83d6789d\"},\"headline\":\"\u00bfQu\u00e9 tipo de cabello tengo?\",\"datePublished\":\"2023-01-11T08:53:01+00:00\",\"dateModified\":\"2023-11-18T16:58:48+00:00\",\"mainEntityOfPage\":{\"@id\":\"https:\\\/\\\/agradocosmetic.com\\\/pt\\\/que-tipo-de-cabello-tengo-agrado-cosmetic\\\/\"},\"wordCount\":679,\"commentCount\":0,\"publisher\":{\"@id\":\"https:\\\/\\\/agradocosmetic.com\\\/#organization\"},\"image\":{\"@id\":\"https:\\\/\\\/agradocosmetic.com\\\/pt\\\/que-tipo-de-cabello-tengo-agrado-cosmetic\\\/#primaryimage\"},\"thumbnailUrl\":\"https:\\\/\\\/agradocosmetic.com\\\/wp-content\\\/uploads\\\/2023\\\/01\\\/tipo-de-cabello-agrado.jpg\",\"keywords\":[\"agrado cosmetic\",\"cabello afro\",\"cabello fino\",\"cabello grueso\",\"cabello rizado\",\"cuidado capilar\",\"melena\",\"tipo de cabello\"],\"articleSection\":[\"Capilar\",\"Todos\"],\"inLanguage\":\"it-IT\",\"potentialAction\":[{\"@type\":\"CommentAction\",\"name\":\"Comment\",\"target\":[\"https:\\\/\\\/agradocosmetic.com\\\/pt\\\/que-tipo-de-cabello-tengo-agrado-cosmetic\\\/#respond\"]}]},{\"@type\":\"WebPage\",\"@id\":\"https:\\\/\\\/agradocosmetic.com\\\/pt\\\/que-tipo-de-cabello-tengo-agrado-cosmetic\\\/\",\"url\":\"https:\\\/\\\/agradocosmetic.com\\\/pt\\\/que-tipo-de-cabello-tengo-agrado-cosmetic\\\/\",\"name\":\"\u00bfQu\u00e9 tipo de cabello tengo? - Agrado\",\"isPartOf\":{\"@id\":\"https:\\\/\\\/agradocosmetic.com\\\/#website\"},\"primaryImageOfPage\":{\"@id\":\"https:\\\/\\\/agradocosmetic.com\\\/pt\\\/que-tipo-de-cabello-tengo-agrado-cosmetic\\\/#primaryimage\"},\"image\":{\"@id\":\"https:\\\/\\\/agradocosmetic.com\\\/pt\\\/que-tipo-de-cabello-tengo-agrado-cosmetic\\\/#primaryimage\"},\"thumbnailUrl\":\"https:\\\/\\\/agradocosmetic.com\\\/wp-content\\\/uploads\\\/2023\\\/01\\\/tipo-de-cabello-agrado.jpg\",\"datePublished\":\"2023-01-11T08:53:01+00:00\",\"dateModified\":\"2023-11-18T16:58:48+00:00\",\"description\":\"Conocer tu tipo de cabello no es tarea nada f\u00e1cil: ondulado, liso, grueso, encrespado... \u00bfQuieres saber c\u00f3mo es el tuyo? Te lo contamos.\",\"breadcrumb\":{\"@id\":\"https:\\\/\\\/agradocosmetic.com\\\/pt\\\/que-tipo-de-cabello-tengo-agrado-cosmetic\\\/#breadcrumb\"},\"inLanguage\":\"it-IT\",\"potentialAction\":[{\"@type\":\"ReadAction\",\"target\":[\"https:\\\/\\\/agradocosmetic.com\\\/pt\\\/que-tipo-de-cabello-tengo-agrado-cosmetic\\\/\"]}]},{\"@type\":\"ImageObject\",\"inLanguage\":\"it-IT\",\"@id\":\"https:\\\/\\\/agradocosmetic.com\\\/pt\\\/que-tipo-de-cabello-tengo-agrado-cosmetic\\\/#primaryimage\",\"url\":\"https:\\\/\\\/agradocosmetic.com\\\/wp-content\\\/uploads\\\/2023\\\/01\\\/tipo-de-cabello-agrado.jpg\",\"contentUrl\":\"https:\\\/\\\/agradocosmetic.com\\\/wp-content\\\/uploads\\\/2023\\\/01\\\/tipo-de-cabello-agrado.jpg\",\"width\":1200,\"height\":800},{\"@type\":\"BreadcrumbList\",\"@id\":\"https:\\\/\\\/agradocosmetic.com\\\/pt\\\/que-tipo-de-cabello-tengo-agrado-cosmetic\\\/#breadcrumb\",\"itemListElement\":[{\"@type\":\"ListItem\",\"position\":1,\"name\":\"Portada\",\"item\":\"https:\\\/\\\/agradocosmetic.com\\\/\"},{\"@type\":\"ListItem\",\"position\":2,\"name\":\"\u00bfQu\u00e9 tipo de cabello tengo?\"}]},{\"@type\":\"WebSite\",\"@id\":\"https:\\\/\\\/agradocosmetic.com\\\/#website\",\"url\":\"https:\\\/\\\/agradocosmetic.com\\\/\",\"name\":\"Agrado\",\"description\":\"Cosmetic\",\"publisher\":{\"@id\":\"https:\\\/\\\/agradocosmetic.com\\\/#organization\"},\"potentialAction\":[{\"@type\":\"SearchAction\",\"target\":{\"@type\":\"EntryPoint\",\"urlTemplate\":\"https:\\\/\\\/agradocosmetic.com\\\/?s={search_term_string}\"},\"query-input\":{\"@type\":\"PropertyValueSpecification\",\"valueRequired\":true,\"valueName\":\"search_term_string\"}}],\"inLanguage\":\"it-IT\"},{\"@type\":\"Organization\",\"@id\":\"https:\\\/\\\/agradocosmetic.com\\\/#organization\",\"name\":\"Agrado\",\"url\":\"https:\\\/\\\/agradocosmetic.com\\\/\",\"logo\":{\"@type\":\"ImageObject\",\"inLanguage\":\"it-IT\",\"@id\":\"https:\\\/\\\/agradocosmetic.com\\\/#\\\/schema\\\/logo\\\/image\\\/\",\"url\":\"https:\\\/\\\/agradocosmetic.com\\\/wp-content\\\/uploads\\\/2023\\\/07\\\/LOGO-AGRADO-WEB-01.png\",\"contentUrl\":\"https:\\\/\\\/agradocosmetic.com\\\/wp-content\\\/uploads\\\/2023\\\/07\\\/LOGO-AGRADO-WEB-01.png\",\"width\":1632,\"height\":300,\"caption\":\"Agrado\"},\"image\":{\"@id\":\"https:\\\/\\\/agradocosmetic.com\\\/#\\\/schema\\\/logo\\\/image\\\/\"}},{\"@type\":\"Person\",\"@id\":\"https:\\\/\\\/agradocosmetic.com\\\/#\\\/schema\\\/person\\\/732e8d396022e25f9340196f83d6789d\",\"name\":\"agradocosmetic\",\"image\":{\"@type\":\"ImageObject\",\"inLanguage\":\"it-IT\",\"@id\":\"https:\\\/\\\/secure.gravatar.com\\\/avatar\\\/c6003e45301182b7e125463fcbec403b1980909c12edf09098526b9a15e779c0?s=96&d=mm&r=g\",\"url\":\"https:\\\/\\\/secure.gravatar.com\\\/avatar\\\/c6003e45301182b7e125463fcbec403b1980909c12edf09098526b9a15e779c0?s=96&d=mm&r=g\",\"contentUrl\":\"https:\\\/\\\/secure.gravatar.com\\\/avatar\\\/c6003e45301182b7e125463fcbec403b1980909c12edf09098526b9a15e779c0?s=96&d=mm&r=g\",\"caption\":\"agradocosmetic\"}}]}<\/script>\n<!-- \/ Yoast SEO plugin. -->","yoast_head_json":{"title":"\u00bfQu\u00e9 tipo de cabello tengo? - Agrado","description":"Conocer tu tipo de cabello no es tarea nada f\u00e1cil: ondulado, liso, grueso, encrespado... \u00bfQuieres saber c\u00f3mo es el tuyo? Te lo contamos.","robots":{"index":"index","follow":"follow","max-snippet":"max-snippet:-1","max-image-preview":"max-image-preview:large","max-video-preview":"max-video-preview:-1"},"canonical":"https:\/\/agradocosmetic.com\/it\/que-tipo-de-cabello-tengo-agrado-cosmetic\/","og_locale":"it_IT","og_type":"article","og_title":"\u00bfQu\u00e9 tipo de cabello tengo? - Agrado","og_description":"Conocer tu tipo de cabello no es tarea nada f\u00e1cil: ondulado, liso, grueso, encrespado... \u00bfQuieres saber c\u00f3mo es el tuyo? Te lo contamos.","og_url":"https:\/\/agradocosmetic.com\/it\/que-tipo-de-cabello-tengo-agrado-cosmetic\/","og_site_name":"Agrado","article_published_time":"2023-01-11T08:53:01+00:00","article_modified_time":"2023-11-18T16:58:48+00:00","og_image":[{"width":1200,"height":800,"url":"https:\/\/agradocosmetic.com\/wp-content\/uploads\/2023\/01\/tipo-de-cabello-agrado.jpg","type":"image\/jpeg"}],"author":"agradocosmetic","twitter_card":"summary_large_image","twitter_misc":{"Scritto da":"agradocosmetic","Tempo di lettura stimato":"3 minuti"},"schema":{"@context":"https:\/\/schema.org","@graph":[{"@type":"Article","@id":"https:\/\/agradocosmetic.com\/pt\/que-tipo-de-cabello-tengo-agrado-cosmetic\/#article","isPartOf":{"@id":"https:\/\/agradocosmetic.com\/pt\/que-tipo-de-cabello-tengo-agrado-cosmetic\/"},"author":{"name":"agradocosmetic","@id":"https:\/\/agradocosmetic.com\/#\/schema\/person\/732e8d396022e25f9340196f83d6789d"},"headline":"\u00bfQu\u00e9 tipo de cabello tengo?","datePublished":"2023-01-11T08:53:01+00:00","dateModified":"2023-11-18T16:58:48+00:00","mainEntityOfPage":{"@id":"https:\/\/agradocosmetic.com\/pt\/que-tipo-de-cabello-tengo-agrado-cosmetic\/"},"wordCount":679,"commentCount":0,"publisher":{"@id":"https:\/\/agradocosmetic.com\/#organization"},"image":{"@id":"https:\/\/agradocosmetic.com\/pt\/que-tipo-de-cabello-tengo-agrado-cosmetic\/#primaryimage"},"thumbnailUrl":"https:\/\/agradocosmetic.com\/wp-content\/uploads\/2023\/01\/tipo-de-cabello-agrado.jpg","keywords":["agrado cosmetic","cabello afro","cabello fino","cabello grueso","cabello rizado","cuidado capilar","melena","tipo de cabello"],"articleSection":["Capilar","Todos"],"inLanguage":"it-IT","potentialAction":[{"@type":"CommentAction","name":"Comment","target":["https:\/\/agradocosmetic.com\/pt\/que-tipo-de-cabello-tengo-agrado-cosmetic\/#respond"]}]},{"@type":"WebPage","@id":"https:\/\/agradocosmetic.com\/pt\/que-tipo-de-cabello-tengo-agrado-cosmetic\/","url":"https:\/\/agradocosmetic.com\/pt\/que-tipo-de-cabello-tengo-agrado-cosmetic\/","name":"\u00bfQu\u00e9 tipo de cabello tengo? - Agrado","isPartOf":{"@id":"https:\/\/agradocosmetic.com\/#website"},"primaryImageOfPage":{"@id":"https:\/\/agradocosmetic.com\/pt\/que-tipo-de-cabello-tengo-agrado-cosmetic\/#primaryimage"},"image":{"@id":"https:\/\/agradocosmetic.com\/pt\/que-tipo-de-cabello-tengo-agrado-cosmetic\/#primaryimage"},"thumbnailUrl":"https:\/\/agradocosmetic.com\/wp-content\/uploads\/2023\/01\/tipo-de-cabello-agrado.jpg","datePublished":"2023-01-11T08:53:01+00:00","dateModified":"2023-11-18T16:58:48+00:00","description":"Conocer tu tipo de cabello no es tarea nada f\u00e1cil: ondulado, liso, grueso, encrespado... \u00bfQuieres saber c\u00f3mo es el tuyo? Te lo contamos.","breadcrumb":{"@id":"https:\/\/agradocosmetic.com\/pt\/que-tipo-de-cabello-tengo-agrado-cosmetic\/#breadcrumb"},"inLanguage":"it-IT","potentialAction":[{"@type":"ReadAction","target":["https:\/\/agradocosmetic.com\/pt\/que-tipo-de-cabello-tengo-agrado-cosmetic\/"]}]},{"@type":"ImageObject","inLanguage":"it-IT","@id":"https:\/\/agradocosmetic.com\/pt\/que-tipo-de-cabello-tengo-agrado-cosmetic\/#primaryimage","url":"https:\/\/agradocosmetic.com\/wp-content\/uploads\/2023\/01\/tipo-de-cabello-agrado.jpg","contentUrl":"https:\/\/agradocosmetic.com\/wp-content\/uploads\/2023\/01\/tipo-de-cabello-agrado.jpg","width":1200,"height":800},{"@type":"BreadcrumbList","@id":"https:\/\/agradocosmetic.com\/pt\/que-tipo-de-cabello-tengo-agrado-cosmetic\/#breadcrumb","itemListElement":[{"@type":"ListItem","position":1,"name":"Portada","item":"https:\/\/agradocosmetic.com\/"},{"@type":"ListItem","position":2,"name":"\u00bfQu\u00e9 tipo de cabello tengo?"}]},{"@type":"WebSite","@id":"https:\/\/agradocosmetic.com\/#website","url":"https:\/\/agradocosmetic.com\/","name":"Mi piace","description":"cosmetico","publisher":{"@id":"https:\/\/agradocosmetic.com\/#organization"},"potentialAction":[{"@type":"SearchAction","target":{"@type":"EntryPoint","urlTemplate":"https:\/\/agradocosmetic.com\/?s={search_term_string}"},"query-input":{"@type":"PropertyValueSpecification","valueRequired":true,"valueName":"search_term_string"}}],"inLanguage":"it-IT"},{"@type":"Organization","@id":"https:\/\/agradocosmetic.com\/#organization","name":"Mi piace","url":"https:\/\/agradocosmetic.com\/","logo":{"@type":"ImageObject","inLanguage":"it-IT","@id":"https:\/\/agradocosmetic.com\/#\/schema\/logo\/image\/","url":"https:\/\/agradocosmetic.com\/wp-content\/uploads\/2023\/07\/LOGO-AGRADO-WEB-01.png","contentUrl":"https:\/\/agradocosmetic.com\/wp-content\/uploads\/2023\/07\/LOGO-AGRADO-WEB-01.png","width":1632,"height":300,"caption":"Agrado"},"image":{"@id":"https:\/\/agradocosmetic.com\/#\/schema\/logo\/image\/"}},{"@type":"Person","@id":"https:\/\/agradocosmetic.com\/#\/schema\/person\/732e8d396022e25f9340196f83d6789d","name":"agradocosmetico","image":{"@type":"ImageObject","inLanguage":"it-IT","@id":"https:\/\/secure.gravatar.com\/avatar\/c6003e45301182b7e125463fcbec403b1980909c12edf09098526b9a15e779c0?s=96&d=mm&r=g","url":"https:\/\/secure.gravatar.com\/avatar\/c6003e45301182b7e125463fcbec403b1980909c12edf09098526b9a15e779c0?s=96&d=mm&r=g","contentUrl":"https:\/\/secure.gravatar.com\/avatar\/c6003e45301182b7e125463fcbec403b1980909c12edf09098526b9a15e779c0?s=96&d=mm&r=g","caption":"agradocosmetic"}}]}},"_links":{"self":[{"href":"https:\/\/agradocosmetic.com\/it\/wp-json\/wp\/v2\/posts\/20345","targetHints":{"allow":["GET"]}}],"collection":[{"href":"https:\/\/agradocosmetic.com\/it\/wp-json\/wp\/v2\/posts"}],"about":[{"href":"https:\/\/agradocosmetic.com\/it\/wp-json\/wp\/v2\/types\/post"}],"author":[{"embeddable":true,"href":"https:\/\/agradocosmetic.com\/it\/wp-json\/wp\/v2\/users\/9"}],"replies":[{"embeddable":true,"href":"https:\/\/agradocosmetic.com\/it\/wp-json\/wp\/v2\/comments?post=20345"}],"version-history":[{"count":1,"href":"https:\/\/agradocosmetic.com\/it\/wp-json\/wp\/v2\/posts\/20345\/revisions"}],"predecessor-version":[{"id":21248,"href":"https:\/\/agradocosmetic.com\/it\/wp-json\/wp\/v2\/posts\/20345\/revisions\/21248"}],"wp:featuredmedia":[{"embeddable":true,"href":"https:\/\/agradocosmetic.com\/it\/wp-json\/wp\/v2\/media\/21247"}],"wp:attachment":[{"href":"https:\/\/agradocosmetic.com\/it\/wp-json\/wp\/v2\/media?parent=20345"}],"wp:term":[{"taxonomy":"category","embeddable":true,"href":"https:\/\/agradocosmetic.com\/it\/wp-json\/wp\/v2\/categories?post=20345"},{"taxonomy":"post_tag","embeddable":true,"href":"https:\/\/agradocosmetic.com\/it\/wp-json\/wp\/v2\/tags?post=20345"}],"curies":[{"name":"parola chiave","href":"https:\/\/api.w.org\/{rel}","templated":true}]}}