{"id":20392,"date":"2023-01-23T10:39:44","date_gmt":"2023-01-23T09:39:44","guid":{"rendered":"https:\/\/www.agradocosmetic.com\/?p=20392"},"modified":"2023-11-18T16:58:48","modified_gmt":"2023-11-18T16:58:48","slug":"pelo-en-pausa-que-es-y-como-evitar-que-te-pase-agrado-cosmetic","status":"publish","type":"post","link":"https:\/\/agradocosmetic.com\/it\/pelo-en-pausa-que-es-y-como-evitar-que-te-pase-agrado-cosmetic\/","title":{"rendered":"Capelli in pausa: cos&#039;\u00e8 e come evitare che ti capiti"},"content":{"rendered":"<p>Sicuramente, tra tutte le tendenze e le danze di TikTok, hai sentito parlare di &quot;capelli in pausa&quot;. Appare in migliaia di video nel nostro &#039;per te&#039; ma sai davvero di cosa si tratta? Non preoccuparti perch\u00e9 <a href=\"https:\/\/agradocosmetic.com\/it\/\" target=\"_blank\" rel=\"noreferrer noopener\">Agrado Cosmetic<\/a> Chiariremo tutti i tuoi dubbi su questa tendenza virale e ti diremo i nostri migliori consigli per evitare che accada anche a te. Andiamo!<\/p>\r\n\r\n\r\n\r\n<h3 class=\"wp-block-heading\">COSA SONO I CAPELLI IN PAUSA?<\/h3>\r\n\r\n\r\n\r\n<p>\u201cHair on pause\u201d \u00e8 un\u2019espressione che sta spopolando su TikTok e viene utilizzata da tutti i prescrittori di bellezza per riferirsi ai capelli opachi. Quando parliamo di capelli in pausa intendiamo <strong>capelli danneggiati, secchi o grassi, fragili o bruciati da asciugacapelli e piastre<\/strong>. Insomma, \u00e8 un modo per riferirsi a quel tipo di capelli che non hanno volume n\u00e9 movimento.<\/p>\r\n\r\n\r\n\r\n<p>E quali sono le cause dei capelli opachi? Inquinamento, stress, cattiva routine per i capelli, stile di vita poco sano... Tutti questi fattori fanno perdere ai nostri capelli la lucentezza che li caratterizza. Se ritieni che i tuoi capelli stiano attraversando un brutto momento, non preoccuparti. <strong>Ti raccontiamo come coccolare i tuoi capelli per dire addio per sempre ai capelli in pausa.<\/strong>. Ti iscrivi?<\/p>\r\n\r\n\r\n\r\n<h3 class=\"wp-block-heading\">1\u00ba NON DORMIRE CON I CAPELLI BAGNATI<\/h3>\r\n\r\n\r\n\r\n<p>Pu\u00f2 sembrare una sciocchezza a cui non diamo importanza, ma le nostre mamme ce lo dicono fin da piccoli per un motivo. Non asciugare correttamente i capelli pu\u00f2 aumentare la porosit\u00e0 della fibra capillare, spezzare i capelli con la frizione del cuscino o addirittura causare mal di testa. Quindi, non importa quanto tu sia pigro, andrai di nuovo a letto con i capelli bagnati?<\/p>\r\n\r\n\r\n\r\n<h3 class=\"wp-block-heading\">2\u00ba UTILIZZI I PRODOTTI CORRETTI?<\/h3>\r\n\r\n\r\n\r\n<p>Molte volte pensiamo che utilizzando una grande quantit\u00e0 di prodotti stiamo coccolando i nostri capelli. Ma questo pu\u00f2 danneggiarlo ancora di pi\u00f9! Ecco la nostra raccomandazione. <strong>Se hai i capelli danneggiati, <a href=\"https:\/\/agradocosmetic.com\/it\/linea\/keratina\/\" target=\"_blank\" rel=\"noreferrer noopener\">Linea Agrado alla cheratina<\/a> sar\u00e0 il tuo miglior alleato<\/strong> riparando la cuticola e donando morbidezza e vitalit\u00e0 ai capelli.<\/p>\r\n\r\n\r\n\r\n<p>La routine perfetta dovrebbe iniziare con <a href=\"https:\/\/agradocosmetic.com\/it\/producto\/champu-professional-keratina-2\/\" target=\"_blank\" rel=\"noreferrer noopener\">Shampoo Professionale con Cheratina<\/a>, che pulir\u00e0 in profondit\u00e0 il cuoio capelluto senza togliervi nemmeno un po&#039; di idratazione. Per il secondo passaggio puoi scegliere tra il <a href=\"https:\/\/agradocosmetic.com\/it\/producto\/mascarilla-keratina\/\" target=\"_blank\" rel=\"noreferrer noopener\">Maschera alla cheratina<\/a> e il <a href=\"https:\/\/agradocosmetic.com\/it\/producto\/crema-suavizante-acondicionadora-keratina\/\" target=\"_blank\" rel=\"noreferrer noopener\">Crema levigante condizionante alla cheratina<\/a>, che ti fornir\u00e0 la dose di lucentezza e setosit\u00e0 di cui i tuoi capelli hanno bisogno. Per completare il trattamento quotidiano, il <a href=\"https:\/\/agradocosmetic.com\/it\/producto\/keratina-liquida\/\" target=\"_blank\" rel=\"noreferrer noopener\">Cheratina liquida<\/a> Sar\u00e0 la ciliegina sulla torta. Si applica sui capelli umidi senza bisogno di risciacquarli, consentendo un trattamento rapido e confortevole. Credetemi, rimarrete stupiti dal risultato: capelli con lucentezza e movimento istantanei. \ud83d\ude09<\/p>\r\n\r\n\r\n\r\n<p>&nbsp;<\/p>\r\n\r\n\r\n\r\n<figure class=\"wp-block-image aligncenter size-full is-resized\"><img fetchpriority=\"high\" decoding=\"async\" class=\"wp-image-20396\" src=\"https:\/\/www.agradocosmetic.com\/wp-content\/uploads\/2023\/01\/259B6B55-AF85-4786-8B30-CB20A016E221-edited.jpeg\" alt=\"pelo en pausa - keratina\" width=\"263\" height=\"263\" \/><\/figure>\r\n\r\n\r\n\r\n<h3 class=\"wp-block-heading\">3\u00ba TAGLIA LE ESTREMIT\u00c0 E PRENDITI CURA DEGLI ACCESSORI<\/h3>\r\n\r\n\r\n\r\n<p>Secondo gli esperti, le punte dei capelli dovrebbero essere tagliate ogni tre mesi per avere il movimento o la forma abituali. Inoltre, tenere i capelli con elastici molto stretti pu\u00f2 causare la caduta dei capelli o addirittura causare alopecia da trazione. Quando hai bisogno di tenere i capelli lontani dal viso, usa accessori delicati sui tuoi capelli per il massimo delle coccole.<\/p>\r\n\r\n\r\n\r\n<p>Ora che sai cosa sono i capelli in pausa e come rimediare, non ti resta che mettere in pratica tutti i nostri trucchi. Indossare i capelli che hai sempre desiderato \u00e8 molto semplice <a href=\"https:\/\/agradocosmetic.com\/it\/\" target=\"_blank\" rel=\"noreferrer noopener\">Agrado Cosmetic<\/a>. Salta!<\/p>","protected":false},"excerpt":{"rendered":"<p>Seguro que entre tanto trend y baile de TikTok habr\u00e1s o\u00eddo hablar del \u00abpelo en pausa\u00bb. Aparece en miiiles de v\u00eddeos en nuestro \u2018para ti\u2019 pero, \u00bfsabes realmente qu\u00e9 es?\u00a0No te apures porque en Agrado Cosmetic te aclaramos todas las dudas sobre esta tendencia viral y te contamos nuestros mejores tips para evitar que te [&hellip;]<\/p>\n","protected":false},"author":9,"featured_media":21245,"comment_status":"open","ping_status":"closed","sticky":false,"template":"","format":"standard","meta":{"footnotes":"","_wp_rev_ctl_limit":""},"categories":[509,1],"tags":[577,569,563,609,611,613,599],"class_list":["post-20392","post","type-post","status-publish","format-standard","has-post-thumbnail","hentry","category-capilar-en","category-todos","tag-agrado-cosmetic-en","tag-cabello-en","tag-capilar-en","tag-cuidado-del-cabello-en","tag-keratina-en","tag-pelo-en-pausa-en","tag-tips-en"],"yoast_head":"<!-- This site is optimized with the Yoast SEO plugin v27.4 - https:\/\/yoast.com\/product\/yoast-seo-wordpress\/ -->\n<title>Pelo en pausa: qu\u00e9 es y c\u00f3mo evitarlo - Agrado Cosmetic<\/title>\n<meta name=\"description\" content=\"\u00bfHas o\u00eddo hablar del &quot;pelo en pausa&quot;? \u00bfCrees que te pasa? Te contamos todo lo que necesitas saber sobre la expresi\u00f3n de moda.\" \/>\n<meta name=\"robots\" content=\"index, follow, max-snippet:-1, max-image-preview:large, max-video-preview:-1\" \/>\n<link rel=\"canonical\" href=\"https:\/\/agradocosmetic.com\/it\/pelo-en-pausa-que-es-y-como-evitar-que-te-pase-agrado-cosmetic\/\" \/>\n<meta property=\"og:locale\" content=\"it_IT\" \/>\n<meta property=\"og:type\" content=\"article\" \/>\n<meta property=\"og:title\" content=\"Pelo en pausa: qu\u00e9 es y c\u00f3mo evitarlo - Agrado Cosmetic\" \/>\n<meta property=\"og:description\" content=\"\u00bfHas o\u00eddo hablar del &quot;pelo en pausa&quot;? \u00bfCrees que te pasa? Te contamos todo lo que necesitas saber sobre la expresi\u00f3n de moda.\" \/>\n<meta property=\"og:url\" content=\"https:\/\/agradocosmetic.com\/it\/pelo-en-pausa-que-es-y-como-evitar-que-te-pase-agrado-cosmetic\/\" \/>\n<meta property=\"og:site_name\" content=\"Agrado\" \/>\n<meta property=\"article:published_time\" content=\"2023-01-23T09:39:44+00:00\" \/>\n<meta property=\"article:modified_time\" content=\"2023-11-18T16:58:48+00:00\" \/>\n<meta property=\"og:image\" content=\"https:\/\/agradocosmetic.com\/wp-content\/uploads\/2023\/01\/champu-agrado.jpg\" \/>\n\t<meta property=\"og:image:width\" content=\"1200\" \/>\n\t<meta property=\"og:image:height\" content=\"800\" \/>\n\t<meta property=\"og:image:type\" content=\"image\/jpeg\" \/>\n<meta name=\"author\" content=\"agradocosmetic\" \/>\n<meta name=\"twitter:card\" content=\"summary_large_image\" \/>\n<meta name=\"twitter:label1\" content=\"Scritto da\" \/>\n\t<meta name=\"twitter:data1\" content=\"agradocosmetic\" \/>\n\t<meta name=\"twitter:label2\" content=\"Tempo di lettura stimato\" \/>\n\t<meta name=\"twitter:data2\" content=\"3 minuti\" \/>\n<script type=\"application\/ld+json\" class=\"yoast-schema-graph\">{\"@context\":\"https:\\\/\\\/schema.org\",\"@graph\":[{\"@type\":\"Article\",\"@id\":\"https:\\\/\\\/agradocosmetic.com\\\/pelo-en-pausa-que-es-y-como-evitar-que-te-pase-agrado-cosmetic\\\/#article\",\"isPartOf\":{\"@id\":\"https:\\\/\\\/agradocosmetic.com\\\/pelo-en-pausa-que-es-y-como-evitar-que-te-pase-agrado-cosmetic\\\/\"},\"author\":{\"name\":\"agradocosmetic\",\"@id\":\"https:\\\/\\\/agradocosmetic.com\\\/#\\\/schema\\\/person\\\/732e8d396022e25f9340196f83d6789d\"},\"headline\":\"Pelo en pausa: qu\u00e9 es y c\u00f3mo evitar que te pase\",\"datePublished\":\"2023-01-23T09:39:44+00:00\",\"dateModified\":\"2023-11-18T16:58:48+00:00\",\"mainEntityOfPage\":{\"@id\":\"https:\\\/\\\/agradocosmetic.com\\\/pelo-en-pausa-que-es-y-como-evitar-que-te-pase-agrado-cosmetic\\\/\"},\"wordCount\":586,\"commentCount\":0,\"publisher\":{\"@id\":\"https:\\\/\\\/agradocosmetic.com\\\/#organization\"},\"image\":{\"@id\":\"https:\\\/\\\/agradocosmetic.com\\\/pelo-en-pausa-que-es-y-como-evitar-que-te-pase-agrado-cosmetic\\\/#primaryimage\"},\"thumbnailUrl\":\"https:\\\/\\\/agradocosmetic.com\\\/wp-content\\\/uploads\\\/2023\\\/01\\\/champu-agrado.jpg\",\"keywords\":[\"agrado cosmetic\",\"cabello\",\"capilar\",\"cuidado del cabello\",\"keratina\",\"pelo en pausa\",\"tips\"],\"articleSection\":[\"Capilar\",\"Todos\"],\"inLanguage\":\"it-IT\",\"potentialAction\":[{\"@type\":\"CommentAction\",\"name\":\"Comment\",\"target\":[\"https:\\\/\\\/agradocosmetic.com\\\/pelo-en-pausa-que-es-y-como-evitar-que-te-pase-agrado-cosmetic\\\/#respond\"]}]},{\"@type\":\"WebPage\",\"@id\":\"https:\\\/\\\/agradocosmetic.com\\\/pelo-en-pausa-que-es-y-como-evitar-que-te-pase-agrado-cosmetic\\\/\",\"url\":\"https:\\\/\\\/agradocosmetic.com\\\/pelo-en-pausa-que-es-y-como-evitar-que-te-pase-agrado-cosmetic\\\/\",\"name\":\"Pelo en pausa: qu\u00e9 es y c\u00f3mo evitarlo - Agrado Cosmetic\",\"isPartOf\":{\"@id\":\"https:\\\/\\\/agradocosmetic.com\\\/#website\"},\"primaryImageOfPage\":{\"@id\":\"https:\\\/\\\/agradocosmetic.com\\\/pelo-en-pausa-que-es-y-como-evitar-que-te-pase-agrado-cosmetic\\\/#primaryimage\"},\"image\":{\"@id\":\"https:\\\/\\\/agradocosmetic.com\\\/pelo-en-pausa-que-es-y-como-evitar-que-te-pase-agrado-cosmetic\\\/#primaryimage\"},\"thumbnailUrl\":\"https:\\\/\\\/agradocosmetic.com\\\/wp-content\\\/uploads\\\/2023\\\/01\\\/champu-agrado.jpg\",\"datePublished\":\"2023-01-23T09:39:44+00:00\",\"dateModified\":\"2023-11-18T16:58:48+00:00\",\"description\":\"\u00bfHas o\u00eddo hablar del \\\"pelo en pausa\\\"? \u00bfCrees que te pasa? Te contamos todo lo que necesitas saber sobre la expresi\u00f3n de moda.\",\"breadcrumb\":{\"@id\":\"https:\\\/\\\/agradocosmetic.com\\\/pelo-en-pausa-que-es-y-como-evitar-que-te-pase-agrado-cosmetic\\\/#breadcrumb\"},\"inLanguage\":\"it-IT\",\"potentialAction\":[{\"@type\":\"ReadAction\",\"target\":[\"https:\\\/\\\/agradocosmetic.com\\\/pelo-en-pausa-que-es-y-como-evitar-que-te-pase-agrado-cosmetic\\\/\"]}]},{\"@type\":\"ImageObject\",\"inLanguage\":\"it-IT\",\"@id\":\"https:\\\/\\\/agradocosmetic.com\\\/pelo-en-pausa-que-es-y-como-evitar-que-te-pase-agrado-cosmetic\\\/#primaryimage\",\"url\":\"https:\\\/\\\/agradocosmetic.com\\\/wp-content\\\/uploads\\\/2023\\\/01\\\/champu-agrado.jpg\",\"contentUrl\":\"https:\\\/\\\/agradocosmetic.com\\\/wp-content\\\/uploads\\\/2023\\\/01\\\/champu-agrado.jpg\",\"width\":1200,\"height\":800},{\"@type\":\"BreadcrumbList\",\"@id\":\"https:\\\/\\\/agradocosmetic.com\\\/pelo-en-pausa-que-es-y-como-evitar-que-te-pase-agrado-cosmetic\\\/#breadcrumb\",\"itemListElement\":[{\"@type\":\"ListItem\",\"position\":1,\"name\":\"Portada\",\"item\":\"https:\\\/\\\/agradocosmetic.com\\\/\"},{\"@type\":\"ListItem\",\"position\":2,\"name\":\"Pelo en pausa: qu\u00e9 es y c\u00f3mo evitar que te pase\"}]},{\"@type\":\"WebSite\",\"@id\":\"https:\\\/\\\/agradocosmetic.com\\\/#website\",\"url\":\"https:\\\/\\\/agradocosmetic.com\\\/\",\"name\":\"Agrado\",\"description\":\"Cosmetic\",\"publisher\":{\"@id\":\"https:\\\/\\\/agradocosmetic.com\\\/#organization\"},\"potentialAction\":[{\"@type\":\"SearchAction\",\"target\":{\"@type\":\"EntryPoint\",\"urlTemplate\":\"https:\\\/\\\/agradocosmetic.com\\\/?s={search_term_string}\"},\"query-input\":{\"@type\":\"PropertyValueSpecification\",\"valueRequired\":true,\"valueName\":\"search_term_string\"}}],\"inLanguage\":\"it-IT\"},{\"@type\":\"Organization\",\"@id\":\"https:\\\/\\\/agradocosmetic.com\\\/#organization\",\"name\":\"Agrado\",\"url\":\"https:\\\/\\\/agradocosmetic.com\\\/\",\"logo\":{\"@type\":\"ImageObject\",\"inLanguage\":\"it-IT\",\"@id\":\"https:\\\/\\\/agradocosmetic.com\\\/#\\\/schema\\\/logo\\\/image\\\/\",\"url\":\"https:\\\/\\\/agradocosmetic.com\\\/wp-content\\\/uploads\\\/2023\\\/07\\\/LOGO-AGRADO-WEB-01.png\",\"contentUrl\":\"https:\\\/\\\/agradocosmetic.com\\\/wp-content\\\/uploads\\\/2023\\\/07\\\/LOGO-AGRADO-WEB-01.png\",\"width\":1632,\"height\":300,\"caption\":\"Agrado\"},\"image\":{\"@id\":\"https:\\\/\\\/agradocosmetic.com\\\/#\\\/schema\\\/logo\\\/image\\\/\"}},{\"@type\":\"Person\",\"@id\":\"https:\\\/\\\/agradocosmetic.com\\\/#\\\/schema\\\/person\\\/732e8d396022e25f9340196f83d6789d\",\"name\":\"agradocosmetic\",\"image\":{\"@type\":\"ImageObject\",\"inLanguage\":\"it-IT\",\"@id\":\"https:\\\/\\\/secure.gravatar.com\\\/avatar\\\/c6003e45301182b7e125463fcbec403b1980909c12edf09098526b9a15e779c0?s=96&d=mm&r=g\",\"url\":\"https:\\\/\\\/secure.gravatar.com\\\/avatar\\\/c6003e45301182b7e125463fcbec403b1980909c12edf09098526b9a15e779c0?s=96&d=mm&r=g\",\"contentUrl\":\"https:\\\/\\\/secure.gravatar.com\\\/avatar\\\/c6003e45301182b7e125463fcbec403b1980909c12edf09098526b9a15e779c0?s=96&d=mm&r=g\",\"caption\":\"agradocosmetic\"}}]}<\/script>\n<!-- \/ Yoast SEO plugin. -->","yoast_head_json":{"title":"Pelo en pausa: qu\u00e9 es y c\u00f3mo evitarlo - Agrado Cosmetic","description":"\u00bfHas o\u00eddo hablar del \"pelo en pausa\"? \u00bfCrees que te pasa? Te contamos todo lo que necesitas saber sobre la expresi\u00f3n de moda.","robots":{"index":"index","follow":"follow","max-snippet":"max-snippet:-1","max-image-preview":"max-image-preview:large","max-video-preview":"max-video-preview:-1"},"canonical":"https:\/\/agradocosmetic.com\/it\/pelo-en-pausa-que-es-y-como-evitar-que-te-pase-agrado-cosmetic\/","og_locale":"it_IT","og_type":"article","og_title":"Pelo en pausa: qu\u00e9 es y c\u00f3mo evitarlo - Agrado Cosmetic","og_description":"\u00bfHas o\u00eddo hablar del \"pelo en pausa\"? \u00bfCrees que te pasa? Te contamos todo lo que necesitas saber sobre la expresi\u00f3n de moda.","og_url":"https:\/\/agradocosmetic.com\/it\/pelo-en-pausa-que-es-y-como-evitar-que-te-pase-agrado-cosmetic\/","og_site_name":"Agrado","article_published_time":"2023-01-23T09:39:44+00:00","article_modified_time":"2023-11-18T16:58:48+00:00","og_image":[{"width":1200,"height":800,"url":"https:\/\/agradocosmetic.com\/wp-content\/uploads\/2023\/01\/champu-agrado.jpg","type":"image\/jpeg"}],"author":"agradocosmetic","twitter_card":"summary_large_image","twitter_misc":{"Scritto da":"agradocosmetic","Tempo di lettura stimato":"3 minuti"},"schema":{"@context":"https:\/\/schema.org","@graph":[{"@type":"Article","@id":"https:\/\/agradocosmetic.com\/pelo-en-pausa-que-es-y-como-evitar-que-te-pase-agrado-cosmetic\/#article","isPartOf":{"@id":"https:\/\/agradocosmetic.com\/pelo-en-pausa-que-es-y-como-evitar-que-te-pase-agrado-cosmetic\/"},"author":{"name":"agradocosmetic","@id":"https:\/\/agradocosmetic.com\/#\/schema\/person\/732e8d396022e25f9340196f83d6789d"},"headline":"Pelo en pausa: qu\u00e9 es y c\u00f3mo evitar que te pase","datePublished":"2023-01-23T09:39:44+00:00","dateModified":"2023-11-18T16:58:48+00:00","mainEntityOfPage":{"@id":"https:\/\/agradocosmetic.com\/pelo-en-pausa-que-es-y-como-evitar-que-te-pase-agrado-cosmetic\/"},"wordCount":586,"commentCount":0,"publisher":{"@id":"https:\/\/agradocosmetic.com\/#organization"},"image":{"@id":"https:\/\/agradocosmetic.com\/pelo-en-pausa-que-es-y-como-evitar-que-te-pase-agrado-cosmetic\/#primaryimage"},"thumbnailUrl":"https:\/\/agradocosmetic.com\/wp-content\/uploads\/2023\/01\/champu-agrado.jpg","keywords":["agrado cosmetic","cabello","capilar","cuidado del cabello","keratina","pelo en pausa","tips"],"articleSection":["Capilar","Todos"],"inLanguage":"it-IT","potentialAction":[{"@type":"CommentAction","name":"Comment","target":["https:\/\/agradocosmetic.com\/pelo-en-pausa-que-es-y-como-evitar-que-te-pase-agrado-cosmetic\/#respond"]}]},{"@type":"WebPage","@id":"https:\/\/agradocosmetic.com\/pelo-en-pausa-que-es-y-como-evitar-que-te-pase-agrado-cosmetic\/","url":"https:\/\/agradocosmetic.com\/pelo-en-pausa-que-es-y-como-evitar-que-te-pase-agrado-cosmetic\/","name":"Pelo en pausa: qu\u00e9 es y c\u00f3mo evitarlo - Agrado Cosmetic","isPartOf":{"@id":"https:\/\/agradocosmetic.com\/#website"},"primaryImageOfPage":{"@id":"https:\/\/agradocosmetic.com\/pelo-en-pausa-que-es-y-como-evitar-que-te-pase-agrado-cosmetic\/#primaryimage"},"image":{"@id":"https:\/\/agradocosmetic.com\/pelo-en-pausa-que-es-y-como-evitar-que-te-pase-agrado-cosmetic\/#primaryimage"},"thumbnailUrl":"https:\/\/agradocosmetic.com\/wp-content\/uploads\/2023\/01\/champu-agrado.jpg","datePublished":"2023-01-23T09:39:44+00:00","dateModified":"2023-11-18T16:58:48+00:00","description":"\u00bfHas o\u00eddo hablar del \"pelo en pausa\"? \u00bfCrees que te pasa? Te contamos todo lo que necesitas saber sobre la expresi\u00f3n de moda.","breadcrumb":{"@id":"https:\/\/agradocosmetic.com\/pelo-en-pausa-que-es-y-como-evitar-que-te-pase-agrado-cosmetic\/#breadcrumb"},"inLanguage":"it-IT","potentialAction":[{"@type":"ReadAction","target":["https:\/\/agradocosmetic.com\/pelo-en-pausa-que-es-y-como-evitar-que-te-pase-agrado-cosmetic\/"]}]},{"@type":"ImageObject","inLanguage":"it-IT","@id":"https:\/\/agradocosmetic.com\/pelo-en-pausa-que-es-y-como-evitar-que-te-pase-agrado-cosmetic\/#primaryimage","url":"https:\/\/agradocosmetic.com\/wp-content\/uploads\/2023\/01\/champu-agrado.jpg","contentUrl":"https:\/\/agradocosmetic.com\/wp-content\/uploads\/2023\/01\/champu-agrado.jpg","width":1200,"height":800},{"@type":"BreadcrumbList","@id":"https:\/\/agradocosmetic.com\/pelo-en-pausa-que-es-y-como-evitar-que-te-pase-agrado-cosmetic\/#breadcrumb","itemListElement":[{"@type":"ListItem","position":1,"name":"Portada","item":"https:\/\/agradocosmetic.com\/"},{"@type":"ListItem","position":2,"name":"Pelo en pausa: qu\u00e9 es y c\u00f3mo evitar que te pase"}]},{"@type":"WebSite","@id":"https:\/\/agradocosmetic.com\/#website","url":"https:\/\/agradocosmetic.com\/","name":"Mi piace","description":"cosmetico","publisher":{"@id":"https:\/\/agradocosmetic.com\/#organization"},"potentialAction":[{"@type":"SearchAction","target":{"@type":"EntryPoint","urlTemplate":"https:\/\/agradocosmetic.com\/?s={search_term_string}"},"query-input":{"@type":"PropertyValueSpecification","valueRequired":true,"valueName":"search_term_string"}}],"inLanguage":"it-IT"},{"@type":"Organization","@id":"https:\/\/agradocosmetic.com\/#organization","name":"Mi piace","url":"https:\/\/agradocosmetic.com\/","logo":{"@type":"ImageObject","inLanguage":"it-IT","@id":"https:\/\/agradocosmetic.com\/#\/schema\/logo\/image\/","url":"https:\/\/agradocosmetic.com\/wp-content\/uploads\/2023\/07\/LOGO-AGRADO-WEB-01.png","contentUrl":"https:\/\/agradocosmetic.com\/wp-content\/uploads\/2023\/07\/LOGO-AGRADO-WEB-01.png","width":1632,"height":300,"caption":"Agrado"},"image":{"@id":"https:\/\/agradocosmetic.com\/#\/schema\/logo\/image\/"}},{"@type":"Person","@id":"https:\/\/agradocosmetic.com\/#\/schema\/person\/732e8d396022e25f9340196f83d6789d","name":"agradocosmetico","image":{"@type":"ImageObject","inLanguage":"it-IT","@id":"https:\/\/secure.gravatar.com\/avatar\/c6003e45301182b7e125463fcbec403b1980909c12edf09098526b9a15e779c0?s=96&d=mm&r=g","url":"https:\/\/secure.gravatar.com\/avatar\/c6003e45301182b7e125463fcbec403b1980909c12edf09098526b9a15e779c0?s=96&d=mm&r=g","contentUrl":"https:\/\/secure.gravatar.com\/avatar\/c6003e45301182b7e125463fcbec403b1980909c12edf09098526b9a15e779c0?s=96&d=mm&r=g","caption":"agradocosmetic"}}]}},"_links":{"self":[{"href":"https:\/\/agradocosmetic.com\/it\/wp-json\/wp\/v2\/posts\/20392","targetHints":{"allow":["GET"]}}],"collection":[{"href":"https:\/\/agradocosmetic.com\/it\/wp-json\/wp\/v2\/posts"}],"about":[{"href":"https:\/\/agradocosmetic.com\/it\/wp-json\/wp\/v2\/types\/post"}],"author":[{"embeddable":true,"href":"https:\/\/agradocosmetic.com\/it\/wp-json\/wp\/v2\/users\/9"}],"replies":[{"embeddable":true,"href":"https:\/\/agradocosmetic.com\/it\/wp-json\/wp\/v2\/comments?post=20392"}],"version-history":[{"count":1,"href":"https:\/\/agradocosmetic.com\/it\/wp-json\/wp\/v2\/posts\/20392\/revisions"}],"predecessor-version":[{"id":21246,"href":"https:\/\/agradocosmetic.com\/it\/wp-json\/wp\/v2\/posts\/20392\/revisions\/21246"}],"wp:featuredmedia":[{"embeddable":true,"href":"https:\/\/agradocosmetic.com\/it\/wp-json\/wp\/v2\/media\/21245"}],"wp:attachment":[{"href":"https:\/\/agradocosmetic.com\/it\/wp-json\/wp\/v2\/media?parent=20392"}],"wp:term":[{"taxonomy":"category","embeddable":true,"href":"https:\/\/agradocosmetic.com\/it\/wp-json\/wp\/v2\/categories?post=20392"},{"taxonomy":"post_tag","embeddable":true,"href":"https:\/\/agradocosmetic.com\/it\/wp-json\/wp\/v2\/tags?post=20392"}],"curies":[{"name":"parola chiave","href":"https:\/\/api.w.org\/{rel}","templated":true}]}}