{"id":20567,"date":"2023-03-22T18:10:56","date_gmt":"2023-03-22T17:10:56","guid":{"rendered":"https:\/\/www.agradocosmetic.com\/?p=20567"},"modified":"2023-11-18T16:58:47","modified_gmt":"2023-11-18T16:58:47","slug":"hidratacion-vs-nutricion-que-necesita-mi-cabello","status":"publish","type":"post","link":"https:\/\/agradocosmetic.com\/it\/hidratacion-vs-nutricion-que-necesita-mi-cabello\/","title":{"rendered":"Idratazione vs Nutrizione, di cosa hanno bisogno i miei capelli?"},"content":{"rendered":"<p>A volte sappiamo di cosa hanno bisogno i nostri capelli: idratazione, nutrimento, riparazione... E commettiamo l&#039;errore di utilizzare prodotti non adatti al nostro tipo di capelli. \u00c8 giunto il momento di iniziare a coccolare un po\u2019 i tuoi capelli e di essere pi\u00f9 consapevole delle loro esigenze. In <a href=\"https:\/\/agradocosmetic.com\/it\/\" target=\"_blank\" rel=\"noreferrer noopener\">Agrado Cosmetic<\/a> Chiariamo i tuoi dubbi affinch\u00e9 tu possa dare ai tuoi capelli ci\u00f2 che veramente meritano. Prendi carta e penna e prendi appunti!<\/p>\r\n\r\n\r\n\r\n<h3 class=\"wp-block-heading\">1\u00baCosa succede ai nostri capelli?<\/h3>\r\n\r\n\r\n\r\n<p>Il primo passo \u00e8 sapere di cosa hanno bisogno i nostri capelli e per fare questo dobbiamo conoscere la loro porosit\u00e0. Ti diciamo come. Hai solo bisogno di un bicchiere di acqua limpida, aggiungi diversi peli e lasciali riposare per due minuti.<\/p>\r\n\r\n\r\n\r\n<ul class=\"wp-block-list\">\r\n<li>Se i capelli rimangono sul fondo del bicchiere, hanno un&#039;elevata porosit\u00e0. Ci\u00f2 significa che potrebbe essere danneggiato e presentare doppie punte. Ha troppa idratazione.<\/li>\r\n\r\n\r\n\r\n<li>Se i tuoi capelli rimangono al centro del bicchiere, i tuoi capelli hanno una porosit\u00e0 media. Quindi, congratulazioni! I tuoi capelli hanno una perfetta idratazione e nutrizione. Puoi continuare cos\u00ec.<\/li>\r\n\r\n\r\n\r\n<li>Se i capelli galleggiano verso l&#039;alto del bicchiere, parliamo di bassa porosit\u00e0 e indica che necessitano di idratazione.<\/li>\r\n<\/ul>\r\n\r\n\r\n\r\n<h3 class=\"wp-block-heading\">2\u00b0 Idratazione o nutrizione: di cosa hanno bisogno i miei capelli?<\/h3>\r\n\r\n\r\n\r\n<p>Una volta che sappiamo qual \u00e8 la porosit\u00e0 dei nostri capelli, rimane la parte pi\u00f9 semplice: scegliere i prodotti che faranno risplendere i nostri capelli. Quindi andiamo!<\/p>\r\n\r\n\r\n\r\n<p>Se i tuoi capelli rimangono sul fondo del bicchiere, non preoccuparti perch\u00e9 succede nella maggior parte dei casi. \u00c8 noto come <strong>capelli secchi, danneggiati o con doppie punte<\/strong>. Questo perch\u00e9 aggiungiamo troppa idratazione e diventano crespi. Di conseguenza, le cuticole dei capelli sono molto aperte e non trattengono i prodotti applicati. Soluzione? La nutrizione. Trovare una linea che ripari e nutra i tuoi capelli far\u00e0 la differenza. Consigliamo il <strong>Prodotti botanici Pro Nutrition della linea Agrado<\/strong>, composto da 95% di ingredienti di origine naturale, come l&#039;estratto di riso e quinoa, nutrir\u00e0 e riparer\u00e0 i tuoi capelli, sigillando le doppie punte. Quando provi il <a href=\"https:\/\/agradocosmetic.com\/it\/producto\/champu-pro-nutricion-botanicos\/\" target=\"_blank\" rel=\"noreferrer noopener\">Shampoo<\/a>, IL <a href=\"https:\/\/agradocosmetic.com\/it\/producto\/mascarilla-pro-nutricion-botanicos\/\" target=\"_blank\" rel=\"noreferrer noopener\">Maschera<\/a> e il <a href=\"https:\/\/agradocosmetic.com\/it\/producto\/serum-pro-nutricion-botanicos\/\" target=\"_blank\" rel=\"noreferrer noopener\">Siero nutrizionale professionale<\/a>, non vorrai nient&#039;altro per prenderti cura dei tuoi capelli.<\/p>\r\n\r\n\r\n\r\n<p>Se invece i tuoi capelli hanno una bassa porosit\u00e0, il tuo miglior alleato sar\u00e0 l\u2019idratazione. Si verifica quando c&#039;\u00e8 una mancanza di acqua nella cuticola a causa di sostanze chimiche in eccesso, lasciando a <strong>capelli opachi e ruvidi<\/strong>. Non preoccuparti perch\u00e9 abbiamo anche la soluzione! <a href=\"https:\/\/agradocosmetic.com\/it\/linea\/keratina\/\" target=\"_blank\" rel=\"noreferrer noopener\">IL<strong> Linea professionale alla cheratina<\/strong><\/a> Ti dar\u00e0 la dose perfetta di idratazione. Segui la nostra routine per i capelli <a href=\"https:\/\/agradocosmetic.com\/it\/producto\/champu-professional-keratin\/\" target=\"_blank\" rel=\"noreferrer noopener\">Shampoo professionale<\/a>, <a href=\"https:\/\/agradocosmetic.com\/it\/producto\/crema-suavizante-acondicionadora-keratina\/\" target=\"_blank\" rel=\"noreferrer noopener\">Crema Lisciante Condizionante<\/a> E <a href=\"https:\/\/agradocosmetic.com\/it\/producto\/keratina-liquida\/\" target=\"_blank\" rel=\"noreferrer noopener\">cheratina liquida<\/a>. Risultati al momento!<\/p>\r\n\r\n\r\n\r\n<p>Ora che sai che tipo di capelli hai e di cosa hanno bisogno, tutto ci\u00f2 che devi fare \u00e8 coccolarli e goderteli. Con i prodotti di <a href=\"https:\/\/agradocosmetic.com\/it\/\" target=\"_blank\" rel=\"noreferrer noopener\">Agrado Cosmetic<\/a> \u00c8 pi\u00f9 facile che mai. \ud83d\ude0a<\/p>","protected":false},"excerpt":{"rendered":"<p>A veces nos sabemos qu\u00e9 es lo que nuestra melena necesita: hidrataci\u00f3n, nutrici\u00f3n, reparaci\u00f3n&#8230; Y caemos en el error de utilizar productos poco adecuados para nuestro tipo de cabello. Ha llegado el momento de empezar a mimar un poquito tu pelo y ser m\u00e1s consciente de sus necesidades. En Agrado Cosmetic depejamos tus dudas para [&hellip;]<\/p>\n","protected":false},"author":9,"featured_media":0,"comment_status":"open","ping_status":"closed","sticky":false,"template":"","format":"standard","meta":{"footnotes":"","_wp_rev_ctl_limit":""},"categories":[507,1],"tags":[],"class_list":["post-20567","post","type-post","status-publish","format-standard","hentry","category-cabello-en","category-todos"],"yoast_head":"<!-- This site is optimized with the Yoast SEO plugin v27.4 - https:\/\/yoast.com\/product\/yoast-seo-wordpress\/ -->\n<title>Hidrataci\u00f3n vs Nutrici\u00f3n, \u00bfqu\u00e9 necesita mi cabello? - Agrado<\/title>\n<meta name=\"description\" content=\"Diferenciar si tu cabello pide a gritos una hidrataci\u00f3n o una nutrici\u00f3n, es sin duda un &#039;must&#039; en el cuidado. \u00a1Te lo contamos todo!\" \/>\n<meta name=\"robots\" content=\"index, follow, max-snippet:-1, max-image-preview:large, max-video-preview:-1\" \/>\n<link rel=\"canonical\" href=\"https:\/\/agradocosmetic.com\/it\/hidratacion-vs-nutricion-que-necesita-mi-cabello\/\" \/>\n<meta property=\"og:locale\" content=\"it_IT\" \/>\n<meta property=\"og:type\" content=\"article\" \/>\n<meta property=\"og:title\" content=\"Hidrataci\u00f3n vs Nutrici\u00f3n, \u00bfqu\u00e9 necesita mi cabello? - Agrado\" \/>\n<meta property=\"og:description\" content=\"Diferenciar si tu cabello pide a gritos una hidrataci\u00f3n o una nutrici\u00f3n, es sin duda un &#039;must&#039; en el cuidado. \u00a1Te lo contamos todo!\" \/>\n<meta property=\"og:url\" content=\"https:\/\/agradocosmetic.com\/it\/hidratacion-vs-nutricion-que-necesita-mi-cabello\/\" \/>\n<meta property=\"og:site_name\" content=\"Agrado\" \/>\n<meta property=\"article:published_time\" content=\"2023-03-22T17:10:56+00:00\" \/>\n<meta property=\"article:modified_time\" content=\"2023-11-18T16:58:47+00:00\" \/>\n<meta property=\"og:image\" content=\"https:\/\/agradocosmetic.com\/wp-content\/uploads\/2023\/03\/mascarilla-professional-agrado.jpg\" \/>\n\t<meta property=\"og:image:width\" content=\"1200\" \/>\n\t<meta property=\"og:image:height\" content=\"800\" \/>\n\t<meta property=\"og:image:type\" content=\"image\/jpeg\" \/>\n<meta name=\"author\" content=\"agradocosmetic\" \/>\n<meta name=\"twitter:card\" content=\"summary_large_image\" \/>\n<meta name=\"twitter:label1\" content=\"Scritto da\" \/>\n\t<meta name=\"twitter:data1\" content=\"agradocosmetic\" \/>\n\t<meta name=\"twitter:label2\" content=\"Tempo di lettura stimato\" \/>\n\t<meta name=\"twitter:data2\" content=\"3 minuti\" \/>\n<script type=\"application\/ld+json\" class=\"yoast-schema-graph\">{\"@context\":\"https:\\\/\\\/schema.org\",\"@graph\":[{\"@type\":\"Article\",\"@id\":\"https:\\\/\\\/agradocosmetic.com\\\/hidratacion-vs-nutricion-que-necesita-mi-cabello\\\/#article\",\"isPartOf\":{\"@id\":\"https:\\\/\\\/agradocosmetic.com\\\/hidratacion-vs-nutricion-que-necesita-mi-cabello\\\/\"},\"author\":{\"name\":\"agradocosmetic\",\"@id\":\"https:\\\/\\\/agradocosmetic.com\\\/#\\\/schema\\\/person\\\/732e8d396022e25f9340196f83d6789d\"},\"headline\":\"Hidrataci\u00f3n vs Nutrici\u00f3n, \u00bfqu\u00e9 necesita mi cabello?\",\"datePublished\":\"2023-03-22T17:10:56+00:00\",\"dateModified\":\"2023-11-18T16:58:47+00:00\",\"mainEntityOfPage\":{\"@id\":\"https:\\\/\\\/agradocosmetic.com\\\/hidratacion-vs-nutricion-que-necesita-mi-cabello\\\/\"},\"wordCount\":519,\"commentCount\":0,\"publisher\":{\"@id\":\"https:\\\/\\\/agradocosmetic.com\\\/#organization\"},\"articleSection\":[\"Cabello\",\"Todos\"],\"inLanguage\":\"it-IT\",\"potentialAction\":[{\"@type\":\"CommentAction\",\"name\":\"Comment\",\"target\":[\"https:\\\/\\\/agradocosmetic.com\\\/hidratacion-vs-nutricion-que-necesita-mi-cabello\\\/#respond\"]}]},{\"@type\":\"WebPage\",\"@id\":\"https:\\\/\\\/agradocosmetic.com\\\/hidratacion-vs-nutricion-que-necesita-mi-cabello\\\/\",\"url\":\"https:\\\/\\\/agradocosmetic.com\\\/hidratacion-vs-nutricion-que-necesita-mi-cabello\\\/\",\"name\":\"Hidrataci\u00f3n vs Nutrici\u00f3n, \u00bfqu\u00e9 necesita mi cabello? - Agrado\",\"isPartOf\":{\"@id\":\"https:\\\/\\\/agradocosmetic.com\\\/#website\"},\"datePublished\":\"2023-03-22T17:10:56+00:00\",\"dateModified\":\"2023-11-18T16:58:47+00:00\",\"description\":\"Diferenciar si tu cabello pide a gritos una hidrataci\u00f3n o una nutrici\u00f3n, es sin duda un 'must' en el cuidado. \u00a1Te lo contamos todo!\",\"breadcrumb\":{\"@id\":\"https:\\\/\\\/agradocosmetic.com\\\/hidratacion-vs-nutricion-que-necesita-mi-cabello\\\/#breadcrumb\"},\"inLanguage\":\"it-IT\",\"potentialAction\":[{\"@type\":\"ReadAction\",\"target\":[\"https:\\\/\\\/agradocosmetic.com\\\/hidratacion-vs-nutricion-que-necesita-mi-cabello\\\/\"]}]},{\"@type\":\"BreadcrumbList\",\"@id\":\"https:\\\/\\\/agradocosmetic.com\\\/hidratacion-vs-nutricion-que-necesita-mi-cabello\\\/#breadcrumb\",\"itemListElement\":[{\"@type\":\"ListItem\",\"position\":1,\"name\":\"Portada\",\"item\":\"https:\\\/\\\/agradocosmetic.com\\\/\"},{\"@type\":\"ListItem\",\"position\":2,\"name\":\"Hidrataci\u00f3n vs Nutrici\u00f3n, \u00bfqu\u00e9 necesita mi cabello?\"}]},{\"@type\":\"WebSite\",\"@id\":\"https:\\\/\\\/agradocosmetic.com\\\/#website\",\"url\":\"https:\\\/\\\/agradocosmetic.com\\\/\",\"name\":\"Agrado\",\"description\":\"Cosmetic\",\"publisher\":{\"@id\":\"https:\\\/\\\/agradocosmetic.com\\\/#organization\"},\"potentialAction\":[{\"@type\":\"SearchAction\",\"target\":{\"@type\":\"EntryPoint\",\"urlTemplate\":\"https:\\\/\\\/agradocosmetic.com\\\/?s={search_term_string}\"},\"query-input\":{\"@type\":\"PropertyValueSpecification\",\"valueRequired\":true,\"valueName\":\"search_term_string\"}}],\"inLanguage\":\"it-IT\"},{\"@type\":\"Organization\",\"@id\":\"https:\\\/\\\/agradocosmetic.com\\\/#organization\",\"name\":\"Agrado\",\"url\":\"https:\\\/\\\/agradocosmetic.com\\\/\",\"logo\":{\"@type\":\"ImageObject\",\"inLanguage\":\"it-IT\",\"@id\":\"https:\\\/\\\/agradocosmetic.com\\\/#\\\/schema\\\/logo\\\/image\\\/\",\"url\":\"https:\\\/\\\/agradocosmetic.com\\\/wp-content\\\/uploads\\\/2023\\\/07\\\/LOGO-AGRADO-WEB-01.png\",\"contentUrl\":\"https:\\\/\\\/agradocosmetic.com\\\/wp-content\\\/uploads\\\/2023\\\/07\\\/LOGO-AGRADO-WEB-01.png\",\"width\":1632,\"height\":300,\"caption\":\"Agrado\"},\"image\":{\"@id\":\"https:\\\/\\\/agradocosmetic.com\\\/#\\\/schema\\\/logo\\\/image\\\/\"}},{\"@type\":\"Person\",\"@id\":\"https:\\\/\\\/agradocosmetic.com\\\/#\\\/schema\\\/person\\\/732e8d396022e25f9340196f83d6789d\",\"name\":\"agradocosmetic\",\"image\":{\"@type\":\"ImageObject\",\"inLanguage\":\"it-IT\",\"@id\":\"https:\\\/\\\/secure.gravatar.com\\\/avatar\\\/c6003e45301182b7e125463fcbec403b1980909c12edf09098526b9a15e779c0?s=96&d=mm&r=g\",\"url\":\"https:\\\/\\\/secure.gravatar.com\\\/avatar\\\/c6003e45301182b7e125463fcbec403b1980909c12edf09098526b9a15e779c0?s=96&d=mm&r=g\",\"contentUrl\":\"https:\\\/\\\/secure.gravatar.com\\\/avatar\\\/c6003e45301182b7e125463fcbec403b1980909c12edf09098526b9a15e779c0?s=96&d=mm&r=g\",\"caption\":\"agradocosmetic\"}}]}<\/script>\n<!-- \/ Yoast SEO plugin. -->","yoast_head_json":{"title":"Idratazione vs. Nutrizione: di cosa hanno bisogno i miei capelli? - Agrado","description":"Sapere se i tuoi capelli hanno bisogno di idratazione o di nutrimento \u00e8 senza dubbio un aspetto fondamentale per la cura dei tuoi capelli. Ti sveleremo tutto!","robots":{"index":"index","follow":"follow","max-snippet":"max-snippet:-1","max-image-preview":"max-image-preview:large","max-video-preview":"max-video-preview:-1"},"canonical":"https:\/\/agradocosmetic.com\/it\/hidratacion-vs-nutricion-que-necesita-mi-cabello\/","og_locale":"it_IT","og_type":"article","og_title":"Hidrataci\u00f3n vs Nutrici\u00f3n, \u00bfqu\u00e9 necesita mi cabello? - Agrado","og_description":"Diferenciar si tu cabello pide a gritos una hidrataci\u00f3n o una nutrici\u00f3n, es sin duda un 'must' en el cuidado. \u00a1Te lo contamos todo!","og_url":"https:\/\/agradocosmetic.com\/it\/hidratacion-vs-nutricion-que-necesita-mi-cabello\/","og_site_name":"Agrado","article_published_time":"2023-03-22T17:10:56+00:00","article_modified_time":"2023-11-18T16:58:47+00:00","og_image":[{"width":1200,"height":800,"url":"https:\/\/agradocosmetic.com\/wp-content\/uploads\/2023\/03\/mascarilla-professional-agrado.jpg","type":"image\/jpeg"}],"author":"agradocosmetic","twitter_card":"summary_large_image","twitter_misc":{"Scritto da":"agradocosmetic","Tempo di lettura stimato":"3 minuti"},"schema":{"@context":"https:\/\/schema.org","@graph":[{"@type":"Article","@id":"https:\/\/agradocosmetic.com\/hidratacion-vs-nutricion-que-necesita-mi-cabello\/#article","isPartOf":{"@id":"https:\/\/agradocosmetic.com\/hidratacion-vs-nutricion-que-necesita-mi-cabello\/"},"author":{"name":"agradocosmetic","@id":"https:\/\/agradocosmetic.com\/#\/schema\/person\/732e8d396022e25f9340196f83d6789d"},"headline":"Hidrataci\u00f3n vs Nutrici\u00f3n, \u00bfqu\u00e9 necesita mi cabello?","datePublished":"2023-03-22T17:10:56+00:00","dateModified":"2023-11-18T16:58:47+00:00","mainEntityOfPage":{"@id":"https:\/\/agradocosmetic.com\/hidratacion-vs-nutricion-que-necesita-mi-cabello\/"},"wordCount":519,"commentCount":0,"publisher":{"@id":"https:\/\/agradocosmetic.com\/#organization"},"articleSection":["Cabello","Todos"],"inLanguage":"it-IT","potentialAction":[{"@type":"CommentAction","name":"Comment","target":["https:\/\/agradocosmetic.com\/hidratacion-vs-nutricion-que-necesita-mi-cabello\/#respond"]}]},{"@type":"WebPage","@id":"https:\/\/agradocosmetic.com\/hidratacion-vs-nutricion-que-necesita-mi-cabello\/","url":"https:\/\/agradocosmetic.com\/hidratacion-vs-nutricion-que-necesita-mi-cabello\/","name":"Idratazione vs. Nutrizione: di cosa hanno bisogno i miei capelli? - Agrado","isPartOf":{"@id":"https:\/\/agradocosmetic.com\/#website"},"datePublished":"2023-03-22T17:10:56+00:00","dateModified":"2023-11-18T16:58:47+00:00","description":"Sapere se i tuoi capelli hanno bisogno di idratazione o di nutrimento \u00e8 senza dubbio un aspetto fondamentale per la cura dei tuoi capelli. Ti sveleremo tutto!","breadcrumb":{"@id":"https:\/\/agradocosmetic.com\/hidratacion-vs-nutricion-que-necesita-mi-cabello\/#breadcrumb"},"inLanguage":"it-IT","potentialAction":[{"@type":"ReadAction","target":["https:\/\/agradocosmetic.com\/hidratacion-vs-nutricion-que-necesita-mi-cabello\/"]}]},{"@type":"BreadcrumbList","@id":"https:\/\/agradocosmetic.com\/hidratacion-vs-nutricion-que-necesita-mi-cabello\/#breadcrumb","itemListElement":[{"@type":"ListItem","position":1,"name":"Portada","item":"https:\/\/agradocosmetic.com\/"},{"@type":"ListItem","position":2,"name":"Hidrataci\u00f3n vs Nutrici\u00f3n, \u00bfqu\u00e9 necesita mi cabello?"}]},{"@type":"WebSite","@id":"https:\/\/agradocosmetic.com\/#website","url":"https:\/\/agradocosmetic.com\/","name":"Mi piace","description":"cosmetico","publisher":{"@id":"https:\/\/agradocosmetic.com\/#organization"},"potentialAction":[{"@type":"SearchAction","target":{"@type":"EntryPoint","urlTemplate":"https:\/\/agradocosmetic.com\/?s={search_term_string}"},"query-input":{"@type":"PropertyValueSpecification","valueRequired":true,"valueName":"search_term_string"}}],"inLanguage":"it-IT"},{"@type":"Organization","@id":"https:\/\/agradocosmetic.com\/#organization","name":"Mi piace","url":"https:\/\/agradocosmetic.com\/","logo":{"@type":"ImageObject","inLanguage":"it-IT","@id":"https:\/\/agradocosmetic.com\/#\/schema\/logo\/image\/","url":"https:\/\/agradocosmetic.com\/wp-content\/uploads\/2023\/07\/LOGO-AGRADO-WEB-01.png","contentUrl":"https:\/\/agradocosmetic.com\/wp-content\/uploads\/2023\/07\/LOGO-AGRADO-WEB-01.png","width":1632,"height":300,"caption":"Agrado"},"image":{"@id":"https:\/\/agradocosmetic.com\/#\/schema\/logo\/image\/"}},{"@type":"Person","@id":"https:\/\/agradocosmetic.com\/#\/schema\/person\/732e8d396022e25f9340196f83d6789d","name":"agradocosmetico","image":{"@type":"ImageObject","inLanguage":"it-IT","@id":"https:\/\/secure.gravatar.com\/avatar\/c6003e45301182b7e125463fcbec403b1980909c12edf09098526b9a15e779c0?s=96&d=mm&r=g","url":"https:\/\/secure.gravatar.com\/avatar\/c6003e45301182b7e125463fcbec403b1980909c12edf09098526b9a15e779c0?s=96&d=mm&r=g","contentUrl":"https:\/\/secure.gravatar.com\/avatar\/c6003e45301182b7e125463fcbec403b1980909c12edf09098526b9a15e779c0?s=96&d=mm&r=g","caption":"agradocosmetic"}}]}},"_links":{"self":[{"href":"https:\/\/agradocosmetic.com\/it\/wp-json\/wp\/v2\/posts\/20567","targetHints":{"allow":["GET"]}}],"collection":[{"href":"https:\/\/agradocosmetic.com\/it\/wp-json\/wp\/v2\/posts"}],"about":[{"href":"https:\/\/agradocosmetic.com\/it\/wp-json\/wp\/v2\/types\/post"}],"author":[{"embeddable":true,"href":"https:\/\/agradocosmetic.com\/it\/wp-json\/wp\/v2\/users\/9"}],"replies":[{"embeddable":true,"href":"https:\/\/agradocosmetic.com\/it\/wp-json\/wp\/v2\/comments?post=20567"}],"version-history":[{"count":1,"href":"https:\/\/agradocosmetic.com\/it\/wp-json\/wp\/v2\/posts\/20567\/revisions"}],"predecessor-version":[{"id":21238,"href":"https:\/\/agradocosmetic.com\/it\/wp-json\/wp\/v2\/posts\/20567\/revisions\/21238"}],"wp:attachment":[{"href":"https:\/\/agradocosmetic.com\/it\/wp-json\/wp\/v2\/media?parent=20567"}],"wp:term":[{"taxonomy":"category","embeddable":true,"href":"https:\/\/agradocosmetic.com\/it\/wp-json\/wp\/v2\/categories?post=20567"},{"taxonomy":"post_tag","embeddable":true,"href":"https:\/\/agradocosmetic.com\/it\/wp-json\/wp\/v2\/tags?post=20567"}],"curies":[{"name":"parola chiave","href":"https:\/\/api.w.org\/{rel}","templated":true}]}}