{"id":20942,"date":"2023-06-27T10:32:59","date_gmt":"2023-06-27T09:32:59","guid":{"rendered":"https:\/\/www.agradocosmetic.com\/?p=20942"},"modified":"2023-11-18T16:58:45","modified_gmt":"2023-11-18T16:58:45","slug":"manten-la-piel-de-tus-hijos-protegida-con-agrado-suncare-kids","status":"publish","type":"post","link":"https:\/\/agradocosmetic.com\/it\/manten-la-piel-de-tus-hijos-protegida-con-agrado-suncare-kids\/","title":{"rendered":"Proteggi la pelle dei tuoi bambini dal sole con Agrado Suncare KIDS"},"content":{"rendered":"<p>Cari mamme e pap\u00e0, lo sappiamo. Mettere la protezione solare sui pi\u00f9 piccoli pu\u00f2 essere una vera odissea in estate. Non smettono di giocare, resistono, non vogliono essere ricoperti di panna... Ma non si arrendono. <strong>Ti sveliamo il nostro segreto meglio custodito per prenderti cura della tua pelle dal sole: Agrado Suncare KIDS.<\/strong> E con i prodotti giusti e la tecnica giusta, applicare la protezione solare sar\u00e0 un gioco da ragazzi. Prendi nota!\u00a0<\/p>\r\n\r\n\r\n\r\n<p>Come gi\u00e0 sapete, la pelle dei bambini richiede un&#039;attenzione particolare nel periodo estivo, poich\u00e9, essendo pi\u00f9 sottile e sensibile di quella degli adulti, \u00e8 pi\u00f9 soggetta a danneggiarsi. Inoltre, bisogna tenere presente che durante la stagione estiva trascorrono molte ore sotto il sole: in piscina, in spiaggia, nei quartieri, in citt\u00e0... Quindi \u00e8 molto importante prendersi cura dei loro pelle correttamente. Ecco una serie di consigli che ti aiuteranno a evitare che il sole diventi un problema.\u00a0<\/p>\r\n\r\n\r\n\r\n<h3 class=\"wp-block-heading\">1. Scegli una buona protezione solare<\/h3>\r\n\r\n\r\n\r\n<p>Prima di tutto dobbiamo essere sicuri <strong>avere una protezione solare adeguata<\/strong>, che garantisce una protezione totale della tua pelle. Se non l&#039;hai ancora provato, ti consigliamo il <a href=\"\/it\/?p=18546\" target=\"_blank\" rel=\"noreferrer noopener\">KIDS Lozione solare per pelli sensibili SPF50+ di AGRADO<\/a>. Con un SPF molto alto, protegger\u00e0 efficacemente la pelle dei pi\u00f9 piccoli dalle scottature. Anche in acqua! Inoltre, il suo formato a pistola ne facilita l&#039;applicazione. I tuoi figli lo adoreranno!\u00a0<\/p>\r\n\r\n\r\n\r\n<h3 class=\"wp-block-heading\">2. Applicare correttamente la protezione solare<\/h3>\r\n\r\n\r\n\r\n<p>In secondo luogo, dobbiamo farlo <strong>applicare correttamente la protezione solare<\/strong> per garantirne l\u2019efficacia. Non sai come? Troppo facile!\u00a0<\/p>\r\n\r\n\r\n\r\n<ol class=\"wp-block-list\">\r\n<li>Applicare la crema solare almeno mezz&#039;ora prima dell&#039;esposizione al sole in modo che la pelle possa assorbirla completamente e generare uno strato protettivo.\u00a0<\/li>\r\n\r\n\r\n\r\n<li>Stende uno strato abbondante ed omogeneo su tutto il corpo. La panna non \u00e8 mai troppa!\u00a0<\/li>\r\n\r\n\r\n\r\n<li>Non dimenticare di applicare la protezione anche su orecchie, collo, ascelle o piedi. I grandi dimenticati!\u00a0<\/li>\r\n\r\n\r\n\r\n<li>Riapplicare ogni ora e mezza o due ore per rinforzare la protezione. In questo modo la tua pelle sar\u00e0 sempre protetta.<\/li>\r\n<\/ol>\r\n\r\n\r\n\r\n<p>Prenderci cura della nostra pelle in estate, uno dei nostri preferiti (e anche il tuo) \u00e8 <a href=\"\/it\/?p=3578\" target=\"_blank\" rel=\"noreferrer noopener\">Spray solare KIDS per pelli sensibili SPF50+ di AGRADO<\/a>. La sua formulazione \u00e8 studiata per un&#039;elevata protezione contro gli infrarossi. Inoltre, fornisce una grande idratazione alla pelle dei pi\u00f9 piccoli grazie al suo contenuto di vitamina E. Per finire ad amarlo, il suo formato spray rende l&#039;applicazione molto facile e comoda. Un must in estate!\u00a0<\/p>\r\n\r\n\r\n\r\n<h3 class=\"wp-block-heading\">3. Ripara la pelle dopo l&#039;esposizione al sole<\/h3>\r\n\r\n\r\n\r\n<p>Finalmente,<strong> Dopo l&#039;esposizione al sole dobbiamo reidratare la pelle <\/strong>dei nostri figli. Per fare questo, puoi utilizzare un doposole che aiuta a calmare il derma. La nostra raccomandazione? Come lui <a href=\"\/it\/?p=3570\">Doposole Hidragel Aloe Vera<\/a> Come il <a href=\"\/it\/?p=1837\">Lozione idrocalmante doposole di AGRADO<\/a> li adorerai. Forniscono un effetto rinfrescante sulla pelle e alleviano irritazioni e prurito. I tuoi bambini noteranno sollievo e freschezza immediati. Fidanzato!<\/p>\r\n\r\n\r\n\r\n<p>Seguendo tutti questi consigli, tu e i tuoi piccoli sarete pronti a vivere al meglio l&#039;estate. <strong>Proteggi la tua pelle con Agrado Suncare KIDS e goditi il periodo pi\u00f9 bello dell&#039;anno!<\/strong><\/p>","protected":false},"excerpt":{"rendered":"<p>Queridos papis y mamis, lo sabemos. Poner protector solar a los m\u00e1s peques puede ser toda una odisea en verano. No paran de jugar, se resisten, no quieren ir pringados de crema\u2026 Pero no te des por vencidx. Te contamos nuestro secreto mejor guardado para cuidar su piel del sol: Agrado Suncare KIDS. Y es [&hellip;]<\/p>\n","protected":false},"author":9,"featured_media":21227,"comment_status":"open","ping_status":"closed","sticky":false,"template":"","format":"standard","meta":{"footnotes":"","_wp_rev_ctl_limit":""},"categories":[531,1],"tags":[],"class_list":["post-20942","post","type-post","status-publish","format-standard","has-post-thumbnail","hentry","category-solar-en","category-todos"],"yoast_head":"<!-- This site is optimized with the Yoast SEO plugin v27.4 - https:\/\/yoast.com\/product\/yoast-seo-wordpress\/ -->\n<title>Mant\u00e9n la piel de tus hijos protegida del sol con Agrado Suncare KIDS - Agrado<\/title>\n<meta name=\"description\" content=\"\u00a1Proteger a tus peques del sol ya no es tarea dif\u00edcil! Te contamos c\u00f3mo hacerlo en el \u00faltimo post de nuestro blog con Agrado Suncare KIDS.\" \/>\n<meta name=\"robots\" content=\"index, follow, max-snippet:-1, max-image-preview:large, max-video-preview:-1\" \/>\n<link rel=\"canonical\" href=\"https:\/\/agradocosmetic.com\/it\/manten-la-piel-de-tus-hijos-protegida-con-agrado-suncare-kids\/\" \/>\n<meta property=\"og:locale\" content=\"it_IT\" \/>\n<meta property=\"og:type\" content=\"article\" \/>\n<meta property=\"og:title\" content=\"Mant\u00e9n la piel de tus hijos protegida del sol con Agrado Suncare KIDS - Agrado\" \/>\n<meta property=\"og:description\" content=\"\u00a1Proteger a tus peques del sol ya no es tarea dif\u00edcil! Te contamos c\u00f3mo hacerlo en el \u00faltimo post de nuestro blog con Agrado Suncare KIDS.\" \/>\n<meta property=\"og:url\" content=\"https:\/\/agradocosmetic.com\/it\/manten-la-piel-de-tus-hijos-protegida-con-agrado-suncare-kids\/\" \/>\n<meta property=\"og:site_name\" content=\"Agrado\" \/>\n<meta property=\"article:published_time\" content=\"2023-06-27T09:32:59+00:00\" \/>\n<meta property=\"article:modified_time\" content=\"2023-11-18T16:58:45+00:00\" \/>\n<meta property=\"og:image\" content=\"https:\/\/agradocosmetic.com\/wp-content\/uploads\/2023\/06\/suncare-kids-agrado.jpg\" \/>\n\t<meta property=\"og:image:width\" content=\"1200\" \/>\n\t<meta property=\"og:image:height\" content=\"800\" \/>\n\t<meta property=\"og:image:type\" content=\"image\/jpeg\" \/>\n<meta name=\"author\" content=\"agradocosmetic\" \/>\n<meta name=\"twitter:card\" content=\"summary_large_image\" \/>\n<meta name=\"twitter:label1\" content=\"Scritto da\" \/>\n\t<meta name=\"twitter:data1\" content=\"agradocosmetic\" \/>\n\t<meta name=\"twitter:label2\" content=\"Tempo di lettura stimato\" \/>\n\t<meta name=\"twitter:data2\" content=\"3 minuti\" \/>\n<script type=\"application\/ld+json\" class=\"yoast-schema-graph\">{\"@context\":\"https:\\\/\\\/schema.org\",\"@graph\":[{\"@type\":\"Article\",\"@id\":\"https:\\\/\\\/agradocosmetic.com\\\/manten-la-piel-de-tus-hijos-protegida-con-agrado-suncare-kids\\\/#article\",\"isPartOf\":{\"@id\":\"https:\\\/\\\/agradocosmetic.com\\\/manten-la-piel-de-tus-hijos-protegida-con-agrado-suncare-kids\\\/\"},\"author\":{\"name\":\"agradocosmetic\",\"@id\":\"https:\\\/\\\/agradocosmetic.com\\\/#\\\/schema\\\/person\\\/732e8d396022e25f9340196f83d6789d\"},\"headline\":\"Mant\u00e9n la piel de tus hijos protegida del sol con Agrado Suncare KIDS\",\"datePublished\":\"2023-06-27T09:32:59+00:00\",\"dateModified\":\"2023-11-18T16:58:45+00:00\",\"mainEntityOfPage\":{\"@id\":\"https:\\\/\\\/agradocosmetic.com\\\/manten-la-piel-de-tus-hijos-protegida-con-agrado-suncare-kids\\\/\"},\"wordCount\":599,\"commentCount\":0,\"publisher\":{\"@id\":\"https:\\\/\\\/agradocosmetic.com\\\/#organization\"},\"image\":{\"@id\":\"https:\\\/\\\/agradocosmetic.com\\\/manten-la-piel-de-tus-hijos-protegida-con-agrado-suncare-kids\\\/#primaryimage\"},\"thumbnailUrl\":\"https:\\\/\\\/agradocosmetic.com\\\/wp-content\\\/uploads\\\/2023\\\/06\\\/suncare-kids-agrado.jpg\",\"articleSection\":[\"Solar\",\"Todos\"],\"inLanguage\":\"it-IT\",\"potentialAction\":[{\"@type\":\"CommentAction\",\"name\":\"Comment\",\"target\":[\"https:\\\/\\\/agradocosmetic.com\\\/manten-la-piel-de-tus-hijos-protegida-con-agrado-suncare-kids\\\/#respond\"]}]},{\"@type\":\"WebPage\",\"@id\":\"https:\\\/\\\/agradocosmetic.com\\\/manten-la-piel-de-tus-hijos-protegida-con-agrado-suncare-kids\\\/\",\"url\":\"https:\\\/\\\/agradocosmetic.com\\\/manten-la-piel-de-tus-hijos-protegida-con-agrado-suncare-kids\\\/\",\"name\":\"Mant\u00e9n la piel de tus hijos protegida del sol con Agrado Suncare KIDS - Agrado\",\"isPartOf\":{\"@id\":\"https:\\\/\\\/agradocosmetic.com\\\/#website\"},\"primaryImageOfPage\":{\"@id\":\"https:\\\/\\\/agradocosmetic.com\\\/manten-la-piel-de-tus-hijos-protegida-con-agrado-suncare-kids\\\/#primaryimage\"},\"image\":{\"@id\":\"https:\\\/\\\/agradocosmetic.com\\\/manten-la-piel-de-tus-hijos-protegida-con-agrado-suncare-kids\\\/#primaryimage\"},\"thumbnailUrl\":\"https:\\\/\\\/agradocosmetic.com\\\/wp-content\\\/uploads\\\/2023\\\/06\\\/suncare-kids-agrado.jpg\",\"datePublished\":\"2023-06-27T09:32:59+00:00\",\"dateModified\":\"2023-11-18T16:58:45+00:00\",\"description\":\"\u00a1Proteger a tus peques del sol ya no es tarea dif\u00edcil! Te contamos c\u00f3mo hacerlo en el \u00faltimo post de nuestro blog con Agrado Suncare KIDS.\",\"breadcrumb\":{\"@id\":\"https:\\\/\\\/agradocosmetic.com\\\/manten-la-piel-de-tus-hijos-protegida-con-agrado-suncare-kids\\\/#breadcrumb\"},\"inLanguage\":\"it-IT\",\"potentialAction\":[{\"@type\":\"ReadAction\",\"target\":[\"https:\\\/\\\/agradocosmetic.com\\\/manten-la-piel-de-tus-hijos-protegida-con-agrado-suncare-kids\\\/\"]}]},{\"@type\":\"ImageObject\",\"inLanguage\":\"it-IT\",\"@id\":\"https:\\\/\\\/agradocosmetic.com\\\/manten-la-piel-de-tus-hijos-protegida-con-agrado-suncare-kids\\\/#primaryimage\",\"url\":\"https:\\\/\\\/agradocosmetic.com\\\/wp-content\\\/uploads\\\/2023\\\/06\\\/suncare-kids-agrado.jpg\",\"contentUrl\":\"https:\\\/\\\/agradocosmetic.com\\\/wp-content\\\/uploads\\\/2023\\\/06\\\/suncare-kids-agrado.jpg\",\"width\":1200,\"height\":800},{\"@type\":\"BreadcrumbList\",\"@id\":\"https:\\\/\\\/agradocosmetic.com\\\/manten-la-piel-de-tus-hijos-protegida-con-agrado-suncare-kids\\\/#breadcrumb\",\"itemListElement\":[{\"@type\":\"ListItem\",\"position\":1,\"name\":\"Portada\",\"item\":\"https:\\\/\\\/agradocosmetic.com\\\/\"},{\"@type\":\"ListItem\",\"position\":2,\"name\":\"Mant\u00e9n la piel de tus hijos protegida del sol con Agrado Suncare KIDS\"}]},{\"@type\":\"WebSite\",\"@id\":\"https:\\\/\\\/agradocosmetic.com\\\/#website\",\"url\":\"https:\\\/\\\/agradocosmetic.com\\\/\",\"name\":\"Agrado\",\"description\":\"Cosmetic\",\"publisher\":{\"@id\":\"https:\\\/\\\/agradocosmetic.com\\\/#organization\"},\"potentialAction\":[{\"@type\":\"SearchAction\",\"target\":{\"@type\":\"EntryPoint\",\"urlTemplate\":\"https:\\\/\\\/agradocosmetic.com\\\/?s={search_term_string}\"},\"query-input\":{\"@type\":\"PropertyValueSpecification\",\"valueRequired\":true,\"valueName\":\"search_term_string\"}}],\"inLanguage\":\"it-IT\"},{\"@type\":\"Organization\",\"@id\":\"https:\\\/\\\/agradocosmetic.com\\\/#organization\",\"name\":\"Agrado\",\"url\":\"https:\\\/\\\/agradocosmetic.com\\\/\",\"logo\":{\"@type\":\"ImageObject\",\"inLanguage\":\"it-IT\",\"@id\":\"https:\\\/\\\/agradocosmetic.com\\\/#\\\/schema\\\/logo\\\/image\\\/\",\"url\":\"https:\\\/\\\/agradocosmetic.com\\\/wp-content\\\/uploads\\\/2023\\\/07\\\/LOGO-AGRADO-WEB-01.png\",\"contentUrl\":\"https:\\\/\\\/agradocosmetic.com\\\/wp-content\\\/uploads\\\/2023\\\/07\\\/LOGO-AGRADO-WEB-01.png\",\"width\":1632,\"height\":300,\"caption\":\"Agrado\"},\"image\":{\"@id\":\"https:\\\/\\\/agradocosmetic.com\\\/#\\\/schema\\\/logo\\\/image\\\/\"}},{\"@type\":\"Person\",\"@id\":\"https:\\\/\\\/agradocosmetic.com\\\/#\\\/schema\\\/person\\\/732e8d396022e25f9340196f83d6789d\",\"name\":\"agradocosmetic\",\"image\":{\"@type\":\"ImageObject\",\"inLanguage\":\"it-IT\",\"@id\":\"https:\\\/\\\/secure.gravatar.com\\\/avatar\\\/c6003e45301182b7e125463fcbec403b1980909c12edf09098526b9a15e779c0?s=96&d=mm&r=g\",\"url\":\"https:\\\/\\\/secure.gravatar.com\\\/avatar\\\/c6003e45301182b7e125463fcbec403b1980909c12edf09098526b9a15e779c0?s=96&d=mm&r=g\",\"contentUrl\":\"https:\\\/\\\/secure.gravatar.com\\\/avatar\\\/c6003e45301182b7e125463fcbec403b1980909c12edf09098526b9a15e779c0?s=96&d=mm&r=g\",\"caption\":\"agradocosmetic\"}}]}<\/script>\n<!-- \/ Yoast SEO plugin. -->","yoast_head_json":{"title":"Mant\u00e9n la piel de tus hijos protegida del sol con Agrado Suncare KIDS - Agrado","description":"\u00a1Proteger a tus peques del sol ya no es tarea dif\u00edcil! Te contamos c\u00f3mo hacerlo en el \u00faltimo post de nuestro blog con Agrado Suncare KIDS.","robots":{"index":"index","follow":"follow","max-snippet":"max-snippet:-1","max-image-preview":"max-image-preview:large","max-video-preview":"max-video-preview:-1"},"canonical":"https:\/\/agradocosmetic.com\/it\/manten-la-piel-de-tus-hijos-protegida-con-agrado-suncare-kids\/","og_locale":"it_IT","og_type":"article","og_title":"Mant\u00e9n la piel de tus hijos protegida del sol con Agrado Suncare KIDS - Agrado","og_description":"\u00a1Proteger a tus peques del sol ya no es tarea dif\u00edcil! Te contamos c\u00f3mo hacerlo en el \u00faltimo post de nuestro blog con Agrado Suncare KIDS.","og_url":"https:\/\/agradocosmetic.com\/it\/manten-la-piel-de-tus-hijos-protegida-con-agrado-suncare-kids\/","og_site_name":"Agrado","article_published_time":"2023-06-27T09:32:59+00:00","article_modified_time":"2023-11-18T16:58:45+00:00","og_image":[{"width":1200,"height":800,"url":"https:\/\/agradocosmetic.com\/wp-content\/uploads\/2023\/06\/suncare-kids-agrado.jpg","type":"image\/jpeg"}],"author":"agradocosmetic","twitter_card":"summary_large_image","twitter_misc":{"Scritto da":"agradocosmetic","Tempo di lettura stimato":"3 minuti"},"schema":{"@context":"https:\/\/schema.org","@graph":[{"@type":"Article","@id":"https:\/\/agradocosmetic.com\/manten-la-piel-de-tus-hijos-protegida-con-agrado-suncare-kids\/#article","isPartOf":{"@id":"https:\/\/agradocosmetic.com\/manten-la-piel-de-tus-hijos-protegida-con-agrado-suncare-kids\/"},"author":{"name":"agradocosmetic","@id":"https:\/\/agradocosmetic.com\/#\/schema\/person\/732e8d396022e25f9340196f83d6789d"},"headline":"Mant\u00e9n la piel de tus hijos protegida del sol con Agrado Suncare KIDS","datePublished":"2023-06-27T09:32:59+00:00","dateModified":"2023-11-18T16:58:45+00:00","mainEntityOfPage":{"@id":"https:\/\/agradocosmetic.com\/manten-la-piel-de-tus-hijos-protegida-con-agrado-suncare-kids\/"},"wordCount":599,"commentCount":0,"publisher":{"@id":"https:\/\/agradocosmetic.com\/#organization"},"image":{"@id":"https:\/\/agradocosmetic.com\/manten-la-piel-de-tus-hijos-protegida-con-agrado-suncare-kids\/#primaryimage"},"thumbnailUrl":"https:\/\/agradocosmetic.com\/wp-content\/uploads\/2023\/06\/suncare-kids-agrado.jpg","articleSection":["Solar","Todos"],"inLanguage":"it-IT","potentialAction":[{"@type":"CommentAction","name":"Comment","target":["https:\/\/agradocosmetic.com\/manten-la-piel-de-tus-hijos-protegida-con-agrado-suncare-kids\/#respond"]}]},{"@type":"WebPage","@id":"https:\/\/agradocosmetic.com\/manten-la-piel-de-tus-hijos-protegida-con-agrado-suncare-kids\/","url":"https:\/\/agradocosmetic.com\/manten-la-piel-de-tus-hijos-protegida-con-agrado-suncare-kids\/","name":"Mant\u00e9n la piel de tus hijos protegida del sol con Agrado Suncare KIDS - Agrado","isPartOf":{"@id":"https:\/\/agradocosmetic.com\/#website"},"primaryImageOfPage":{"@id":"https:\/\/agradocosmetic.com\/manten-la-piel-de-tus-hijos-protegida-con-agrado-suncare-kids\/#primaryimage"},"image":{"@id":"https:\/\/agradocosmetic.com\/manten-la-piel-de-tus-hijos-protegida-con-agrado-suncare-kids\/#primaryimage"},"thumbnailUrl":"https:\/\/agradocosmetic.com\/wp-content\/uploads\/2023\/06\/suncare-kids-agrado.jpg","datePublished":"2023-06-27T09:32:59+00:00","dateModified":"2023-11-18T16:58:45+00:00","description":"\u00a1Proteger a tus peques del sol ya no es tarea dif\u00edcil! Te contamos c\u00f3mo hacerlo en el \u00faltimo post de nuestro blog con Agrado Suncare KIDS.","breadcrumb":{"@id":"https:\/\/agradocosmetic.com\/manten-la-piel-de-tus-hijos-protegida-con-agrado-suncare-kids\/#breadcrumb"},"inLanguage":"it-IT","potentialAction":[{"@type":"ReadAction","target":["https:\/\/agradocosmetic.com\/manten-la-piel-de-tus-hijos-protegida-con-agrado-suncare-kids\/"]}]},{"@type":"ImageObject","inLanguage":"it-IT","@id":"https:\/\/agradocosmetic.com\/manten-la-piel-de-tus-hijos-protegida-con-agrado-suncare-kids\/#primaryimage","url":"https:\/\/agradocosmetic.com\/wp-content\/uploads\/2023\/06\/suncare-kids-agrado.jpg","contentUrl":"https:\/\/agradocosmetic.com\/wp-content\/uploads\/2023\/06\/suncare-kids-agrado.jpg","width":1200,"height":800},{"@type":"BreadcrumbList","@id":"https:\/\/agradocosmetic.com\/manten-la-piel-de-tus-hijos-protegida-con-agrado-suncare-kids\/#breadcrumb","itemListElement":[{"@type":"ListItem","position":1,"name":"Portada","item":"https:\/\/agradocosmetic.com\/"},{"@type":"ListItem","position":2,"name":"Mant\u00e9n la piel de tus hijos protegida del sol con Agrado Suncare KIDS"}]},{"@type":"WebSite","@id":"https:\/\/agradocosmetic.com\/#website","url":"https:\/\/agradocosmetic.com\/","name":"Mi piace","description":"cosmetico","publisher":{"@id":"https:\/\/agradocosmetic.com\/#organization"},"potentialAction":[{"@type":"SearchAction","target":{"@type":"EntryPoint","urlTemplate":"https:\/\/agradocosmetic.com\/?s={search_term_string}"},"query-input":{"@type":"PropertyValueSpecification","valueRequired":true,"valueName":"search_term_string"}}],"inLanguage":"it-IT"},{"@type":"Organization","@id":"https:\/\/agradocosmetic.com\/#organization","name":"Mi piace","url":"https:\/\/agradocosmetic.com\/","logo":{"@type":"ImageObject","inLanguage":"it-IT","@id":"https:\/\/agradocosmetic.com\/#\/schema\/logo\/image\/","url":"https:\/\/agradocosmetic.com\/wp-content\/uploads\/2023\/07\/LOGO-AGRADO-WEB-01.png","contentUrl":"https:\/\/agradocosmetic.com\/wp-content\/uploads\/2023\/07\/LOGO-AGRADO-WEB-01.png","width":1632,"height":300,"caption":"Agrado"},"image":{"@id":"https:\/\/agradocosmetic.com\/#\/schema\/logo\/image\/"}},{"@type":"Person","@id":"https:\/\/agradocosmetic.com\/#\/schema\/person\/732e8d396022e25f9340196f83d6789d","name":"agradocosmetico","image":{"@type":"ImageObject","inLanguage":"it-IT","@id":"https:\/\/secure.gravatar.com\/avatar\/c6003e45301182b7e125463fcbec403b1980909c12edf09098526b9a15e779c0?s=96&d=mm&r=g","url":"https:\/\/secure.gravatar.com\/avatar\/c6003e45301182b7e125463fcbec403b1980909c12edf09098526b9a15e779c0?s=96&d=mm&r=g","contentUrl":"https:\/\/secure.gravatar.com\/avatar\/c6003e45301182b7e125463fcbec403b1980909c12edf09098526b9a15e779c0?s=96&d=mm&r=g","caption":"agradocosmetic"}}]}},"_links":{"self":[{"href":"https:\/\/agradocosmetic.com\/it\/wp-json\/wp\/v2\/posts\/20942","targetHints":{"allow":["GET"]}}],"collection":[{"href":"https:\/\/agradocosmetic.com\/it\/wp-json\/wp\/v2\/posts"}],"about":[{"href":"https:\/\/agradocosmetic.com\/it\/wp-json\/wp\/v2\/types\/post"}],"author":[{"embeddable":true,"href":"https:\/\/agradocosmetic.com\/it\/wp-json\/wp\/v2\/users\/9"}],"replies":[{"embeddable":true,"href":"https:\/\/agradocosmetic.com\/it\/wp-json\/wp\/v2\/comments?post=20942"}],"version-history":[{"count":1,"href":"https:\/\/agradocosmetic.com\/it\/wp-json\/wp\/v2\/posts\/20942\/revisions"}],"predecessor-version":[{"id":21228,"href":"https:\/\/agradocosmetic.com\/it\/wp-json\/wp\/v2\/posts\/20942\/revisions\/21228"}],"wp:featuredmedia":[{"embeddable":true,"href":"https:\/\/agradocosmetic.com\/it\/wp-json\/wp\/v2\/media\/21227"}],"wp:attachment":[{"href":"https:\/\/agradocosmetic.com\/it\/wp-json\/wp\/v2\/media?parent=20942"}],"wp:term":[{"taxonomy":"category","embeddable":true,"href":"https:\/\/agradocosmetic.com\/it\/wp-json\/wp\/v2\/categories?post=20942"},{"taxonomy":"post_tag","embeddable":true,"href":"https:\/\/agradocosmetic.com\/it\/wp-json\/wp\/v2\/tags?post=20942"}],"curies":[{"name":"parola chiave","href":"https:\/\/api.w.org\/{rel}","templated":true}]}}